{"id":39421,"date":"2017-11-29T14:11:32","date_gmt":"2017-11-29T13:11:32","guid":{"rendered":"http:\/\/newsestlyonnais.fr\/site\/?p=39421"},"modified":"2021-09-17T10:17:17","modified_gmt":"2021-09-17T09:17:17","slug":"vaulx-en-velin-rink-hockey-le-roc","status":"publish","type":"post","link":"https:\/\/newsestlyonnais.fr\/site\/2017\/11\/29\/vaulx-en-velin-rink-hockey-le-roc\/","title":{"rendered":"VAULX-EN-VELIN | Rink-hockey &gt; Le ROC re\u00e7oit le double champion de France"},"content":{"rendered":"<h4>Les joueurs du ROC vont accueillir samedi soir au gymnase Croizat un adversaire de taille avec La Vend\u00e9enne de la Roche sur Yon, double tenante du titre de championne de France Elite.<\/h4>\n<p>Ceci \u00e0 l&rsquo;occasion de la 8\u00b0 journ\u00e9e de Nationale 1, dans un championnat plut\u00f4t <span id=\"cch_f207b341492924a\" class=\"_mh6 _wsc\"><span class=\"_3oh- _58nk\">compliqu\u00e9 pour les vaudais qui ont d\u00e9nombr\u00e9 beaucoup de bless\u00e9s et de suspendus. Avec 6 d\u00e9faites et un nul, le ROC n&rsquo;a pas encore connu le go\u00fbt de la victoire mais esp\u00e8re la d\u00e9crocher au plus vite.<br \/>\n<\/span><\/span><\/p>\n<p>Un succ\u00e8s attendu mais qu&rsquo;ils ont d\u00e9j\u00e0 eu \u00e0 c\u00e9l\u00e9brer le week-end dernier en Coupe de France, en l&#8217;emportant \u00e0 Gleiz\u00e9 (3\/2), gr\u00e2ce \u00e0 des buts de <span id=\"cch_f207b341492924a\" class=\"_mh6 _wsc\"><span class=\"_3oh- _58nk\">Lionel Goncalves (2) &amp; Marc Calvache Egea (1) \u00e0 6 secondes de la fin de la rencontre.<br \/>\n<\/span><\/span><\/p>\n<p><strong>Ils se qualifient ainsi pour les.1\/8 \u00b0 de finale qui les verra affronter et retrouver \u00e0 domicile (le samedi 6 janvier 2018), leurs adversaires de samedi soir, La Vend\u00e9enne !<\/strong> <span id=\"cch_f207b341492924a\" class=\"_mh6 _wsc\"><\/span><\/p>\n","protected":false},"excerpt":{"rendered":"<p>Les joueurs du ROC vont accueillir samedi soir au gymnase Croizat un adversaire de taille avec La Vend\u00e9enne de la Roche sur Yon, double tenante du titre de championne de France Elite. Ceci \u00e0 l&rsquo;occasion de la 8\u00b0 journ\u00e9e de Nationale 1, dans un championnat plut\u00f4t compliqu\u00e9 pour les vaudais qui ont d\u00e9nombr\u00e9 beaucoup de [&hellip;]<\/p>\n","protected":false},"author":4,"featured_media":39220,"comment_status":"open","ping_status":"open","sticky":false,"template":"","format":"standard","meta":{"footnotes":""},"categories":[574,166,3901,28],"tags":[],"class_list":["post-39421","post","type-post","status-publish","format-standard","has-post-thumbnail","hentry","category-autres-sports","category-divers-sports","category-hockey-rink-hockey","category-vaulx-en-velin"],"yoast_head":"<!-- This site is optimized with the Yoast SEO plugin v27.2 - https:\/\/yoast.com\/product\/yoast-seo-wordpress\/ -->\n<title>Rink Hockey : Le ROC re\u00e7oit samedi le double champion de France !<\/title>\n<meta name=\"description\" content=\"Rink Hockey : Le ROC re\u00e7oit samedi le double champion de France !\" \/>\n<meta name=\"robots\" content=\"index, follow, max-snippet:-1, max-image-preview:large, max-video-preview:-1\" \/>\n<link rel=\"canonical\" href=\"https:\/\/newsestlyonnais.fr\/site\/2017\/11\/29\/vaulx-en-velin-rink-hockey-le-roc\/\" \/>\n<meta property=\"og:locale\" content=\"fr_FR\" \/>\n<meta property=\"og:type\" content=\"article\" \/>\n<meta property=\"og:title\" content=\"Rink Hockey : Le ROC re\u00e7oit samedi le double champion de France !\" \/>\n<meta property=\"og:description\" content=\"Rink Hockey : Le ROC re\u00e7oit samedi le double champion de France !\" \/>\n<meta property=\"og:url\" content=\"https:\/\/newsestlyonnais.fr\/site\/2017\/11\/29\/vaulx-en-velin-rink-hockey-le-roc\/\" \/>\n<meta property=\"og:site_name\" content=\"News Est Lyonnais\" \/>\n<meta property=\"article:author\" content=\"https:\/\/www.facebook.com\/pascal.oberson.1?fref=ts\" \/>\n<meta property=\"article:published_time\" content=\"2017-11-29T13:11:32+00:00\" \/>\n<meta property=\"article:modified_time\" content=\"2021-09-17T09:17:17+00:00\" \/>\n<meta property=\"og:image\" content=\"https:\/\/i0.wp.com\/newsestlyonnais.fr\/site\/wp-content\/uploads\/2017\/11\/NEWSESTLYONNAIS-ROC-LA-VENDEENNE.jpg?fit=339%2C480&ssl=1\" \/>\n\t<meta property=\"og:image:width\" content=\"339\" \/>\n\t<meta property=\"og:image:height\" content=\"480\" \/>\n\t<meta property=\"og:image:type\" content=\"image\/jpeg\" \/>\n<meta name=\"author\" content=\"R\u00e9dac. NEWS\" \/>\n<meta name=\"twitter:card\" content=\"summary_large_image\" \/>\n<meta name=\"twitter:label1\" content=\"\u00c9crit par\" \/>\n\t<meta name=\"twitter:data1\" content=\"R\u00e9dac. NEWS\" \/>\n\t<meta name=\"twitter:label2\" content=\"Dur\u00e9e de lecture estim\u00e9e\" \/>\n\t<meta name=\"twitter:data2\" content=\"1 minute\" \/>\n<script type=\"application\/ld+json\" class=\"yoast-schema-graph\">{\"@context\":\"https:\/\/schema.org\",\"@graph\":[{\"@type\":\"Article\",\"@id\":\"https:\/\/newsestlyonnais.fr\/site\/2017\/11\/29\/vaulx-en-velin-rink-hockey-le-roc\/#article\",\"isPartOf\":{\"@id\":\"https:\/\/newsestlyonnais.fr\/site\/2017\/11\/29\/vaulx-en-velin-rink-hockey-le-roc\/\"},\"author\":{\"name\":\"R\u00e9dac. NEWS\",\"@id\":\"https:\/\/newsestlyonnais.fr\/site\/#\/schema\/person\/3230d5615f390bb808365d673001e887\"},\"headline\":\"VAULX-EN-VELIN | Rink-hockey &gt; Le ROC re\u00e7oit le double champion de France\",\"datePublished\":\"2017-11-29T13:11:32+00:00\",\"dateModified\":\"2021-09-17T09:17:17+00:00\",\"mainEntityOfPage\":{\"@id\":\"https:\/\/newsestlyonnais.fr\/site\/2017\/11\/29\/vaulx-en-velin-rink-hockey-le-roc\/\"},\"wordCount\":171,\"commentCount\":0,\"publisher\":{\"@id\":\"https:\/\/newsestlyonnais.fr\/site\/#organization\"},\"image\":{\"@id\":\"https:\/\/newsestlyonnais.fr\/site\/2017\/11\/29\/vaulx-en-velin-rink-hockey-le-roc\/#primaryimage\"},\"thumbnailUrl\":\"https:\/\/newsestlyonnais.fr\/site\/wp-content\/uploads\/2017\/11\/NEWSESTLYONNAIS-ROC-LA-VENDEENNE.jpg\",\"articleSection\":[\"Autres sports\",\"Divers Sports\",\"Hockey | Rink-Hockey\",\"Vaulx-en-Velin\"],\"inLanguage\":\"fr-FR\",\"potentialAction\":[{\"@type\":\"CommentAction\",\"name\":\"Comment\",\"target\":[\"https:\/\/newsestlyonnais.fr\/site\/2017\/11\/29\/vaulx-en-velin-rink-hockey-le-roc\/#respond\"]}]},{\"@type\":\"WebPage\",\"@id\":\"https:\/\/newsestlyonnais.fr\/site\/2017\/11\/29\/vaulx-en-velin-rink-hockey-le-roc\/\",\"url\":\"https:\/\/newsestlyonnais.fr\/site\/2017\/11\/29\/vaulx-en-velin-rink-hockey-le-roc\/\",\"name\":\"Rink Hockey : Le ROC re\u00e7oit samedi le double champion de France !\",\"isPartOf\":{\"@id\":\"https:\/\/newsestlyonnais.fr\/site\/#website\"},\"primaryImageOfPage\":{\"@id\":\"https:\/\/newsestlyonnais.fr\/site\/2017\/11\/29\/vaulx-en-velin-rink-hockey-le-roc\/#primaryimage\"},\"image\":{\"@id\":\"https:\/\/newsestlyonnais.fr\/site\/2017\/11\/29\/vaulx-en-velin-rink-hockey-le-roc\/#primaryimage\"},\"thumbnailUrl\":\"https:\/\/newsestlyonnais.fr\/site\/wp-content\/uploads\/2017\/11\/NEWSESTLYONNAIS-ROC-LA-VENDEENNE.jpg\",\"datePublished\":\"2017-11-29T13:11:32+00:00\",\"dateModified\":\"2021-09-17T09:17:17+00:00\",\"description\":\"Rink Hockey : Le ROC re\u00e7oit samedi le double champion de France !\",\"breadcrumb\":{\"@id\":\"https:\/\/newsestlyonnais.fr\/site\/2017\/11\/29\/vaulx-en-velin-rink-hockey-le-roc\/#breadcrumb\"},\"inLanguage\":\"fr-FR\",\"potentialAction\":[{\"@type\":\"ReadAction\",\"target\":[\"https:\/\/newsestlyonnais.fr\/site\/2017\/11\/29\/vaulx-en-velin-rink-hockey-le-roc\/\"]}]},{\"@type\":\"ImageObject\",\"inLanguage\":\"fr-FR\",\"@id\":\"https:\/\/newsestlyonnais.fr\/site\/2017\/11\/29\/vaulx-en-velin-rink-hockey-le-roc\/#primaryimage\",\"url\":\"https:\/\/newsestlyonnais.fr\/site\/wp-content\/uploads\/2017\/11\/NEWSESTLYONNAIS-ROC-LA-VENDEENNE.jpg\",\"contentUrl\":\"https:\/\/newsestlyonnais.fr\/site\/wp-content\/uploads\/2017\/11\/NEWSESTLYONNAIS-ROC-LA-VENDEENNE.jpg\",\"width\":339,\"height\":480,\"caption\":\"NEWSESTLYONNAIS - ROC LA VENDEENNE\"},{\"@type\":\"BreadcrumbList\",\"@id\":\"https:\/\/newsestlyonnais.fr\/site\/2017\/11\/29\/vaulx-en-velin-rink-hockey-le-roc\/#breadcrumb\",\"itemListElement\":[{\"@type\":\"ListItem\",\"position\":1,\"name\":\"Accueil\",\"item\":\"https:\/\/newsestlyonnais.fr\/site\/\"},{\"@type\":\"ListItem\",\"position\":2,\"name\":\"VAULX-EN-VELIN | Rink-hockey &gt; Le ROC re\u00e7oit le double champion de France\"}]},{\"@type\":\"WebSite\",\"@id\":\"https:\/\/newsestlyonnais.fr\/site\/#website\",\"url\":\"https:\/\/newsestlyonnais.fr\/site\/\",\"name\":\"News Est Lyonnais\",\"description\":\"L&#039;actualit\u00e9 au plus pr\u00e8s\",\"publisher\":{\"@id\":\"https:\/\/newsestlyonnais.fr\/site\/#organization\"},\"potentialAction\":[{\"@type\":\"SearchAction\",\"target\":{\"@type\":\"EntryPoint\",\"urlTemplate\":\"https:\/\/newsestlyonnais.fr\/site\/?s={search_term_string}\"},\"query-input\":{\"@type\":\"PropertyValueSpecification\",\"valueRequired\":true,\"valueName\":\"search_term_string\"}}],\"inLanguage\":\"fr-FR\"},{\"@type\":\"Organization\",\"@id\":\"https:\/\/newsestlyonnais.fr\/site\/#organization\",\"name\":\"News EST LYONNAIS\",\"url\":\"https:\/\/newsestlyonnais.fr\/site\/\",\"logo\":{\"@type\":\"ImageObject\",\"inLanguage\":\"fr-FR\",\"@id\":\"https:\/\/newsestlyonnais.fr\/site\/#\/schema\/logo\/image\/\",\"url\":\"\",\"contentUrl\":\"\",\"caption\":\"News EST LYONNAIS\"},\"image\":{\"@id\":\"https:\/\/newsestlyonnais.fr\/site\/#\/schema\/logo\/image\/\"}},{\"@type\":\"Person\",\"@id\":\"https:\/\/newsestlyonnais.fr\/site\/#\/schema\/person\/3230d5615f390bb808365d673001e887\",\"name\":\"R\u00e9dac. NEWS\",\"sameAs\":[\"http:\/\/www.newsestlyonnais.fr\",\"https:\/\/www.facebook.com\/pascal.oberson.1?fref=ts\",\"https:\/\/fr.linkedin.com\/in\/pascal-oberson-b17045113\"],\"url\":\"https:\/\/newsestlyonnais.fr\/site\/author\/nel\/\"}]}<\/script>\n<!-- \/ Yoast SEO plugin. -->","yoast_head_json":{"title":"Rink Hockey : Le ROC re\u00e7oit samedi le double champion de France !","description":"Rink Hockey : Le ROC re\u00e7oit samedi le double champion de France !","robots":{"index":"index","follow":"follow","max-snippet":"max-snippet:-1","max-image-preview":"max-image-preview:large","max-video-preview":"max-video-preview:-1"},"canonical":"https:\/\/newsestlyonnais.fr\/site\/2017\/11\/29\/vaulx-en-velin-rink-hockey-le-roc\/","og_locale":"fr_FR","og_type":"article","og_title":"Rink Hockey : Le ROC re\u00e7oit samedi le double champion de France !","og_description":"Rink Hockey : Le ROC re\u00e7oit samedi le double champion de France !","og_url":"https:\/\/newsestlyonnais.fr\/site\/2017\/11\/29\/vaulx-en-velin-rink-hockey-le-roc\/","og_site_name":"News Est Lyonnais","article_author":"https:\/\/www.facebook.com\/pascal.oberson.1?fref=ts","article_published_time":"2017-11-29T13:11:32+00:00","article_modified_time":"2021-09-17T09:17:17+00:00","og_image":[{"width":339,"height":480,"url":"https:\/\/i0.wp.com\/newsestlyonnais.fr\/site\/wp-content\/uploads\/2017\/11\/NEWSESTLYONNAIS-ROC-LA-VENDEENNE.jpg?fit=339%2C480&ssl=1","type":"image\/jpeg"}],"author":"R\u00e9dac. NEWS","twitter_card":"summary_large_image","twitter_misc":{"\u00c9crit par":"R\u00e9dac. NEWS","Dur\u00e9e de lecture estim\u00e9e":"1 minute"},"schema":{"@context":"https:\/\/schema.org","@graph":[{"@type":"Article","@id":"https:\/\/newsestlyonnais.fr\/site\/2017\/11\/29\/vaulx-en-velin-rink-hockey-le-roc\/#article","isPartOf":{"@id":"https:\/\/newsestlyonnais.fr\/site\/2017\/11\/29\/vaulx-en-velin-rink-hockey-le-roc\/"},"author":{"name":"R\u00e9dac. NEWS","@id":"https:\/\/newsestlyonnais.fr\/site\/#\/schema\/person\/3230d5615f390bb808365d673001e887"},"headline":"VAULX-EN-VELIN | Rink-hockey &gt; Le ROC re\u00e7oit le double champion de France","datePublished":"2017-11-29T13:11:32+00:00","dateModified":"2021-09-17T09:17:17+00:00","mainEntityOfPage":{"@id":"https:\/\/newsestlyonnais.fr\/site\/2017\/11\/29\/vaulx-en-velin-rink-hockey-le-roc\/"},"wordCount":171,"commentCount":0,"publisher":{"@id":"https:\/\/newsestlyonnais.fr\/site\/#organization"},"image":{"@id":"https:\/\/newsestlyonnais.fr\/site\/2017\/11\/29\/vaulx-en-velin-rink-hockey-le-roc\/#primaryimage"},"thumbnailUrl":"https:\/\/newsestlyonnais.fr\/site\/wp-content\/uploads\/2017\/11\/NEWSESTLYONNAIS-ROC-LA-VENDEENNE.jpg","articleSection":["Autres sports","Divers Sports","Hockey | Rink-Hockey","Vaulx-en-Velin"],"inLanguage":"fr-FR","potentialAction":[{"@type":"CommentAction","name":"Comment","target":["https:\/\/newsestlyonnais.fr\/site\/2017\/11\/29\/vaulx-en-velin-rink-hockey-le-roc\/#respond"]}]},{"@type":"WebPage","@id":"https:\/\/newsestlyonnais.fr\/site\/2017\/11\/29\/vaulx-en-velin-rink-hockey-le-roc\/","url":"https:\/\/newsestlyonnais.fr\/site\/2017\/11\/29\/vaulx-en-velin-rink-hockey-le-roc\/","name":"Rink Hockey : Le ROC re\u00e7oit samedi le double champion de France !","isPartOf":{"@id":"https:\/\/newsestlyonnais.fr\/site\/#website"},"primaryImageOfPage":{"@id":"https:\/\/newsestlyonnais.fr\/site\/2017\/11\/29\/vaulx-en-velin-rink-hockey-le-roc\/#primaryimage"},"image":{"@id":"https:\/\/newsestlyonnais.fr\/site\/2017\/11\/29\/vaulx-en-velin-rink-hockey-le-roc\/#primaryimage"},"thumbnailUrl":"https:\/\/newsestlyonnais.fr\/site\/wp-content\/uploads\/2017\/11\/NEWSESTLYONNAIS-ROC-LA-VENDEENNE.jpg","datePublished":"2017-11-29T13:11:32+00:00","dateModified":"2021-09-17T09:17:17+00:00","description":"Rink Hockey : Le ROC re\u00e7oit samedi le double champion de France !","breadcrumb":{"@id":"https:\/\/newsestlyonnais.fr\/site\/2017\/11\/29\/vaulx-en-velin-rink-hockey-le-roc\/#breadcrumb"},"inLanguage":"fr-FR","potentialAction":[{"@type":"ReadAction","target":["https:\/\/newsestlyonnais.fr\/site\/2017\/11\/29\/vaulx-en-velin-rink-hockey-le-roc\/"]}]},{"@type":"ImageObject","inLanguage":"fr-FR","@id":"https:\/\/newsestlyonnais.fr\/site\/2017\/11\/29\/vaulx-en-velin-rink-hockey-le-roc\/#primaryimage","url":"https:\/\/newsestlyonnais.fr\/site\/wp-content\/uploads\/2017\/11\/NEWSESTLYONNAIS-ROC-LA-VENDEENNE.jpg","contentUrl":"https:\/\/newsestlyonnais.fr\/site\/wp-content\/uploads\/2017\/11\/NEWSESTLYONNAIS-ROC-LA-VENDEENNE.jpg","width":339,"height":480,"caption":"NEWSESTLYONNAIS - ROC LA VENDEENNE"},{"@type":"BreadcrumbList","@id":"https:\/\/newsestlyonnais.fr\/site\/2017\/11\/29\/vaulx-en-velin-rink-hockey-le-roc\/#breadcrumb","itemListElement":[{"@type":"ListItem","position":1,"name":"Accueil","item":"https:\/\/newsestlyonnais.fr\/site\/"},{"@type":"ListItem","position":2,"name":"VAULX-EN-VELIN | Rink-hockey &gt; Le ROC re\u00e7oit le double champion de France"}]},{"@type":"WebSite","@id":"https:\/\/newsestlyonnais.fr\/site\/#website","url":"https:\/\/newsestlyonnais.fr\/site\/","name":"News Est Lyonnais","description":"L&#039;actualit\u00e9 au plus pr\u00e8s","publisher":{"@id":"https:\/\/newsestlyonnais.fr\/site\/#organization"},"potentialAction":[{"@type":"SearchAction","target":{"@type":"EntryPoint","urlTemplate":"https:\/\/newsestlyonnais.fr\/site\/?s={search_term_string}"},"query-input":{"@type":"PropertyValueSpecification","valueRequired":true,"valueName":"search_term_string"}}],"inLanguage":"fr-FR"},{"@type":"Organization","@id":"https:\/\/newsestlyonnais.fr\/site\/#organization","name":"News EST LYONNAIS","url":"https:\/\/newsestlyonnais.fr\/site\/","logo":{"@type":"ImageObject","inLanguage":"fr-FR","@id":"https:\/\/newsestlyonnais.fr\/site\/#\/schema\/logo\/image\/","url":"","contentUrl":"","caption":"News EST LYONNAIS"},"image":{"@id":"https:\/\/newsestlyonnais.fr\/site\/#\/schema\/logo\/image\/"}},{"@type":"Person","@id":"https:\/\/newsestlyonnais.fr\/site\/#\/schema\/person\/3230d5615f390bb808365d673001e887","name":"R\u00e9dac. NEWS","sameAs":["http:\/\/www.newsestlyonnais.fr","https:\/\/www.facebook.com\/pascal.oberson.1?fref=ts","https:\/\/fr.linkedin.com\/in\/pascal-oberson-b17045113"],"url":"https:\/\/newsestlyonnais.fr\/site\/author\/nel\/"}]}},"_links":{"self":[{"href":"https:\/\/newsestlyonnais.fr\/site\/wp-json\/wp\/v2\/posts\/39421","targetHints":{"allow":["GET"]}}],"collection":[{"href":"https:\/\/newsestlyonnais.fr\/site\/wp-json\/wp\/v2\/posts"}],"about":[{"href":"https:\/\/newsestlyonnais.fr\/site\/wp-json\/wp\/v2\/types\/post"}],"author":[{"embeddable":true,"href":"https:\/\/newsestlyonnais.fr\/site\/wp-json\/wp\/v2\/users\/4"}],"replies":[{"embeddable":true,"href":"https:\/\/newsestlyonnais.fr\/site\/wp-json\/wp\/v2\/comments?post=39421"}],"version-history":[{"count":0,"href":"https:\/\/newsestlyonnais.fr\/site\/wp-json\/wp\/v2\/posts\/39421\/revisions"}],"wp:featuredmedia":[{"embeddable":true,"href":"https:\/\/newsestlyonnais.fr\/site\/wp-json\/wp\/v2\/media\/39220"}],"wp:attachment":[{"href":"https:\/\/newsestlyonnais.fr\/site\/wp-json\/wp\/v2\/media?parent=39421"}],"wp:term":[{"taxonomy":"category","embeddable":true,"href":"https:\/\/newsestlyonnais.fr\/site\/wp-json\/wp\/v2\/categories?post=39421"},{"taxonomy":"post_tag","embeddable":true,"href":"https:\/\/newsestlyonnais.fr\/site\/wp-json\/wp\/v2\/tags?post=39421"}],"curies":[{"name":"wp","href":"https:\/\/api.w.org\/{rel}","templated":true}]}}