{"id":39447,"date":"2017-11-30T07:16:58","date_gmt":"2017-11-30T06:16:58","guid":{"rendered":"http:\/\/newsestlyonnais.fr\/site\/?p=39447"},"modified":"2020-11-13T07:50:40","modified_gmt":"2020-11-13T06:50:40","slug":"transports-tcl-renforce-frequence-de-certaines-lignes-dimanches-3-10-17-24-decembre","status":"publish","type":"post","link":"https:\/\/newsestlyonnais.fr\/site\/2017\/11\/30\/transports-tcl-renforce-frequence-de-certaines-lignes-dimanches-3-10-17-24-decembre\/","title":{"rendered":"TRANSPORTS | TCL renforce la fr\u00e9quence de certaines lignes les dimanches 3, 10, 17 et 24 d\u00e9cembre"},"content":{"rendered":"<h4>A l\u2019approche des f\u00eates de fin d\u2019ann\u00e9e, plusieurs centres commerciaux de\u00a0 l\u2019 agglom\u00e9ration lyonnaise ouvrent leurs portes les dimanches de d\u00e9cembre.<\/h4>\n<p>Pour faciliter leur acc\u00e8s, <span style=\"text-decoration: underline\">TCL renforce la fr\u00e9quence de certaines lignes (m\u00e9tro, tramway et<br \/>\nbus), dimanches 3, 10, 17 et 24 d\u00e9cembre<\/span>\u00a0 comme suit :<\/p>\n<ul>\n<li><span style=\"text-decoration: underline\"><em><strong>Dimanche 3 d\u00e9cembre<\/strong><\/em><\/span> :<br \/>\nRenfort des lignes de <strong>m\u00e9tro A, B, C et tramway T1<\/strong> l\u2019apr\u00e8s-midi jusqu\u2019en d\u00e9but de soir\u00e9e.<br \/>\nLes lignes de bus <strong>C3, C6, C9, C20, 25, 26 et 63<\/strong> circuleront avec une fr\u00e9quence renforc\u00e9e.<br \/>\nLes lignes de bus <strong>C24, 40, 43, 70 et 89<\/strong> circuleront avec des bus articul\u00e9s pour permettre plus de capacit\u00e9 et de confort.<\/li>\n<li><em><strong><span style=\"text-decoration: underline\">Dimanche 10 d\u00e9cembre<\/span><\/strong><\/em> :<br \/>\nRenfort des lignes de <strong>m\u00e9tro A, B, C et tramway T1, T2<\/strong> l\u2019apr\u00e8s-midi jusqu\u2019en d\u00e9but de soir\u00e9e.<br \/>\nLes lignes de bus <strong>C3, C6, C9, C13, C17, C20, 25, 26 et 63<\/strong> circuleront avec une fr\u00e9quence renforc\u00e9e.<br \/>\nLa ligne <strong>93<\/strong> sera prolong\u00e9e jusqu\u2019\u00e0 \u00ab Porte des Alpes \u00bb et b\u00e9n\u00e9ficiera \u00e9galement d\u2019une fr\u00e9quence renforc\u00e9e.<br \/>\nLes lignes de bus <strong>C24, 40, 43, 70 et 89<\/strong> circuleront avec des bus articul\u00e9s pour permettre plus de capacit\u00e9 et de confort.<\/li>\n<li><span style=\"text-decoration: underline\"><em><strong>Dimanche 17 d\u00e9cembre<\/strong><\/em><\/span> :<br \/>\nRenfort des lignes de <strong>m\u00e9tro A, B, C et tramway T1, T2<\/strong> l\u2019apr\u00e8s-midi jusqu\u2019en d\u00e9but de soir\u00e9e.<br \/>\nLes lignes de bus <strong>C3, C6, C9, C13, C17, C20, 25, 26 et 63<\/strong> circuleront avec une fr\u00e9quence renforc\u00e9e.<br \/>\nLa ligne <strong>93<\/strong> sera prolong\u00e9e jusqu\u2019\u00e0 \u00ab Porte des Alpes \u00bb et b\u00e9n\u00e9ficiera \u00e9galement d\u2019une fr\u00e9quence renforc\u00e9e.<br \/>\nLes lignes de bus<strong> C24, 40, 43, 70 et 89<\/strong> circuleront avec des bus articul\u00e9s pour permettre plus de capacit\u00e9 et de confort.<\/li>\n<li><strong><span style=\"text-decoration: underline\"><em>Dimanche 24 d\u00e9cembre<\/em> <\/span>:<\/strong><br \/>\nRenfort des lignes de <strong>m\u00e9tro A, B et tramway T1, T2<\/strong> l\u2019apr\u00e8s-midi jusqu\u2019en d\u00e9but de soir\u00e9e.<br \/>\nLes lignes de bus <strong>C6, C9, C20 et 63<\/strong> circuleront avec une fr\u00e9quence renforc\u00e9e.<br \/>\nLes lignes <strong>52 et 93<\/strong> seront prolong\u00e9es jusqu\u2019\u00e0 \u00ab Porte des Alpes \u00bb et b\u00e9n\u00e9ficieront \u00e9galement d\u2019une fr\u00e9quence renforc\u00e9e.<br \/>\nLes lignes de bus <strong>C24, 40, 43, 70 et 89<\/strong> circuleront avec des bus articul\u00e9s pour permettre plus de capacit\u00e9 et de confort.<\/li>\n<\/ul>\n<h4>Plus d&rsquo;infos sur: <a href=\"http:\/\/www.tcl.fr\" target=\"_blank\" rel=\"noopener noreferrer\">http:\/\/www.tcl.fr<\/a><\/h4>\n","protected":false},"excerpt":{"rendered":"<p>A l\u2019approche des f\u00eates de fin d\u2019ann\u00e9e, plusieurs centres commerciaux de\u00a0 l\u2019 agglom\u00e9ration lyonnaise ouvrent leurs portes les dimanches de d\u00e9cembre. Pour faciliter leur acc\u00e8s, TCL renforce la fr\u00e9quence de certaines lignes (m\u00e9tro, tramway et bus), dimanches 3, 10, 17 et 24 d\u00e9cembre\u00a0 comme suit : Dimanche 3 d\u00e9cembre : Renfort des lignes de m\u00e9tro [&hellip;]<\/p>\n","protected":false},"author":4,"featured_media":25760,"comment_status":"open","ping_status":"open","sticky":false,"template":"","format":"standard","meta":{"footnotes":""},"categories":[1625,309,13],"tags":[],"class_list":["post-39447","post","type-post","status-publish","format-standard","has-post-thumbnail","hentry","category-lyon","category-pratique","category-transports-circulation"],"yoast_head":"<!-- This site is optimized with the Yoast SEO plugin v27.2 - https:\/\/yoast.com\/product\/yoast-seo-wordpress\/ -->\n<title>RANSPORTS : TCL renforce la fr\u00e9quence de certaines lignes les dimanches 3, 10, 17 et 24 d\u00e9cembre<\/title>\n<meta name=\"description\" content=\"RANSPORTS : TCL renforce la fr\u00e9quence de certaines lignes les dimanches 3, 10, 17 et 24 d\u00e9cembre\" \/>\n<meta name=\"robots\" content=\"index, follow, max-snippet:-1, max-image-preview:large, max-video-preview:-1\" \/>\n<link rel=\"canonical\" href=\"https:\/\/newsestlyonnais.fr\/site\/2017\/11\/30\/transports-tcl-renforce-frequence-de-certaines-lignes-dimanches-3-10-17-24-decembre\/\" \/>\n<meta property=\"og:locale\" content=\"fr_FR\" \/>\n<meta property=\"og:type\" content=\"article\" \/>\n<meta property=\"og:title\" content=\"RANSPORTS : TCL renforce la fr\u00e9quence de certaines lignes les dimanches 3, 10, 17 et 24 d\u00e9cembre\" \/>\n<meta property=\"og:description\" content=\"RANSPORTS : TCL renforce la fr\u00e9quence de certaines lignes les dimanches 3, 10, 17 et 24 d\u00e9cembre\" \/>\n<meta property=\"og:url\" content=\"https:\/\/newsestlyonnais.fr\/site\/2017\/11\/30\/transports-tcl-renforce-frequence-de-certaines-lignes-dimanches-3-10-17-24-decembre\/\" \/>\n<meta property=\"og:site_name\" content=\"News Est Lyonnais\" \/>\n<meta property=\"article:author\" content=\"https:\/\/www.facebook.com\/pascal.oberson.1?fref=ts\" \/>\n<meta property=\"article:published_time\" content=\"2017-11-30T06:16:58+00:00\" \/>\n<meta property=\"article:modified_time\" content=\"2020-11-13T06:50:40+00:00\" \/>\n<meta property=\"og:image\" content=\"https:\/\/i2.wp.com\/newsestlyonnais.fr\/site\/wp-content\/uploads\/2017\/04\/NewsEstLyonnais-Flash-Info.png?fit=1000%2C750&ssl=1\" \/>\n\t<meta property=\"og:image:width\" content=\"1000\" \/>\n\t<meta property=\"og:image:height\" content=\"750\" \/>\n\t<meta property=\"og:image:type\" content=\"image\/png\" \/>\n<meta name=\"author\" content=\"R\u00e9dac. NEWS\" \/>\n<meta name=\"twitter:card\" content=\"summary_large_image\" \/>\n<meta name=\"twitter:label1\" content=\"\u00c9crit par\" \/>\n\t<meta name=\"twitter:data1\" content=\"R\u00e9dac. NEWS\" \/>\n\t<meta name=\"twitter:label2\" content=\"Dur\u00e9e de lecture estim\u00e9e\" \/>\n\t<meta name=\"twitter:data2\" content=\"2 minutes\" \/>\n<script type=\"application\/ld+json\" class=\"yoast-schema-graph\">{\"@context\":\"https:\/\/schema.org\",\"@graph\":[{\"@type\":\"Article\",\"@id\":\"https:\/\/newsestlyonnais.fr\/site\/2017\/11\/30\/transports-tcl-renforce-frequence-de-certaines-lignes-dimanches-3-10-17-24-decembre\/#article\",\"isPartOf\":{\"@id\":\"https:\/\/newsestlyonnais.fr\/site\/2017\/11\/30\/transports-tcl-renforce-frequence-de-certaines-lignes-dimanches-3-10-17-24-decembre\/\"},\"author\":{\"name\":\"R\u00e9dac. NEWS\",\"@id\":\"https:\/\/newsestlyonnais.fr\/site\/#\/schema\/person\/3230d5615f390bb808365d673001e887\"},\"headline\":\"TRANSPORTS | TCL renforce la fr\u00e9quence de certaines lignes les dimanches 3, 10, 17 et 24 d\u00e9cembre\",\"datePublished\":\"2017-11-30T06:16:58+00:00\",\"dateModified\":\"2020-11-13T06:50:40+00:00\",\"mainEntityOfPage\":{\"@id\":\"https:\/\/newsestlyonnais.fr\/site\/2017\/11\/30\/transports-tcl-renforce-frequence-de-certaines-lignes-dimanches-3-10-17-24-decembre\/\"},\"wordCount\":383,\"commentCount\":0,\"publisher\":{\"@id\":\"https:\/\/newsestlyonnais.fr\/site\/#organization\"},\"image\":{\"@id\":\"https:\/\/newsestlyonnais.fr\/site\/2017\/11\/30\/transports-tcl-renforce-frequence-de-certaines-lignes-dimanches-3-10-17-24-decembre\/#primaryimage\"},\"thumbnailUrl\":\"https:\/\/newsestlyonnais.fr\/site\/wp-content\/uploads\/2017\/04\/NewsEstLyonnais-Flash-Info.png\",\"articleSection\":[\"Lyon\",\"Pratique\",\"Transports | Circulation\"],\"inLanguage\":\"fr-FR\",\"potentialAction\":[{\"@type\":\"CommentAction\",\"name\":\"Comment\",\"target\":[\"https:\/\/newsestlyonnais.fr\/site\/2017\/11\/30\/transports-tcl-renforce-frequence-de-certaines-lignes-dimanches-3-10-17-24-decembre\/#respond\"]}]},{\"@type\":\"WebPage\",\"@id\":\"https:\/\/newsestlyonnais.fr\/site\/2017\/11\/30\/transports-tcl-renforce-frequence-de-certaines-lignes-dimanches-3-10-17-24-decembre\/\",\"url\":\"https:\/\/newsestlyonnais.fr\/site\/2017\/11\/30\/transports-tcl-renforce-frequence-de-certaines-lignes-dimanches-3-10-17-24-decembre\/\",\"name\":\"RANSPORTS : TCL renforce la fr\u00e9quence de certaines lignes les dimanches 3, 10, 17 et 24 d\u00e9cembre\",\"isPartOf\":{\"@id\":\"https:\/\/newsestlyonnais.fr\/site\/#website\"},\"primaryImageOfPage\":{\"@id\":\"https:\/\/newsestlyonnais.fr\/site\/2017\/11\/30\/transports-tcl-renforce-frequence-de-certaines-lignes-dimanches-3-10-17-24-decembre\/#primaryimage\"},\"image\":{\"@id\":\"https:\/\/newsestlyonnais.fr\/site\/2017\/11\/30\/transports-tcl-renforce-frequence-de-certaines-lignes-dimanches-3-10-17-24-decembre\/#primaryimage\"},\"thumbnailUrl\":\"https:\/\/newsestlyonnais.fr\/site\/wp-content\/uploads\/2017\/04\/NewsEstLyonnais-Flash-Info.png\",\"datePublished\":\"2017-11-30T06:16:58+00:00\",\"dateModified\":\"2020-11-13T06:50:40+00:00\",\"description\":\"RANSPORTS : TCL renforce la fr\u00e9quence de certaines lignes les dimanches 3, 10, 17 et 24 d\u00e9cembre\",\"breadcrumb\":{\"@id\":\"https:\/\/newsestlyonnais.fr\/site\/2017\/11\/30\/transports-tcl-renforce-frequence-de-certaines-lignes-dimanches-3-10-17-24-decembre\/#breadcrumb\"},\"inLanguage\":\"fr-FR\",\"potentialAction\":[{\"@type\":\"ReadAction\",\"target\":[\"https:\/\/newsestlyonnais.fr\/site\/2017\/11\/30\/transports-tcl-renforce-frequence-de-certaines-lignes-dimanches-3-10-17-24-decembre\/\"]}]},{\"@type\":\"ImageObject\",\"inLanguage\":\"fr-FR\",\"@id\":\"https:\/\/newsestlyonnais.fr\/site\/2017\/11\/30\/transports-tcl-renforce-frequence-de-certaines-lignes-dimanches-3-10-17-24-decembre\/#primaryimage\",\"url\":\"https:\/\/newsestlyonnais.fr\/site\/wp-content\/uploads\/2017\/04\/NewsEstLyonnais-Flash-Info.png\",\"contentUrl\":\"https:\/\/newsestlyonnais.fr\/site\/wp-content\/uploads\/2017\/04\/NewsEstLyonnais-Flash-Info.png\",\"width\":1000,\"height\":750,\"caption\":\"NewsEstLyonnais-Flash-Info\"},{\"@type\":\"BreadcrumbList\",\"@id\":\"https:\/\/newsestlyonnais.fr\/site\/2017\/11\/30\/transports-tcl-renforce-frequence-de-certaines-lignes-dimanches-3-10-17-24-decembre\/#breadcrumb\",\"itemListElement\":[{\"@type\":\"ListItem\",\"position\":1,\"name\":\"Accueil\",\"item\":\"https:\/\/newsestlyonnais.fr\/site\/\"},{\"@type\":\"ListItem\",\"position\":2,\"name\":\"TRANSPORTS | TCL renforce la fr\u00e9quence de certaines lignes les dimanches 3, 10, 17 et 24 d\u00e9cembre\"}]},{\"@type\":\"WebSite\",\"@id\":\"https:\/\/newsestlyonnais.fr\/site\/#website\",\"url\":\"https:\/\/newsestlyonnais.fr\/site\/\",\"name\":\"News Est Lyonnais\",\"description\":\"L&#039;actualit\u00e9 au plus pr\u00e8s\",\"publisher\":{\"@id\":\"https:\/\/newsestlyonnais.fr\/site\/#organization\"},\"potentialAction\":[{\"@type\":\"SearchAction\",\"target\":{\"@type\":\"EntryPoint\",\"urlTemplate\":\"https:\/\/newsestlyonnais.fr\/site\/?s={search_term_string}\"},\"query-input\":{\"@type\":\"PropertyValueSpecification\",\"valueRequired\":true,\"valueName\":\"search_term_string\"}}],\"inLanguage\":\"fr-FR\"},{\"@type\":\"Organization\",\"@id\":\"https:\/\/newsestlyonnais.fr\/site\/#organization\",\"name\":\"News EST LYONNAIS\",\"url\":\"https:\/\/newsestlyonnais.fr\/site\/\",\"logo\":{\"@type\":\"ImageObject\",\"inLanguage\":\"fr-FR\",\"@id\":\"https:\/\/newsestlyonnais.fr\/site\/#\/schema\/logo\/image\/\",\"url\":\"\",\"contentUrl\":\"\",\"caption\":\"News EST LYONNAIS\"},\"image\":{\"@id\":\"https:\/\/newsestlyonnais.fr\/site\/#\/schema\/logo\/image\/\"}},{\"@type\":\"Person\",\"@id\":\"https:\/\/newsestlyonnais.fr\/site\/#\/schema\/person\/3230d5615f390bb808365d673001e887\",\"name\":\"R\u00e9dac. NEWS\",\"sameAs\":[\"http:\/\/www.newsestlyonnais.fr\",\"https:\/\/www.facebook.com\/pascal.oberson.1?fref=ts\",\"https:\/\/fr.linkedin.com\/in\/pascal-oberson-b17045113\"],\"url\":\"https:\/\/newsestlyonnais.fr\/site\/author\/nel\/\"}]}<\/script>\n<!-- \/ Yoast SEO plugin. -->","yoast_head_json":{"title":"RANSPORTS : TCL renforce la fr\u00e9quence de certaines lignes les dimanches 3, 10, 17 et 24 d\u00e9cembre","description":"RANSPORTS : TCL renforce la fr\u00e9quence de certaines lignes les dimanches 3, 10, 17 et 24 d\u00e9cembre","robots":{"index":"index","follow":"follow","max-snippet":"max-snippet:-1","max-image-preview":"max-image-preview:large","max-video-preview":"max-video-preview:-1"},"canonical":"https:\/\/newsestlyonnais.fr\/site\/2017\/11\/30\/transports-tcl-renforce-frequence-de-certaines-lignes-dimanches-3-10-17-24-decembre\/","og_locale":"fr_FR","og_type":"article","og_title":"RANSPORTS : TCL renforce la fr\u00e9quence de certaines lignes les dimanches 3, 10, 17 et 24 d\u00e9cembre","og_description":"RANSPORTS : TCL renforce la fr\u00e9quence de certaines lignes les dimanches 3, 10, 17 et 24 d\u00e9cembre","og_url":"https:\/\/newsestlyonnais.fr\/site\/2017\/11\/30\/transports-tcl-renforce-frequence-de-certaines-lignes-dimanches-3-10-17-24-decembre\/","og_site_name":"News Est Lyonnais","article_author":"https:\/\/www.facebook.com\/pascal.oberson.1?fref=ts","article_published_time":"2017-11-30T06:16:58+00:00","article_modified_time":"2020-11-13T06:50:40+00:00","og_image":[{"width":1000,"height":750,"url":"https:\/\/i2.wp.com\/newsestlyonnais.fr\/site\/wp-content\/uploads\/2017\/04\/NewsEstLyonnais-Flash-Info.png?fit=1000%2C750&ssl=1","type":"image\/png"}],"author":"R\u00e9dac. NEWS","twitter_card":"summary_large_image","twitter_misc":{"\u00c9crit par":"R\u00e9dac. NEWS","Dur\u00e9e de lecture estim\u00e9e":"2 minutes"},"schema":{"@context":"https:\/\/schema.org","@graph":[{"@type":"Article","@id":"https:\/\/newsestlyonnais.fr\/site\/2017\/11\/30\/transports-tcl-renforce-frequence-de-certaines-lignes-dimanches-3-10-17-24-decembre\/#article","isPartOf":{"@id":"https:\/\/newsestlyonnais.fr\/site\/2017\/11\/30\/transports-tcl-renforce-frequence-de-certaines-lignes-dimanches-3-10-17-24-decembre\/"},"author":{"name":"R\u00e9dac. NEWS","@id":"https:\/\/newsestlyonnais.fr\/site\/#\/schema\/person\/3230d5615f390bb808365d673001e887"},"headline":"TRANSPORTS | TCL renforce la fr\u00e9quence de certaines lignes les dimanches 3, 10, 17 et 24 d\u00e9cembre","datePublished":"2017-11-30T06:16:58+00:00","dateModified":"2020-11-13T06:50:40+00:00","mainEntityOfPage":{"@id":"https:\/\/newsestlyonnais.fr\/site\/2017\/11\/30\/transports-tcl-renforce-frequence-de-certaines-lignes-dimanches-3-10-17-24-decembre\/"},"wordCount":383,"commentCount":0,"publisher":{"@id":"https:\/\/newsestlyonnais.fr\/site\/#organization"},"image":{"@id":"https:\/\/newsestlyonnais.fr\/site\/2017\/11\/30\/transports-tcl-renforce-frequence-de-certaines-lignes-dimanches-3-10-17-24-decembre\/#primaryimage"},"thumbnailUrl":"https:\/\/newsestlyonnais.fr\/site\/wp-content\/uploads\/2017\/04\/NewsEstLyonnais-Flash-Info.png","articleSection":["Lyon","Pratique","Transports | Circulation"],"inLanguage":"fr-FR","potentialAction":[{"@type":"CommentAction","name":"Comment","target":["https:\/\/newsestlyonnais.fr\/site\/2017\/11\/30\/transports-tcl-renforce-frequence-de-certaines-lignes-dimanches-3-10-17-24-decembre\/#respond"]}]},{"@type":"WebPage","@id":"https:\/\/newsestlyonnais.fr\/site\/2017\/11\/30\/transports-tcl-renforce-frequence-de-certaines-lignes-dimanches-3-10-17-24-decembre\/","url":"https:\/\/newsestlyonnais.fr\/site\/2017\/11\/30\/transports-tcl-renforce-frequence-de-certaines-lignes-dimanches-3-10-17-24-decembre\/","name":"RANSPORTS : TCL renforce la fr\u00e9quence de certaines lignes les dimanches 3, 10, 17 et 24 d\u00e9cembre","isPartOf":{"@id":"https:\/\/newsestlyonnais.fr\/site\/#website"},"primaryImageOfPage":{"@id":"https:\/\/newsestlyonnais.fr\/site\/2017\/11\/30\/transports-tcl-renforce-frequence-de-certaines-lignes-dimanches-3-10-17-24-decembre\/#primaryimage"},"image":{"@id":"https:\/\/newsestlyonnais.fr\/site\/2017\/11\/30\/transports-tcl-renforce-frequence-de-certaines-lignes-dimanches-3-10-17-24-decembre\/#primaryimage"},"thumbnailUrl":"https:\/\/newsestlyonnais.fr\/site\/wp-content\/uploads\/2017\/04\/NewsEstLyonnais-Flash-Info.png","datePublished":"2017-11-30T06:16:58+00:00","dateModified":"2020-11-13T06:50:40+00:00","description":"RANSPORTS : TCL renforce la fr\u00e9quence de certaines lignes les dimanches 3, 10, 17 et 24 d\u00e9cembre","breadcrumb":{"@id":"https:\/\/newsestlyonnais.fr\/site\/2017\/11\/30\/transports-tcl-renforce-frequence-de-certaines-lignes-dimanches-3-10-17-24-decembre\/#breadcrumb"},"inLanguage":"fr-FR","potentialAction":[{"@type":"ReadAction","target":["https:\/\/newsestlyonnais.fr\/site\/2017\/11\/30\/transports-tcl-renforce-frequence-de-certaines-lignes-dimanches-3-10-17-24-decembre\/"]}]},{"@type":"ImageObject","inLanguage":"fr-FR","@id":"https:\/\/newsestlyonnais.fr\/site\/2017\/11\/30\/transports-tcl-renforce-frequence-de-certaines-lignes-dimanches-3-10-17-24-decembre\/#primaryimage","url":"https:\/\/newsestlyonnais.fr\/site\/wp-content\/uploads\/2017\/04\/NewsEstLyonnais-Flash-Info.png","contentUrl":"https:\/\/newsestlyonnais.fr\/site\/wp-content\/uploads\/2017\/04\/NewsEstLyonnais-Flash-Info.png","width":1000,"height":750,"caption":"NewsEstLyonnais-Flash-Info"},{"@type":"BreadcrumbList","@id":"https:\/\/newsestlyonnais.fr\/site\/2017\/11\/30\/transports-tcl-renforce-frequence-de-certaines-lignes-dimanches-3-10-17-24-decembre\/#breadcrumb","itemListElement":[{"@type":"ListItem","position":1,"name":"Accueil","item":"https:\/\/newsestlyonnais.fr\/site\/"},{"@type":"ListItem","position":2,"name":"TRANSPORTS | TCL renforce la fr\u00e9quence de certaines lignes les dimanches 3, 10, 17 et 24 d\u00e9cembre"}]},{"@type":"WebSite","@id":"https:\/\/newsestlyonnais.fr\/site\/#website","url":"https:\/\/newsestlyonnais.fr\/site\/","name":"News Est Lyonnais","description":"L&#039;actualit\u00e9 au plus pr\u00e8s","publisher":{"@id":"https:\/\/newsestlyonnais.fr\/site\/#organization"},"potentialAction":[{"@type":"SearchAction","target":{"@type":"EntryPoint","urlTemplate":"https:\/\/newsestlyonnais.fr\/site\/?s={search_term_string}"},"query-input":{"@type":"PropertyValueSpecification","valueRequired":true,"valueName":"search_term_string"}}],"inLanguage":"fr-FR"},{"@type":"Organization","@id":"https:\/\/newsestlyonnais.fr\/site\/#organization","name":"News EST LYONNAIS","url":"https:\/\/newsestlyonnais.fr\/site\/","logo":{"@type":"ImageObject","inLanguage":"fr-FR","@id":"https:\/\/newsestlyonnais.fr\/site\/#\/schema\/logo\/image\/","url":"","contentUrl":"","caption":"News EST LYONNAIS"},"image":{"@id":"https:\/\/newsestlyonnais.fr\/site\/#\/schema\/logo\/image\/"}},{"@type":"Person","@id":"https:\/\/newsestlyonnais.fr\/site\/#\/schema\/person\/3230d5615f390bb808365d673001e887","name":"R\u00e9dac. NEWS","sameAs":["http:\/\/www.newsestlyonnais.fr","https:\/\/www.facebook.com\/pascal.oberson.1?fref=ts","https:\/\/fr.linkedin.com\/in\/pascal-oberson-b17045113"],"url":"https:\/\/newsestlyonnais.fr\/site\/author\/nel\/"}]}},"_links":{"self":[{"href":"https:\/\/newsestlyonnais.fr\/site\/wp-json\/wp\/v2\/posts\/39447","targetHints":{"allow":["GET"]}}],"collection":[{"href":"https:\/\/newsestlyonnais.fr\/site\/wp-json\/wp\/v2\/posts"}],"about":[{"href":"https:\/\/newsestlyonnais.fr\/site\/wp-json\/wp\/v2\/types\/post"}],"author":[{"embeddable":true,"href":"https:\/\/newsestlyonnais.fr\/site\/wp-json\/wp\/v2\/users\/4"}],"replies":[{"embeddable":true,"href":"https:\/\/newsestlyonnais.fr\/site\/wp-json\/wp\/v2\/comments?post=39447"}],"version-history":[{"count":0,"href":"https:\/\/newsestlyonnais.fr\/site\/wp-json\/wp\/v2\/posts\/39447\/revisions"}],"wp:featuredmedia":[{"embeddable":true,"href":"https:\/\/newsestlyonnais.fr\/site\/wp-json\/wp\/v2\/media\/25760"}],"wp:attachment":[{"href":"https:\/\/newsestlyonnais.fr\/site\/wp-json\/wp\/v2\/media?parent=39447"}],"wp:term":[{"taxonomy":"category","embeddable":true,"href":"https:\/\/newsestlyonnais.fr\/site\/wp-json\/wp\/v2\/categories?post=39447"},{"taxonomy":"post_tag","embeddable":true,"href":"https:\/\/newsestlyonnais.fr\/site\/wp-json\/wp\/v2\/tags?post=39447"}],"curies":[{"name":"wp","href":"https:\/\/api.w.org\/{rel}","templated":true}]}}