{"id":39609,"date":"2017-12-02T19:44:22","date_gmt":"2017-12-02T18:44:22","guid":{"rendered":"http:\/\/newsestlyonnais.fr\/site\/?p=39609"},"modified":"2020-10-24T17:48:12","modified_gmt":"2020-10-24T16:48:12","slug":"genas-expo-des-courants-darts-jusquau-10-decembre","status":"publish","type":"post","link":"https:\/\/newsestlyonnais.fr\/site\/2017\/12\/02\/genas-expo-des-courants-darts-jusquau-10-decembre\/","title":{"rendered":"GENAS | Expo des Courants d&rsquo;Arts jusqu&rsquo;au 10 d\u00e9cembre"},"content":{"rendered":"<h4>Vernissage devant une belle assistance ce samedi matin de l&rsquo;exposition des \u00ab\u00a0Courants d&rsquo;Arts\u00a0\u00bb plac\u00e9e sous le th\u00e8me des spectacles vivants, qui se poursuit jusqu&rsquo;au dimanche 10 d\u00e9cembre.<\/h4>\n<p>32 exposants de cette association genassienne pr\u00e9sid\u00e9e par Marc Vincent, sur les 48 adh\u00e9rents (dont 8 nouveaux) composant son effectif ont d\u00e9voil\u00e9 les 120 oeuvres qui seront pr\u00e9sent\u00e9es au grand public neuf jours durant.<\/p>\n<p>Un vernissage lanc\u00e9 par la belle production musicale de la chorale locale \u00ab\u00a0Papsinelles et Coquillons\u00a0\u00bb qui r\u00e9unit dans son groupe, enfants (d\u00e8s 5 ans) et adultes.<\/p>\n<p><span style=\"text-decoration: underline\">EXPO ouverte tous les jours de 14 h \u00e0 18 h jusqu&rsquo;au 10 d\u00e9cembre.<\/span><\/p>\n<h4>&#8211; Retrouvez l\u2019ACTU de l\u2019association sur: <a href=\"http:\/\/www.courants-arts-genas.fr\" target=\"_blank\" rel=\"noopener noreferrer\">http:\/\/www.courants-arts-genas.fr<\/a><\/h4>\n<div id='gallery-1' class='gallery galleryid-39609 gallery-columns-3 gallery-size-thumbnail'><figure class='gallery-item'>\n\t\t\t<div class='gallery-icon portrait'>\n\t\t\t\t<a href='https:\/\/newsestlyonnais.fr\/site\/newsestlyonnais-affiche-expo-2017\/'><img loading=\"lazy\" decoding=\"async\" width=\"150\" height=\"150\" src=\"https:\/\/newsestlyonnais.fr\/site\/wp-content\/uploads\/2017\/11\/NEWSESTLYONNAIS-affiche-EXPO-2017-150x150.jpg\" class=\"attachment-thumbnail size-thumbnail\" alt=\"NEWSESTLYONNAIS - affiche EXPO 2017\" aria-describedby=\"gallery-1-38015\" \/><\/a>\n\t\t\t<\/div>\n\t\t\t\t<figcaption class='wp-caption-text gallery-caption' id='gallery-1-38015'>\n\t\t\t\tEXPO des \u00ab\u00a0Courants d&rsquo;Arts\u00a0\u00bb \n\t\t\t\t<\/figcaption><\/figure><figure class='gallery-item'>\n\t\t\t<div class='gallery-icon landscape'>\n\t\t\t\t<a href='https:\/\/newsestlyonnais.fr\/site\/2017\/12\/02\/genas-expo-des-courants-darts-jusquau-10-decembre\/newsestlyonnais-inaug-expo\/'><img loading=\"lazy\" decoding=\"async\" width=\"150\" height=\"150\" src=\"https:\/\/newsestlyonnais.fr\/site\/wp-content\/uploads\/2017\/12\/NEWSESTLYONNAIS-INAUG-EXPO-150x150.jpg\" class=\"attachment-thumbnail size-thumbnail\" alt=\"NEWSESTLYONNAIS - INAUG EXPO\" aria-describedby=\"gallery-1-39626\" \/><\/a>\n\t\t\t<\/div>\n\t\t\t\t<figcaption class='wp-caption-text gallery-caption' id='gallery-1-39626'>\n\t\t\t\tPatrick Lavi\u00e9ville, adjoint \u00e0 la culture a tenu le discours d&rsquo; inauguration de cette expo\n\t\t\t\t<\/figcaption><\/figure><figure class='gallery-item'>\n\t\t\t<div class='gallery-icon landscape'>\n\t\t\t\t<a href='https:\/\/newsestlyonnais.fr\/site\/2017\/12\/02\/genas-expo-des-courants-darts-jusquau-10-decembre\/newseslyonnais-expo-courants-arts\/'><img loading=\"lazy\" decoding=\"async\" width=\"150\" height=\"150\" src=\"https:\/\/newsestlyonnais.fr\/site\/wp-content\/uploads\/2017\/12\/NEWSESLYONNAIS-EXPO-COURANTS-ARTS-150x150.jpg\" class=\"attachment-thumbnail size-thumbnail\" alt=\"Une belle assistance constat\u00e9e lors de ce vernissage\" aria-describedby=\"gallery-1-39625\" \/><\/a>\n\t\t\t<\/div>\n\t\t\t\t<figcaption class='wp-caption-text gallery-caption' id='gallery-1-39625'>\n\t\t\t\tUne belle assistance \u00e0 l&rsquo;occasion de ce vernissage \n\t\t\t\t<\/figcaption><\/figure><figure class='gallery-item'>\n\t\t\t<div class='gallery-icon landscape'>\n\t\t\t\t<a href='https:\/\/newsestlyonnais.fr\/site\/2017\/12\/02\/genas-expo-des-courants-darts-jusquau-10-decembre\/newsestlyonnais-expo-courants-arts-papsinelles\/'><img loading=\"lazy\" decoding=\"async\" width=\"150\" height=\"150\" src=\"https:\/\/newsestlyonnais.fr\/site\/wp-content\/uploads\/2017\/12\/NEWSESTLYONNAIS-EXPO-COURANTS-ARTS-PAPSINELLES--150x150.jpg\" class=\"attachment-thumbnail size-thumbnail\" alt=\"NEWSESTLYONNAIS - EXPO COURANTS ARTS PAPSINELLES\" aria-describedby=\"gallery-1-39624\" \/><\/a>\n\t\t\t<\/div>\n\t\t\t\t<figcaption class='wp-caption-text gallery-caption' id='gallery-1-39624'>\n\t\t\t\tBelle production de la chorale \u00ab\u00a0Papsinelles et Coquillons\u00a0\u00bb \n\t\t\t\t<\/figcaption><\/figure><figure class='gallery-item'>\n\t\t\t<div class='gallery-icon landscape'>\n\t\t\t\t<a href='https:\/\/newsestlyonnais.fr\/site\/2017\/12\/02\/genas-expo-des-courants-darts-jusquau-10-decembre\/newsestrlyonnais-courants-arts-expo\/'><img loading=\"lazy\" decoding=\"async\" width=\"150\" height=\"150\" src=\"https:\/\/newsestlyonnais.fr\/site\/wp-content\/uploads\/2017\/12\/NEWSESTRLYONNAIS-COURANTS-ARTS-EXPO-150x150.jpg\" class=\"attachment-thumbnail size-thumbnail\" alt=\"\" aria-describedby=\"gallery-1-39622\" \/><\/a>\n\t\t\t<\/div>\n\t\t\t\t<figcaption class='wp-caption-text gallery-caption' id='gallery-1-39622'>\n\t\t\t\t120 oeuvres expos\u00e9es jusqu&rsquo; au dimanche 10 d\u00e9cembre\n\t\t\t\t<\/figcaption><\/figure><figure class='gallery-item'>\n\t\t\t<div class='gallery-icon landscape'>\n\t\t\t\t<a href='https:\/\/newsestlyonnais.fr\/site\/2017\/12\/02\/genas-expo-des-courants-darts-jusquau-10-decembre\/newsestlyonnais-expo-gandil\/'><img loading=\"lazy\" decoding=\"async\" width=\"150\" height=\"150\" src=\"https:\/\/newsestlyonnais.fr\/site\/wp-content\/uploads\/2017\/12\/NEWSESTLYONNAIS-EXPO-GANDIL-150x150.jpg\" class=\"attachment-thumbnail size-thumbnail\" alt=\"NEWSESTLYONNAIS - EXPO GANDIL\" aria-describedby=\"gallery-1-39627\" \/><\/a>\n\t\t\t<\/div>\n\t\t\t\t<figcaption class='wp-caption-text gallery-caption' id='gallery-1-39627'>\n\t\t\t\t9 jours d&rsquo;exposition sur 2 \u00e9tages \u00e0 l&rsquo;Espace Gandil \n\t\t\t\t<\/figcaption><\/figure>\n\t\t<\/div>\n\n","protected":false},"excerpt":{"rendered":"<p>Vernissage devant une belle assistance ce samedi matin de l&rsquo;exposition des \u00ab\u00a0Courants d&rsquo;Arts\u00a0\u00bb plac\u00e9e sous le th\u00e8me des spectacles vivants, qui se poursuit jusqu&rsquo;au dimanche 10 d\u00e9cembre. 32 exposants de cette association genassienne pr\u00e9sid\u00e9e par Marc Vincent, sur les 48 adh\u00e9rents (dont 8 nouveaux) composant son effectif ont d\u00e9voil\u00e9 les 120 oeuvres qui seront pr\u00e9sent\u00e9es [&hellip;]<\/p>\n","protected":false},"author":4,"featured_media":39613,"comment_status":"open","ping_status":"open","sticky":false,"template":"","format":"standard","meta":{"footnotes":""},"categories":[270,3007],"tags":[],"class_list":["post-39609","post","type-post","status-publish","format-standard","has-post-thumbnail","hentry","category-cte-de-communes-c-c-e-l","category-peinture-photo-sculpture"],"yoast_head":"<!-- This site is optimized with the Yoast SEO plugin v27.2 - https:\/\/yoast.com\/product\/yoast-seo-wordpress\/ -->\n<title>GENAS : Les Courants d&#039;Arts exposent \u00e0 l&#039;Espace Gandil jusqu&#039;au 10 d\u00e9cembre<\/title>\n<meta name=\"description\" content=\"GENAS : Les Courants d&#039;Arts exposent \u00e0 l&#039;Espace Gandil jusqu&#039;au 10 d\u00e9cembre\" \/>\n<meta name=\"robots\" content=\"index, follow, max-snippet:-1, max-image-preview:large, max-video-preview:-1\" \/>\n<link rel=\"canonical\" href=\"https:\/\/newsestlyonnais.fr\/site\/2017\/12\/02\/genas-expo-des-courants-darts-jusquau-10-decembre\/\" \/>\n<meta property=\"og:locale\" content=\"fr_FR\" \/>\n<meta property=\"og:type\" content=\"article\" \/>\n<meta property=\"og:title\" content=\"GENAS : Les Courants d&#039;Arts exposent \u00e0 l&#039;Espace Gandil jusqu&#039;au 10 d\u00e9cembre\" \/>\n<meta property=\"og:description\" content=\"GENAS : Les Courants d&#039;Arts exposent \u00e0 l&#039;Espace Gandil jusqu&#039;au 10 d\u00e9cembre\" \/>\n<meta property=\"og:url\" content=\"https:\/\/newsestlyonnais.fr\/site\/2017\/12\/02\/genas-expo-des-courants-darts-jusquau-10-decembre\/\" \/>\n<meta property=\"og:site_name\" content=\"News Est Lyonnais\" \/>\n<meta property=\"article:author\" content=\"https:\/\/www.facebook.com\/pascal.oberson.1?fref=ts\" \/>\n<meta property=\"article:published_time\" content=\"2017-12-02T18:44:22+00:00\" \/>\n<meta property=\"article:modified_time\" content=\"2020-10-24T16:48:12+00:00\" \/>\n<meta property=\"og:image\" content=\"https:\/\/i1.wp.com\/newsestlyonnais.fr\/site\/wp-content\/uploads\/2017\/12\/NEWSESTLYONNAIS-EXPO-COURANTS-ARTS.jpg?fit=2048%2C1536&ssl=1\" \/>\n\t<meta property=\"og:image:width\" content=\"2048\" \/>\n\t<meta property=\"og:image:height\" content=\"1536\" \/>\n\t<meta property=\"og:image:type\" content=\"image\/jpeg\" \/>\n<meta name=\"author\" content=\"R\u00e9dac. NEWS\" \/>\n<meta name=\"twitter:card\" content=\"summary_large_image\" \/>\n<meta name=\"twitter:label1\" content=\"\u00c9crit par\" \/>\n\t<meta name=\"twitter:data1\" content=\"R\u00e9dac. NEWS\" \/>\n\t<meta name=\"twitter:label2\" content=\"Dur\u00e9e de lecture estim\u00e9e\" \/>\n\t<meta name=\"twitter:data2\" content=\"1 minute\" \/>\n<script type=\"application\/ld+json\" class=\"yoast-schema-graph\">{\"@context\":\"https:\/\/schema.org\",\"@graph\":[{\"@type\":\"Article\",\"@id\":\"https:\/\/newsestlyonnais.fr\/site\/2017\/12\/02\/genas-expo-des-courants-darts-jusquau-10-decembre\/#article\",\"isPartOf\":{\"@id\":\"https:\/\/newsestlyonnais.fr\/site\/2017\/12\/02\/genas-expo-des-courants-darts-jusquau-10-decembre\/\"},\"author\":{\"name\":\"R\u00e9dac. NEWS\",\"@id\":\"https:\/\/newsestlyonnais.fr\/site\/#\/schema\/person\/3230d5615f390bb808365d673001e887\"},\"headline\":\"GENAS | Expo des Courants d&rsquo;Arts jusqu&rsquo;au 10 d\u00e9cembre\",\"datePublished\":\"2017-12-02T18:44:22+00:00\",\"dateModified\":\"2020-10-24T16:48:12+00:00\",\"mainEntityOfPage\":{\"@id\":\"https:\/\/newsestlyonnais.fr\/site\/2017\/12\/02\/genas-expo-des-courants-darts-jusquau-10-decembre\/\"},\"wordCount\":133,\"commentCount\":0,\"publisher\":{\"@id\":\"https:\/\/newsestlyonnais.fr\/site\/#organization\"},\"image\":{\"@id\":\"https:\/\/newsestlyonnais.fr\/site\/2017\/12\/02\/genas-expo-des-courants-darts-jusquau-10-decembre\/#primaryimage\"},\"thumbnailUrl\":\"https:\/\/newsestlyonnais.fr\/site\/wp-content\/uploads\/2017\/12\/NEWSESTLYONNAIS-EXPO-COURANTS-ARTS.jpg\",\"articleSection\":[\"CCEL | Communes\",\"Peinture | Photo | Sculpture\"],\"inLanguage\":\"fr-FR\",\"potentialAction\":[{\"@type\":\"CommentAction\",\"name\":\"Comment\",\"target\":[\"https:\/\/newsestlyonnais.fr\/site\/2017\/12\/02\/genas-expo-des-courants-darts-jusquau-10-decembre\/#respond\"]}]},{\"@type\":\"WebPage\",\"@id\":\"https:\/\/newsestlyonnais.fr\/site\/2017\/12\/02\/genas-expo-des-courants-darts-jusquau-10-decembre\/\",\"url\":\"https:\/\/newsestlyonnais.fr\/site\/2017\/12\/02\/genas-expo-des-courants-darts-jusquau-10-decembre\/\",\"name\":\"GENAS : Les Courants d'Arts exposent \u00e0 l'Espace Gandil jusqu'au 10 d\u00e9cembre\",\"isPartOf\":{\"@id\":\"https:\/\/newsestlyonnais.fr\/site\/#website\"},\"primaryImageOfPage\":{\"@id\":\"https:\/\/newsestlyonnais.fr\/site\/2017\/12\/02\/genas-expo-des-courants-darts-jusquau-10-decembre\/#primaryimage\"},\"image\":{\"@id\":\"https:\/\/newsestlyonnais.fr\/site\/2017\/12\/02\/genas-expo-des-courants-darts-jusquau-10-decembre\/#primaryimage\"},\"thumbnailUrl\":\"https:\/\/newsestlyonnais.fr\/site\/wp-content\/uploads\/2017\/12\/NEWSESTLYONNAIS-EXPO-COURANTS-ARTS.jpg\",\"datePublished\":\"2017-12-02T18:44:22+00:00\",\"dateModified\":\"2020-10-24T16:48:12+00:00\",\"description\":\"GENAS : Les Courants d'Arts exposent \u00e0 l'Espace Gandil jusqu'au 10 d\u00e9cembre\",\"breadcrumb\":{\"@id\":\"https:\/\/newsestlyonnais.fr\/site\/2017\/12\/02\/genas-expo-des-courants-darts-jusquau-10-decembre\/#breadcrumb\"},\"inLanguage\":\"fr-FR\",\"potentialAction\":[{\"@type\":\"ReadAction\",\"target\":[\"https:\/\/newsestlyonnais.fr\/site\/2017\/12\/02\/genas-expo-des-courants-darts-jusquau-10-decembre\/\"]}]},{\"@type\":\"ImageObject\",\"inLanguage\":\"fr-FR\",\"@id\":\"https:\/\/newsestlyonnais.fr\/site\/2017\/12\/02\/genas-expo-des-courants-darts-jusquau-10-decembre\/#primaryimage\",\"url\":\"https:\/\/newsestlyonnais.fr\/site\/wp-content\/uploads\/2017\/12\/NEWSESTLYONNAIS-EXPO-COURANTS-ARTS.jpg\",\"contentUrl\":\"https:\/\/newsestlyonnais.fr\/site\/wp-content\/uploads\/2017\/12\/NEWSESTLYONNAIS-EXPO-COURANTS-ARTS.jpg\",\"width\":2048,\"height\":1536,\"caption\":\"NEWSESTLYONNAIS - EXPO COURANTS ARTS\"},{\"@type\":\"BreadcrumbList\",\"@id\":\"https:\/\/newsestlyonnais.fr\/site\/2017\/12\/02\/genas-expo-des-courants-darts-jusquau-10-decembre\/#breadcrumb\",\"itemListElement\":[{\"@type\":\"ListItem\",\"position\":1,\"name\":\"Accueil\",\"item\":\"https:\/\/newsestlyonnais.fr\/site\/\"},{\"@type\":\"ListItem\",\"position\":2,\"name\":\"GENAS | Expo des Courants d&rsquo;Arts jusqu&rsquo;au 10 d\u00e9cembre\"}]},{\"@type\":\"WebSite\",\"@id\":\"https:\/\/newsestlyonnais.fr\/site\/#website\",\"url\":\"https:\/\/newsestlyonnais.fr\/site\/\",\"name\":\"News Est Lyonnais\",\"description\":\"L&#039;actualit\u00e9 au plus pr\u00e8s\",\"publisher\":{\"@id\":\"https:\/\/newsestlyonnais.fr\/site\/#organization\"},\"potentialAction\":[{\"@type\":\"SearchAction\",\"target\":{\"@type\":\"EntryPoint\",\"urlTemplate\":\"https:\/\/newsestlyonnais.fr\/site\/?s={search_term_string}\"},\"query-input\":{\"@type\":\"PropertyValueSpecification\",\"valueRequired\":true,\"valueName\":\"search_term_string\"}}],\"inLanguage\":\"fr-FR\"},{\"@type\":\"Organization\",\"@id\":\"https:\/\/newsestlyonnais.fr\/site\/#organization\",\"name\":\"News EST LYONNAIS\",\"url\":\"https:\/\/newsestlyonnais.fr\/site\/\",\"logo\":{\"@type\":\"ImageObject\",\"inLanguage\":\"fr-FR\",\"@id\":\"https:\/\/newsestlyonnais.fr\/site\/#\/schema\/logo\/image\/\",\"url\":\"\",\"contentUrl\":\"\",\"caption\":\"News EST LYONNAIS\"},\"image\":{\"@id\":\"https:\/\/newsestlyonnais.fr\/site\/#\/schema\/logo\/image\/\"}},{\"@type\":\"Person\",\"@id\":\"https:\/\/newsestlyonnais.fr\/site\/#\/schema\/person\/3230d5615f390bb808365d673001e887\",\"name\":\"R\u00e9dac. NEWS\",\"sameAs\":[\"http:\/\/www.newsestlyonnais.fr\",\"https:\/\/www.facebook.com\/pascal.oberson.1?fref=ts\",\"https:\/\/fr.linkedin.com\/in\/pascal-oberson-b17045113\"],\"url\":\"https:\/\/newsestlyonnais.fr\/site\/author\/nel\/\"}]}<\/script>\n<!-- \/ Yoast SEO plugin. -->","yoast_head_json":{"title":"GENAS : Les Courants d'Arts exposent \u00e0 l'Espace Gandil jusqu'au 10 d\u00e9cembre","description":"GENAS : Les Courants d'Arts exposent \u00e0 l'Espace Gandil jusqu'au 10 d\u00e9cembre","robots":{"index":"index","follow":"follow","max-snippet":"max-snippet:-1","max-image-preview":"max-image-preview:large","max-video-preview":"max-video-preview:-1"},"canonical":"https:\/\/newsestlyonnais.fr\/site\/2017\/12\/02\/genas-expo-des-courants-darts-jusquau-10-decembre\/","og_locale":"fr_FR","og_type":"article","og_title":"GENAS : Les Courants d'Arts exposent \u00e0 l'Espace Gandil jusqu'au 10 d\u00e9cembre","og_description":"GENAS : Les Courants d'Arts exposent \u00e0 l'Espace Gandil jusqu'au 10 d\u00e9cembre","og_url":"https:\/\/newsestlyonnais.fr\/site\/2017\/12\/02\/genas-expo-des-courants-darts-jusquau-10-decembre\/","og_site_name":"News Est Lyonnais","article_author":"https:\/\/www.facebook.com\/pascal.oberson.1?fref=ts","article_published_time":"2017-12-02T18:44:22+00:00","article_modified_time":"2020-10-24T16:48:12+00:00","og_image":[{"width":2048,"height":1536,"url":"https:\/\/i1.wp.com\/newsestlyonnais.fr\/site\/wp-content\/uploads\/2017\/12\/NEWSESTLYONNAIS-EXPO-COURANTS-ARTS.jpg?fit=2048%2C1536&ssl=1","type":"image\/jpeg"}],"author":"R\u00e9dac. NEWS","twitter_card":"summary_large_image","twitter_misc":{"\u00c9crit par":"R\u00e9dac. NEWS","Dur\u00e9e de lecture estim\u00e9e":"1 minute"},"schema":{"@context":"https:\/\/schema.org","@graph":[{"@type":"Article","@id":"https:\/\/newsestlyonnais.fr\/site\/2017\/12\/02\/genas-expo-des-courants-darts-jusquau-10-decembre\/#article","isPartOf":{"@id":"https:\/\/newsestlyonnais.fr\/site\/2017\/12\/02\/genas-expo-des-courants-darts-jusquau-10-decembre\/"},"author":{"name":"R\u00e9dac. NEWS","@id":"https:\/\/newsestlyonnais.fr\/site\/#\/schema\/person\/3230d5615f390bb808365d673001e887"},"headline":"GENAS | Expo des Courants d&rsquo;Arts jusqu&rsquo;au 10 d\u00e9cembre","datePublished":"2017-12-02T18:44:22+00:00","dateModified":"2020-10-24T16:48:12+00:00","mainEntityOfPage":{"@id":"https:\/\/newsestlyonnais.fr\/site\/2017\/12\/02\/genas-expo-des-courants-darts-jusquau-10-decembre\/"},"wordCount":133,"commentCount":0,"publisher":{"@id":"https:\/\/newsestlyonnais.fr\/site\/#organization"},"image":{"@id":"https:\/\/newsestlyonnais.fr\/site\/2017\/12\/02\/genas-expo-des-courants-darts-jusquau-10-decembre\/#primaryimage"},"thumbnailUrl":"https:\/\/newsestlyonnais.fr\/site\/wp-content\/uploads\/2017\/12\/NEWSESTLYONNAIS-EXPO-COURANTS-ARTS.jpg","articleSection":["CCEL | Communes","Peinture | Photo | Sculpture"],"inLanguage":"fr-FR","potentialAction":[{"@type":"CommentAction","name":"Comment","target":["https:\/\/newsestlyonnais.fr\/site\/2017\/12\/02\/genas-expo-des-courants-darts-jusquau-10-decembre\/#respond"]}]},{"@type":"WebPage","@id":"https:\/\/newsestlyonnais.fr\/site\/2017\/12\/02\/genas-expo-des-courants-darts-jusquau-10-decembre\/","url":"https:\/\/newsestlyonnais.fr\/site\/2017\/12\/02\/genas-expo-des-courants-darts-jusquau-10-decembre\/","name":"GENAS : Les Courants d'Arts exposent \u00e0 l'Espace Gandil jusqu'au 10 d\u00e9cembre","isPartOf":{"@id":"https:\/\/newsestlyonnais.fr\/site\/#website"},"primaryImageOfPage":{"@id":"https:\/\/newsestlyonnais.fr\/site\/2017\/12\/02\/genas-expo-des-courants-darts-jusquau-10-decembre\/#primaryimage"},"image":{"@id":"https:\/\/newsestlyonnais.fr\/site\/2017\/12\/02\/genas-expo-des-courants-darts-jusquau-10-decembre\/#primaryimage"},"thumbnailUrl":"https:\/\/newsestlyonnais.fr\/site\/wp-content\/uploads\/2017\/12\/NEWSESTLYONNAIS-EXPO-COURANTS-ARTS.jpg","datePublished":"2017-12-02T18:44:22+00:00","dateModified":"2020-10-24T16:48:12+00:00","description":"GENAS : Les Courants d'Arts exposent \u00e0 l'Espace Gandil jusqu'au 10 d\u00e9cembre","breadcrumb":{"@id":"https:\/\/newsestlyonnais.fr\/site\/2017\/12\/02\/genas-expo-des-courants-darts-jusquau-10-decembre\/#breadcrumb"},"inLanguage":"fr-FR","potentialAction":[{"@type":"ReadAction","target":["https:\/\/newsestlyonnais.fr\/site\/2017\/12\/02\/genas-expo-des-courants-darts-jusquau-10-decembre\/"]}]},{"@type":"ImageObject","inLanguage":"fr-FR","@id":"https:\/\/newsestlyonnais.fr\/site\/2017\/12\/02\/genas-expo-des-courants-darts-jusquau-10-decembre\/#primaryimage","url":"https:\/\/newsestlyonnais.fr\/site\/wp-content\/uploads\/2017\/12\/NEWSESTLYONNAIS-EXPO-COURANTS-ARTS.jpg","contentUrl":"https:\/\/newsestlyonnais.fr\/site\/wp-content\/uploads\/2017\/12\/NEWSESTLYONNAIS-EXPO-COURANTS-ARTS.jpg","width":2048,"height":1536,"caption":"NEWSESTLYONNAIS - EXPO COURANTS ARTS"},{"@type":"BreadcrumbList","@id":"https:\/\/newsestlyonnais.fr\/site\/2017\/12\/02\/genas-expo-des-courants-darts-jusquau-10-decembre\/#breadcrumb","itemListElement":[{"@type":"ListItem","position":1,"name":"Accueil","item":"https:\/\/newsestlyonnais.fr\/site\/"},{"@type":"ListItem","position":2,"name":"GENAS | Expo des Courants d&rsquo;Arts jusqu&rsquo;au 10 d\u00e9cembre"}]},{"@type":"WebSite","@id":"https:\/\/newsestlyonnais.fr\/site\/#website","url":"https:\/\/newsestlyonnais.fr\/site\/","name":"News Est Lyonnais","description":"L&#039;actualit\u00e9 au plus pr\u00e8s","publisher":{"@id":"https:\/\/newsestlyonnais.fr\/site\/#organization"},"potentialAction":[{"@type":"SearchAction","target":{"@type":"EntryPoint","urlTemplate":"https:\/\/newsestlyonnais.fr\/site\/?s={search_term_string}"},"query-input":{"@type":"PropertyValueSpecification","valueRequired":true,"valueName":"search_term_string"}}],"inLanguage":"fr-FR"},{"@type":"Organization","@id":"https:\/\/newsestlyonnais.fr\/site\/#organization","name":"News EST LYONNAIS","url":"https:\/\/newsestlyonnais.fr\/site\/","logo":{"@type":"ImageObject","inLanguage":"fr-FR","@id":"https:\/\/newsestlyonnais.fr\/site\/#\/schema\/logo\/image\/","url":"","contentUrl":"","caption":"News EST LYONNAIS"},"image":{"@id":"https:\/\/newsestlyonnais.fr\/site\/#\/schema\/logo\/image\/"}},{"@type":"Person","@id":"https:\/\/newsestlyonnais.fr\/site\/#\/schema\/person\/3230d5615f390bb808365d673001e887","name":"R\u00e9dac. NEWS","sameAs":["http:\/\/www.newsestlyonnais.fr","https:\/\/www.facebook.com\/pascal.oberson.1?fref=ts","https:\/\/fr.linkedin.com\/in\/pascal-oberson-b17045113"],"url":"https:\/\/newsestlyonnais.fr\/site\/author\/nel\/"}]}},"_links":{"self":[{"href":"https:\/\/newsestlyonnais.fr\/site\/wp-json\/wp\/v2\/posts\/39609","targetHints":{"allow":["GET"]}}],"collection":[{"href":"https:\/\/newsestlyonnais.fr\/site\/wp-json\/wp\/v2\/posts"}],"about":[{"href":"https:\/\/newsestlyonnais.fr\/site\/wp-json\/wp\/v2\/types\/post"}],"author":[{"embeddable":true,"href":"https:\/\/newsestlyonnais.fr\/site\/wp-json\/wp\/v2\/users\/4"}],"replies":[{"embeddable":true,"href":"https:\/\/newsestlyonnais.fr\/site\/wp-json\/wp\/v2\/comments?post=39609"}],"version-history":[{"count":0,"href":"https:\/\/newsestlyonnais.fr\/site\/wp-json\/wp\/v2\/posts\/39609\/revisions"}],"wp:featuredmedia":[{"embeddable":true,"href":"https:\/\/newsestlyonnais.fr\/site\/wp-json\/wp\/v2\/media\/39613"}],"wp:attachment":[{"href":"https:\/\/newsestlyonnais.fr\/site\/wp-json\/wp\/v2\/media?parent=39609"}],"wp:term":[{"taxonomy":"category","embeddable":true,"href":"https:\/\/newsestlyonnais.fr\/site\/wp-json\/wp\/v2\/categories?post=39609"},{"taxonomy":"post_tag","embeddable":true,"href":"https:\/\/newsestlyonnais.fr\/site\/wp-json\/wp\/v2\/tags?post=39609"}],"curies":[{"name":"wp","href":"https:\/\/api.w.org\/{rel}","templated":true}]}}