{"id":39631,"date":"2017-12-03T09:53:11","date_gmt":"2017-12-03T08:53:11","guid":{"rendered":"http:\/\/newsestlyonnais.fr\/site\/?p=39631"},"modified":"2020-11-17T13:30:32","modified_gmt":"2020-11-17T12:30:32","slug":"bron-terraillon-le-boulodrome-au-nom-dhenri-bayada","status":"publish","type":"post","link":"https:\/\/newsestlyonnais.fr\/site\/2017\/12\/03\/bron-terraillon-le-boulodrome-au-nom-dhenri-bayada\/","title":{"rendered":"BRON-TERRAILLON | Le boulodrome au nom d&rsquo;Henri Bayada"},"content":{"rendered":"<h4>Ce fut une d\u00e9lib\u00e9ration du Conseil Municipal du 19 juin 2017 et la c\u00e9r\u00e9monie d\u00e9nommant le boulodrome de Bron-Terraillon \u00ab\u00a0Henri Bayada\u00a0\u00bb s&rsquo;est d\u00e9roul\u00e9e samedi en fin de matin\u00e9e.<\/h4>\n<p>Ceci en pr\u00e9sence de Jean-Michel Longueval (maire de Bron), Annie Guillemot (s\u00e9natrice), Djamel Boudebibah (adjoint aux sports), Sandrine (fille d&rsquo;Henri Bayada), Damien Ruiz et Claudine Gorini (co-pr\u00e9sidents du Club de P\u00e9tanque de Bron-Terraillon), des \u00e9lus locaux et des instances et pratiquants du monde de la p\u00e9tanque.<\/p>\n<p>Ce fut, avant de d\u00e9voiler la plaque ext\u00e9rieure \u00e9rig\u00e9e sur la face avant du boulodrome et si\u00e8ge du club, l&rsquo;occasion de dresser un vibrant hommage \u00e9manant de toutes les personnalit\u00e9s \u00e0 Henri Bayada, Ce dernier, qui fut durant 40 ans pr\u00e9sident du CPBT et trop t\u00f4t disparu \u00e0 l&rsquo;age de 69 ans, des suites d&rsquo;une longue maladie et qui aura \u00e9t\u00e9 un grand dirigeant associatif. Un homme au caract\u00e8re bien tremp\u00e9 mais qui r\u00e9unissait des qualit\u00e9s d&rsquo;organisateur, rassembleur et manager et qui aura connu pas moins de 4 adjoints aux sports sur la commune. Cet ancien plombier de profession qui avait su cr\u00e9er une ambiance et qui clamait souvent que le boulodrome \u00e9tait sa 2\u00b0 maison serait fier de voir qu&rsquo;il porte \u00e0 pr\u00e9sent son nom.<\/p>\n<div id='gallery-1' class='gallery galleryid-39631 gallery-columns-3 gallery-size-thumbnail'><figure class='gallery-item'>\n\t\t\t<div class='gallery-icon landscape'>\n\t\t\t\t<a href='https:\/\/newsestlyonnais.fr\/site\/2017\/12\/03\/bron-terraillon-le-boulodrome-au-nom-dhenri-bayada\/newsestlyonnais-portrait-henri\/'><img loading=\"lazy\" decoding=\"async\" width=\"150\" height=\"150\" src=\"https:\/\/newsestlyonnais.fr\/site\/wp-content\/uploads\/2017\/12\/NEWSESTLYONNAIS-Portrait-henri-150x150.jpg\" class=\"attachment-thumbnail size-thumbnail\" alt=\"NEWSESTLYONNAIS - Portrait henri\" aria-describedby=\"gallery-1-39633\" \/><\/a>\n\t\t\t<\/div>\n\t\t\t\t<figcaption class='wp-caption-text gallery-caption' id='gallery-1-39633'>\n\t\t\t\tHenri Bayda aura \u00e9t\u00e9 pr\u00e9sident du CPBT durant 40 ans \n\t\t\t\t<\/figcaption><\/figure><figure class='gallery-item'>\n\t\t\t<div class='gallery-icon landscape'>\n\t\t\t\t<a href='https:\/\/newsestlyonnais.fr\/site\/2017\/12\/03\/bron-terraillon-le-boulodrome-au-nom-dhenri-bayada\/newsestlyonnais-textes-pts-cpbt\/'><img loading=\"lazy\" decoding=\"async\" width=\"150\" height=\"150\" src=\"https:\/\/newsestlyonnais.fr\/site\/wp-content\/uploads\/2017\/12\/NEWSESTLYONNAIS-TEXTES-PTS-CPBT-150x150.jpg\" class=\"attachment-thumbnail size-thumbnail\" alt=\"NEWSESTLYONNAIS TEXTES PTS CPBT\" aria-describedby=\"gallery-1-39636\" \/><\/a>\n\t\t\t<\/div>\n\t\t\t\t<figcaption class='wp-caption-text gallery-caption' id='gallery-1-39636'>\n\t\t\t\tDamien Ruiz et Claudine Gorrini, co-pr\u00e9sidents du CPBT sont intervenus lors des diff\u00e9rents discours\n\t\t\t\t<\/figcaption><\/figure><figure class='gallery-item'>\n\t\t\t<div class='gallery-icon landscape'>\n\t\t\t\t<a href='https:\/\/newsestlyonnais.fr\/site\/2017\/12\/03\/bron-terraillon-le-boulodrome-au-nom-dhenri-bayada\/newsestlyonnais-plauqye-henri-bayada\/'><img loading=\"lazy\" decoding=\"async\" width=\"150\" height=\"150\" src=\"https:\/\/newsestlyonnais.fr\/site\/wp-content\/uploads\/2017\/12\/NEWSESTLYONNAIS-PLAUQYE-HENRI-BAYADA-150x150.jpg\" class=\"attachment-thumbnail size-thumbnail\" alt=\"NEWSESTLYONNAIS - PLAQUE HENRI BAYADA\" \/><\/a>\n\t\t\t<\/div><\/figure><figure class='gallery-item'>\n\t\t\t<div class='gallery-icon landscape'>\n\t\t\t\t<a href='https:\/\/newsestlyonnais.fr\/site\/2017\/12\/03\/bron-terraillon-le-boulodrome-au-nom-dhenri-bayada\/newsestlyonnais-boulodrome-bayada\/'><img loading=\"lazy\" decoding=\"async\" width=\"150\" height=\"150\" src=\"https:\/\/newsestlyonnais.fr\/site\/wp-content\/uploads\/2017\/12\/NEWSESTLYONNAIS-BOULODROME-BAYADA-150x150.jpg\" class=\"attachment-thumbnail size-thumbnail\" alt=\"NEWSESTLYONNAIS - BOULODROME BAYADA\" \/><\/a>\n\t\t\t<\/div><\/figure>\n\t\t<\/div>\n\n","protected":false},"excerpt":{"rendered":"<p>Ce fut une d\u00e9lib\u00e9ration du Conseil Municipal du 19 juin 2017 et la c\u00e9r\u00e9monie d\u00e9nommant le boulodrome de Bron-Terraillon \u00ab\u00a0Henri Bayada\u00a0\u00bb s&rsquo;est d\u00e9roul\u00e9e samedi en fin de matin\u00e9e. Ceci en pr\u00e9sence de Jean-Michel Longueval (maire de Bron), Annie Guillemot (s\u00e9natrice), Djamel Boudebibah (adjoint aux sports), Sandrine (fille d&rsquo;Henri Bayada), Damien Ruiz et Claudine Gorini (co-pr\u00e9sidents [&hellip;]<\/p>\n","protected":false},"author":4,"featured_media":39635,"comment_status":"open","ping_status":"open","sticky":false,"template":"","format":"standard","meta":{"footnotes":""},"categories":[2977,19,2978,172],"tags":[],"class_list":["post-39631","post","type-post","status-publish","format-standard","has-post-thumbnail","hentry","category-boules-petanque-sports","category-bron","category-petanque-sports","category-travaux-amenagements"],"yoast_head":"<!-- This site is optimized with the Yoast SEO plugin v27.2 - https:\/\/yoast.com\/product\/yoast-seo-wordpress\/ -->\n<title>BRON-TERRAILLON : Le boulodrome au nom d&#039;Henri Bayada<\/title>\n<meta name=\"description\" content=\"BRON-TERRAILLON : Le boulodrome au nom d&#039;Henri Bayada\" \/>\n<meta name=\"robots\" content=\"index, follow, max-snippet:-1, max-image-preview:large, max-video-preview:-1\" \/>\n<link rel=\"canonical\" href=\"https:\/\/newsestlyonnais.fr\/site\/2017\/12\/03\/bron-terraillon-le-boulodrome-au-nom-dhenri-bayada\/\" \/>\n<meta property=\"og:locale\" content=\"fr_FR\" \/>\n<meta property=\"og:type\" content=\"article\" \/>\n<meta property=\"og:title\" content=\"BRON-TERRAILLON : Le boulodrome au nom d&#039;Henri Bayada\" \/>\n<meta property=\"og:description\" content=\"BRON-TERRAILLON : Le boulodrome au nom d&#039;Henri Bayada\" \/>\n<meta property=\"og:url\" content=\"https:\/\/newsestlyonnais.fr\/site\/2017\/12\/03\/bron-terraillon-le-boulodrome-au-nom-dhenri-bayada\/\" \/>\n<meta property=\"og:site_name\" content=\"News Est Lyonnais\" \/>\n<meta property=\"article:author\" content=\"https:\/\/www.facebook.com\/pascal.oberson.1?fref=ts\" \/>\n<meta property=\"article:published_time\" content=\"2017-12-03T08:53:11+00:00\" \/>\n<meta property=\"article:modified_time\" content=\"2020-11-17T12:30:32+00:00\" \/>\n<meta property=\"og:image\" content=\"https:\/\/i1.wp.com\/newsestlyonnais.fr\/site\/wp-content\/uploads\/2017\/12\/NEWSESTLYONNAIS-plque-boulodrome.jpg?fit=2048%2C1536&ssl=1\" \/>\n\t<meta property=\"og:image:width\" content=\"2048\" \/>\n\t<meta property=\"og:image:height\" content=\"1536\" \/>\n\t<meta property=\"og:image:type\" content=\"image\/jpeg\" \/>\n<meta name=\"author\" content=\"R\u00e9dac. NEWS\" \/>\n<meta name=\"twitter:card\" content=\"summary_large_image\" \/>\n<meta name=\"twitter:label1\" content=\"\u00c9crit par\" \/>\n\t<meta name=\"twitter:data1\" content=\"R\u00e9dac. NEWS\" \/>\n\t<meta name=\"twitter:label2\" content=\"Dur\u00e9e de lecture estim\u00e9e\" \/>\n\t<meta name=\"twitter:data2\" content=\"1 minute\" \/>\n<script type=\"application\/ld+json\" class=\"yoast-schema-graph\">{\"@context\":\"https:\/\/schema.org\",\"@graph\":[{\"@type\":\"Article\",\"@id\":\"https:\/\/newsestlyonnais.fr\/site\/2017\/12\/03\/bron-terraillon-le-boulodrome-au-nom-dhenri-bayada\/#article\",\"isPartOf\":{\"@id\":\"https:\/\/newsestlyonnais.fr\/site\/2017\/12\/03\/bron-terraillon-le-boulodrome-au-nom-dhenri-bayada\/\"},\"author\":{\"name\":\"R\u00e9dac. NEWS\",\"@id\":\"https:\/\/newsestlyonnais.fr\/site\/#\/schema\/person\/3230d5615f390bb808365d673001e887\"},\"headline\":\"BRON-TERRAILLON | Le boulodrome au nom d&rsquo;Henri Bayada\",\"datePublished\":\"2017-12-03T08:53:11+00:00\",\"dateModified\":\"2020-11-17T12:30:32+00:00\",\"mainEntityOfPage\":{\"@id\":\"https:\/\/newsestlyonnais.fr\/site\/2017\/12\/03\/bron-terraillon-le-boulodrome-au-nom-dhenri-bayada\/\"},\"wordCount\":235,\"commentCount\":0,\"publisher\":{\"@id\":\"https:\/\/newsestlyonnais.fr\/site\/#organization\"},\"image\":{\"@id\":\"https:\/\/newsestlyonnais.fr\/site\/2017\/12\/03\/bron-terraillon-le-boulodrome-au-nom-dhenri-bayada\/#primaryimage\"},\"thumbnailUrl\":\"https:\/\/newsestlyonnais.fr\/site\/wp-content\/uploads\/2017\/12\/NEWSESTLYONNAIS-plque-boulodrome.jpg\",\"articleSection\":[\"Boules | P\u00e9tanque\",\"Bron\",\"P\u00e9tanque\",\"Travaux | Am\u00e9nagements\"],\"inLanguage\":\"fr-FR\",\"potentialAction\":[{\"@type\":\"CommentAction\",\"name\":\"Comment\",\"target\":[\"https:\/\/newsestlyonnais.fr\/site\/2017\/12\/03\/bron-terraillon-le-boulodrome-au-nom-dhenri-bayada\/#respond\"]}]},{\"@type\":\"WebPage\",\"@id\":\"https:\/\/newsestlyonnais.fr\/site\/2017\/12\/03\/bron-terraillon-le-boulodrome-au-nom-dhenri-bayada\/\",\"url\":\"https:\/\/newsestlyonnais.fr\/site\/2017\/12\/03\/bron-terraillon-le-boulodrome-au-nom-dhenri-bayada\/\",\"name\":\"BRON-TERRAILLON : Le boulodrome au nom d'Henri Bayada\",\"isPartOf\":{\"@id\":\"https:\/\/newsestlyonnais.fr\/site\/#website\"},\"primaryImageOfPage\":{\"@id\":\"https:\/\/newsestlyonnais.fr\/site\/2017\/12\/03\/bron-terraillon-le-boulodrome-au-nom-dhenri-bayada\/#primaryimage\"},\"image\":{\"@id\":\"https:\/\/newsestlyonnais.fr\/site\/2017\/12\/03\/bron-terraillon-le-boulodrome-au-nom-dhenri-bayada\/#primaryimage\"},\"thumbnailUrl\":\"https:\/\/newsestlyonnais.fr\/site\/wp-content\/uploads\/2017\/12\/NEWSESTLYONNAIS-plque-boulodrome.jpg\",\"datePublished\":\"2017-12-03T08:53:11+00:00\",\"dateModified\":\"2020-11-17T12:30:32+00:00\",\"description\":\"BRON-TERRAILLON : Le boulodrome au nom d'Henri Bayada\",\"breadcrumb\":{\"@id\":\"https:\/\/newsestlyonnais.fr\/site\/2017\/12\/03\/bron-terraillon-le-boulodrome-au-nom-dhenri-bayada\/#breadcrumb\"},\"inLanguage\":\"fr-FR\",\"potentialAction\":[{\"@type\":\"ReadAction\",\"target\":[\"https:\/\/newsestlyonnais.fr\/site\/2017\/12\/03\/bron-terraillon-le-boulodrome-au-nom-dhenri-bayada\/\"]}]},{\"@type\":\"ImageObject\",\"inLanguage\":\"fr-FR\",\"@id\":\"https:\/\/newsestlyonnais.fr\/site\/2017\/12\/03\/bron-terraillon-le-boulodrome-au-nom-dhenri-bayada\/#primaryimage\",\"url\":\"https:\/\/newsestlyonnais.fr\/site\/wp-content\/uploads\/2017\/12\/NEWSESTLYONNAIS-plque-boulodrome.jpg\",\"contentUrl\":\"https:\/\/newsestlyonnais.fr\/site\/wp-content\/uploads\/2017\/12\/NEWSESTLYONNAIS-plque-boulodrome.jpg\",\"width\":2048,\"height\":1536,\"caption\":\"La plaque ext\u00e9rieure d\u00e9voil\u00e9e par le maire JM Longueval, Annie Guillemot (s\u00e9natrice) et Sandrine, fille d'Henri Bayada\"},{\"@type\":\"BreadcrumbList\",\"@id\":\"https:\/\/newsestlyonnais.fr\/site\/2017\/12\/03\/bron-terraillon-le-boulodrome-au-nom-dhenri-bayada\/#breadcrumb\",\"itemListElement\":[{\"@type\":\"ListItem\",\"position\":1,\"name\":\"Accueil\",\"item\":\"https:\/\/newsestlyonnais.fr\/site\/\"},{\"@type\":\"ListItem\",\"position\":2,\"name\":\"BRON-TERRAILLON | Le boulodrome au nom d&rsquo;Henri Bayada\"}]},{\"@type\":\"WebSite\",\"@id\":\"https:\/\/newsestlyonnais.fr\/site\/#website\",\"url\":\"https:\/\/newsestlyonnais.fr\/site\/\",\"name\":\"News Est Lyonnais\",\"description\":\"L&#039;actualit\u00e9 au plus pr\u00e8s\",\"publisher\":{\"@id\":\"https:\/\/newsestlyonnais.fr\/site\/#organization\"},\"potentialAction\":[{\"@type\":\"SearchAction\",\"target\":{\"@type\":\"EntryPoint\",\"urlTemplate\":\"https:\/\/newsestlyonnais.fr\/site\/?s={search_term_string}\"},\"query-input\":{\"@type\":\"PropertyValueSpecification\",\"valueRequired\":true,\"valueName\":\"search_term_string\"}}],\"inLanguage\":\"fr-FR\"},{\"@type\":\"Organization\",\"@id\":\"https:\/\/newsestlyonnais.fr\/site\/#organization\",\"name\":\"News EST LYONNAIS\",\"url\":\"https:\/\/newsestlyonnais.fr\/site\/\",\"logo\":{\"@type\":\"ImageObject\",\"inLanguage\":\"fr-FR\",\"@id\":\"https:\/\/newsestlyonnais.fr\/site\/#\/schema\/logo\/image\/\",\"url\":\"\",\"contentUrl\":\"\",\"caption\":\"News EST LYONNAIS\"},\"image\":{\"@id\":\"https:\/\/newsestlyonnais.fr\/site\/#\/schema\/logo\/image\/\"}},{\"@type\":\"Person\",\"@id\":\"https:\/\/newsestlyonnais.fr\/site\/#\/schema\/person\/3230d5615f390bb808365d673001e887\",\"name\":\"R\u00e9dac. NEWS\",\"sameAs\":[\"http:\/\/www.newsestlyonnais.fr\",\"https:\/\/www.facebook.com\/pascal.oberson.1?fref=ts\",\"https:\/\/fr.linkedin.com\/in\/pascal-oberson-b17045113\"],\"url\":\"https:\/\/newsestlyonnais.fr\/site\/author\/nel\/\"}]}<\/script>\n<!-- \/ Yoast SEO plugin. -->","yoast_head_json":{"title":"BRON-TERRAILLON : Le boulodrome au nom d'Henri Bayada","description":"BRON-TERRAILLON : Le boulodrome au nom d'Henri Bayada","robots":{"index":"index","follow":"follow","max-snippet":"max-snippet:-1","max-image-preview":"max-image-preview:large","max-video-preview":"max-video-preview:-1"},"canonical":"https:\/\/newsestlyonnais.fr\/site\/2017\/12\/03\/bron-terraillon-le-boulodrome-au-nom-dhenri-bayada\/","og_locale":"fr_FR","og_type":"article","og_title":"BRON-TERRAILLON : Le boulodrome au nom d'Henri Bayada","og_description":"BRON-TERRAILLON : Le boulodrome au nom d'Henri Bayada","og_url":"https:\/\/newsestlyonnais.fr\/site\/2017\/12\/03\/bron-terraillon-le-boulodrome-au-nom-dhenri-bayada\/","og_site_name":"News Est Lyonnais","article_author":"https:\/\/www.facebook.com\/pascal.oberson.1?fref=ts","article_published_time":"2017-12-03T08:53:11+00:00","article_modified_time":"2020-11-17T12:30:32+00:00","og_image":[{"width":2048,"height":1536,"url":"https:\/\/i1.wp.com\/newsestlyonnais.fr\/site\/wp-content\/uploads\/2017\/12\/NEWSESTLYONNAIS-plque-boulodrome.jpg?fit=2048%2C1536&ssl=1","type":"image\/jpeg"}],"author":"R\u00e9dac. NEWS","twitter_card":"summary_large_image","twitter_misc":{"\u00c9crit par":"R\u00e9dac. NEWS","Dur\u00e9e de lecture estim\u00e9e":"1 minute"},"schema":{"@context":"https:\/\/schema.org","@graph":[{"@type":"Article","@id":"https:\/\/newsestlyonnais.fr\/site\/2017\/12\/03\/bron-terraillon-le-boulodrome-au-nom-dhenri-bayada\/#article","isPartOf":{"@id":"https:\/\/newsestlyonnais.fr\/site\/2017\/12\/03\/bron-terraillon-le-boulodrome-au-nom-dhenri-bayada\/"},"author":{"name":"R\u00e9dac. NEWS","@id":"https:\/\/newsestlyonnais.fr\/site\/#\/schema\/person\/3230d5615f390bb808365d673001e887"},"headline":"BRON-TERRAILLON | Le boulodrome au nom d&rsquo;Henri Bayada","datePublished":"2017-12-03T08:53:11+00:00","dateModified":"2020-11-17T12:30:32+00:00","mainEntityOfPage":{"@id":"https:\/\/newsestlyonnais.fr\/site\/2017\/12\/03\/bron-terraillon-le-boulodrome-au-nom-dhenri-bayada\/"},"wordCount":235,"commentCount":0,"publisher":{"@id":"https:\/\/newsestlyonnais.fr\/site\/#organization"},"image":{"@id":"https:\/\/newsestlyonnais.fr\/site\/2017\/12\/03\/bron-terraillon-le-boulodrome-au-nom-dhenri-bayada\/#primaryimage"},"thumbnailUrl":"https:\/\/newsestlyonnais.fr\/site\/wp-content\/uploads\/2017\/12\/NEWSESTLYONNAIS-plque-boulodrome.jpg","articleSection":["Boules | P\u00e9tanque","Bron","P\u00e9tanque","Travaux | Am\u00e9nagements"],"inLanguage":"fr-FR","potentialAction":[{"@type":"CommentAction","name":"Comment","target":["https:\/\/newsestlyonnais.fr\/site\/2017\/12\/03\/bron-terraillon-le-boulodrome-au-nom-dhenri-bayada\/#respond"]}]},{"@type":"WebPage","@id":"https:\/\/newsestlyonnais.fr\/site\/2017\/12\/03\/bron-terraillon-le-boulodrome-au-nom-dhenri-bayada\/","url":"https:\/\/newsestlyonnais.fr\/site\/2017\/12\/03\/bron-terraillon-le-boulodrome-au-nom-dhenri-bayada\/","name":"BRON-TERRAILLON : Le boulodrome au nom d'Henri Bayada","isPartOf":{"@id":"https:\/\/newsestlyonnais.fr\/site\/#website"},"primaryImageOfPage":{"@id":"https:\/\/newsestlyonnais.fr\/site\/2017\/12\/03\/bron-terraillon-le-boulodrome-au-nom-dhenri-bayada\/#primaryimage"},"image":{"@id":"https:\/\/newsestlyonnais.fr\/site\/2017\/12\/03\/bron-terraillon-le-boulodrome-au-nom-dhenri-bayada\/#primaryimage"},"thumbnailUrl":"https:\/\/newsestlyonnais.fr\/site\/wp-content\/uploads\/2017\/12\/NEWSESTLYONNAIS-plque-boulodrome.jpg","datePublished":"2017-12-03T08:53:11+00:00","dateModified":"2020-11-17T12:30:32+00:00","description":"BRON-TERRAILLON : Le boulodrome au nom d'Henri Bayada","breadcrumb":{"@id":"https:\/\/newsestlyonnais.fr\/site\/2017\/12\/03\/bron-terraillon-le-boulodrome-au-nom-dhenri-bayada\/#breadcrumb"},"inLanguage":"fr-FR","potentialAction":[{"@type":"ReadAction","target":["https:\/\/newsestlyonnais.fr\/site\/2017\/12\/03\/bron-terraillon-le-boulodrome-au-nom-dhenri-bayada\/"]}]},{"@type":"ImageObject","inLanguage":"fr-FR","@id":"https:\/\/newsestlyonnais.fr\/site\/2017\/12\/03\/bron-terraillon-le-boulodrome-au-nom-dhenri-bayada\/#primaryimage","url":"https:\/\/newsestlyonnais.fr\/site\/wp-content\/uploads\/2017\/12\/NEWSESTLYONNAIS-plque-boulodrome.jpg","contentUrl":"https:\/\/newsestlyonnais.fr\/site\/wp-content\/uploads\/2017\/12\/NEWSESTLYONNAIS-plque-boulodrome.jpg","width":2048,"height":1536,"caption":"La plaque ext\u00e9rieure d\u00e9voil\u00e9e par le maire JM Longueval, Annie Guillemot (s\u00e9natrice) et Sandrine, fille d'Henri Bayada"},{"@type":"BreadcrumbList","@id":"https:\/\/newsestlyonnais.fr\/site\/2017\/12\/03\/bron-terraillon-le-boulodrome-au-nom-dhenri-bayada\/#breadcrumb","itemListElement":[{"@type":"ListItem","position":1,"name":"Accueil","item":"https:\/\/newsestlyonnais.fr\/site\/"},{"@type":"ListItem","position":2,"name":"BRON-TERRAILLON | Le boulodrome au nom d&rsquo;Henri Bayada"}]},{"@type":"WebSite","@id":"https:\/\/newsestlyonnais.fr\/site\/#website","url":"https:\/\/newsestlyonnais.fr\/site\/","name":"News Est Lyonnais","description":"L&#039;actualit\u00e9 au plus pr\u00e8s","publisher":{"@id":"https:\/\/newsestlyonnais.fr\/site\/#organization"},"potentialAction":[{"@type":"SearchAction","target":{"@type":"EntryPoint","urlTemplate":"https:\/\/newsestlyonnais.fr\/site\/?s={search_term_string}"},"query-input":{"@type":"PropertyValueSpecification","valueRequired":true,"valueName":"search_term_string"}}],"inLanguage":"fr-FR"},{"@type":"Organization","@id":"https:\/\/newsestlyonnais.fr\/site\/#organization","name":"News EST LYONNAIS","url":"https:\/\/newsestlyonnais.fr\/site\/","logo":{"@type":"ImageObject","inLanguage":"fr-FR","@id":"https:\/\/newsestlyonnais.fr\/site\/#\/schema\/logo\/image\/","url":"","contentUrl":"","caption":"News EST LYONNAIS"},"image":{"@id":"https:\/\/newsestlyonnais.fr\/site\/#\/schema\/logo\/image\/"}},{"@type":"Person","@id":"https:\/\/newsestlyonnais.fr\/site\/#\/schema\/person\/3230d5615f390bb808365d673001e887","name":"R\u00e9dac. NEWS","sameAs":["http:\/\/www.newsestlyonnais.fr","https:\/\/www.facebook.com\/pascal.oberson.1?fref=ts","https:\/\/fr.linkedin.com\/in\/pascal-oberson-b17045113"],"url":"https:\/\/newsestlyonnais.fr\/site\/author\/nel\/"}]}},"_links":{"self":[{"href":"https:\/\/newsestlyonnais.fr\/site\/wp-json\/wp\/v2\/posts\/39631","targetHints":{"allow":["GET"]}}],"collection":[{"href":"https:\/\/newsestlyonnais.fr\/site\/wp-json\/wp\/v2\/posts"}],"about":[{"href":"https:\/\/newsestlyonnais.fr\/site\/wp-json\/wp\/v2\/types\/post"}],"author":[{"embeddable":true,"href":"https:\/\/newsestlyonnais.fr\/site\/wp-json\/wp\/v2\/users\/4"}],"replies":[{"embeddable":true,"href":"https:\/\/newsestlyonnais.fr\/site\/wp-json\/wp\/v2\/comments?post=39631"}],"version-history":[{"count":0,"href":"https:\/\/newsestlyonnais.fr\/site\/wp-json\/wp\/v2\/posts\/39631\/revisions"}],"wp:featuredmedia":[{"embeddable":true,"href":"https:\/\/newsestlyonnais.fr\/site\/wp-json\/wp\/v2\/media\/39635"}],"wp:attachment":[{"href":"https:\/\/newsestlyonnais.fr\/site\/wp-json\/wp\/v2\/media?parent=39631"}],"wp:term":[{"taxonomy":"category","embeddable":true,"href":"https:\/\/newsestlyonnais.fr\/site\/wp-json\/wp\/v2\/categories?post=39631"},{"taxonomy":"post_tag","embeddable":true,"href":"https:\/\/newsestlyonnais.fr\/site\/wp-json\/wp\/v2\/tags?post=39631"}],"curies":[{"name":"wp","href":"https:\/\/api.w.org\/{rel}","templated":true}]}}