{"id":39753,"date":"2017-12-05T06:30:20","date_gmt":"2017-12-05T05:30:20","guid":{"rendered":"http:\/\/newsestlyonnais.fr\/site\/?p=39753"},"modified":"2020-10-27T15:43:53","modified_gmt":"2020-10-27T14:43:53","slug":"lyon-basket-fauteuil-sincline-chez-le-champion-de-france","status":"publish","type":"post","link":"https:\/\/newsestlyonnais.fr\/site\/2017\/12\/05\/lyon-basket-fauteuil-sincline-chez-le-champion-de-france\/","title":{"rendered":"Lyon Basket Fauteuil s&rsquo;incline chez le champion de France"},"content":{"rendered":"<h4>Pour le compte de la 10\u00b0 journ\u00e9e de championnat, les lyonnais se d\u00e9pla\u00e7aient lors du dernier week-end, chez le champion de France, Meaux.<\/h4>\n<p>Pour ce dernier voyage de la phase aller, Moreton (bless\u00e9) et Fall \u00e9taient absents du c\u00f4t\u00e9 lyonnais.<br \/>\nLe d\u00e9but du match va voir les deux \u00e9quipes manquer d\u2019adresse et faire durer le round d\u2019observation. Le gymnase bien froid ne va pas aider \u00e0 la mise en route des Gones en d\u00e9fense, l\u2019attaque plut\u00f4t bien organis\u00e9e tient le choc (18-14 au bout de 10 minutes).<br \/>\nLe second quart temps va voir les lyonnais manquer cruellement d\u2019adresse notamment \u00e0 mi-distance. Le jeu bien organis\u00e9 des Meldois continuent et l\u2019\u00e9cart se creuse (33-24 \u00e0 la mi-temps).<\/p>\n<p>Malgr\u00e9 une \u00e9quipe de Meaux difficile \u00e0 manoeuvrer, les Gones ne vont pas l\u00e2cher et vont revenir \u00e0 3 petits points en milieu de 3\u00b0 quart temps gr\u00e2ce \u00e0 des possessions bien ma\u00eetris\u00e9es. Les champions de France vont alors acc\u00e9l\u00e9rer et reprendre 6 points d\u2019avance \u00e0 l\u2019entame des 10 derni\u00e8res minutes. (45-39). Un quart temps positif o\u00f9 l\u2019ensemble des joueurs lyonnais sur le terrain vont scorer.<\/p>\n<p>Malheureusement pour les Gones, les Meldois vont dominer la raquette lyonnaise dans cette fin de match par l\u2019interm\u00e9diaire de Bellers, auteur de 25 points sur la rencontre. Les rouges bafouillent leur basket et laissent les locaux s\u2019envoler vers une victoire logique (62-49).<\/p>\n<p>En r\u00e9sum\u00e9 un match o\u00f9 les lions ont manqu\u00e9 de continuit\u00e9 dans le jeu et d\u2019adresse face \u00e0 une \u00e9quipe habitu\u00e9e au haut du tableau.<br \/>\nLes dirigeants lyonnais adressent un grand merci au CS Meaux et \u00e0 ses b\u00e9n\u00e9voles pour son aide logistique dans ce d\u00e9placement.<\/p>\n<ul>\n<li><strong>CS Meaux Basket Fauteuil bat Lyon Basket Fauteuil 62\/49<\/strong> (18-14 \/ 15-10 \/ 12-15 \/ 17-10).<\/li>\n<li><span style=\"text-decoration: underline\">Marqueurs lyonnais<\/span> : Dram\u00e9 (6 pts), Dahmani (21), Boulafa (12), Djallali (6) &amp; Bensalem (4)<\/li>\n<li><span style=\"text-decoration: underline\">Photo<\/span> : Ait-Ouferoukh (n\u00b04) (Cr\u00e9dit\u00a0 Natahalie Jamais)<\/li>\n<\/ul>\n<p><span style=\"text-decoration: underline\"><em><strong>NOTA<\/strong> <\/em><\/span>:Dernier match de l&rsquo;ann\u00e9e samedi \u00e0 domicile (17 heures \u00e0 la Halle des Sports), face \u00e0 Le Cannet, un autre cador du championnat qui vient de s\u2019imposer avec 80 points d\u2019\u00e9carts (107-27) face \u00e0 Strasbourg !<\/p>\n<div id='gallery-1' class='gallery galleryid-39753 gallery-columns-3 gallery-size-thumbnail'><figure class='gallery-item'>\n\t\t\t<div class='gallery-icon landscape'>\n\t\t\t\t<a href='https:\/\/newsestlyonnais.fr\/site\/2017\/12\/05\/lyon-basket-fauteuil-sincline-chez-le-champion-de-france\/newsestlyonnais-ait-ouferoukh-818x500\/'><img loading=\"lazy\" decoding=\"async\" width=\"150\" height=\"150\" src=\"https:\/\/newsestlyonnais.fr\/site\/wp-content\/uploads\/2017\/12\/NEWSESTLYONNAIS-Ait-Ouferoukh-818x500-150x150.png\" class=\"attachment-thumbnail size-thumbnail\" alt=\"NEWSESTLYONNAIS Ait-Ouferoukh-818x500\" \/><\/a>\n\t\t\t<\/div><\/figure>\n\t\t<\/div>\n\n","protected":false},"excerpt":{"rendered":"<p>Pour le compte de la 10\u00b0 journ\u00e9e de championnat, les lyonnais se d\u00e9pla\u00e7aient lors du dernier week-end, chez le champion de France, Meaux. Pour ce dernier voyage de la phase aller, Moreton (bless\u00e9) et Fall \u00e9taient absents du c\u00f4t\u00e9 lyonnais. Le d\u00e9but du match va voir les deux \u00e9quipes manquer d\u2019adresse et faire durer le [&hellip;]<\/p>\n","protected":false},"author":4,"featured_media":39765,"comment_status":"open","ping_status":"open","sticky":false,"template":"","format":"standard","meta":{"footnotes":""},"categories":[1357,2975,3015,1625],"tags":[],"class_list":["post-39753","post","type-post","status-publish","format-standard","has-post-thumbnail","hentry","category-basket","category-basket-hand-volley-sports","category-handi-adapte","category-lyon"],"yoast_head":"<!-- This site is optimized with the Yoast SEO plugin v27.2 - https:\/\/yoast.com\/product\/yoast-seo-wordpress\/ -->\n<title>Lyon Basket Fauteuil r\u00e9siste mais s&#039;incline chez le champion de France<\/title>\n<meta name=\"description\" content=\"Lyon Basket Fauteuil r\u00e9siste mais s&#039;incline chez le champion de France\" \/>\n<meta name=\"robots\" content=\"index, follow, max-snippet:-1, max-image-preview:large, max-video-preview:-1\" \/>\n<link rel=\"canonical\" href=\"https:\/\/newsestlyonnais.fr\/site\/2017\/12\/05\/lyon-basket-fauteuil-sincline-chez-le-champion-de-france\/\" \/>\n<meta property=\"og:locale\" content=\"fr_FR\" \/>\n<meta property=\"og:type\" content=\"article\" \/>\n<meta property=\"og:title\" content=\"Lyon Basket Fauteuil r\u00e9siste mais s&#039;incline chez le champion de France\" \/>\n<meta property=\"og:description\" content=\"Lyon Basket Fauteuil r\u00e9siste mais s&#039;incline chez le champion de France\" \/>\n<meta property=\"og:url\" content=\"https:\/\/newsestlyonnais.fr\/site\/2017\/12\/05\/lyon-basket-fauteuil-sincline-chez-le-champion-de-france\/\" \/>\n<meta property=\"og:site_name\" content=\"News Est Lyonnais\" \/>\n<meta property=\"article:author\" content=\"https:\/\/www.facebook.com\/pascal.oberson.1?fref=ts\" \/>\n<meta property=\"article:published_time\" content=\"2017-12-05T05:30:20+00:00\" \/>\n<meta property=\"article:modified_time\" content=\"2020-10-27T14:43:53+00:00\" \/>\n<meta property=\"og:image\" content=\"https:\/\/i0.wp.com\/newsestlyonnais.fr\/site\/wp-content\/uploads\/2017\/12\/NEWSESTLYONNAIS-Logo-Lyon-Basket-fauteuil.png?fit=1053%2C1053&ssl=1\" \/>\n\t<meta property=\"og:image:width\" content=\"1053\" \/>\n\t<meta property=\"og:image:height\" content=\"1053\" \/>\n\t<meta property=\"og:image:type\" content=\"image\/png\" \/>\n<meta name=\"author\" content=\"R\u00e9dac. NEWS\" \/>\n<meta name=\"twitter:card\" content=\"summary_large_image\" \/>\n<meta name=\"twitter:label1\" content=\"\u00c9crit par\" \/>\n\t<meta name=\"twitter:data1\" content=\"R\u00e9dac. NEWS\" \/>\n\t<meta name=\"twitter:label2\" content=\"Dur\u00e9e de lecture estim\u00e9e\" \/>\n\t<meta name=\"twitter:data2\" content=\"2 minutes\" \/>\n<script type=\"application\/ld+json\" class=\"yoast-schema-graph\">{\"@context\":\"https:\/\/schema.org\",\"@graph\":[{\"@type\":\"Article\",\"@id\":\"https:\/\/newsestlyonnais.fr\/site\/2017\/12\/05\/lyon-basket-fauteuil-sincline-chez-le-champion-de-france\/#article\",\"isPartOf\":{\"@id\":\"https:\/\/newsestlyonnais.fr\/site\/2017\/12\/05\/lyon-basket-fauteuil-sincline-chez-le-champion-de-france\/\"},\"author\":{\"name\":\"R\u00e9dac. NEWS\",\"@id\":\"https:\/\/newsestlyonnais.fr\/site\/#\/schema\/person\/3230d5615f390bb808365d673001e887\"},\"headline\":\"Lyon Basket Fauteuil s&rsquo;incline chez le champion de France\",\"datePublished\":\"2017-12-05T05:30:20+00:00\",\"dateModified\":\"2020-10-27T14:43:53+00:00\",\"mainEntityOfPage\":{\"@id\":\"https:\/\/newsestlyonnais.fr\/site\/2017\/12\/05\/lyon-basket-fauteuil-sincline-chez-le-champion-de-france\/\"},\"wordCount\":362,\"commentCount\":0,\"publisher\":{\"@id\":\"https:\/\/newsestlyonnais.fr\/site\/#organization\"},\"image\":{\"@id\":\"https:\/\/newsestlyonnais.fr\/site\/2017\/12\/05\/lyon-basket-fauteuil-sincline-chez-le-champion-de-france\/#primaryimage\"},\"thumbnailUrl\":\"https:\/\/newsestlyonnais.fr\/site\/wp-content\/uploads\/2017\/12\/NEWSESTLYONNAIS-Logo-Lyon-Basket-fauteuil.png\",\"articleSection\":[\"Basket\",\"Basket | Hand | Volley\",\"Handi &amp; adapt\u00e9\",\"Lyon\"],\"inLanguage\":\"fr-FR\",\"potentialAction\":[{\"@type\":\"CommentAction\",\"name\":\"Comment\",\"target\":[\"https:\/\/newsestlyonnais.fr\/site\/2017\/12\/05\/lyon-basket-fauteuil-sincline-chez-le-champion-de-france\/#respond\"]}]},{\"@type\":\"WebPage\",\"@id\":\"https:\/\/newsestlyonnais.fr\/site\/2017\/12\/05\/lyon-basket-fauteuil-sincline-chez-le-champion-de-france\/\",\"url\":\"https:\/\/newsestlyonnais.fr\/site\/2017\/12\/05\/lyon-basket-fauteuil-sincline-chez-le-champion-de-france\/\",\"name\":\"Lyon Basket Fauteuil r\u00e9siste mais s'incline chez le champion de France\",\"isPartOf\":{\"@id\":\"https:\/\/newsestlyonnais.fr\/site\/#website\"},\"primaryImageOfPage\":{\"@id\":\"https:\/\/newsestlyonnais.fr\/site\/2017\/12\/05\/lyon-basket-fauteuil-sincline-chez-le-champion-de-france\/#primaryimage\"},\"image\":{\"@id\":\"https:\/\/newsestlyonnais.fr\/site\/2017\/12\/05\/lyon-basket-fauteuil-sincline-chez-le-champion-de-france\/#primaryimage\"},\"thumbnailUrl\":\"https:\/\/newsestlyonnais.fr\/site\/wp-content\/uploads\/2017\/12\/NEWSESTLYONNAIS-Logo-Lyon-Basket-fauteuil.png\",\"datePublished\":\"2017-12-05T05:30:20+00:00\",\"dateModified\":\"2020-10-27T14:43:53+00:00\",\"description\":\"Lyon Basket Fauteuil r\u00e9siste mais s'incline chez le champion de France\",\"breadcrumb\":{\"@id\":\"https:\/\/newsestlyonnais.fr\/site\/2017\/12\/05\/lyon-basket-fauteuil-sincline-chez-le-champion-de-france\/#breadcrumb\"},\"inLanguage\":\"fr-FR\",\"potentialAction\":[{\"@type\":\"ReadAction\",\"target\":[\"https:\/\/newsestlyonnais.fr\/site\/2017\/12\/05\/lyon-basket-fauteuil-sincline-chez-le-champion-de-france\/\"]}]},{\"@type\":\"ImageObject\",\"inLanguage\":\"fr-FR\",\"@id\":\"https:\/\/newsestlyonnais.fr\/site\/2017\/12\/05\/lyon-basket-fauteuil-sincline-chez-le-champion-de-france\/#primaryimage\",\"url\":\"https:\/\/newsestlyonnais.fr\/site\/wp-content\/uploads\/2017\/12\/NEWSESTLYONNAIS-Logo-Lyon-Basket-fauteuil.png\",\"contentUrl\":\"https:\/\/newsestlyonnais.fr\/site\/wp-content\/uploads\/2017\/12\/NEWSESTLYONNAIS-Logo-Lyon-Basket-fauteuil.png\",\"width\":1053,\"height\":1053,\"caption\":\"NEWSESTLYONNAIS Logo Lyon Basket fauteuil\"},{\"@type\":\"BreadcrumbList\",\"@id\":\"https:\/\/newsestlyonnais.fr\/site\/2017\/12\/05\/lyon-basket-fauteuil-sincline-chez-le-champion-de-france\/#breadcrumb\",\"itemListElement\":[{\"@type\":\"ListItem\",\"position\":1,\"name\":\"Accueil\",\"item\":\"https:\/\/newsestlyonnais.fr\/site\/\"},{\"@type\":\"ListItem\",\"position\":2,\"name\":\"Lyon Basket Fauteuil s&rsquo;incline chez le champion de France\"}]},{\"@type\":\"WebSite\",\"@id\":\"https:\/\/newsestlyonnais.fr\/site\/#website\",\"url\":\"https:\/\/newsestlyonnais.fr\/site\/\",\"name\":\"News Est Lyonnais\",\"description\":\"L&#039;actualit\u00e9 au plus pr\u00e8s\",\"publisher\":{\"@id\":\"https:\/\/newsestlyonnais.fr\/site\/#organization\"},\"potentialAction\":[{\"@type\":\"SearchAction\",\"target\":{\"@type\":\"EntryPoint\",\"urlTemplate\":\"https:\/\/newsestlyonnais.fr\/site\/?s={search_term_string}\"},\"query-input\":{\"@type\":\"PropertyValueSpecification\",\"valueRequired\":true,\"valueName\":\"search_term_string\"}}],\"inLanguage\":\"fr-FR\"},{\"@type\":\"Organization\",\"@id\":\"https:\/\/newsestlyonnais.fr\/site\/#organization\",\"name\":\"News EST LYONNAIS\",\"url\":\"https:\/\/newsestlyonnais.fr\/site\/\",\"logo\":{\"@type\":\"ImageObject\",\"inLanguage\":\"fr-FR\",\"@id\":\"https:\/\/newsestlyonnais.fr\/site\/#\/schema\/logo\/image\/\",\"url\":\"\",\"contentUrl\":\"\",\"caption\":\"News EST LYONNAIS\"},\"image\":{\"@id\":\"https:\/\/newsestlyonnais.fr\/site\/#\/schema\/logo\/image\/\"}},{\"@type\":\"Person\",\"@id\":\"https:\/\/newsestlyonnais.fr\/site\/#\/schema\/person\/3230d5615f390bb808365d673001e887\",\"name\":\"R\u00e9dac. NEWS\",\"sameAs\":[\"http:\/\/www.newsestlyonnais.fr\",\"https:\/\/www.facebook.com\/pascal.oberson.1?fref=ts\",\"https:\/\/fr.linkedin.com\/in\/pascal-oberson-b17045113\"],\"url\":\"https:\/\/newsestlyonnais.fr\/site\/author\/nel\/\"}]}<\/script>\n<!-- \/ Yoast SEO plugin. -->","yoast_head_json":{"title":"Lyon Basket Fauteuil r\u00e9siste mais s'incline chez le champion de France","description":"Lyon Basket Fauteuil r\u00e9siste mais s'incline chez le champion de France","robots":{"index":"index","follow":"follow","max-snippet":"max-snippet:-1","max-image-preview":"max-image-preview:large","max-video-preview":"max-video-preview:-1"},"canonical":"https:\/\/newsestlyonnais.fr\/site\/2017\/12\/05\/lyon-basket-fauteuil-sincline-chez-le-champion-de-france\/","og_locale":"fr_FR","og_type":"article","og_title":"Lyon Basket Fauteuil r\u00e9siste mais s'incline chez le champion de France","og_description":"Lyon Basket Fauteuil r\u00e9siste mais s'incline chez le champion de France","og_url":"https:\/\/newsestlyonnais.fr\/site\/2017\/12\/05\/lyon-basket-fauteuil-sincline-chez-le-champion-de-france\/","og_site_name":"News Est Lyonnais","article_author":"https:\/\/www.facebook.com\/pascal.oberson.1?fref=ts","article_published_time":"2017-12-05T05:30:20+00:00","article_modified_time":"2020-10-27T14:43:53+00:00","og_image":[{"width":1053,"height":1053,"url":"https:\/\/i0.wp.com\/newsestlyonnais.fr\/site\/wp-content\/uploads\/2017\/12\/NEWSESTLYONNAIS-Logo-Lyon-Basket-fauteuil.png?fit=1053%2C1053&ssl=1","type":"image\/png"}],"author":"R\u00e9dac. NEWS","twitter_card":"summary_large_image","twitter_misc":{"\u00c9crit par":"R\u00e9dac. NEWS","Dur\u00e9e de lecture estim\u00e9e":"2 minutes"},"schema":{"@context":"https:\/\/schema.org","@graph":[{"@type":"Article","@id":"https:\/\/newsestlyonnais.fr\/site\/2017\/12\/05\/lyon-basket-fauteuil-sincline-chez-le-champion-de-france\/#article","isPartOf":{"@id":"https:\/\/newsestlyonnais.fr\/site\/2017\/12\/05\/lyon-basket-fauteuil-sincline-chez-le-champion-de-france\/"},"author":{"name":"R\u00e9dac. NEWS","@id":"https:\/\/newsestlyonnais.fr\/site\/#\/schema\/person\/3230d5615f390bb808365d673001e887"},"headline":"Lyon Basket Fauteuil s&rsquo;incline chez le champion de France","datePublished":"2017-12-05T05:30:20+00:00","dateModified":"2020-10-27T14:43:53+00:00","mainEntityOfPage":{"@id":"https:\/\/newsestlyonnais.fr\/site\/2017\/12\/05\/lyon-basket-fauteuil-sincline-chez-le-champion-de-france\/"},"wordCount":362,"commentCount":0,"publisher":{"@id":"https:\/\/newsestlyonnais.fr\/site\/#organization"},"image":{"@id":"https:\/\/newsestlyonnais.fr\/site\/2017\/12\/05\/lyon-basket-fauteuil-sincline-chez-le-champion-de-france\/#primaryimage"},"thumbnailUrl":"https:\/\/newsestlyonnais.fr\/site\/wp-content\/uploads\/2017\/12\/NEWSESTLYONNAIS-Logo-Lyon-Basket-fauteuil.png","articleSection":["Basket","Basket | Hand | Volley","Handi &amp; adapt\u00e9","Lyon"],"inLanguage":"fr-FR","potentialAction":[{"@type":"CommentAction","name":"Comment","target":["https:\/\/newsestlyonnais.fr\/site\/2017\/12\/05\/lyon-basket-fauteuil-sincline-chez-le-champion-de-france\/#respond"]}]},{"@type":"WebPage","@id":"https:\/\/newsestlyonnais.fr\/site\/2017\/12\/05\/lyon-basket-fauteuil-sincline-chez-le-champion-de-france\/","url":"https:\/\/newsestlyonnais.fr\/site\/2017\/12\/05\/lyon-basket-fauteuil-sincline-chez-le-champion-de-france\/","name":"Lyon Basket Fauteuil r\u00e9siste mais s'incline chez le champion de France","isPartOf":{"@id":"https:\/\/newsestlyonnais.fr\/site\/#website"},"primaryImageOfPage":{"@id":"https:\/\/newsestlyonnais.fr\/site\/2017\/12\/05\/lyon-basket-fauteuil-sincline-chez-le-champion-de-france\/#primaryimage"},"image":{"@id":"https:\/\/newsestlyonnais.fr\/site\/2017\/12\/05\/lyon-basket-fauteuil-sincline-chez-le-champion-de-france\/#primaryimage"},"thumbnailUrl":"https:\/\/newsestlyonnais.fr\/site\/wp-content\/uploads\/2017\/12\/NEWSESTLYONNAIS-Logo-Lyon-Basket-fauteuil.png","datePublished":"2017-12-05T05:30:20+00:00","dateModified":"2020-10-27T14:43:53+00:00","description":"Lyon Basket Fauteuil r\u00e9siste mais s'incline chez le champion de France","breadcrumb":{"@id":"https:\/\/newsestlyonnais.fr\/site\/2017\/12\/05\/lyon-basket-fauteuil-sincline-chez-le-champion-de-france\/#breadcrumb"},"inLanguage":"fr-FR","potentialAction":[{"@type":"ReadAction","target":["https:\/\/newsestlyonnais.fr\/site\/2017\/12\/05\/lyon-basket-fauteuil-sincline-chez-le-champion-de-france\/"]}]},{"@type":"ImageObject","inLanguage":"fr-FR","@id":"https:\/\/newsestlyonnais.fr\/site\/2017\/12\/05\/lyon-basket-fauteuil-sincline-chez-le-champion-de-france\/#primaryimage","url":"https:\/\/newsestlyonnais.fr\/site\/wp-content\/uploads\/2017\/12\/NEWSESTLYONNAIS-Logo-Lyon-Basket-fauteuil.png","contentUrl":"https:\/\/newsestlyonnais.fr\/site\/wp-content\/uploads\/2017\/12\/NEWSESTLYONNAIS-Logo-Lyon-Basket-fauteuil.png","width":1053,"height":1053,"caption":"NEWSESTLYONNAIS Logo Lyon Basket fauteuil"},{"@type":"BreadcrumbList","@id":"https:\/\/newsestlyonnais.fr\/site\/2017\/12\/05\/lyon-basket-fauteuil-sincline-chez-le-champion-de-france\/#breadcrumb","itemListElement":[{"@type":"ListItem","position":1,"name":"Accueil","item":"https:\/\/newsestlyonnais.fr\/site\/"},{"@type":"ListItem","position":2,"name":"Lyon Basket Fauteuil s&rsquo;incline chez le champion de France"}]},{"@type":"WebSite","@id":"https:\/\/newsestlyonnais.fr\/site\/#website","url":"https:\/\/newsestlyonnais.fr\/site\/","name":"News Est Lyonnais","description":"L&#039;actualit\u00e9 au plus pr\u00e8s","publisher":{"@id":"https:\/\/newsestlyonnais.fr\/site\/#organization"},"potentialAction":[{"@type":"SearchAction","target":{"@type":"EntryPoint","urlTemplate":"https:\/\/newsestlyonnais.fr\/site\/?s={search_term_string}"},"query-input":{"@type":"PropertyValueSpecification","valueRequired":true,"valueName":"search_term_string"}}],"inLanguage":"fr-FR"},{"@type":"Organization","@id":"https:\/\/newsestlyonnais.fr\/site\/#organization","name":"News EST LYONNAIS","url":"https:\/\/newsestlyonnais.fr\/site\/","logo":{"@type":"ImageObject","inLanguage":"fr-FR","@id":"https:\/\/newsestlyonnais.fr\/site\/#\/schema\/logo\/image\/","url":"","contentUrl":"","caption":"News EST LYONNAIS"},"image":{"@id":"https:\/\/newsestlyonnais.fr\/site\/#\/schema\/logo\/image\/"}},{"@type":"Person","@id":"https:\/\/newsestlyonnais.fr\/site\/#\/schema\/person\/3230d5615f390bb808365d673001e887","name":"R\u00e9dac. NEWS","sameAs":["http:\/\/www.newsestlyonnais.fr","https:\/\/www.facebook.com\/pascal.oberson.1?fref=ts","https:\/\/fr.linkedin.com\/in\/pascal-oberson-b17045113"],"url":"https:\/\/newsestlyonnais.fr\/site\/author\/nel\/"}]}},"_links":{"self":[{"href":"https:\/\/newsestlyonnais.fr\/site\/wp-json\/wp\/v2\/posts\/39753","targetHints":{"allow":["GET"]}}],"collection":[{"href":"https:\/\/newsestlyonnais.fr\/site\/wp-json\/wp\/v2\/posts"}],"about":[{"href":"https:\/\/newsestlyonnais.fr\/site\/wp-json\/wp\/v2\/types\/post"}],"author":[{"embeddable":true,"href":"https:\/\/newsestlyonnais.fr\/site\/wp-json\/wp\/v2\/users\/4"}],"replies":[{"embeddable":true,"href":"https:\/\/newsestlyonnais.fr\/site\/wp-json\/wp\/v2\/comments?post=39753"}],"version-history":[{"count":0,"href":"https:\/\/newsestlyonnais.fr\/site\/wp-json\/wp\/v2\/posts\/39753\/revisions"}],"wp:featuredmedia":[{"embeddable":true,"href":"https:\/\/newsestlyonnais.fr\/site\/wp-json\/wp\/v2\/media\/39765"}],"wp:attachment":[{"href":"https:\/\/newsestlyonnais.fr\/site\/wp-json\/wp\/v2\/media?parent=39753"}],"wp:term":[{"taxonomy":"category","embeddable":true,"href":"https:\/\/newsestlyonnais.fr\/site\/wp-json\/wp\/v2\/categories?post=39753"},{"taxonomy":"post_tag","embeddable":true,"href":"https:\/\/newsestlyonnais.fr\/site\/wp-json\/wp\/v2\/tags?post=39753"}],"curies":[{"name":"wp","href":"https:\/\/api.w.org\/{rel}","templated":true}]}}