{"id":40006,"date":"2017-12-09T07:11:38","date_gmt":"2017-12-09T06:11:38","guid":{"rendered":"http:\/\/newsestlyonnais.fr\/site\/?p=40006"},"modified":"2020-11-11T19:38:26","modified_gmt":"2020-11-11T18:38:26","slug":"lyon-8-lagenda-des-manifestations-du-20-au-25-novembre","status":"publish","type":"post","link":"https:\/\/newsestlyonnais.fr\/site\/2017\/12\/09\/lyon-8-lagenda-des-manifestations-du-20-au-25-novembre\/","title":{"rendered":"LYON 8\u00b0 | Agenda des manifestations du 11 au 17 d\u00e9cembre"},"content":{"rendered":"<h4>Plusieurs \u00e9v\u00e9nements se d\u00e9rouleront dans le 8\u00b0 arrondissement durant la semaine 50, \u00e0 savoir :<\/h4>\n<ul>\n<li><strong>Lundi 11 d\u00e9cembre \u00e0 19 h<\/strong> \u2013 <span style=\"text-decoration: underline\">Table ronde \u00ab Dons de vie \u00bb<\/span>.organis\u00e9e par le Conseil de quartier Bachut Transvaal, SporlyGref et l\u2019Etablissement fran\u00e7ais du sang (EFS). (Mairie du 8\u00b0, 12 avenue Jean Mermoz).<\/li>\n<li><strong>Mardi 12 d\u00e9cembre \u00e0 18 h<\/strong> \u2013 <span style=\"text-decoration: underline\">Vernissage de l\u2019exposition de photos puis conf\u00e9rence \u00ab Je est un autre \u00bb<\/span>Par Fr\u00e9d\u00e9ric Michel. Comment cr\u00e9er du lien social gr\u00e2ce \u00e0 l\u2019art ? (Mairie du 8\u00b0 arrondissement, 12 avenue Jean Mermoz).<\/li>\n<li><strong>Mercredi 13 d\u00e9cembre \u00e0 11 h<\/strong> \u2013 <span style=\"text-decoration: underline\">15 ans de la r\u00e9sidence sociale Delore et inauguration des fresques<\/span> (2 rue Pierre Delore).<\/li>\n<li><strong>Jeudi 14 d\u00e9cembre de 15 h \u00e0 18 h<\/strong> \u2013 <span style=\"text-decoration: underline\">Kermesse et march\u00e9 de no\u00ebl des cr\u00e9ateurs<\/span> organis\u00e9 par Rezo Agora. (Place Belleville).<\/li>\n<li><strong>Vendredi 15 d\u00e9cembre \u00e0 20 h<\/strong> \u2013 <span style=\"text-decoration: underline\">Inauguration de la Patinoire des Lumi\u00e8res.<\/span> La Patinoire est de retour jusqu\u2019au 7 janvier 2018 gr\u00e2ce au Comit\u00e9 des F\u00eates de Monplaisir. (Place Ambroise Courtois).<\/li>\n<li><strong>Samedi 16 d\u00e9cembre de 8 h \u00e0 23 h<\/strong> \u2013 <span style=\"text-decoration: underline\">R\u00e9colte de fonds pour le centre L\u00e9on B\u00e9rard.<\/span> Par l\u2019association Pinocchio qui \u0153uvre pour am\u00e9liorer le bien-\u00eatre des enfants malades. Tous les b\u00e9n\u00e9fices seront revers\u00e9s au profit des enfants malades. <strong>9 h<\/strong> : vente de chocolat chaud, th\u00e9 et caf\u00e9, <strong>12 h<\/strong> : vente de repas, sandwich\/frites\/merguez, <strong>15 h<\/strong> : vente de parts d\u2019une immense b\u00fbche confectionn\u00e9e par les habitants et pr\u00e9sence du P\u00e8re No\u00ebl <strong>17 h 30<\/strong> : l\u00e2cher de lampions. (Place Andr\u00e9 Latarjet). <strong>&amp; de 9h \u00e0 18 h<\/strong> \u2013 <span style=\"text-decoration: underline\">Balades en cal\u00e8che propos\u00e9es par l\u2019association des commer\u00e7ants et artisans de Monplaisir<\/span>. (Place Ambroise Courtois, avenue des Fr\u00e8res Lumi\u00e8re) <strong>&amp; \u00e0 12 h 30<\/strong> \u2013 <span style=\"text-decoration: underline\">F\u00eate de No\u00ebl de l\u2019association Tandem<\/span>, valides et handicap\u00e9s. (Espace 101).<\/li>\n<li><strong>Dimanche 17 d\u00e9cembre de 10 h \u00e0 18 h<\/strong> \u2013 <span style=\"text-decoration: underline\">Le No\u00ebl des Cr\u00e9ateurs<\/span>, organis\u00e9 par le Comit\u00e9 des F\u00eates de Monplaisir. March\u00e9 artisanal avec 30 cr\u00e9ateurs locaux, du 100% fait main ! (Place Ambroise Courtois).<\/li>\n<\/ul>\n<h4>Retrouvez l\u2019ACTU de Lyon 8\u00b0 sur : <a href=\"http:\/\/www.mairie8.lyon.fr\/page\/accueil_8.html\" target=\"_blank\" rel=\"noopener noreferrer\">http:\/\/www.mairie8.lyon.fr\/page\/accueil_8.html<\/a><\/h4>\n","protected":false},"excerpt":{"rendered":"<p>Plusieurs \u00e9v\u00e9nements se d\u00e9rouleront dans le 8\u00b0 arrondissement durant la semaine 50, \u00e0 savoir : Lundi 11 d\u00e9cembre \u00e0 19 h \u2013 Table ronde \u00ab Dons de vie \u00bb.organis\u00e9e par le Conseil de quartier Bachut Transvaal, SporlyGref et l\u2019Etablissement fran\u00e7ais du sang (EFS). (Mairie du 8\u00b0, 12 avenue Jean Mermoz). Mardi 12 d\u00e9cembre \u00e0 18 [&hellip;]<\/p>\n","protected":false},"author":4,"featured_media":8840,"comment_status":"open","ping_status":"open","sticky":false,"template":"","format":"standard","meta":{"footnotes":""},"categories":[4,1625],"tags":[],"class_list":["post-40006","post","type-post","status-publish","format-standard","has-post-thumbnail","hentry","category-evenements-divers","category-lyon"],"yoast_head":"<!-- This site is optimized with the Yoast SEO plugin v27.2 - https:\/\/yoast.com\/product\/yoast-seo-wordpress\/ -->\n<title>LYON 8\u00b0 : L\u2019agenda des manifestations du 11 au 17 d\u00e9cembre prochains<\/title>\n<meta name=\"description\" content=\"LYON 8\u00b0 : L\u2019agenda des manifestations du 11 au 17 d\u00e9cembre prochains\" \/>\n<meta name=\"robots\" content=\"index, follow, max-snippet:-1, max-image-preview:large, max-video-preview:-1\" \/>\n<link rel=\"canonical\" href=\"https:\/\/newsestlyonnais.fr\/site\/2017\/12\/09\/lyon-8-lagenda-des-manifestations-du-20-au-25-novembre\/\" \/>\n<meta property=\"og:locale\" content=\"fr_FR\" \/>\n<meta property=\"og:type\" content=\"article\" \/>\n<meta property=\"og:title\" content=\"LYON 8\u00b0 : L\u2019agenda des manifestations du 11 au 17 d\u00e9cembre prochains\" \/>\n<meta property=\"og:description\" content=\"LYON 8\u00b0 : L\u2019agenda des manifestations du 11 au 17 d\u00e9cembre prochains\" \/>\n<meta property=\"og:url\" content=\"https:\/\/newsestlyonnais.fr\/site\/2017\/12\/09\/lyon-8-lagenda-des-manifestations-du-20-au-25-novembre\/\" \/>\n<meta property=\"og:site_name\" content=\"News Est Lyonnais\" \/>\n<meta property=\"article:author\" content=\"https:\/\/www.facebook.com\/pascal.oberson.1?fref=ts\" \/>\n<meta property=\"article:published_time\" content=\"2017-12-09T06:11:38+00:00\" \/>\n<meta property=\"article:modified_time\" content=\"2020-11-11T18:38:26+00:00\" \/>\n<meta property=\"og:image\" content=\"https:\/\/i1.wp.com\/newsestlyonnais.fr\/site\/wp-content\/uploads\/2016\/06\/NEWSESTLYONNAIS-LYON-PANNEAUP1100180.jpg?fit=1000%2C750&ssl=1\" \/>\n\t<meta property=\"og:image:width\" content=\"1000\" \/>\n\t<meta property=\"og:image:height\" content=\"750\" \/>\n\t<meta property=\"og:image:type\" content=\"image\/jpeg\" \/>\n<meta name=\"author\" content=\"R\u00e9dac. NEWS\" \/>\n<meta name=\"twitter:card\" content=\"summary_large_image\" \/>\n<meta name=\"twitter:label1\" content=\"\u00c9crit par\" \/>\n\t<meta name=\"twitter:data1\" content=\"R\u00e9dac. NEWS\" \/>\n\t<meta name=\"twitter:label2\" content=\"Dur\u00e9e de lecture estim\u00e9e\" \/>\n\t<meta name=\"twitter:data2\" content=\"2 minutes\" \/>\n<script type=\"application\/ld+json\" class=\"yoast-schema-graph\">{\"@context\":\"https:\/\/schema.org\",\"@graph\":[{\"@type\":\"Article\",\"@id\":\"https:\/\/newsestlyonnais.fr\/site\/2017\/12\/09\/lyon-8-lagenda-des-manifestations-du-20-au-25-novembre\/#article\",\"isPartOf\":{\"@id\":\"https:\/\/newsestlyonnais.fr\/site\/2017\/12\/09\/lyon-8-lagenda-des-manifestations-du-20-au-25-novembre\/\"},\"author\":{\"name\":\"R\u00e9dac. NEWS\",\"@id\":\"https:\/\/newsestlyonnais.fr\/site\/#\/schema\/person\/3230d5615f390bb808365d673001e887\"},\"headline\":\"LYON 8\u00b0 | Agenda des manifestations du 11 au 17 d\u00e9cembre\",\"datePublished\":\"2017-12-09T06:11:38+00:00\",\"dateModified\":\"2020-11-11T18:38:26+00:00\",\"mainEntityOfPage\":{\"@id\":\"https:\/\/newsestlyonnais.fr\/site\/2017\/12\/09\/lyon-8-lagenda-des-manifestations-du-20-au-25-novembre\/\"},\"wordCount\":343,\"commentCount\":0,\"publisher\":{\"@id\":\"https:\/\/newsestlyonnais.fr\/site\/#organization\"},\"image\":{\"@id\":\"https:\/\/newsestlyonnais.fr\/site\/2017\/12\/09\/lyon-8-lagenda-des-manifestations-du-20-au-25-novembre\/#primaryimage\"},\"thumbnailUrl\":\"https:\/\/newsestlyonnais.fr\/site\/wp-content\/uploads\/2016\/06\/NEWSESTLYONNAIS-LYON-PANNEAUP1100180.jpg\",\"articleSection\":[\"Ev\u00e8nements divers\",\"Lyon\"],\"inLanguage\":\"fr-FR\",\"potentialAction\":[{\"@type\":\"CommentAction\",\"name\":\"Comment\",\"target\":[\"https:\/\/newsestlyonnais.fr\/site\/2017\/12\/09\/lyon-8-lagenda-des-manifestations-du-20-au-25-novembre\/#respond\"]}]},{\"@type\":\"WebPage\",\"@id\":\"https:\/\/newsestlyonnais.fr\/site\/2017\/12\/09\/lyon-8-lagenda-des-manifestations-du-20-au-25-novembre\/\",\"url\":\"https:\/\/newsestlyonnais.fr\/site\/2017\/12\/09\/lyon-8-lagenda-des-manifestations-du-20-au-25-novembre\/\",\"name\":\"LYON 8\u00b0 : L\u2019agenda des manifestations du 11 au 17 d\u00e9cembre prochains\",\"isPartOf\":{\"@id\":\"https:\/\/newsestlyonnais.fr\/site\/#website\"},\"primaryImageOfPage\":{\"@id\":\"https:\/\/newsestlyonnais.fr\/site\/2017\/12\/09\/lyon-8-lagenda-des-manifestations-du-20-au-25-novembre\/#primaryimage\"},\"image\":{\"@id\":\"https:\/\/newsestlyonnais.fr\/site\/2017\/12\/09\/lyon-8-lagenda-des-manifestations-du-20-au-25-novembre\/#primaryimage\"},\"thumbnailUrl\":\"https:\/\/newsestlyonnais.fr\/site\/wp-content\/uploads\/2016\/06\/NEWSESTLYONNAIS-LYON-PANNEAUP1100180.jpg\",\"datePublished\":\"2017-12-09T06:11:38+00:00\",\"dateModified\":\"2020-11-11T18:38:26+00:00\",\"description\":\"LYON 8\u00b0 : L\u2019agenda des manifestations du 11 au 17 d\u00e9cembre prochains\",\"breadcrumb\":{\"@id\":\"https:\/\/newsestlyonnais.fr\/site\/2017\/12\/09\/lyon-8-lagenda-des-manifestations-du-20-au-25-novembre\/#breadcrumb\"},\"inLanguage\":\"fr-FR\",\"potentialAction\":[{\"@type\":\"ReadAction\",\"target\":[\"https:\/\/newsestlyonnais.fr\/site\/2017\/12\/09\/lyon-8-lagenda-des-manifestations-du-20-au-25-novembre\/\"]}]},{\"@type\":\"ImageObject\",\"inLanguage\":\"fr-FR\",\"@id\":\"https:\/\/newsestlyonnais.fr\/site\/2017\/12\/09\/lyon-8-lagenda-des-manifestations-du-20-au-25-novembre\/#primaryimage\",\"url\":\"https:\/\/newsestlyonnais.fr\/site\/wp-content\/uploads\/2016\/06\/NEWSESTLYONNAIS-LYON-PANNEAUP1100180.jpg\",\"contentUrl\":\"https:\/\/newsestlyonnais.fr\/site\/wp-content\/uploads\/2016\/06\/NEWSESTLYONNAIS-LYON-PANNEAUP1100180.jpg\",\"width\":1000,\"height\":750,\"caption\":\"NEWSESTLYONNAIS - LYON PANNEAU\"},{\"@type\":\"BreadcrumbList\",\"@id\":\"https:\/\/newsestlyonnais.fr\/site\/2017\/12\/09\/lyon-8-lagenda-des-manifestations-du-20-au-25-novembre\/#breadcrumb\",\"itemListElement\":[{\"@type\":\"ListItem\",\"position\":1,\"name\":\"Accueil\",\"item\":\"https:\/\/newsestlyonnais.fr\/site\/\"},{\"@type\":\"ListItem\",\"position\":2,\"name\":\"LYON 8\u00b0 | Agenda des manifestations du 11 au 17 d\u00e9cembre\"}]},{\"@type\":\"WebSite\",\"@id\":\"https:\/\/newsestlyonnais.fr\/site\/#website\",\"url\":\"https:\/\/newsestlyonnais.fr\/site\/\",\"name\":\"News Est Lyonnais\",\"description\":\"L&#039;actualit\u00e9 au plus pr\u00e8s\",\"publisher\":{\"@id\":\"https:\/\/newsestlyonnais.fr\/site\/#organization\"},\"potentialAction\":[{\"@type\":\"SearchAction\",\"target\":{\"@type\":\"EntryPoint\",\"urlTemplate\":\"https:\/\/newsestlyonnais.fr\/site\/?s={search_term_string}\"},\"query-input\":{\"@type\":\"PropertyValueSpecification\",\"valueRequired\":true,\"valueName\":\"search_term_string\"}}],\"inLanguage\":\"fr-FR\"},{\"@type\":\"Organization\",\"@id\":\"https:\/\/newsestlyonnais.fr\/site\/#organization\",\"name\":\"News EST LYONNAIS\",\"url\":\"https:\/\/newsestlyonnais.fr\/site\/\",\"logo\":{\"@type\":\"ImageObject\",\"inLanguage\":\"fr-FR\",\"@id\":\"https:\/\/newsestlyonnais.fr\/site\/#\/schema\/logo\/image\/\",\"url\":\"\",\"contentUrl\":\"\",\"caption\":\"News EST LYONNAIS\"},\"image\":{\"@id\":\"https:\/\/newsestlyonnais.fr\/site\/#\/schema\/logo\/image\/\"}},{\"@type\":\"Person\",\"@id\":\"https:\/\/newsestlyonnais.fr\/site\/#\/schema\/person\/3230d5615f390bb808365d673001e887\",\"name\":\"R\u00e9dac. NEWS\",\"sameAs\":[\"http:\/\/www.newsestlyonnais.fr\",\"https:\/\/www.facebook.com\/pascal.oberson.1?fref=ts\",\"https:\/\/fr.linkedin.com\/in\/pascal-oberson-b17045113\"],\"url\":\"https:\/\/newsestlyonnais.fr\/site\/author\/nel\/\"}]}<\/script>\n<!-- \/ Yoast SEO plugin. -->","yoast_head_json":{"title":"LYON 8\u00b0 : L\u2019agenda des manifestations du 11 au 17 d\u00e9cembre prochains","description":"LYON 8\u00b0 : L\u2019agenda des manifestations du 11 au 17 d\u00e9cembre prochains","robots":{"index":"index","follow":"follow","max-snippet":"max-snippet:-1","max-image-preview":"max-image-preview:large","max-video-preview":"max-video-preview:-1"},"canonical":"https:\/\/newsestlyonnais.fr\/site\/2017\/12\/09\/lyon-8-lagenda-des-manifestations-du-20-au-25-novembre\/","og_locale":"fr_FR","og_type":"article","og_title":"LYON 8\u00b0 : L\u2019agenda des manifestations du 11 au 17 d\u00e9cembre prochains","og_description":"LYON 8\u00b0 : L\u2019agenda des manifestations du 11 au 17 d\u00e9cembre prochains","og_url":"https:\/\/newsestlyonnais.fr\/site\/2017\/12\/09\/lyon-8-lagenda-des-manifestations-du-20-au-25-novembre\/","og_site_name":"News Est Lyonnais","article_author":"https:\/\/www.facebook.com\/pascal.oberson.1?fref=ts","article_published_time":"2017-12-09T06:11:38+00:00","article_modified_time":"2020-11-11T18:38:26+00:00","og_image":[{"width":1000,"height":750,"url":"https:\/\/i1.wp.com\/newsestlyonnais.fr\/site\/wp-content\/uploads\/2016\/06\/NEWSESTLYONNAIS-LYON-PANNEAUP1100180.jpg?fit=1000%2C750&ssl=1","type":"image\/jpeg"}],"author":"R\u00e9dac. NEWS","twitter_card":"summary_large_image","twitter_misc":{"\u00c9crit par":"R\u00e9dac. NEWS","Dur\u00e9e de lecture estim\u00e9e":"2 minutes"},"schema":{"@context":"https:\/\/schema.org","@graph":[{"@type":"Article","@id":"https:\/\/newsestlyonnais.fr\/site\/2017\/12\/09\/lyon-8-lagenda-des-manifestations-du-20-au-25-novembre\/#article","isPartOf":{"@id":"https:\/\/newsestlyonnais.fr\/site\/2017\/12\/09\/lyon-8-lagenda-des-manifestations-du-20-au-25-novembre\/"},"author":{"name":"R\u00e9dac. NEWS","@id":"https:\/\/newsestlyonnais.fr\/site\/#\/schema\/person\/3230d5615f390bb808365d673001e887"},"headline":"LYON 8\u00b0 | Agenda des manifestations du 11 au 17 d\u00e9cembre","datePublished":"2017-12-09T06:11:38+00:00","dateModified":"2020-11-11T18:38:26+00:00","mainEntityOfPage":{"@id":"https:\/\/newsestlyonnais.fr\/site\/2017\/12\/09\/lyon-8-lagenda-des-manifestations-du-20-au-25-novembre\/"},"wordCount":343,"commentCount":0,"publisher":{"@id":"https:\/\/newsestlyonnais.fr\/site\/#organization"},"image":{"@id":"https:\/\/newsestlyonnais.fr\/site\/2017\/12\/09\/lyon-8-lagenda-des-manifestations-du-20-au-25-novembre\/#primaryimage"},"thumbnailUrl":"https:\/\/newsestlyonnais.fr\/site\/wp-content\/uploads\/2016\/06\/NEWSESTLYONNAIS-LYON-PANNEAUP1100180.jpg","articleSection":["Ev\u00e8nements divers","Lyon"],"inLanguage":"fr-FR","potentialAction":[{"@type":"CommentAction","name":"Comment","target":["https:\/\/newsestlyonnais.fr\/site\/2017\/12\/09\/lyon-8-lagenda-des-manifestations-du-20-au-25-novembre\/#respond"]}]},{"@type":"WebPage","@id":"https:\/\/newsestlyonnais.fr\/site\/2017\/12\/09\/lyon-8-lagenda-des-manifestations-du-20-au-25-novembre\/","url":"https:\/\/newsestlyonnais.fr\/site\/2017\/12\/09\/lyon-8-lagenda-des-manifestations-du-20-au-25-novembre\/","name":"LYON 8\u00b0 : L\u2019agenda des manifestations du 11 au 17 d\u00e9cembre prochains","isPartOf":{"@id":"https:\/\/newsestlyonnais.fr\/site\/#website"},"primaryImageOfPage":{"@id":"https:\/\/newsestlyonnais.fr\/site\/2017\/12\/09\/lyon-8-lagenda-des-manifestations-du-20-au-25-novembre\/#primaryimage"},"image":{"@id":"https:\/\/newsestlyonnais.fr\/site\/2017\/12\/09\/lyon-8-lagenda-des-manifestations-du-20-au-25-novembre\/#primaryimage"},"thumbnailUrl":"https:\/\/newsestlyonnais.fr\/site\/wp-content\/uploads\/2016\/06\/NEWSESTLYONNAIS-LYON-PANNEAUP1100180.jpg","datePublished":"2017-12-09T06:11:38+00:00","dateModified":"2020-11-11T18:38:26+00:00","description":"LYON 8\u00b0 : L\u2019agenda des manifestations du 11 au 17 d\u00e9cembre prochains","breadcrumb":{"@id":"https:\/\/newsestlyonnais.fr\/site\/2017\/12\/09\/lyon-8-lagenda-des-manifestations-du-20-au-25-novembre\/#breadcrumb"},"inLanguage":"fr-FR","potentialAction":[{"@type":"ReadAction","target":["https:\/\/newsestlyonnais.fr\/site\/2017\/12\/09\/lyon-8-lagenda-des-manifestations-du-20-au-25-novembre\/"]}]},{"@type":"ImageObject","inLanguage":"fr-FR","@id":"https:\/\/newsestlyonnais.fr\/site\/2017\/12\/09\/lyon-8-lagenda-des-manifestations-du-20-au-25-novembre\/#primaryimage","url":"https:\/\/newsestlyonnais.fr\/site\/wp-content\/uploads\/2016\/06\/NEWSESTLYONNAIS-LYON-PANNEAUP1100180.jpg","contentUrl":"https:\/\/newsestlyonnais.fr\/site\/wp-content\/uploads\/2016\/06\/NEWSESTLYONNAIS-LYON-PANNEAUP1100180.jpg","width":1000,"height":750,"caption":"NEWSESTLYONNAIS - LYON PANNEAU"},{"@type":"BreadcrumbList","@id":"https:\/\/newsestlyonnais.fr\/site\/2017\/12\/09\/lyon-8-lagenda-des-manifestations-du-20-au-25-novembre\/#breadcrumb","itemListElement":[{"@type":"ListItem","position":1,"name":"Accueil","item":"https:\/\/newsestlyonnais.fr\/site\/"},{"@type":"ListItem","position":2,"name":"LYON 8\u00b0 | Agenda des manifestations du 11 au 17 d\u00e9cembre"}]},{"@type":"WebSite","@id":"https:\/\/newsestlyonnais.fr\/site\/#website","url":"https:\/\/newsestlyonnais.fr\/site\/","name":"News Est Lyonnais","description":"L&#039;actualit\u00e9 au plus pr\u00e8s","publisher":{"@id":"https:\/\/newsestlyonnais.fr\/site\/#organization"},"potentialAction":[{"@type":"SearchAction","target":{"@type":"EntryPoint","urlTemplate":"https:\/\/newsestlyonnais.fr\/site\/?s={search_term_string}"},"query-input":{"@type":"PropertyValueSpecification","valueRequired":true,"valueName":"search_term_string"}}],"inLanguage":"fr-FR"},{"@type":"Organization","@id":"https:\/\/newsestlyonnais.fr\/site\/#organization","name":"News EST LYONNAIS","url":"https:\/\/newsestlyonnais.fr\/site\/","logo":{"@type":"ImageObject","inLanguage":"fr-FR","@id":"https:\/\/newsestlyonnais.fr\/site\/#\/schema\/logo\/image\/","url":"","contentUrl":"","caption":"News EST LYONNAIS"},"image":{"@id":"https:\/\/newsestlyonnais.fr\/site\/#\/schema\/logo\/image\/"}},{"@type":"Person","@id":"https:\/\/newsestlyonnais.fr\/site\/#\/schema\/person\/3230d5615f390bb808365d673001e887","name":"R\u00e9dac. NEWS","sameAs":["http:\/\/www.newsestlyonnais.fr","https:\/\/www.facebook.com\/pascal.oberson.1?fref=ts","https:\/\/fr.linkedin.com\/in\/pascal-oberson-b17045113"],"url":"https:\/\/newsestlyonnais.fr\/site\/author\/nel\/"}]}},"_links":{"self":[{"href":"https:\/\/newsestlyonnais.fr\/site\/wp-json\/wp\/v2\/posts\/40006","targetHints":{"allow":["GET"]}}],"collection":[{"href":"https:\/\/newsestlyonnais.fr\/site\/wp-json\/wp\/v2\/posts"}],"about":[{"href":"https:\/\/newsestlyonnais.fr\/site\/wp-json\/wp\/v2\/types\/post"}],"author":[{"embeddable":true,"href":"https:\/\/newsestlyonnais.fr\/site\/wp-json\/wp\/v2\/users\/4"}],"replies":[{"embeddable":true,"href":"https:\/\/newsestlyonnais.fr\/site\/wp-json\/wp\/v2\/comments?post=40006"}],"version-history":[{"count":0,"href":"https:\/\/newsestlyonnais.fr\/site\/wp-json\/wp\/v2\/posts\/40006\/revisions"}],"wp:featuredmedia":[{"embeddable":true,"href":"https:\/\/newsestlyonnais.fr\/site\/wp-json\/wp\/v2\/media\/8840"}],"wp:attachment":[{"href":"https:\/\/newsestlyonnais.fr\/site\/wp-json\/wp\/v2\/media?parent=40006"}],"wp:term":[{"taxonomy":"category","embeddable":true,"href":"https:\/\/newsestlyonnais.fr\/site\/wp-json\/wp\/v2\/categories?post=40006"},{"taxonomy":"post_tag","embeddable":true,"href":"https:\/\/newsestlyonnais.fr\/site\/wp-json\/wp\/v2\/tags?post=40006"}],"curies":[{"name":"wp","href":"https:\/\/api.w.org\/{rel}","templated":true}]}}