{"id":40063,"date":"2017-12-10T18:58:04","date_gmt":"2017-12-10T17:58:04","guid":{"rendered":"http:\/\/newsestlyonnais.fr\/site\/?p=40063"},"modified":"2020-11-06T16:04:49","modified_gmt":"2020-11-06T15:04:49","slug":"venissieux-bunkai-karate-do-full-contact-omnipresent-en-coupe-de-france","status":"publish","type":"post","link":"https:\/\/newsestlyonnais.fr\/site\/2017\/12\/10\/venissieux-bunkai-karate-do-full-contact-omnipresent-en-coupe-de-france\/","title":{"rendered":"VENISSIEUX | Bunkai Karat\u00e9 Do Full Contact omnipr\u00e9sent en Coupe de France"},"content":{"rendered":"<div class=\"_3058 _ui9 _hh7 _s1- _52mr _3oh-\">\n<h4>Le club v\u00e9nissian participait ce week-end \u00e0 N\u00eemes \u00e0 la <span class=\"_3oh- _58nk\">coupe de France light et plein full contact, comp\u00e9tition enregistrant plus de 320 participants samedi et une soixantaine le dimanche.<\/span><\/h4>\n<div>&#8211; <span class=\"_3oh- _58nk\"><span style=\"text-decoration: underline\"><strong> R\u00e9sultats de samedi en ligh<\/strong>t<\/span>: <span style=\"text-decoration: underline\">M\u00e9dailles d&rsquo;or<\/span> : Yoann L\u00e9ger (- 80 kg, junior) &amp; M\u00e9lanie Safar (- 54 kg, senior). <span style=\"text-decoration: underline\">M\u00e9dailles d&rsquo;argent<\/span> : Diego Corsaletti (- 55 kg, cadet), Kevin Di Meglio (- 72 kg, senior),\u00a0 Alex Paquellier (- 68 kg, senior), Aymane Mebarki (+ 68 kg, benjamin) &amp; Anais Belhadj (+ 68 kg, senior). <span style=\"text-decoration: underline\">M\u00e9dailles de bronze<\/span> : Romane Zerroug (- 30 kg, pupille), Mahira Bensaid (- 50 kg, benjamine )&amp; Lucas L\u00e9ger (- 75 kg, junior). <\/span><\/div>\n<div><span class=\"_3oh- _58nk\">&#8211; <strong><span style=\"text-decoration: underline\">R\u00e9sultats en full contact (plein contact) du dimanche en seniors<\/span><\/strong>:\u00a0 Cibrail Uca (- 56 kg) m\u00e9daille de bronze &amp; Jean Alexandre Nguyen (- 90 kg) : argent. <\/span><\/div>\n<div><span class=\"_3oh- _58nk\">&#8211; R\u00e9sum\u00e9 des entra\u00eeneurs : \u00ab\u00a0D\u00e9j\u00e0 un grand merci \u00e0 nos sponsors de nous faire confiance qui gr\u00e2ce \u00e0 eux et pour la premi\u00e8re fois nous avons pu faire le d\u00e9placement en bus. De ce fait, nous avons fait participer nos d\u00e9butants enfants pour qu&rsquo;ils puissent d\u00e9couvrir le niveau. Nous avons encore \u00e0 r\u00e9gler des automatismes mais nous avons appr\u00e9ci\u00e9s leur mental qui n&rsquo;a jamais l\u00e2ch\u00e9. Bravo \u00e0 tous !!! Et bien s\u00fbr nous avons une pens\u00e9e pour les absents et merci aux accompagnateurs pour l&rsquo;aide \u00e0 la gestion des enfants Bunkai !!!!\u00a0\u00bb.<\/span><\/div>\n<div><\/div>\n<div>&#8211; <em><strong>Retrouvez l&rsquo;ACTU du club sur<\/strong><\/em> : <a href=\"https:\/\/www.facebook.com\/Bunkai-karate-do-Full-Contact-341551199199141\/?hc_ref=ARQw_PrF2OMkq9zu0Zzi7cUoxgxgKnmhEnzAMSCtJb4Ph2u7A8i7xQhcjRgnL5rCaGM\" target=\"_blank\" rel=\"noopener noreferrer\">https:\/\/www.facebook.com\/Bunkai-karate-do-Full-Contact-341551199199141\/?hc_ref=ARQw_PrF2OMkq9zu0Zzi7cUoxgxgKnmhEnzAMSCtJb4Ph2u7A8i7xQhcjRgnL5rCaGM<\/a><\/div>\n<\/div>\n<div>\n<div id='gallery-1' class='gallery galleryid-40063 gallery-columns-3 gallery-size-thumbnail'><figure class='gallery-item'>\n\t\t\t<div class='gallery-icon landscape'>\n\t\t\t\t<a href='https:\/\/newsestlyonnais.fr\/site\/2017\/12\/10\/venissieux-bunkai-karate-do-full-contact-omnipresent-en-coupe-de-france\/newsestlyonnais-bunkai-karate-04\/'><img loading=\"lazy\" decoding=\"async\" width=\"150\" height=\"150\" src=\"https:\/\/newsestlyonnais.fr\/site\/wp-content\/uploads\/2017\/12\/NEWSESTLYONNAIS-BUNKAI-KARATE-04-150x150.jpg\" class=\"attachment-thumbnail size-thumbnail\" alt=\"NEWSESTLYONNAIS BUNKAI KARATE 04\" \/><\/a>\n\t\t\t<\/div><\/figure><figure class='gallery-item'>\n\t\t\t<div class='gallery-icon landscape'>\n\t\t\t\t<a href='https:\/\/newsestlyonnais.fr\/site\/2017\/12\/10\/venissieux-bunkai-karate-do-full-contact-omnipresent-en-coupe-de-france\/newsestlyonnais-bunkai-karate-05\/'><img loading=\"lazy\" decoding=\"async\" width=\"150\" height=\"150\" src=\"https:\/\/newsestlyonnais.fr\/site\/wp-content\/uploads\/2017\/12\/NEWSESTLYONNAIS-BUNKAI-KARATE-05-150x150.jpg\" class=\"attachment-thumbnail size-thumbnail\" alt=\"NEWSESTLYONNAIS - BUNKAI KARATE 05\" \/><\/a>\n\t\t\t<\/div><\/figure>\n\t\t<\/div>\n\n<\/div>\n<div class=\"_3058 _ui9 _hh7 _s1- _52mr _3oh-\">\n<div class=\"_aok\"><span class=\"_3oh- _58nk\">\u00a0<\/span><\/div>\n<\/div>\n<p>&nbsp;<\/p>\n","protected":false},"excerpt":{"rendered":"<p>Le club v\u00e9nissian participait ce week-end \u00e0 N\u00eemes \u00e0 la coupe de France light et plein full contact, comp\u00e9tition enregistrant plus de 320 participants samedi et une soixantaine le dimanche. &#8211; R\u00e9sultats de samedi en light: M\u00e9dailles d&rsquo;or : Yoann L\u00e9ger (- 80 kg, junior) &amp; M\u00e9lanie Safar (- 54 kg, senior). M\u00e9dailles d&rsquo;argent : [&hellip;]<\/p>\n","protected":false},"author":4,"featured_media":40081,"comment_status":"open","ping_status":"open","sticky":false,"template":"","format":"standard","meta":{"footnotes":""},"categories":[2994,1353,1298],"tags":[],"class_list":["post-40063","post","type-post","status-publish","format-standard","has-post-thumbnail","hentry","category-judo-karate-taekwondo-sports","category-karate","category-venissieux"],"yoast_head":"<!-- This site is optimized with the Yoast SEO plugin v27.2 - https:\/\/yoast.com\/product\/yoast-seo-wordpress\/ -->\n<title>VENISSIEUX : Le Bunkai Karat\u00e9 do Full Contact omnipr\u00e9sent en Coupe de France<\/title>\n<meta name=\"description\" content=\"VENISSIEUX : Le Bunkai Karat\u00e9 do Full Contact omnipr\u00e9sent en Coupe de France\" \/>\n<meta name=\"robots\" content=\"index, follow, max-snippet:-1, max-image-preview:large, max-video-preview:-1\" \/>\n<link rel=\"canonical\" href=\"https:\/\/newsestlyonnais.fr\/site\/2017\/12\/10\/venissieux-bunkai-karate-do-full-contact-omnipresent-en-coupe-de-france\/\" \/>\n<meta property=\"og:locale\" content=\"fr_FR\" \/>\n<meta property=\"og:type\" content=\"article\" \/>\n<meta property=\"og:title\" content=\"VENISSIEUX : Le Bunkai Karat\u00e9 do Full Contact omnipr\u00e9sent en Coupe de France\" \/>\n<meta property=\"og:description\" content=\"VENISSIEUX : Le Bunkai Karat\u00e9 do Full Contact omnipr\u00e9sent en Coupe de France\" \/>\n<meta property=\"og:url\" content=\"https:\/\/newsestlyonnais.fr\/site\/2017\/12\/10\/venissieux-bunkai-karate-do-full-contact-omnipresent-en-coupe-de-france\/\" \/>\n<meta property=\"og:site_name\" content=\"News Est Lyonnais\" \/>\n<meta property=\"article:author\" content=\"https:\/\/www.facebook.com\/pascal.oberson.1?fref=ts\" \/>\n<meta property=\"article:published_time\" content=\"2017-12-10T17:58:04+00:00\" \/>\n<meta property=\"article:modified_time\" content=\"2020-11-06T15:04:49+00:00\" \/>\n<meta property=\"og:image\" content=\"https:\/\/i0.wp.com\/newsestlyonnais.fr\/site\/wp-content\/uploads\/2017\/12\/NEWSESTLYONNAIS-BUNKAI-COUPE-FRANCE.jpg?fit=960%2C720&ssl=1\" \/>\n\t<meta property=\"og:image:width\" content=\"960\" \/>\n\t<meta property=\"og:image:height\" content=\"720\" \/>\n\t<meta property=\"og:image:type\" content=\"image\/jpeg\" \/>\n<meta name=\"author\" content=\"R\u00e9dac. NEWS\" \/>\n<meta name=\"twitter:card\" content=\"summary_large_image\" \/>\n<meta name=\"twitter:label1\" content=\"\u00c9crit par\" \/>\n\t<meta name=\"twitter:data1\" content=\"R\u00e9dac. NEWS\" \/>\n\t<meta name=\"twitter:label2\" content=\"Dur\u00e9e de lecture estim\u00e9e\" \/>\n\t<meta name=\"twitter:data2\" content=\"1 minute\" \/>\n<script type=\"application\/ld+json\" class=\"yoast-schema-graph\">{\"@context\":\"https:\/\/schema.org\",\"@graph\":[{\"@type\":\"Article\",\"@id\":\"https:\/\/newsestlyonnais.fr\/site\/2017\/12\/10\/venissieux-bunkai-karate-do-full-contact-omnipresent-en-coupe-de-france\/#article\",\"isPartOf\":{\"@id\":\"https:\/\/newsestlyonnais.fr\/site\/2017\/12\/10\/venissieux-bunkai-karate-do-full-contact-omnipresent-en-coupe-de-france\/\"},\"author\":{\"name\":\"R\u00e9dac. NEWS\",\"@id\":\"https:\/\/newsestlyonnais.fr\/site\/#\/schema\/person\/3230d5615f390bb808365d673001e887\"},\"headline\":\"VENISSIEUX | Bunkai Karat\u00e9 Do Full Contact omnipr\u00e9sent en Coupe de France\",\"datePublished\":\"2017-12-10T17:58:04+00:00\",\"dateModified\":\"2020-11-06T15:04:49+00:00\",\"mainEntityOfPage\":{\"@id\":\"https:\/\/newsestlyonnais.fr\/site\/2017\/12\/10\/venissieux-bunkai-karate-do-full-contact-omnipresent-en-coupe-de-france\/\"},\"wordCount\":276,\"commentCount\":0,\"publisher\":{\"@id\":\"https:\/\/newsestlyonnais.fr\/site\/#organization\"},\"image\":{\"@id\":\"https:\/\/newsestlyonnais.fr\/site\/2017\/12\/10\/venissieux-bunkai-karate-do-full-contact-omnipresent-en-coupe-de-france\/#primaryimage\"},\"thumbnailUrl\":\"https:\/\/newsestlyonnais.fr\/site\/wp-content\/uploads\/2017\/12\/NEWSESTLYONNAIS-BUNKAI-COUPE-FRANCE.jpg\",\"articleSection\":[\"Judo| Karat\u00e9| Taekwondo\",\"Karat\u00e9\",\"V\u00e9nissieux\"],\"inLanguage\":\"fr-FR\",\"potentialAction\":[{\"@type\":\"CommentAction\",\"name\":\"Comment\",\"target\":[\"https:\/\/newsestlyonnais.fr\/site\/2017\/12\/10\/venissieux-bunkai-karate-do-full-contact-omnipresent-en-coupe-de-france\/#respond\"]}]},{\"@type\":\"WebPage\",\"@id\":\"https:\/\/newsestlyonnais.fr\/site\/2017\/12\/10\/venissieux-bunkai-karate-do-full-contact-omnipresent-en-coupe-de-france\/\",\"url\":\"https:\/\/newsestlyonnais.fr\/site\/2017\/12\/10\/venissieux-bunkai-karate-do-full-contact-omnipresent-en-coupe-de-france\/\",\"name\":\"VENISSIEUX : Le Bunkai Karat\u00e9 do Full Contact omnipr\u00e9sent en Coupe de France\",\"isPartOf\":{\"@id\":\"https:\/\/newsestlyonnais.fr\/site\/#website\"},\"primaryImageOfPage\":{\"@id\":\"https:\/\/newsestlyonnais.fr\/site\/2017\/12\/10\/venissieux-bunkai-karate-do-full-contact-omnipresent-en-coupe-de-france\/#primaryimage\"},\"image\":{\"@id\":\"https:\/\/newsestlyonnais.fr\/site\/2017\/12\/10\/venissieux-bunkai-karate-do-full-contact-omnipresent-en-coupe-de-france\/#primaryimage\"},\"thumbnailUrl\":\"https:\/\/newsestlyonnais.fr\/site\/wp-content\/uploads\/2017\/12\/NEWSESTLYONNAIS-BUNKAI-COUPE-FRANCE.jpg\",\"datePublished\":\"2017-12-10T17:58:04+00:00\",\"dateModified\":\"2020-11-06T15:04:49+00:00\",\"description\":\"VENISSIEUX : Le Bunkai Karat\u00e9 do Full Contact omnipr\u00e9sent en Coupe de France\",\"breadcrumb\":{\"@id\":\"https:\/\/newsestlyonnais.fr\/site\/2017\/12\/10\/venissieux-bunkai-karate-do-full-contact-omnipresent-en-coupe-de-france\/#breadcrumb\"},\"inLanguage\":\"fr-FR\",\"potentialAction\":[{\"@type\":\"ReadAction\",\"target\":[\"https:\/\/newsestlyonnais.fr\/site\/2017\/12\/10\/venissieux-bunkai-karate-do-full-contact-omnipresent-en-coupe-de-france\/\"]}]},{\"@type\":\"ImageObject\",\"inLanguage\":\"fr-FR\",\"@id\":\"https:\/\/newsestlyonnais.fr\/site\/2017\/12\/10\/venissieux-bunkai-karate-do-full-contact-omnipresent-en-coupe-de-france\/#primaryimage\",\"url\":\"https:\/\/newsestlyonnais.fr\/site\/wp-content\/uploads\/2017\/12\/NEWSESTLYONNAIS-BUNKAI-COUPE-FRANCE.jpg\",\"contentUrl\":\"https:\/\/newsestlyonnais.fr\/site\/wp-content\/uploads\/2017\/12\/NEWSESTLYONNAIS-BUNKAI-COUPE-FRANCE.jpg\",\"width\":960,\"height\":720,\"caption\":\"NEWSESTLYONNAIS BUNKAI COUPE FRANCE\"},{\"@type\":\"BreadcrumbList\",\"@id\":\"https:\/\/newsestlyonnais.fr\/site\/2017\/12\/10\/venissieux-bunkai-karate-do-full-contact-omnipresent-en-coupe-de-france\/#breadcrumb\",\"itemListElement\":[{\"@type\":\"ListItem\",\"position\":1,\"name\":\"Accueil\",\"item\":\"https:\/\/newsestlyonnais.fr\/site\/\"},{\"@type\":\"ListItem\",\"position\":2,\"name\":\"VENISSIEUX | Bunkai Karat\u00e9 Do Full Contact omnipr\u00e9sent en Coupe de France\"}]},{\"@type\":\"WebSite\",\"@id\":\"https:\/\/newsestlyonnais.fr\/site\/#website\",\"url\":\"https:\/\/newsestlyonnais.fr\/site\/\",\"name\":\"News Est Lyonnais\",\"description\":\"L&#039;actualit\u00e9 au plus pr\u00e8s\",\"publisher\":{\"@id\":\"https:\/\/newsestlyonnais.fr\/site\/#organization\"},\"potentialAction\":[{\"@type\":\"SearchAction\",\"target\":{\"@type\":\"EntryPoint\",\"urlTemplate\":\"https:\/\/newsestlyonnais.fr\/site\/?s={search_term_string}\"},\"query-input\":{\"@type\":\"PropertyValueSpecification\",\"valueRequired\":true,\"valueName\":\"search_term_string\"}}],\"inLanguage\":\"fr-FR\"},{\"@type\":\"Organization\",\"@id\":\"https:\/\/newsestlyonnais.fr\/site\/#organization\",\"name\":\"News EST LYONNAIS\",\"url\":\"https:\/\/newsestlyonnais.fr\/site\/\",\"logo\":{\"@type\":\"ImageObject\",\"inLanguage\":\"fr-FR\",\"@id\":\"https:\/\/newsestlyonnais.fr\/site\/#\/schema\/logo\/image\/\",\"url\":\"\",\"contentUrl\":\"\",\"caption\":\"News EST LYONNAIS\"},\"image\":{\"@id\":\"https:\/\/newsestlyonnais.fr\/site\/#\/schema\/logo\/image\/\"}},{\"@type\":\"Person\",\"@id\":\"https:\/\/newsestlyonnais.fr\/site\/#\/schema\/person\/3230d5615f390bb808365d673001e887\",\"name\":\"R\u00e9dac. NEWS\",\"sameAs\":[\"http:\/\/www.newsestlyonnais.fr\",\"https:\/\/www.facebook.com\/pascal.oberson.1?fref=ts\",\"https:\/\/fr.linkedin.com\/in\/pascal-oberson-b17045113\"],\"url\":\"https:\/\/newsestlyonnais.fr\/site\/author\/nel\/\"}]}<\/script>\n<!-- \/ Yoast SEO plugin. -->","yoast_head_json":{"title":"VENISSIEUX : Le Bunkai Karat\u00e9 do Full Contact omnipr\u00e9sent en Coupe de France","description":"VENISSIEUX : Le Bunkai Karat\u00e9 do Full Contact omnipr\u00e9sent en Coupe de France","robots":{"index":"index","follow":"follow","max-snippet":"max-snippet:-1","max-image-preview":"max-image-preview:large","max-video-preview":"max-video-preview:-1"},"canonical":"https:\/\/newsestlyonnais.fr\/site\/2017\/12\/10\/venissieux-bunkai-karate-do-full-contact-omnipresent-en-coupe-de-france\/","og_locale":"fr_FR","og_type":"article","og_title":"VENISSIEUX : Le Bunkai Karat\u00e9 do Full Contact omnipr\u00e9sent en Coupe de France","og_description":"VENISSIEUX : Le Bunkai Karat\u00e9 do Full Contact omnipr\u00e9sent en Coupe de France","og_url":"https:\/\/newsestlyonnais.fr\/site\/2017\/12\/10\/venissieux-bunkai-karate-do-full-contact-omnipresent-en-coupe-de-france\/","og_site_name":"News Est Lyonnais","article_author":"https:\/\/www.facebook.com\/pascal.oberson.1?fref=ts","article_published_time":"2017-12-10T17:58:04+00:00","article_modified_time":"2020-11-06T15:04:49+00:00","og_image":[{"width":960,"height":720,"url":"https:\/\/i0.wp.com\/newsestlyonnais.fr\/site\/wp-content\/uploads\/2017\/12\/NEWSESTLYONNAIS-BUNKAI-COUPE-FRANCE.jpg?fit=960%2C720&ssl=1","type":"image\/jpeg"}],"author":"R\u00e9dac. NEWS","twitter_card":"summary_large_image","twitter_misc":{"\u00c9crit par":"R\u00e9dac. NEWS","Dur\u00e9e de lecture estim\u00e9e":"1 minute"},"schema":{"@context":"https:\/\/schema.org","@graph":[{"@type":"Article","@id":"https:\/\/newsestlyonnais.fr\/site\/2017\/12\/10\/venissieux-bunkai-karate-do-full-contact-omnipresent-en-coupe-de-france\/#article","isPartOf":{"@id":"https:\/\/newsestlyonnais.fr\/site\/2017\/12\/10\/venissieux-bunkai-karate-do-full-contact-omnipresent-en-coupe-de-france\/"},"author":{"name":"R\u00e9dac. NEWS","@id":"https:\/\/newsestlyonnais.fr\/site\/#\/schema\/person\/3230d5615f390bb808365d673001e887"},"headline":"VENISSIEUX | Bunkai Karat\u00e9 Do Full Contact omnipr\u00e9sent en Coupe de France","datePublished":"2017-12-10T17:58:04+00:00","dateModified":"2020-11-06T15:04:49+00:00","mainEntityOfPage":{"@id":"https:\/\/newsestlyonnais.fr\/site\/2017\/12\/10\/venissieux-bunkai-karate-do-full-contact-omnipresent-en-coupe-de-france\/"},"wordCount":276,"commentCount":0,"publisher":{"@id":"https:\/\/newsestlyonnais.fr\/site\/#organization"},"image":{"@id":"https:\/\/newsestlyonnais.fr\/site\/2017\/12\/10\/venissieux-bunkai-karate-do-full-contact-omnipresent-en-coupe-de-france\/#primaryimage"},"thumbnailUrl":"https:\/\/newsestlyonnais.fr\/site\/wp-content\/uploads\/2017\/12\/NEWSESTLYONNAIS-BUNKAI-COUPE-FRANCE.jpg","articleSection":["Judo| Karat\u00e9| Taekwondo","Karat\u00e9","V\u00e9nissieux"],"inLanguage":"fr-FR","potentialAction":[{"@type":"CommentAction","name":"Comment","target":["https:\/\/newsestlyonnais.fr\/site\/2017\/12\/10\/venissieux-bunkai-karate-do-full-contact-omnipresent-en-coupe-de-france\/#respond"]}]},{"@type":"WebPage","@id":"https:\/\/newsestlyonnais.fr\/site\/2017\/12\/10\/venissieux-bunkai-karate-do-full-contact-omnipresent-en-coupe-de-france\/","url":"https:\/\/newsestlyonnais.fr\/site\/2017\/12\/10\/venissieux-bunkai-karate-do-full-contact-omnipresent-en-coupe-de-france\/","name":"VENISSIEUX : Le Bunkai Karat\u00e9 do Full Contact omnipr\u00e9sent en Coupe de France","isPartOf":{"@id":"https:\/\/newsestlyonnais.fr\/site\/#website"},"primaryImageOfPage":{"@id":"https:\/\/newsestlyonnais.fr\/site\/2017\/12\/10\/venissieux-bunkai-karate-do-full-contact-omnipresent-en-coupe-de-france\/#primaryimage"},"image":{"@id":"https:\/\/newsestlyonnais.fr\/site\/2017\/12\/10\/venissieux-bunkai-karate-do-full-contact-omnipresent-en-coupe-de-france\/#primaryimage"},"thumbnailUrl":"https:\/\/newsestlyonnais.fr\/site\/wp-content\/uploads\/2017\/12\/NEWSESTLYONNAIS-BUNKAI-COUPE-FRANCE.jpg","datePublished":"2017-12-10T17:58:04+00:00","dateModified":"2020-11-06T15:04:49+00:00","description":"VENISSIEUX : Le Bunkai Karat\u00e9 do Full Contact omnipr\u00e9sent en Coupe de France","breadcrumb":{"@id":"https:\/\/newsestlyonnais.fr\/site\/2017\/12\/10\/venissieux-bunkai-karate-do-full-contact-omnipresent-en-coupe-de-france\/#breadcrumb"},"inLanguage":"fr-FR","potentialAction":[{"@type":"ReadAction","target":["https:\/\/newsestlyonnais.fr\/site\/2017\/12\/10\/venissieux-bunkai-karate-do-full-contact-omnipresent-en-coupe-de-france\/"]}]},{"@type":"ImageObject","inLanguage":"fr-FR","@id":"https:\/\/newsestlyonnais.fr\/site\/2017\/12\/10\/venissieux-bunkai-karate-do-full-contact-omnipresent-en-coupe-de-france\/#primaryimage","url":"https:\/\/newsestlyonnais.fr\/site\/wp-content\/uploads\/2017\/12\/NEWSESTLYONNAIS-BUNKAI-COUPE-FRANCE.jpg","contentUrl":"https:\/\/newsestlyonnais.fr\/site\/wp-content\/uploads\/2017\/12\/NEWSESTLYONNAIS-BUNKAI-COUPE-FRANCE.jpg","width":960,"height":720,"caption":"NEWSESTLYONNAIS BUNKAI COUPE FRANCE"},{"@type":"BreadcrumbList","@id":"https:\/\/newsestlyonnais.fr\/site\/2017\/12\/10\/venissieux-bunkai-karate-do-full-contact-omnipresent-en-coupe-de-france\/#breadcrumb","itemListElement":[{"@type":"ListItem","position":1,"name":"Accueil","item":"https:\/\/newsestlyonnais.fr\/site\/"},{"@type":"ListItem","position":2,"name":"VENISSIEUX | Bunkai Karat\u00e9 Do Full Contact omnipr\u00e9sent en Coupe de France"}]},{"@type":"WebSite","@id":"https:\/\/newsestlyonnais.fr\/site\/#website","url":"https:\/\/newsestlyonnais.fr\/site\/","name":"News Est Lyonnais","description":"L&#039;actualit\u00e9 au plus pr\u00e8s","publisher":{"@id":"https:\/\/newsestlyonnais.fr\/site\/#organization"},"potentialAction":[{"@type":"SearchAction","target":{"@type":"EntryPoint","urlTemplate":"https:\/\/newsestlyonnais.fr\/site\/?s={search_term_string}"},"query-input":{"@type":"PropertyValueSpecification","valueRequired":true,"valueName":"search_term_string"}}],"inLanguage":"fr-FR"},{"@type":"Organization","@id":"https:\/\/newsestlyonnais.fr\/site\/#organization","name":"News EST LYONNAIS","url":"https:\/\/newsestlyonnais.fr\/site\/","logo":{"@type":"ImageObject","inLanguage":"fr-FR","@id":"https:\/\/newsestlyonnais.fr\/site\/#\/schema\/logo\/image\/","url":"","contentUrl":"","caption":"News EST LYONNAIS"},"image":{"@id":"https:\/\/newsestlyonnais.fr\/site\/#\/schema\/logo\/image\/"}},{"@type":"Person","@id":"https:\/\/newsestlyonnais.fr\/site\/#\/schema\/person\/3230d5615f390bb808365d673001e887","name":"R\u00e9dac. NEWS","sameAs":["http:\/\/www.newsestlyonnais.fr","https:\/\/www.facebook.com\/pascal.oberson.1?fref=ts","https:\/\/fr.linkedin.com\/in\/pascal-oberson-b17045113"],"url":"https:\/\/newsestlyonnais.fr\/site\/author\/nel\/"}]}},"_links":{"self":[{"href":"https:\/\/newsestlyonnais.fr\/site\/wp-json\/wp\/v2\/posts\/40063","targetHints":{"allow":["GET"]}}],"collection":[{"href":"https:\/\/newsestlyonnais.fr\/site\/wp-json\/wp\/v2\/posts"}],"about":[{"href":"https:\/\/newsestlyonnais.fr\/site\/wp-json\/wp\/v2\/types\/post"}],"author":[{"embeddable":true,"href":"https:\/\/newsestlyonnais.fr\/site\/wp-json\/wp\/v2\/users\/4"}],"replies":[{"embeddable":true,"href":"https:\/\/newsestlyonnais.fr\/site\/wp-json\/wp\/v2\/comments?post=40063"}],"version-history":[{"count":0,"href":"https:\/\/newsestlyonnais.fr\/site\/wp-json\/wp\/v2\/posts\/40063\/revisions"}],"wp:featuredmedia":[{"embeddable":true,"href":"https:\/\/newsestlyonnais.fr\/site\/wp-json\/wp\/v2\/media\/40081"}],"wp:attachment":[{"href":"https:\/\/newsestlyonnais.fr\/site\/wp-json\/wp\/v2\/media?parent=40063"}],"wp:term":[{"taxonomy":"category","embeddable":true,"href":"https:\/\/newsestlyonnais.fr\/site\/wp-json\/wp\/v2\/categories?post=40063"},{"taxonomy":"post_tag","embeddable":true,"href":"https:\/\/newsestlyonnais.fr\/site\/wp-json\/wp\/v2\/tags?post=40063"}],"curies":[{"name":"wp","href":"https:\/\/api.w.org\/{rel}","templated":true}]}}