{"id":40088,"date":"2017-12-11T07:50:27","date_gmt":"2017-12-11T06:50:27","guid":{"rendered":"http:\/\/newsestlyonnais.fr\/site\/?p=40088"},"modified":"2020-11-03T16:39:00","modified_gmt":"2020-11-03T15:39:00","slug":"vaulx-velin-impressions-coach-vaulx-basket-apres-succes-a-clermont","status":"publish","type":"post","link":"https:\/\/newsestlyonnais.fr\/site\/2017\/12\/11\/vaulx-velin-impressions-coach-vaulx-basket-apres-succes-a-clermont\/","title":{"rendered":"VAULX-EN-VELIN | Impressions du coach des seniors du Vaulx Basket apr\u00e8s le succ\u00e8s \u00e0 Clermont"},"content":{"rendered":"<h4>Les seniors 1 du Vaulx Basket Club ont remport\u00e9 une nouvelle victoire, 78-62 samedi soir en d\u00e9placement \u00e0 Clermont Ferrand, second de la poule de Nationale 3L.<\/h4>\n<p>Le coach Yoann Valla (PHOTO A LA UNE) nous livre ses impressions sur ce match.<\/p>\n<ul>\n<li><em><strong>A l&rsquo;issue de ce d\u00e9placement victorieux en Auvergne constituant une belle performance, que faut il en retirer de cette rencontre ? <\/strong>\u00a0\u00bb <\/em>Nous avons \u00e9t\u00e9 surpris de l&rsquo;engagement de l&rsquo;\u00e9quipe adverse, on s&rsquo;attendait \u00e0 tout autre chose au vu de leurs diff\u00e9rentes performances, de plus ils avaient r\u00e9cup\u00e9r\u00e9 tous leurs bless\u00e9s. Apr\u00e8s une entame de match tr\u00e8s poussif (men\u00e9 9-2 apr\u00e8s 4 min) nous avons su resserrer la d\u00e9fense, ce qui nous a permis de revenir dans le match car forc\u00e9ment plus en rythme sur les phase d&rsquo;attaque. Nous prenons un peu l&rsquo;ascendant mais Clermont revient \u00e0 notre hauteur \u00e0 la <strong>mi-temps (28\/28)<\/strong>. D\u00e9s le d\u00e9but du 3\u00b0 quart nous infligeons un 15\/0 \u00e0 l&rsquo;\u00e9quipe de Clermont gr\u00e2ce notamment \u00e0 Lucas qui enfile les paniers. Ensuite nous avons su garder notre avance et m\u00eame accentu\u00e9 un peu l&rsquo;\u00e9cart en nous appuyant encore une fois sur une grosse d\u00e9fense collective\u00a0\u00bb.<\/li>\n<li><em><strong>5\u00b0 de la poule \u00e0 un match de la tr\u00eave alors que le groupe compte nombre de bless\u00e9s, le VBC s&rsquo;offre une belle cure de jouvence. A terme ce vivier ne sera-il pas difficile \u00e0 g\u00e9rer au moment de s\u00e9lectionner les 10 joueurs du match ? \u00a0\u00bb <\/strong><\/em>Encore une fois le classement reste anecdotique car toutes les \u00e9quipes de la poule se tiennent dans un mouchoir de poche, une victoire vous \u00eates dans le haut du classement, une d\u00e9faite et vous vous retrouvez avec les derniers. Cette victoire nous fait du bien mais il va falloir capitaliser \u00e0 domicile samedi prochain pour passer la tr\u00eave au chaud. C&rsquo;est sur qu&rsquo;avec le retour des bless\u00e9s, il ne faudra pas tout chambouler dans le groupe. Apr\u00e8s le deal avait \u00e9t\u00e9 clair d\u00e9s le d\u00e9but de saison, le groupe \u00e9tait constitu\u00e9 de 15 joueurs et chacun sait ce qu&rsquo;il doit faire pour apporter au groupe et le rendre meilleur encore\u00a0\u00bb.<\/li>\n<li><em><strong>Samedi 16 d\u00e9cembre \u00e0 20 heures, dernier match de l&rsquo;ann\u00e9e \u00e0 Aubert contre l\u2019IE Roche Basket Ball, quelles vont \u00eatre les objectifs outre la victoire ?<\/strong><\/em> \u00a0\u00bb Produire du beau jeu pour le public vaudais qui j&rsquo;esp\u00e8re sera nombreux au vu de nos prestations actuelles. Mais en m\u00eame temps seule la victoire est belle donc on fera tout encore une fois pour essayer de remporter le match en nous appuyant sur ce qui fait notre force actuellement\u00a0\u00bb.<\/li>\n<\/ul>\n<h4>Retrouvez l&rsquo;ACTU du club sur : <a href=\"http:\/\/www.vaulxbasketclub.fr\" target=\"_blank\" rel=\"noopener noreferrer\">http:\/\/www.vaulxbasketclub.fr<\/a><\/h4>\n","protected":false},"excerpt":{"rendered":"<p>Les seniors 1 du Vaulx Basket Club ont remport\u00e9 une nouvelle victoire, 78-62 samedi soir en d\u00e9placement \u00e0 Clermont Ferrand, second de la poule de Nationale 3L. Le coach Yoann Valla (PHOTO A LA UNE) nous livre ses impressions sur ce match. A l&rsquo;issue de ce d\u00e9placement victorieux en Auvergne constituant une belle performance, que [&hellip;]<\/p>\n","protected":false},"author":4,"featured_media":35843,"comment_status":"open","ping_status":"open","sticky":false,"template":"","format":"standard","meta":{"footnotes":""},"categories":[1357,2975,28],"tags":[],"class_list":["post-40088","post","type-post","status-publish","format-standard","has-post-thumbnail","hentry","category-basket","category-basket-hand-volley-sports","category-vaulx-en-velin"],"yoast_head":"<!-- This site is optimized with the Yoast SEO plugin v27.2 - https:\/\/yoast.com\/product\/yoast-seo-wordpress\/ -->\n<title>VAULX EN VELIN : Les impressions du coach du Vaulx Basket apr\u00e8s le succ\u00e8s \u00e0 Clermont<\/title>\n<meta name=\"description\" content=\"VAULX EN VELIN : Les impressions du coach du Vaulx Basket apr\u00e8s le succ\u00e8s \u00e0 Clermont\" \/>\n<meta name=\"robots\" content=\"index, follow, max-snippet:-1, max-image-preview:large, max-video-preview:-1\" \/>\n<link rel=\"canonical\" href=\"https:\/\/newsestlyonnais.fr\/site\/2017\/12\/11\/vaulx-velin-impressions-coach-vaulx-basket-apres-succes-a-clermont\/\" \/>\n<meta property=\"og:locale\" content=\"fr_FR\" \/>\n<meta property=\"og:type\" content=\"article\" \/>\n<meta property=\"og:title\" content=\"VAULX EN VELIN : Les impressions du coach du Vaulx Basket apr\u00e8s le succ\u00e8s \u00e0 Clermont\" \/>\n<meta property=\"og:description\" content=\"VAULX EN VELIN : Les impressions du coach du Vaulx Basket apr\u00e8s le succ\u00e8s \u00e0 Clermont\" \/>\n<meta property=\"og:url\" content=\"https:\/\/newsestlyonnais.fr\/site\/2017\/12\/11\/vaulx-velin-impressions-coach-vaulx-basket-apres-succes-a-clermont\/\" \/>\n<meta property=\"og:site_name\" content=\"News Est Lyonnais\" \/>\n<meta property=\"article:author\" content=\"https:\/\/www.facebook.com\/pascal.oberson.1?fref=ts\" \/>\n<meta property=\"article:published_time\" content=\"2017-12-11T06:50:27+00:00\" \/>\n<meta property=\"article:modified_time\" content=\"2020-11-03T15:39:00+00:00\" \/>\n<meta property=\"og:image\" content=\"https:\/\/i1.wp.com\/newsestlyonnais.fr\/site\/wp-content\/uploads\/2017\/10\/NEWSESTLYONNAIS-PORTRAIT-VALLA.jpg?fit=1000%2C750&ssl=1\" \/>\n\t<meta property=\"og:image:width\" content=\"1000\" \/>\n\t<meta property=\"og:image:height\" content=\"750\" \/>\n\t<meta property=\"og:image:type\" content=\"image\/jpeg\" \/>\n<meta name=\"author\" content=\"R\u00e9dac. NEWS\" \/>\n<meta name=\"twitter:card\" content=\"summary_large_image\" \/>\n<meta name=\"twitter:label1\" content=\"\u00c9crit par\" \/>\n\t<meta name=\"twitter:data1\" content=\"R\u00e9dac. NEWS\" \/>\n\t<meta name=\"twitter:label2\" content=\"Dur\u00e9e de lecture estim\u00e9e\" \/>\n\t<meta name=\"twitter:data2\" content=\"2 minutes\" \/>\n<script type=\"application\/ld+json\" class=\"yoast-schema-graph\">{\"@context\":\"https:\/\/schema.org\",\"@graph\":[{\"@type\":\"Article\",\"@id\":\"https:\/\/newsestlyonnais.fr\/site\/2017\/12\/11\/vaulx-velin-impressions-coach-vaulx-basket-apres-succes-a-clermont\/#article\",\"isPartOf\":{\"@id\":\"https:\/\/newsestlyonnais.fr\/site\/2017\/12\/11\/vaulx-velin-impressions-coach-vaulx-basket-apres-succes-a-clermont\/\"},\"author\":{\"name\":\"R\u00e9dac. NEWS\",\"@id\":\"https:\/\/newsestlyonnais.fr\/site\/#\/schema\/person\/3230d5615f390bb808365d673001e887\"},\"headline\":\"VAULX-EN-VELIN | Impressions du coach des seniors du Vaulx Basket apr\u00e8s le succ\u00e8s \u00e0 Clermont\",\"datePublished\":\"2017-12-11T06:50:27+00:00\",\"dateModified\":\"2020-11-03T15:39:00+00:00\",\"mainEntityOfPage\":{\"@id\":\"https:\/\/newsestlyonnais.fr\/site\/2017\/12\/11\/vaulx-velin-impressions-coach-vaulx-basket-apres-succes-a-clermont\/\"},\"wordCount\":468,\"commentCount\":0,\"publisher\":{\"@id\":\"https:\/\/newsestlyonnais.fr\/site\/#organization\"},\"image\":{\"@id\":\"https:\/\/newsestlyonnais.fr\/site\/2017\/12\/11\/vaulx-velin-impressions-coach-vaulx-basket-apres-succes-a-clermont\/#primaryimage\"},\"thumbnailUrl\":\"https:\/\/newsestlyonnais.fr\/site\/wp-content\/uploads\/2017\/10\/NEWSESTLYONNAIS-PORTRAIT-VALLA.jpg\",\"articleSection\":[\"Basket\",\"Basket | Hand | Volley\",\"Vaulx-en-Velin\"],\"inLanguage\":\"fr-FR\",\"potentialAction\":[{\"@type\":\"CommentAction\",\"name\":\"Comment\",\"target\":[\"https:\/\/newsestlyonnais.fr\/site\/2017\/12\/11\/vaulx-velin-impressions-coach-vaulx-basket-apres-succes-a-clermont\/#respond\"]}]},{\"@type\":\"WebPage\",\"@id\":\"https:\/\/newsestlyonnais.fr\/site\/2017\/12\/11\/vaulx-velin-impressions-coach-vaulx-basket-apres-succes-a-clermont\/\",\"url\":\"https:\/\/newsestlyonnais.fr\/site\/2017\/12\/11\/vaulx-velin-impressions-coach-vaulx-basket-apres-succes-a-clermont\/\",\"name\":\"VAULX EN VELIN : Les impressions du coach du Vaulx Basket apr\u00e8s le succ\u00e8s \u00e0 Clermont\",\"isPartOf\":{\"@id\":\"https:\/\/newsestlyonnais.fr\/site\/#website\"},\"primaryImageOfPage\":{\"@id\":\"https:\/\/newsestlyonnais.fr\/site\/2017\/12\/11\/vaulx-velin-impressions-coach-vaulx-basket-apres-succes-a-clermont\/#primaryimage\"},\"image\":{\"@id\":\"https:\/\/newsestlyonnais.fr\/site\/2017\/12\/11\/vaulx-velin-impressions-coach-vaulx-basket-apres-succes-a-clermont\/#primaryimage\"},\"thumbnailUrl\":\"https:\/\/newsestlyonnais.fr\/site\/wp-content\/uploads\/2017\/10\/NEWSESTLYONNAIS-PORTRAIT-VALLA.jpg\",\"datePublished\":\"2017-12-11T06:50:27+00:00\",\"dateModified\":\"2020-11-03T15:39:00+00:00\",\"description\":\"VAULX EN VELIN : Les impressions du coach du Vaulx Basket apr\u00e8s le succ\u00e8s \u00e0 Clermont\",\"breadcrumb\":{\"@id\":\"https:\/\/newsestlyonnais.fr\/site\/2017\/12\/11\/vaulx-velin-impressions-coach-vaulx-basket-apres-succes-a-clermont\/#breadcrumb\"},\"inLanguage\":\"fr-FR\",\"potentialAction\":[{\"@type\":\"ReadAction\",\"target\":[\"https:\/\/newsestlyonnais.fr\/site\/2017\/12\/11\/vaulx-velin-impressions-coach-vaulx-basket-apres-succes-a-clermont\/\"]}]},{\"@type\":\"ImageObject\",\"inLanguage\":\"fr-FR\",\"@id\":\"https:\/\/newsestlyonnais.fr\/site\/2017\/12\/11\/vaulx-velin-impressions-coach-vaulx-basket-apres-succes-a-clermont\/#primaryimage\",\"url\":\"https:\/\/newsestlyonnais.fr\/site\/wp-content\/uploads\/2017\/10\/NEWSESTLYONNAIS-PORTRAIT-VALLA.jpg\",\"contentUrl\":\"https:\/\/newsestlyonnais.fr\/site\/wp-content\/uploads\/2017\/10\/NEWSESTLYONNAIS-PORTRAIT-VALLA.jpg\",\"width\":1000,\"height\":750,\"caption\":\"NEWSESTLYONNAIS PORTRAIT VALLA\"},{\"@type\":\"BreadcrumbList\",\"@id\":\"https:\/\/newsestlyonnais.fr\/site\/2017\/12\/11\/vaulx-velin-impressions-coach-vaulx-basket-apres-succes-a-clermont\/#breadcrumb\",\"itemListElement\":[{\"@type\":\"ListItem\",\"position\":1,\"name\":\"Accueil\",\"item\":\"https:\/\/newsestlyonnais.fr\/site\/\"},{\"@type\":\"ListItem\",\"position\":2,\"name\":\"VAULX-EN-VELIN | Impressions du coach des seniors du Vaulx Basket apr\u00e8s le succ\u00e8s \u00e0 Clermont\"}]},{\"@type\":\"WebSite\",\"@id\":\"https:\/\/newsestlyonnais.fr\/site\/#website\",\"url\":\"https:\/\/newsestlyonnais.fr\/site\/\",\"name\":\"News Est Lyonnais\",\"description\":\"L&#039;actualit\u00e9 au plus pr\u00e8s\",\"publisher\":{\"@id\":\"https:\/\/newsestlyonnais.fr\/site\/#organization\"},\"potentialAction\":[{\"@type\":\"SearchAction\",\"target\":{\"@type\":\"EntryPoint\",\"urlTemplate\":\"https:\/\/newsestlyonnais.fr\/site\/?s={search_term_string}\"},\"query-input\":{\"@type\":\"PropertyValueSpecification\",\"valueRequired\":true,\"valueName\":\"search_term_string\"}}],\"inLanguage\":\"fr-FR\"},{\"@type\":\"Organization\",\"@id\":\"https:\/\/newsestlyonnais.fr\/site\/#organization\",\"name\":\"News EST LYONNAIS\",\"url\":\"https:\/\/newsestlyonnais.fr\/site\/\",\"logo\":{\"@type\":\"ImageObject\",\"inLanguage\":\"fr-FR\",\"@id\":\"https:\/\/newsestlyonnais.fr\/site\/#\/schema\/logo\/image\/\",\"url\":\"\",\"contentUrl\":\"\",\"caption\":\"News EST LYONNAIS\"},\"image\":{\"@id\":\"https:\/\/newsestlyonnais.fr\/site\/#\/schema\/logo\/image\/\"}},{\"@type\":\"Person\",\"@id\":\"https:\/\/newsestlyonnais.fr\/site\/#\/schema\/person\/3230d5615f390bb808365d673001e887\",\"name\":\"R\u00e9dac. NEWS\",\"sameAs\":[\"http:\/\/www.newsestlyonnais.fr\",\"https:\/\/www.facebook.com\/pascal.oberson.1?fref=ts\",\"https:\/\/fr.linkedin.com\/in\/pascal-oberson-b17045113\"],\"url\":\"https:\/\/newsestlyonnais.fr\/site\/author\/nel\/\"}]}<\/script>\n<!-- \/ Yoast SEO plugin. -->","yoast_head_json":{"title":"VAULX EN VELIN : Les impressions du coach du Vaulx Basket apr\u00e8s le succ\u00e8s \u00e0 Clermont","description":"VAULX EN VELIN : Les impressions du coach du Vaulx Basket apr\u00e8s le succ\u00e8s \u00e0 Clermont","robots":{"index":"index","follow":"follow","max-snippet":"max-snippet:-1","max-image-preview":"max-image-preview:large","max-video-preview":"max-video-preview:-1"},"canonical":"https:\/\/newsestlyonnais.fr\/site\/2017\/12\/11\/vaulx-velin-impressions-coach-vaulx-basket-apres-succes-a-clermont\/","og_locale":"fr_FR","og_type":"article","og_title":"VAULX EN VELIN : Les impressions du coach du Vaulx Basket apr\u00e8s le succ\u00e8s \u00e0 Clermont","og_description":"VAULX EN VELIN : Les impressions du coach du Vaulx Basket apr\u00e8s le succ\u00e8s \u00e0 Clermont","og_url":"https:\/\/newsestlyonnais.fr\/site\/2017\/12\/11\/vaulx-velin-impressions-coach-vaulx-basket-apres-succes-a-clermont\/","og_site_name":"News Est Lyonnais","article_author":"https:\/\/www.facebook.com\/pascal.oberson.1?fref=ts","article_published_time":"2017-12-11T06:50:27+00:00","article_modified_time":"2020-11-03T15:39:00+00:00","og_image":[{"width":1000,"height":750,"url":"https:\/\/i1.wp.com\/newsestlyonnais.fr\/site\/wp-content\/uploads\/2017\/10\/NEWSESTLYONNAIS-PORTRAIT-VALLA.jpg?fit=1000%2C750&ssl=1","type":"image\/jpeg"}],"author":"R\u00e9dac. NEWS","twitter_card":"summary_large_image","twitter_misc":{"\u00c9crit par":"R\u00e9dac. NEWS","Dur\u00e9e de lecture estim\u00e9e":"2 minutes"},"schema":{"@context":"https:\/\/schema.org","@graph":[{"@type":"Article","@id":"https:\/\/newsestlyonnais.fr\/site\/2017\/12\/11\/vaulx-velin-impressions-coach-vaulx-basket-apres-succes-a-clermont\/#article","isPartOf":{"@id":"https:\/\/newsestlyonnais.fr\/site\/2017\/12\/11\/vaulx-velin-impressions-coach-vaulx-basket-apres-succes-a-clermont\/"},"author":{"name":"R\u00e9dac. NEWS","@id":"https:\/\/newsestlyonnais.fr\/site\/#\/schema\/person\/3230d5615f390bb808365d673001e887"},"headline":"VAULX-EN-VELIN | Impressions du coach des seniors du Vaulx Basket apr\u00e8s le succ\u00e8s \u00e0 Clermont","datePublished":"2017-12-11T06:50:27+00:00","dateModified":"2020-11-03T15:39:00+00:00","mainEntityOfPage":{"@id":"https:\/\/newsestlyonnais.fr\/site\/2017\/12\/11\/vaulx-velin-impressions-coach-vaulx-basket-apres-succes-a-clermont\/"},"wordCount":468,"commentCount":0,"publisher":{"@id":"https:\/\/newsestlyonnais.fr\/site\/#organization"},"image":{"@id":"https:\/\/newsestlyonnais.fr\/site\/2017\/12\/11\/vaulx-velin-impressions-coach-vaulx-basket-apres-succes-a-clermont\/#primaryimage"},"thumbnailUrl":"https:\/\/newsestlyonnais.fr\/site\/wp-content\/uploads\/2017\/10\/NEWSESTLYONNAIS-PORTRAIT-VALLA.jpg","articleSection":["Basket","Basket | Hand | Volley","Vaulx-en-Velin"],"inLanguage":"fr-FR","potentialAction":[{"@type":"CommentAction","name":"Comment","target":["https:\/\/newsestlyonnais.fr\/site\/2017\/12\/11\/vaulx-velin-impressions-coach-vaulx-basket-apres-succes-a-clermont\/#respond"]}]},{"@type":"WebPage","@id":"https:\/\/newsestlyonnais.fr\/site\/2017\/12\/11\/vaulx-velin-impressions-coach-vaulx-basket-apres-succes-a-clermont\/","url":"https:\/\/newsestlyonnais.fr\/site\/2017\/12\/11\/vaulx-velin-impressions-coach-vaulx-basket-apres-succes-a-clermont\/","name":"VAULX EN VELIN : Les impressions du coach du Vaulx Basket apr\u00e8s le succ\u00e8s \u00e0 Clermont","isPartOf":{"@id":"https:\/\/newsestlyonnais.fr\/site\/#website"},"primaryImageOfPage":{"@id":"https:\/\/newsestlyonnais.fr\/site\/2017\/12\/11\/vaulx-velin-impressions-coach-vaulx-basket-apres-succes-a-clermont\/#primaryimage"},"image":{"@id":"https:\/\/newsestlyonnais.fr\/site\/2017\/12\/11\/vaulx-velin-impressions-coach-vaulx-basket-apres-succes-a-clermont\/#primaryimage"},"thumbnailUrl":"https:\/\/newsestlyonnais.fr\/site\/wp-content\/uploads\/2017\/10\/NEWSESTLYONNAIS-PORTRAIT-VALLA.jpg","datePublished":"2017-12-11T06:50:27+00:00","dateModified":"2020-11-03T15:39:00+00:00","description":"VAULX EN VELIN : Les impressions du coach du Vaulx Basket apr\u00e8s le succ\u00e8s \u00e0 Clermont","breadcrumb":{"@id":"https:\/\/newsestlyonnais.fr\/site\/2017\/12\/11\/vaulx-velin-impressions-coach-vaulx-basket-apres-succes-a-clermont\/#breadcrumb"},"inLanguage":"fr-FR","potentialAction":[{"@type":"ReadAction","target":["https:\/\/newsestlyonnais.fr\/site\/2017\/12\/11\/vaulx-velin-impressions-coach-vaulx-basket-apres-succes-a-clermont\/"]}]},{"@type":"ImageObject","inLanguage":"fr-FR","@id":"https:\/\/newsestlyonnais.fr\/site\/2017\/12\/11\/vaulx-velin-impressions-coach-vaulx-basket-apres-succes-a-clermont\/#primaryimage","url":"https:\/\/newsestlyonnais.fr\/site\/wp-content\/uploads\/2017\/10\/NEWSESTLYONNAIS-PORTRAIT-VALLA.jpg","contentUrl":"https:\/\/newsestlyonnais.fr\/site\/wp-content\/uploads\/2017\/10\/NEWSESTLYONNAIS-PORTRAIT-VALLA.jpg","width":1000,"height":750,"caption":"NEWSESTLYONNAIS PORTRAIT VALLA"},{"@type":"BreadcrumbList","@id":"https:\/\/newsestlyonnais.fr\/site\/2017\/12\/11\/vaulx-velin-impressions-coach-vaulx-basket-apres-succes-a-clermont\/#breadcrumb","itemListElement":[{"@type":"ListItem","position":1,"name":"Accueil","item":"https:\/\/newsestlyonnais.fr\/site\/"},{"@type":"ListItem","position":2,"name":"VAULX-EN-VELIN | Impressions du coach des seniors du Vaulx Basket apr\u00e8s le succ\u00e8s \u00e0 Clermont"}]},{"@type":"WebSite","@id":"https:\/\/newsestlyonnais.fr\/site\/#website","url":"https:\/\/newsestlyonnais.fr\/site\/","name":"News Est Lyonnais","description":"L&#039;actualit\u00e9 au plus pr\u00e8s","publisher":{"@id":"https:\/\/newsestlyonnais.fr\/site\/#organization"},"potentialAction":[{"@type":"SearchAction","target":{"@type":"EntryPoint","urlTemplate":"https:\/\/newsestlyonnais.fr\/site\/?s={search_term_string}"},"query-input":{"@type":"PropertyValueSpecification","valueRequired":true,"valueName":"search_term_string"}}],"inLanguage":"fr-FR"},{"@type":"Organization","@id":"https:\/\/newsestlyonnais.fr\/site\/#organization","name":"News EST LYONNAIS","url":"https:\/\/newsestlyonnais.fr\/site\/","logo":{"@type":"ImageObject","inLanguage":"fr-FR","@id":"https:\/\/newsestlyonnais.fr\/site\/#\/schema\/logo\/image\/","url":"","contentUrl":"","caption":"News EST LYONNAIS"},"image":{"@id":"https:\/\/newsestlyonnais.fr\/site\/#\/schema\/logo\/image\/"}},{"@type":"Person","@id":"https:\/\/newsestlyonnais.fr\/site\/#\/schema\/person\/3230d5615f390bb808365d673001e887","name":"R\u00e9dac. NEWS","sameAs":["http:\/\/www.newsestlyonnais.fr","https:\/\/www.facebook.com\/pascal.oberson.1?fref=ts","https:\/\/fr.linkedin.com\/in\/pascal-oberson-b17045113"],"url":"https:\/\/newsestlyonnais.fr\/site\/author\/nel\/"}]}},"_links":{"self":[{"href":"https:\/\/newsestlyonnais.fr\/site\/wp-json\/wp\/v2\/posts\/40088","targetHints":{"allow":["GET"]}}],"collection":[{"href":"https:\/\/newsestlyonnais.fr\/site\/wp-json\/wp\/v2\/posts"}],"about":[{"href":"https:\/\/newsestlyonnais.fr\/site\/wp-json\/wp\/v2\/types\/post"}],"author":[{"embeddable":true,"href":"https:\/\/newsestlyonnais.fr\/site\/wp-json\/wp\/v2\/users\/4"}],"replies":[{"embeddable":true,"href":"https:\/\/newsestlyonnais.fr\/site\/wp-json\/wp\/v2\/comments?post=40088"}],"version-history":[{"count":0,"href":"https:\/\/newsestlyonnais.fr\/site\/wp-json\/wp\/v2\/posts\/40088\/revisions"}],"wp:featuredmedia":[{"embeddable":true,"href":"https:\/\/newsestlyonnais.fr\/site\/wp-json\/wp\/v2\/media\/35843"}],"wp:attachment":[{"href":"https:\/\/newsestlyonnais.fr\/site\/wp-json\/wp\/v2\/media?parent=40088"}],"wp:term":[{"taxonomy":"category","embeddable":true,"href":"https:\/\/newsestlyonnais.fr\/site\/wp-json\/wp\/v2\/categories?post=40088"},{"taxonomy":"post_tag","embeddable":true,"href":"https:\/\/newsestlyonnais.fr\/site\/wp-json\/wp\/v2\/tags?post=40088"}],"curies":[{"name":"wp","href":"https:\/\/api.w.org\/{rel}","templated":true}]}}