{"id":40405,"date":"2017-12-16T08:10:23","date_gmt":"2017-12-16T07:10:23","guid":{"rendered":"http:\/\/newsestlyonnais.fr\/site\/?p=40405"},"modified":"2021-09-16T14:45:07","modified_gmt":"2021-09-16T13:45:07","slug":"genas-la-savate-boxe-francaise-a-fete-le-noel-des-enfants-du-club","status":"publish","type":"post","link":"https:\/\/newsestlyonnais.fr\/site\/2017\/12\/16\/genas-la-savate-boxe-francaise-a-fete-le-noel-des-enfants-du-club\/","title":{"rendered":"GENAS | La savate boxe fran\u00e7aise a f\u00eat\u00e9 le No\u00ebl des enfants du club"},"content":{"rendered":"<h4>Pas d&rsquo;entrainement vendredi soir pour les enfants licenci\u00e9s au club de Savate Boxe Fran\u00e7aise mais s\u00e9ance grand public devant les parents pour d\u00e9montrer les progr\u00e8s enregistr\u00e9s depuis le d\u00e9but de saison.<\/h4>\n<p>Des assauts libres et encadr\u00e9s qui ont permis \u00e0 la cinquantaine d&rsquo;enfants du club de s&rsquo;exprimer pleinement avant de recevoir des petits cadeaux distribu\u00e9s par leurs \u00e9ducateurs.<\/p>\n<p><img loading=\"lazy\" decoding=\"async\" class=\"alignleft size-full wp-image-23750\" src=\"https:\/\/newsestlyonnais.fr\/site\/medias\/2017\/03\/NEWSESTLYONNAIS-MICRO.png\" alt=\"NEWSESTLYONNAIS MICRO\" width=\"250\" height=\"150\" \/><strong>St\u00e9phane Legrand, pr\u00e9sident du club genassien<\/strong> a profit\u00e9 de cette s\u00e9ance pour faire le point sur la premi\u00e8re partie de saison : \u00a0\u00bb Cette une ann\u00e9e de transition o\u00f9 nous avons vu l&rsquo;arriv\u00e9e de plusieurs adultes venus d&rsquo;autres clubs de la r\u00e9gion. On constate un bon niveau technique et c&rsquo;est une bonne pr\u00e9paration en vue de la saison prochaine. Au niveau effectif, on enregistre toujours des arriv\u00e9es et on devrait encore arriver au cap des 300. Le record de l&rsquo;an dernier sera sans doute battu cette ann\u00e9e. A noter que 114 f\u00e9minines sont licenci\u00e9es et principalement en loisirs\u00a0\u00bb.<\/p>\n<p><strong>NOTA<\/strong>: dans l&rsquo;agenda du club :<\/p>\n<ul>\n<li>samedi 13 Janvier 2018 \u00e0 Saint Pierre de Chandieu : Challenge 3\u00b0 s\u00e9rie &amp; s\u00e9lection jeunes<\/li>\n<li>samedi 24 mars 2018 : organisation interclubs enfants<\/li>\n<\/ul>\n<h4>&#8211; Retrouvez l\u2019 ACTU du club sur : <a href=\"http:\/\/www.sbfgenas.com\" target=\"_blank\" rel=\"noopener noreferrer\">http:\/\/www.sbfgenas.com<\/a><\/h4>\n<div id='gallery-1' class='gallery galleryid-40405 gallery-columns-3 gallery-size-thumbnail'><figure class='gallery-item'>\n\t\t\t<div class='gallery-icon landscape'>\n\t\t\t\t<a href='https:\/\/newsestlyonnais.fr\/site\/2017\/12\/16\/genas-la-savate-boxe-francaise-a-fete-le-noel-des-enfants-du-club\/newsestlyonnais-boxe-frse-genas-enf\/'><img loading=\"lazy\" decoding=\"async\" width=\"150\" height=\"150\" src=\"https:\/\/newsestlyonnais.fr\/site\/wp-content\/uploads\/2017\/12\/NEWSESTLYONNAIS-boxe-frse-genas-enf-150x150.jpg\" class=\"attachment-thumbnail size-thumbnail\" alt=\"NEWSESTLYONNAIS - boxe frse genas enf\" aria-describedby=\"gallery-1-40413\" \/><\/a>\n\t\t\t<\/div>\n\t\t\t\t<figcaption class='wp-caption-text gallery-caption' id='gallery-1-40413'>\n\t\t\t\tLes enfants apr\u00e8s la s\u00e9ance d&rsquo;assauts attendant les cadeaux offerts par le club\n\t\t\t\t<\/figcaption><\/figure><figure class='gallery-item'>\n\t\t\t<div class='gallery-icon landscape'>\n\t\t\t\t<a href='https:\/\/newsestlyonnais.fr\/site\/2017\/12\/16\/genas-la-savate-boxe-francaise-a-fete-le-noel-des-enfants-du-club\/newsestlyonnais-parents-boxe-frse\/'><img loading=\"lazy\" decoding=\"async\" width=\"150\" height=\"150\" src=\"https:\/\/newsestlyonnais.fr\/site\/wp-content\/uploads\/2017\/12\/NEWSESTLYONNAIS-PARENTS-BOXE-FRSE-150x150.jpg\" class=\"attachment-thumbnail size-thumbnail\" alt=\"NEWSESTLYONNAIS - PARENTS BOXE FRSE\" aria-describedby=\"gallery-1-40414\" \/><\/a>\n\t\t\t<\/div>\n\t\t\t\t<figcaption class='wp-caption-text gallery-caption' id='gallery-1-40414'>\n\t\t\t\tLes parents venus nombreux pour assister aux assauts des enfants\n\t\t\t\t<\/figcaption><\/figure>\n\t\t<\/div>\n\n","protected":false},"excerpt":{"rendered":"<p>Pas d&rsquo;entrainement vendredi soir pour les enfants licenci\u00e9s au club de Savate Boxe Fran\u00e7aise mais s\u00e9ance grand public devant les parents pour d\u00e9montrer les progr\u00e8s enregistr\u00e9s depuis le d\u00e9but de saison. Des assauts libres et encadr\u00e9s qui ont permis \u00e0 la cinquantaine d&rsquo;enfants du club de s&rsquo;exprimer pleinement avant de recevoir des petits cadeaux distribu\u00e9s [&hellip;]<\/p>\n","protected":false},"author":4,"featured_media":40407,"comment_status":"open","ping_status":"open","sticky":false,"template":"","format":"standard","meta":{"footnotes":""},"categories":[574,3895,270,166,171,1598],"tags":[],"class_list":["post-40405","post","type-post","status-publish","format-standard","has-post-thumbnail","hentry","category-autres-sports","category-boxe","category-cte-de-communes-c-c-e-l","category-divers-sports","category-enfance-jeunesse","category-genas"],"yoast_head":"<!-- This site is optimized with the Yoast SEO plugin v27.2 - https:\/\/yoast.com\/product\/yoast-seo-wordpress\/ -->\n<title>GENAS : La savate boxe fran\u00e7aise a f\u00eat\u00e9 le No\u00ebl des enfants du club<\/title>\n<meta name=\"description\" content=\"GENAS : La savate boxe fran\u00e7aise a f\u00eat\u00e9 le No\u00ebl des enfants du club\" \/>\n<meta name=\"robots\" content=\"index, follow, max-snippet:-1, max-image-preview:large, max-video-preview:-1\" \/>\n<link rel=\"canonical\" href=\"https:\/\/newsestlyonnais.fr\/site\/2017\/12\/16\/genas-la-savate-boxe-francaise-a-fete-le-noel-des-enfants-du-club\/\" \/>\n<meta property=\"og:locale\" content=\"fr_FR\" \/>\n<meta property=\"og:type\" content=\"article\" \/>\n<meta property=\"og:title\" content=\"GENAS : La savate boxe fran\u00e7aise a f\u00eat\u00e9 le No\u00ebl des enfants du club\" \/>\n<meta property=\"og:description\" content=\"GENAS : La savate boxe fran\u00e7aise a f\u00eat\u00e9 le No\u00ebl des enfants du club\" \/>\n<meta property=\"og:url\" content=\"https:\/\/newsestlyonnais.fr\/site\/2017\/12\/16\/genas-la-savate-boxe-francaise-a-fete-le-noel-des-enfants-du-club\/\" \/>\n<meta property=\"og:site_name\" content=\"News Est Lyonnais\" \/>\n<meta property=\"article:author\" content=\"https:\/\/www.facebook.com\/pascal.oberson.1?fref=ts\" \/>\n<meta property=\"article:published_time\" content=\"2017-12-16T07:10:23+00:00\" \/>\n<meta property=\"article:modified_time\" content=\"2021-09-16T13:45:07+00:00\" \/>\n<meta property=\"og:image\" content=\"https:\/\/i1.wp.com\/newsestlyonnais.fr\/site\/wp-content\/uploads\/2017\/12\/NEWSESTLYONNAIS-NOEL-BO-FRSE-GENAS.jpg?fit=2048%2C1536&ssl=1\" \/>\n\t<meta property=\"og:image:width\" content=\"2048\" \/>\n\t<meta property=\"og:image:height\" content=\"1536\" \/>\n\t<meta property=\"og:image:type\" content=\"image\/jpeg\" \/>\n<meta name=\"author\" content=\"R\u00e9dac. NEWS\" \/>\n<meta name=\"twitter:card\" content=\"summary_large_image\" \/>\n<meta name=\"twitter:label1\" content=\"\u00c9crit par\" \/>\n\t<meta name=\"twitter:data1\" content=\"R\u00e9dac. NEWS\" \/>\n\t<meta name=\"twitter:label2\" content=\"Dur\u00e9e de lecture estim\u00e9e\" \/>\n\t<meta name=\"twitter:data2\" content=\"1 minute\" \/>\n<script type=\"application\/ld+json\" class=\"yoast-schema-graph\">{\"@context\":\"https:\/\/schema.org\",\"@graph\":[{\"@type\":\"Article\",\"@id\":\"https:\/\/newsestlyonnais.fr\/site\/2017\/12\/16\/genas-la-savate-boxe-francaise-a-fete-le-noel-des-enfants-du-club\/#article\",\"isPartOf\":{\"@id\":\"https:\/\/newsestlyonnais.fr\/site\/2017\/12\/16\/genas-la-savate-boxe-francaise-a-fete-le-noel-des-enfants-du-club\/\"},\"author\":{\"name\":\"R\u00e9dac. NEWS\",\"@id\":\"https:\/\/newsestlyonnais.fr\/site\/#\/schema\/person\/3230d5615f390bb808365d673001e887\"},\"headline\":\"GENAS | La savate boxe fran\u00e7aise a f\u00eat\u00e9 le No\u00ebl des enfants du club\",\"datePublished\":\"2017-12-16T07:10:23+00:00\",\"dateModified\":\"2021-09-16T13:45:07+00:00\",\"mainEntityOfPage\":{\"@id\":\"https:\/\/newsestlyonnais.fr\/site\/2017\/12\/16\/genas-la-savate-boxe-francaise-a-fete-le-noel-des-enfants-du-club\/\"},\"wordCount\":234,\"commentCount\":0,\"publisher\":{\"@id\":\"https:\/\/newsestlyonnais.fr\/site\/#organization\"},\"image\":{\"@id\":\"https:\/\/newsestlyonnais.fr\/site\/2017\/12\/16\/genas-la-savate-boxe-francaise-a-fete-le-noel-des-enfants-du-club\/#primaryimage\"},\"thumbnailUrl\":\"https:\/\/newsestlyonnais.fr\/site\/wp-content\/uploads\/2017\/12\/NEWSESTLYONNAIS-NOEL-BO-FRSE-GENAS.jpg\",\"articleSection\":[\"Autres sports\",\"Boxe\",\"CCEL | Communes\",\"Divers Sports\",\"Enfance | Jeunesse\",\"Genas\"],\"inLanguage\":\"fr-FR\",\"potentialAction\":[{\"@type\":\"CommentAction\",\"name\":\"Comment\",\"target\":[\"https:\/\/newsestlyonnais.fr\/site\/2017\/12\/16\/genas-la-savate-boxe-francaise-a-fete-le-noel-des-enfants-du-club\/#respond\"]}]},{\"@type\":\"WebPage\",\"@id\":\"https:\/\/newsestlyonnais.fr\/site\/2017\/12\/16\/genas-la-savate-boxe-francaise-a-fete-le-noel-des-enfants-du-club\/\",\"url\":\"https:\/\/newsestlyonnais.fr\/site\/2017\/12\/16\/genas-la-savate-boxe-francaise-a-fete-le-noel-des-enfants-du-club\/\",\"name\":\"GENAS : La savate boxe fran\u00e7aise a f\u00eat\u00e9 le No\u00ebl des enfants du club\",\"isPartOf\":{\"@id\":\"https:\/\/newsestlyonnais.fr\/site\/#website\"},\"primaryImageOfPage\":{\"@id\":\"https:\/\/newsestlyonnais.fr\/site\/2017\/12\/16\/genas-la-savate-boxe-francaise-a-fete-le-noel-des-enfants-du-club\/#primaryimage\"},\"image\":{\"@id\":\"https:\/\/newsestlyonnais.fr\/site\/2017\/12\/16\/genas-la-savate-boxe-francaise-a-fete-le-noel-des-enfants-du-club\/#primaryimage\"},\"thumbnailUrl\":\"https:\/\/newsestlyonnais.fr\/site\/wp-content\/uploads\/2017\/12\/NEWSESTLYONNAIS-NOEL-BO-FRSE-GENAS.jpg\",\"datePublished\":\"2017-12-16T07:10:23+00:00\",\"dateModified\":\"2021-09-16T13:45:07+00:00\",\"description\":\"GENAS : La savate boxe fran\u00e7aise a f\u00eat\u00e9 le No\u00ebl des enfants du club\",\"breadcrumb\":{\"@id\":\"https:\/\/newsestlyonnais.fr\/site\/2017\/12\/16\/genas-la-savate-boxe-francaise-a-fete-le-noel-des-enfants-du-club\/#breadcrumb\"},\"inLanguage\":\"fr-FR\",\"potentialAction\":[{\"@type\":\"ReadAction\",\"target\":[\"https:\/\/newsestlyonnais.fr\/site\/2017\/12\/16\/genas-la-savate-boxe-francaise-a-fete-le-noel-des-enfants-du-club\/\"]}]},{\"@type\":\"ImageObject\",\"inLanguage\":\"fr-FR\",\"@id\":\"https:\/\/newsestlyonnais.fr\/site\/2017\/12\/16\/genas-la-savate-boxe-francaise-a-fete-le-noel-des-enfants-du-club\/#primaryimage\",\"url\":\"https:\/\/newsestlyonnais.fr\/site\/wp-content\/uploads\/2017\/12\/NEWSESTLYONNAIS-NOEL-BO-FRSE-GENAS.jpg\",\"contentUrl\":\"https:\/\/newsestlyonnais.fr\/site\/wp-content\/uploads\/2017\/12\/NEWSESTLYONNAIS-NOEL-BO-FRSE-GENAS.jpg\",\"width\":2048,\"height\":1536,\"caption\":\"NEWSESTLYONNAIS NOEL BO FRSE GENAS\"},{\"@type\":\"BreadcrumbList\",\"@id\":\"https:\/\/newsestlyonnais.fr\/site\/2017\/12\/16\/genas-la-savate-boxe-francaise-a-fete-le-noel-des-enfants-du-club\/#breadcrumb\",\"itemListElement\":[{\"@type\":\"ListItem\",\"position\":1,\"name\":\"Accueil\",\"item\":\"https:\/\/newsestlyonnais.fr\/site\/\"},{\"@type\":\"ListItem\",\"position\":2,\"name\":\"GENAS | La savate boxe fran\u00e7aise a f\u00eat\u00e9 le No\u00ebl des enfants du club\"}]},{\"@type\":\"WebSite\",\"@id\":\"https:\/\/newsestlyonnais.fr\/site\/#website\",\"url\":\"https:\/\/newsestlyonnais.fr\/site\/\",\"name\":\"News Est Lyonnais\",\"description\":\"L&#039;actualit\u00e9 au plus pr\u00e8s\",\"publisher\":{\"@id\":\"https:\/\/newsestlyonnais.fr\/site\/#organization\"},\"potentialAction\":[{\"@type\":\"SearchAction\",\"target\":{\"@type\":\"EntryPoint\",\"urlTemplate\":\"https:\/\/newsestlyonnais.fr\/site\/?s={search_term_string}\"},\"query-input\":{\"@type\":\"PropertyValueSpecification\",\"valueRequired\":true,\"valueName\":\"search_term_string\"}}],\"inLanguage\":\"fr-FR\"},{\"@type\":\"Organization\",\"@id\":\"https:\/\/newsestlyonnais.fr\/site\/#organization\",\"name\":\"News EST LYONNAIS\",\"url\":\"https:\/\/newsestlyonnais.fr\/site\/\",\"logo\":{\"@type\":\"ImageObject\",\"inLanguage\":\"fr-FR\",\"@id\":\"https:\/\/newsestlyonnais.fr\/site\/#\/schema\/logo\/image\/\",\"url\":\"\",\"contentUrl\":\"\",\"caption\":\"News EST LYONNAIS\"},\"image\":{\"@id\":\"https:\/\/newsestlyonnais.fr\/site\/#\/schema\/logo\/image\/\"}},{\"@type\":\"Person\",\"@id\":\"https:\/\/newsestlyonnais.fr\/site\/#\/schema\/person\/3230d5615f390bb808365d673001e887\",\"name\":\"R\u00e9dac. NEWS\",\"sameAs\":[\"http:\/\/www.newsestlyonnais.fr\",\"https:\/\/www.facebook.com\/pascal.oberson.1?fref=ts\",\"https:\/\/fr.linkedin.com\/in\/pascal-oberson-b17045113\"],\"url\":\"https:\/\/newsestlyonnais.fr\/site\/author\/nel\/\"}]}<\/script>\n<!-- \/ Yoast SEO plugin. -->","yoast_head_json":{"title":"GENAS : La savate boxe fran\u00e7aise a f\u00eat\u00e9 le No\u00ebl des enfants du club","description":"GENAS : La savate boxe fran\u00e7aise a f\u00eat\u00e9 le No\u00ebl des enfants du club","robots":{"index":"index","follow":"follow","max-snippet":"max-snippet:-1","max-image-preview":"max-image-preview:large","max-video-preview":"max-video-preview:-1"},"canonical":"https:\/\/newsestlyonnais.fr\/site\/2017\/12\/16\/genas-la-savate-boxe-francaise-a-fete-le-noel-des-enfants-du-club\/","og_locale":"fr_FR","og_type":"article","og_title":"GENAS : La savate boxe fran\u00e7aise a f\u00eat\u00e9 le No\u00ebl des enfants du club","og_description":"GENAS : La savate boxe fran\u00e7aise a f\u00eat\u00e9 le No\u00ebl des enfants du club","og_url":"https:\/\/newsestlyonnais.fr\/site\/2017\/12\/16\/genas-la-savate-boxe-francaise-a-fete-le-noel-des-enfants-du-club\/","og_site_name":"News Est Lyonnais","article_author":"https:\/\/www.facebook.com\/pascal.oberson.1?fref=ts","article_published_time":"2017-12-16T07:10:23+00:00","article_modified_time":"2021-09-16T13:45:07+00:00","og_image":[{"width":2048,"height":1536,"url":"https:\/\/i1.wp.com\/newsestlyonnais.fr\/site\/wp-content\/uploads\/2017\/12\/NEWSESTLYONNAIS-NOEL-BO-FRSE-GENAS.jpg?fit=2048%2C1536&ssl=1","type":"image\/jpeg"}],"author":"R\u00e9dac. NEWS","twitter_card":"summary_large_image","twitter_misc":{"\u00c9crit par":"R\u00e9dac. NEWS","Dur\u00e9e de lecture estim\u00e9e":"1 minute"},"schema":{"@context":"https:\/\/schema.org","@graph":[{"@type":"Article","@id":"https:\/\/newsestlyonnais.fr\/site\/2017\/12\/16\/genas-la-savate-boxe-francaise-a-fete-le-noel-des-enfants-du-club\/#article","isPartOf":{"@id":"https:\/\/newsestlyonnais.fr\/site\/2017\/12\/16\/genas-la-savate-boxe-francaise-a-fete-le-noel-des-enfants-du-club\/"},"author":{"name":"R\u00e9dac. NEWS","@id":"https:\/\/newsestlyonnais.fr\/site\/#\/schema\/person\/3230d5615f390bb808365d673001e887"},"headline":"GENAS | La savate boxe fran\u00e7aise a f\u00eat\u00e9 le No\u00ebl des enfants du club","datePublished":"2017-12-16T07:10:23+00:00","dateModified":"2021-09-16T13:45:07+00:00","mainEntityOfPage":{"@id":"https:\/\/newsestlyonnais.fr\/site\/2017\/12\/16\/genas-la-savate-boxe-francaise-a-fete-le-noel-des-enfants-du-club\/"},"wordCount":234,"commentCount":0,"publisher":{"@id":"https:\/\/newsestlyonnais.fr\/site\/#organization"},"image":{"@id":"https:\/\/newsestlyonnais.fr\/site\/2017\/12\/16\/genas-la-savate-boxe-francaise-a-fete-le-noel-des-enfants-du-club\/#primaryimage"},"thumbnailUrl":"https:\/\/newsestlyonnais.fr\/site\/wp-content\/uploads\/2017\/12\/NEWSESTLYONNAIS-NOEL-BO-FRSE-GENAS.jpg","articleSection":["Autres sports","Boxe","CCEL | Communes","Divers Sports","Enfance | Jeunesse","Genas"],"inLanguage":"fr-FR","potentialAction":[{"@type":"CommentAction","name":"Comment","target":["https:\/\/newsestlyonnais.fr\/site\/2017\/12\/16\/genas-la-savate-boxe-francaise-a-fete-le-noel-des-enfants-du-club\/#respond"]}]},{"@type":"WebPage","@id":"https:\/\/newsestlyonnais.fr\/site\/2017\/12\/16\/genas-la-savate-boxe-francaise-a-fete-le-noel-des-enfants-du-club\/","url":"https:\/\/newsestlyonnais.fr\/site\/2017\/12\/16\/genas-la-savate-boxe-francaise-a-fete-le-noel-des-enfants-du-club\/","name":"GENAS : La savate boxe fran\u00e7aise a f\u00eat\u00e9 le No\u00ebl des enfants du club","isPartOf":{"@id":"https:\/\/newsestlyonnais.fr\/site\/#website"},"primaryImageOfPage":{"@id":"https:\/\/newsestlyonnais.fr\/site\/2017\/12\/16\/genas-la-savate-boxe-francaise-a-fete-le-noel-des-enfants-du-club\/#primaryimage"},"image":{"@id":"https:\/\/newsestlyonnais.fr\/site\/2017\/12\/16\/genas-la-savate-boxe-francaise-a-fete-le-noel-des-enfants-du-club\/#primaryimage"},"thumbnailUrl":"https:\/\/newsestlyonnais.fr\/site\/wp-content\/uploads\/2017\/12\/NEWSESTLYONNAIS-NOEL-BO-FRSE-GENAS.jpg","datePublished":"2017-12-16T07:10:23+00:00","dateModified":"2021-09-16T13:45:07+00:00","description":"GENAS : La savate boxe fran\u00e7aise a f\u00eat\u00e9 le No\u00ebl des enfants du club","breadcrumb":{"@id":"https:\/\/newsestlyonnais.fr\/site\/2017\/12\/16\/genas-la-savate-boxe-francaise-a-fete-le-noel-des-enfants-du-club\/#breadcrumb"},"inLanguage":"fr-FR","potentialAction":[{"@type":"ReadAction","target":["https:\/\/newsestlyonnais.fr\/site\/2017\/12\/16\/genas-la-savate-boxe-francaise-a-fete-le-noel-des-enfants-du-club\/"]}]},{"@type":"ImageObject","inLanguage":"fr-FR","@id":"https:\/\/newsestlyonnais.fr\/site\/2017\/12\/16\/genas-la-savate-boxe-francaise-a-fete-le-noel-des-enfants-du-club\/#primaryimage","url":"https:\/\/newsestlyonnais.fr\/site\/wp-content\/uploads\/2017\/12\/NEWSESTLYONNAIS-NOEL-BO-FRSE-GENAS.jpg","contentUrl":"https:\/\/newsestlyonnais.fr\/site\/wp-content\/uploads\/2017\/12\/NEWSESTLYONNAIS-NOEL-BO-FRSE-GENAS.jpg","width":2048,"height":1536,"caption":"NEWSESTLYONNAIS NOEL BO FRSE GENAS"},{"@type":"BreadcrumbList","@id":"https:\/\/newsestlyonnais.fr\/site\/2017\/12\/16\/genas-la-savate-boxe-francaise-a-fete-le-noel-des-enfants-du-club\/#breadcrumb","itemListElement":[{"@type":"ListItem","position":1,"name":"Accueil","item":"https:\/\/newsestlyonnais.fr\/site\/"},{"@type":"ListItem","position":2,"name":"GENAS | La savate boxe fran\u00e7aise a f\u00eat\u00e9 le No\u00ebl des enfants du club"}]},{"@type":"WebSite","@id":"https:\/\/newsestlyonnais.fr\/site\/#website","url":"https:\/\/newsestlyonnais.fr\/site\/","name":"News Est Lyonnais","description":"L&#039;actualit\u00e9 au plus pr\u00e8s","publisher":{"@id":"https:\/\/newsestlyonnais.fr\/site\/#organization"},"potentialAction":[{"@type":"SearchAction","target":{"@type":"EntryPoint","urlTemplate":"https:\/\/newsestlyonnais.fr\/site\/?s={search_term_string}"},"query-input":{"@type":"PropertyValueSpecification","valueRequired":true,"valueName":"search_term_string"}}],"inLanguage":"fr-FR"},{"@type":"Organization","@id":"https:\/\/newsestlyonnais.fr\/site\/#organization","name":"News EST LYONNAIS","url":"https:\/\/newsestlyonnais.fr\/site\/","logo":{"@type":"ImageObject","inLanguage":"fr-FR","@id":"https:\/\/newsestlyonnais.fr\/site\/#\/schema\/logo\/image\/","url":"","contentUrl":"","caption":"News EST LYONNAIS"},"image":{"@id":"https:\/\/newsestlyonnais.fr\/site\/#\/schema\/logo\/image\/"}},{"@type":"Person","@id":"https:\/\/newsestlyonnais.fr\/site\/#\/schema\/person\/3230d5615f390bb808365d673001e887","name":"R\u00e9dac. NEWS","sameAs":["http:\/\/www.newsestlyonnais.fr","https:\/\/www.facebook.com\/pascal.oberson.1?fref=ts","https:\/\/fr.linkedin.com\/in\/pascal-oberson-b17045113"],"url":"https:\/\/newsestlyonnais.fr\/site\/author\/nel\/"}]}},"_links":{"self":[{"href":"https:\/\/newsestlyonnais.fr\/site\/wp-json\/wp\/v2\/posts\/40405","targetHints":{"allow":["GET"]}}],"collection":[{"href":"https:\/\/newsestlyonnais.fr\/site\/wp-json\/wp\/v2\/posts"}],"about":[{"href":"https:\/\/newsestlyonnais.fr\/site\/wp-json\/wp\/v2\/types\/post"}],"author":[{"embeddable":true,"href":"https:\/\/newsestlyonnais.fr\/site\/wp-json\/wp\/v2\/users\/4"}],"replies":[{"embeddable":true,"href":"https:\/\/newsestlyonnais.fr\/site\/wp-json\/wp\/v2\/comments?post=40405"}],"version-history":[{"count":0,"href":"https:\/\/newsestlyonnais.fr\/site\/wp-json\/wp\/v2\/posts\/40405\/revisions"}],"wp:featuredmedia":[{"embeddable":true,"href":"https:\/\/newsestlyonnais.fr\/site\/wp-json\/wp\/v2\/media\/40407"}],"wp:attachment":[{"href":"https:\/\/newsestlyonnais.fr\/site\/wp-json\/wp\/v2\/media?parent=40405"}],"wp:term":[{"taxonomy":"category","embeddable":true,"href":"https:\/\/newsestlyonnais.fr\/site\/wp-json\/wp\/v2\/categories?post=40405"},{"taxonomy":"post_tag","embeddable":true,"href":"https:\/\/newsestlyonnais.fr\/site\/wp-json\/wp\/v2\/tags?post=40405"}],"curies":[{"name":"wp","href":"https:\/\/api.w.org\/{rel}","templated":true}]}}