{"id":40428,"date":"2017-12-21T07:20:17","date_gmt":"2017-12-21T06:20:17","guid":{"rendered":"http:\/\/newsestlyonnais.fr\/site\/?p=40428"},"modified":"2020-11-18T20:37:13","modified_gmt":"2020-11-18T19:37:13","slug":"meyzieu-retour-sur-inauguration-de-la-plaine-des-jeux-sportive-des-servizieres","status":"publish","type":"post","link":"https:\/\/newsestlyonnais.fr\/site\/2017\/12\/21\/meyzieu-retour-sur-inauguration-de-la-plaine-des-jeux-sportive-des-servizieres\/","title":{"rendered":"MEYZIEU | Retour sur inauguration plaine des jeux sportive des Servizi\u00e8res"},"content":{"rendered":"<h4>Samedi 16 d\u00e9cembre 2017, restera une date importante pour le stade des Servizi\u00e8res avec l&rsquo;inauguration officielle de la plaine de jeux sportive.<\/h4>\n<p>C\u00e9r\u00e9monie d\u00e9roul\u00e9e en fin de matin\u00e9e en pr\u00e9sence notamment du maire Christophe Quiniou, de l&rsquo;adjoint aux sports G\u00e9rard Revellin et de Daniel Lachana, pr\u00e9sident de la soci\u00e9t\u00e9 Green Style, installateur de cette pelouse synth\u00e9tique.<\/p>\n<p>Une plaine de jeux sportive de <strong>9.600 m2, pour un budget de 800.000 \u20ac <\/strong>(financement par la Ville de Meyzieu, avec le soutien de la r\u00e9gion et de la m\u00e9tropole), qui va permettre \u00e0 3 clubs locaux de pouvoir s&rsquo;entrainer dans de meilleures conditions et par tous les temps.<\/p>\n<p>Les trois pr\u00e9sidents des sections concern\u00e9es sont intervenus pour pr\u00e9senter leurs clubs et leurs disciplines respectives: Christophe L\u00e9v\u00eaque (<strong>Cards Meyzieu Base Ball, Soft Ball<\/strong>), Christophe Calais (<strong>US Meyzieu Foot<\/strong>) &amp; Philippe Charousset (<strong>US Meyzieu Rugby<\/strong>).<\/p>\n<p>A l&rsquo;issue de cette c\u00e9r\u00e9monie, les personnes pr\u00e9sentes ont \u00e9t\u00e9 convi\u00e9es \u00e0 se retrouver dans la nouvelle tente des festivit\u00e9s, qui sera principalement utilis\u00e9e par l&rsquo;US Meyzieu Rugby. Un \u00e9quipement de 200 M2 enti\u00e8rement financ\u00e9 par la Ville de Meyzieu \u00e0 raison de 130.000 \u20ac.<\/p>\n<ul>\n<li>Retour en images sur cette inauguration :<\/li>\n<\/ul>\n<div id='gallery-1' class='gallery galleryid-40428 gallery-columns-3 gallery-size-thumbnail'><figure class='gallery-item'>\n\t\t\t<div class='gallery-icon landscape'>\n\t\t\t\t<a href='https:\/\/newsestlyonnais.fr\/site\/2017\/12\/21\/meyzieu-retour-sur-inauguration-de-la-plaine-des-jeux-sportive-des-servizieres\/newsestlyonnais-green-style\/'><img loading=\"lazy\" decoding=\"async\" width=\"150\" height=\"150\" src=\"https:\/\/newsestlyonnais.fr\/site\/wp-content\/uploads\/2017\/12\/NEWSESTLYONNAIS-GREEN-STYLE-150x150.jpg\" class=\"attachment-thumbnail size-thumbnail\" alt=\"NEWSESTLYONNAIS GREEN STYLE\" aria-describedby=\"gallery-1-40786\" \/><\/a>\n\t\t\t<\/div>\n\t\t\t\t<figcaption class='wp-caption-text gallery-caption' id='gallery-1-40786'>\n\t\t\t\tDaniel Lachana (Green Style) a abord\u00e9 un aspect plus technique de cette pelouse\n\t\t\t\t<\/figcaption><\/figure><figure class='gallery-item'>\n\t\t\t<div class='gallery-icon landscape'>\n\t\t\t\t<a href='https:\/\/newsestlyonnais.fr\/site\/2017\/12\/21\/meyzieu-retour-sur-inauguration-de-la-plaine-des-jeux-sportive-des-servizieres\/newsestlyonnais-pt-cards-base-ball\/'><img loading=\"lazy\" decoding=\"async\" width=\"150\" height=\"150\" src=\"https:\/\/newsestlyonnais.fr\/site\/wp-content\/uploads\/2017\/12\/NEWSESTLYONNAIS-PT-CARDS-BASE-BALL-150x150.jpg\" class=\"attachment-thumbnail size-thumbnail\" alt=\"\" aria-describedby=\"gallery-1-40785\" \/><\/a>\n\t\t\t<\/div>\n\t\t\t\t<figcaption class='wp-caption-text gallery-caption' id='gallery-1-40785'>\n\t\t\t\tChristophe L\u00e9v\u00eaque, pr\u00e9sident des Cards Meyzieu Base Ball\n\t\t\t\t<\/figcaption><\/figure><figure class='gallery-item'>\n\t\t\t<div class='gallery-icon landscape'>\n\t\t\t\t<a href='https:\/\/newsestlyonnais.fr\/site\/2017\/12\/21\/meyzieu-retour-sur-inauguration-de-la-plaine-des-jeux-sportive-des-servizieres\/newsestlyonnais-phil-charousset-rugby\/'><img loading=\"lazy\" decoding=\"async\" width=\"150\" height=\"150\" src=\"https:\/\/newsestlyonnais.fr\/site\/wp-content\/uploads\/2017\/12\/NEWSESTLYONNAIS-PHIL-CHAROUSSET-RUGBY-150x150.jpg\" class=\"attachment-thumbnail size-thumbnail\" alt=\"NEWSESTLYONNAIS - PHIL CHAROUSSET RUGBY\" aria-describedby=\"gallery-1-40784\" \/><\/a>\n\t\t\t<\/div>\n\t\t\t\t<figcaption class='wp-caption-text gallery-caption' id='gallery-1-40784'>\n\t\t\t\tPhilippe Charousset, pr\u00e9sident de l&rsquo;US Meyzieu Rugby\n\t\t\t\t<\/figcaption><\/figure><figure class='gallery-item'>\n\t\t\t<div class='gallery-icon landscape'>\n\t\t\t\t<a href='https:\/\/newsestlyonnais.fr\/site\/2017\/12\/21\/meyzieu-retour-sur-inauguration-de-la-plaine-des-jeux-sportive-des-servizieres\/newsestlyonnais-calais-foot\/'><img loading=\"lazy\" decoding=\"async\" width=\"150\" height=\"150\" src=\"https:\/\/newsestlyonnais.fr\/site\/wp-content\/uploads\/2017\/12\/NEWSESTLYONNAIS-CALAIS-FOOT-150x150.jpg\" class=\"attachment-thumbnail size-thumbnail\" alt=\"NEWSESTLYONNAIS CALAIS FOOT\" aria-describedby=\"gallery-1-40782\" \/><\/a>\n\t\t\t<\/div>\n\t\t\t\t<figcaption class='wp-caption-text gallery-caption' id='gallery-1-40782'>\n\t\t\t\tChristophe Calais (\u00e0 droite) Pr\u00e9sident de l&rsquo;US Meyzieu Foot \n\t\t\t\t<\/figcaption><\/figure><figure class='gallery-item'>\n\t\t\t<div class='gallery-icon landscape'>\n\t\t\t\t<a href='https:\/\/newsestlyonnais.fr\/site\/2017\/12\/21\/meyzieu-retour-sur-inauguration-de-la-plaine-des-jeux-sportive-des-servizieres\/newsestlyonnais-jeunes-base-ball\/'><img loading=\"lazy\" decoding=\"async\" width=\"150\" height=\"150\" src=\"https:\/\/newsestlyonnais.fr\/site\/wp-content\/uploads\/2017\/12\/NEWSESTLYONNAIS-JEUNES-BASE-BALL-150x150.jpg\" class=\"attachment-thumbnail size-thumbnail\" alt=\"NEWSESTLYONNAIS - JEUNES BASE BALL\" aria-describedby=\"gallery-1-40787\" \/><\/a>\n\t\t\t<\/div>\n\t\t\t\t<figcaption class='wp-caption-text gallery-caption' id='gallery-1-40787'>\n\t\t\t\tLes jeunes pousses des Cards Base Ball parmi les premiers utilisateurs\n\t\t\t\t<\/figcaption><\/figure><figure class='gallery-item'>\n\t\t\t<div class='gallery-icon landscape'>\n\t\t\t\t<a href='https:\/\/newsestlyonnais.fr\/site\/2017\/12\/21\/meyzieu-retour-sur-inauguration-de-la-plaine-des-jeux-sportive-des-servizieres\/newsestlyonnais-inau-plaine-01\/'><img loading=\"lazy\" decoding=\"async\" width=\"150\" height=\"150\" src=\"https:\/\/newsestlyonnais.fr\/site\/wp-content\/uploads\/2017\/12\/NEWSESTLYONNAIS-INAU-PLAINE-01-150x150.jpg\" class=\"attachment-thumbnail size-thumbnail\" alt=\"NEWSESTLYONNAIS INAU PLAINE 01\" aria-describedby=\"gallery-1-40771\" \/><\/a>\n\t\t\t<\/div>\n\t\t\t\t<figcaption class='wp-caption-text gallery-caption' id='gallery-1-40771'>\n\t\t\t\tLe maire coupe le ruban inaugurant la nouvelle tente des fectivit\u00e9s\n\t\t\t\t<\/figcaption><\/figure>\n\t\t<\/div>\n\n","protected":false},"excerpt":{"rendered":"<p>Samedi 16 d\u00e9cembre 2017, restera une date importante pour le stade des Servizi\u00e8res avec l&rsquo;inauguration officielle de la plaine de jeux sportive. C\u00e9r\u00e9monie d\u00e9roul\u00e9e en fin de matin\u00e9e en pr\u00e9sence notamment du maire Christophe Quiniou, de l&rsquo;adjoint aux sports G\u00e9rard Revellin et de Daniel Lachana, pr\u00e9sident de la soci\u00e9t\u00e9 Green Style, installateur de cette pelouse [&hellip;]<\/p>\n","protected":false},"author":4,"featured_media":40774,"comment_status":"open","ping_status":"open","sticky":false,"template":"","format":"standard","meta":{"footnotes":""},"categories":[574,166,24,2,172],"tags":[],"class_list":["post-40428","post","type-post","status-publish","format-standard","has-post-thumbnail","hentry","category-autres-sports","category-divers-sports","category-meyzieu","category-sports","category-travaux-amenagements"],"yoast_head":"<!-- This site is optimized with the Yoast SEO plugin v27.2 - https:\/\/yoast.com\/product\/yoast-seo-wordpress\/ -->\n<title>MEYZIEU : Retour sur \u00e9v\u00e8nement : Inauguration de la plaine des jeux sportive des Servizi\u00e8res<\/title>\n<meta name=\"description\" content=\"MEYZIEU : Retour sur \u00e9v\u00e8nement : Inauguration de la plaine des jeux sportive des Servizi\u00e8res\" \/>\n<meta name=\"robots\" content=\"index, follow, max-snippet:-1, max-image-preview:large, max-video-preview:-1\" \/>\n<link rel=\"canonical\" href=\"https:\/\/newsestlyonnais.fr\/site\/2017\/12\/21\/meyzieu-retour-sur-inauguration-de-la-plaine-des-jeux-sportive-des-servizieres\/\" \/>\n<meta property=\"og:locale\" content=\"fr_FR\" \/>\n<meta property=\"og:type\" content=\"article\" \/>\n<meta property=\"og:title\" content=\"MEYZIEU : Retour sur \u00e9v\u00e8nement : Inauguration de la plaine des jeux sportive des Servizi\u00e8res\" \/>\n<meta property=\"og:description\" content=\"MEYZIEU : Retour sur \u00e9v\u00e8nement : Inauguration de la plaine des jeux sportive des Servizi\u00e8res\" \/>\n<meta property=\"og:url\" content=\"https:\/\/newsestlyonnais.fr\/site\/2017\/12\/21\/meyzieu-retour-sur-inauguration-de-la-plaine-des-jeux-sportive-des-servizieres\/\" \/>\n<meta property=\"og:site_name\" content=\"News Est Lyonnais\" \/>\n<meta property=\"article:author\" content=\"https:\/\/www.facebook.com\/pascal.oberson.1?fref=ts\" \/>\n<meta property=\"article:published_time\" content=\"2017-12-21T06:20:17+00:00\" \/>\n<meta property=\"article:modified_time\" content=\"2020-11-18T19:37:13+00:00\" \/>\n<meta property=\"og:image\" content=\"https:\/\/i2.wp.com\/newsestlyonnais.fr\/site\/wp-content\/uploads\/2017\/12\/NEWSESTLYONNAIS-INAUG-PLAINE-02.jpg?fit=2048%2C1536&ssl=1\" \/>\n\t<meta property=\"og:image:width\" content=\"2048\" \/>\n\t<meta property=\"og:image:height\" content=\"1536\" \/>\n\t<meta property=\"og:image:type\" content=\"image\/jpeg\" \/>\n<meta name=\"author\" content=\"R\u00e9dac. NEWS\" \/>\n<meta name=\"twitter:card\" content=\"summary_large_image\" \/>\n<meta name=\"twitter:label1\" content=\"\u00c9crit par\" \/>\n\t<meta name=\"twitter:data1\" content=\"R\u00e9dac. NEWS\" \/>\n\t<meta name=\"twitter:label2\" content=\"Dur\u00e9e de lecture estim\u00e9e\" \/>\n\t<meta name=\"twitter:data2\" content=\"1 minute\" \/>\n<script type=\"application\/ld+json\" class=\"yoast-schema-graph\">{\"@context\":\"https:\/\/schema.org\",\"@graph\":[{\"@type\":\"Article\",\"@id\":\"https:\/\/newsestlyonnais.fr\/site\/2017\/12\/21\/meyzieu-retour-sur-inauguration-de-la-plaine-des-jeux-sportive-des-servizieres\/#article\",\"isPartOf\":{\"@id\":\"https:\/\/newsestlyonnais.fr\/site\/2017\/12\/21\/meyzieu-retour-sur-inauguration-de-la-plaine-des-jeux-sportive-des-servizieres\/\"},\"author\":{\"name\":\"R\u00e9dac. NEWS\",\"@id\":\"https:\/\/newsestlyonnais.fr\/site\/#\/schema\/person\/3230d5615f390bb808365d673001e887\"},\"headline\":\"MEYZIEU | Retour sur inauguration plaine des jeux sportive des Servizi\u00e8res\",\"datePublished\":\"2017-12-21T06:20:17+00:00\",\"dateModified\":\"2020-11-18T19:37:13+00:00\",\"mainEntityOfPage\":{\"@id\":\"https:\/\/newsestlyonnais.fr\/site\/2017\/12\/21\/meyzieu-retour-sur-inauguration-de-la-plaine-des-jeux-sportive-des-servizieres\/\"},\"wordCount\":225,\"commentCount\":0,\"publisher\":{\"@id\":\"https:\/\/newsestlyonnais.fr\/site\/#organization\"},\"image\":{\"@id\":\"https:\/\/newsestlyonnais.fr\/site\/2017\/12\/21\/meyzieu-retour-sur-inauguration-de-la-plaine-des-jeux-sportive-des-servizieres\/#primaryimage\"},\"thumbnailUrl\":\"https:\/\/newsestlyonnais.fr\/site\/wp-content\/uploads\/2017\/12\/NEWSESTLYONNAIS-INAUG-PLAINE-02.jpg\",\"articleSection\":[\"Autres sports\",\"Divers Sports\",\"Meyzieu\",\"Sports\",\"Travaux | Am\u00e9nagements\"],\"inLanguage\":\"fr-FR\",\"potentialAction\":[{\"@type\":\"CommentAction\",\"name\":\"Comment\",\"target\":[\"https:\/\/newsestlyonnais.fr\/site\/2017\/12\/21\/meyzieu-retour-sur-inauguration-de-la-plaine-des-jeux-sportive-des-servizieres\/#respond\"]}]},{\"@type\":\"WebPage\",\"@id\":\"https:\/\/newsestlyonnais.fr\/site\/2017\/12\/21\/meyzieu-retour-sur-inauguration-de-la-plaine-des-jeux-sportive-des-servizieres\/\",\"url\":\"https:\/\/newsestlyonnais.fr\/site\/2017\/12\/21\/meyzieu-retour-sur-inauguration-de-la-plaine-des-jeux-sportive-des-servizieres\/\",\"name\":\"MEYZIEU : Retour sur \u00e9v\u00e8nement : Inauguration de la plaine des jeux sportive des Servizi\u00e8res\",\"isPartOf\":{\"@id\":\"https:\/\/newsestlyonnais.fr\/site\/#website\"},\"primaryImageOfPage\":{\"@id\":\"https:\/\/newsestlyonnais.fr\/site\/2017\/12\/21\/meyzieu-retour-sur-inauguration-de-la-plaine-des-jeux-sportive-des-servizieres\/#primaryimage\"},\"image\":{\"@id\":\"https:\/\/newsestlyonnais.fr\/site\/2017\/12\/21\/meyzieu-retour-sur-inauguration-de-la-plaine-des-jeux-sportive-des-servizieres\/#primaryimage\"},\"thumbnailUrl\":\"https:\/\/newsestlyonnais.fr\/site\/wp-content\/uploads\/2017\/12\/NEWSESTLYONNAIS-INAUG-PLAINE-02.jpg\",\"datePublished\":\"2017-12-21T06:20:17+00:00\",\"dateModified\":\"2020-11-18T19:37:13+00:00\",\"description\":\"MEYZIEU : Retour sur \u00e9v\u00e8nement : Inauguration de la plaine des jeux sportive des Servizi\u00e8res\",\"breadcrumb\":{\"@id\":\"https:\/\/newsestlyonnais.fr\/site\/2017\/12\/21\/meyzieu-retour-sur-inauguration-de-la-plaine-des-jeux-sportive-des-servizieres\/#breadcrumb\"},\"inLanguage\":\"fr-FR\",\"potentialAction\":[{\"@type\":\"ReadAction\",\"target\":[\"https:\/\/newsestlyonnais.fr\/site\/2017\/12\/21\/meyzieu-retour-sur-inauguration-de-la-plaine-des-jeux-sportive-des-servizieres\/\"]}]},{\"@type\":\"ImageObject\",\"inLanguage\":\"fr-FR\",\"@id\":\"https:\/\/newsestlyonnais.fr\/site\/2017\/12\/21\/meyzieu-retour-sur-inauguration-de-la-plaine-des-jeux-sportive-des-servizieres\/#primaryimage\",\"url\":\"https:\/\/newsestlyonnais.fr\/site\/wp-content\/uploads\/2017\/12\/NEWSESTLYONNAIS-INAUG-PLAINE-02.jpg\",\"contentUrl\":\"https:\/\/newsestlyonnais.fr\/site\/wp-content\/uploads\/2017\/12\/NEWSESTLYONNAIS-INAUG-PLAINE-02.jpg\",\"width\":2048,\"height\":1536,\"caption\":\"NEWSESTLYONNAIS - INAUG PLAINE 02\"},{\"@type\":\"BreadcrumbList\",\"@id\":\"https:\/\/newsestlyonnais.fr\/site\/2017\/12\/21\/meyzieu-retour-sur-inauguration-de-la-plaine-des-jeux-sportive-des-servizieres\/#breadcrumb\",\"itemListElement\":[{\"@type\":\"ListItem\",\"position\":1,\"name\":\"Accueil\",\"item\":\"https:\/\/newsestlyonnais.fr\/site\/\"},{\"@type\":\"ListItem\",\"position\":2,\"name\":\"MEYZIEU | Retour sur inauguration plaine des jeux sportive des Servizi\u00e8res\"}]},{\"@type\":\"WebSite\",\"@id\":\"https:\/\/newsestlyonnais.fr\/site\/#website\",\"url\":\"https:\/\/newsestlyonnais.fr\/site\/\",\"name\":\"News Est Lyonnais\",\"description\":\"L&#039;actualit\u00e9 au plus pr\u00e8s\",\"publisher\":{\"@id\":\"https:\/\/newsestlyonnais.fr\/site\/#organization\"},\"potentialAction\":[{\"@type\":\"SearchAction\",\"target\":{\"@type\":\"EntryPoint\",\"urlTemplate\":\"https:\/\/newsestlyonnais.fr\/site\/?s={search_term_string}\"},\"query-input\":{\"@type\":\"PropertyValueSpecification\",\"valueRequired\":true,\"valueName\":\"search_term_string\"}}],\"inLanguage\":\"fr-FR\"},{\"@type\":\"Organization\",\"@id\":\"https:\/\/newsestlyonnais.fr\/site\/#organization\",\"name\":\"News EST LYONNAIS\",\"url\":\"https:\/\/newsestlyonnais.fr\/site\/\",\"logo\":{\"@type\":\"ImageObject\",\"inLanguage\":\"fr-FR\",\"@id\":\"https:\/\/newsestlyonnais.fr\/site\/#\/schema\/logo\/image\/\",\"url\":\"\",\"contentUrl\":\"\",\"caption\":\"News EST LYONNAIS\"},\"image\":{\"@id\":\"https:\/\/newsestlyonnais.fr\/site\/#\/schema\/logo\/image\/\"}},{\"@type\":\"Person\",\"@id\":\"https:\/\/newsestlyonnais.fr\/site\/#\/schema\/person\/3230d5615f390bb808365d673001e887\",\"name\":\"R\u00e9dac. NEWS\",\"sameAs\":[\"http:\/\/www.newsestlyonnais.fr\",\"https:\/\/www.facebook.com\/pascal.oberson.1?fref=ts\",\"https:\/\/fr.linkedin.com\/in\/pascal-oberson-b17045113\"],\"url\":\"https:\/\/newsestlyonnais.fr\/site\/author\/nel\/\"}]}<\/script>\n<!-- \/ Yoast SEO plugin. -->","yoast_head_json":{"title":"MEYZIEU : Retour sur \u00e9v\u00e8nement : Inauguration de la plaine des jeux sportive des Servizi\u00e8res","description":"MEYZIEU : Retour sur \u00e9v\u00e8nement : Inauguration de la plaine des jeux sportive des Servizi\u00e8res","robots":{"index":"index","follow":"follow","max-snippet":"max-snippet:-1","max-image-preview":"max-image-preview:large","max-video-preview":"max-video-preview:-1"},"canonical":"https:\/\/newsestlyonnais.fr\/site\/2017\/12\/21\/meyzieu-retour-sur-inauguration-de-la-plaine-des-jeux-sportive-des-servizieres\/","og_locale":"fr_FR","og_type":"article","og_title":"MEYZIEU : Retour sur \u00e9v\u00e8nement : Inauguration de la plaine des jeux sportive des Servizi\u00e8res","og_description":"MEYZIEU : Retour sur \u00e9v\u00e8nement : Inauguration de la plaine des jeux sportive des Servizi\u00e8res","og_url":"https:\/\/newsestlyonnais.fr\/site\/2017\/12\/21\/meyzieu-retour-sur-inauguration-de-la-plaine-des-jeux-sportive-des-servizieres\/","og_site_name":"News Est Lyonnais","article_author":"https:\/\/www.facebook.com\/pascal.oberson.1?fref=ts","article_published_time":"2017-12-21T06:20:17+00:00","article_modified_time":"2020-11-18T19:37:13+00:00","og_image":[{"width":2048,"height":1536,"url":"https:\/\/i2.wp.com\/newsestlyonnais.fr\/site\/wp-content\/uploads\/2017\/12\/NEWSESTLYONNAIS-INAUG-PLAINE-02.jpg?fit=2048%2C1536&ssl=1","type":"image\/jpeg"}],"author":"R\u00e9dac. NEWS","twitter_card":"summary_large_image","twitter_misc":{"\u00c9crit par":"R\u00e9dac. NEWS","Dur\u00e9e de lecture estim\u00e9e":"1 minute"},"schema":{"@context":"https:\/\/schema.org","@graph":[{"@type":"Article","@id":"https:\/\/newsestlyonnais.fr\/site\/2017\/12\/21\/meyzieu-retour-sur-inauguration-de-la-plaine-des-jeux-sportive-des-servizieres\/#article","isPartOf":{"@id":"https:\/\/newsestlyonnais.fr\/site\/2017\/12\/21\/meyzieu-retour-sur-inauguration-de-la-plaine-des-jeux-sportive-des-servizieres\/"},"author":{"name":"R\u00e9dac. NEWS","@id":"https:\/\/newsestlyonnais.fr\/site\/#\/schema\/person\/3230d5615f390bb808365d673001e887"},"headline":"MEYZIEU | Retour sur inauguration plaine des jeux sportive des Servizi\u00e8res","datePublished":"2017-12-21T06:20:17+00:00","dateModified":"2020-11-18T19:37:13+00:00","mainEntityOfPage":{"@id":"https:\/\/newsestlyonnais.fr\/site\/2017\/12\/21\/meyzieu-retour-sur-inauguration-de-la-plaine-des-jeux-sportive-des-servizieres\/"},"wordCount":225,"commentCount":0,"publisher":{"@id":"https:\/\/newsestlyonnais.fr\/site\/#organization"},"image":{"@id":"https:\/\/newsestlyonnais.fr\/site\/2017\/12\/21\/meyzieu-retour-sur-inauguration-de-la-plaine-des-jeux-sportive-des-servizieres\/#primaryimage"},"thumbnailUrl":"https:\/\/newsestlyonnais.fr\/site\/wp-content\/uploads\/2017\/12\/NEWSESTLYONNAIS-INAUG-PLAINE-02.jpg","articleSection":["Autres sports","Divers Sports","Meyzieu","Sports","Travaux | Am\u00e9nagements"],"inLanguage":"fr-FR","potentialAction":[{"@type":"CommentAction","name":"Comment","target":["https:\/\/newsestlyonnais.fr\/site\/2017\/12\/21\/meyzieu-retour-sur-inauguration-de-la-plaine-des-jeux-sportive-des-servizieres\/#respond"]}]},{"@type":"WebPage","@id":"https:\/\/newsestlyonnais.fr\/site\/2017\/12\/21\/meyzieu-retour-sur-inauguration-de-la-plaine-des-jeux-sportive-des-servizieres\/","url":"https:\/\/newsestlyonnais.fr\/site\/2017\/12\/21\/meyzieu-retour-sur-inauguration-de-la-plaine-des-jeux-sportive-des-servizieres\/","name":"MEYZIEU : Retour sur \u00e9v\u00e8nement : Inauguration de la plaine des jeux sportive des Servizi\u00e8res","isPartOf":{"@id":"https:\/\/newsestlyonnais.fr\/site\/#website"},"primaryImageOfPage":{"@id":"https:\/\/newsestlyonnais.fr\/site\/2017\/12\/21\/meyzieu-retour-sur-inauguration-de-la-plaine-des-jeux-sportive-des-servizieres\/#primaryimage"},"image":{"@id":"https:\/\/newsestlyonnais.fr\/site\/2017\/12\/21\/meyzieu-retour-sur-inauguration-de-la-plaine-des-jeux-sportive-des-servizieres\/#primaryimage"},"thumbnailUrl":"https:\/\/newsestlyonnais.fr\/site\/wp-content\/uploads\/2017\/12\/NEWSESTLYONNAIS-INAUG-PLAINE-02.jpg","datePublished":"2017-12-21T06:20:17+00:00","dateModified":"2020-11-18T19:37:13+00:00","description":"MEYZIEU : Retour sur \u00e9v\u00e8nement : Inauguration de la plaine des jeux sportive des Servizi\u00e8res","breadcrumb":{"@id":"https:\/\/newsestlyonnais.fr\/site\/2017\/12\/21\/meyzieu-retour-sur-inauguration-de-la-plaine-des-jeux-sportive-des-servizieres\/#breadcrumb"},"inLanguage":"fr-FR","potentialAction":[{"@type":"ReadAction","target":["https:\/\/newsestlyonnais.fr\/site\/2017\/12\/21\/meyzieu-retour-sur-inauguration-de-la-plaine-des-jeux-sportive-des-servizieres\/"]}]},{"@type":"ImageObject","inLanguage":"fr-FR","@id":"https:\/\/newsestlyonnais.fr\/site\/2017\/12\/21\/meyzieu-retour-sur-inauguration-de-la-plaine-des-jeux-sportive-des-servizieres\/#primaryimage","url":"https:\/\/newsestlyonnais.fr\/site\/wp-content\/uploads\/2017\/12\/NEWSESTLYONNAIS-INAUG-PLAINE-02.jpg","contentUrl":"https:\/\/newsestlyonnais.fr\/site\/wp-content\/uploads\/2017\/12\/NEWSESTLYONNAIS-INAUG-PLAINE-02.jpg","width":2048,"height":1536,"caption":"NEWSESTLYONNAIS - INAUG PLAINE 02"},{"@type":"BreadcrumbList","@id":"https:\/\/newsestlyonnais.fr\/site\/2017\/12\/21\/meyzieu-retour-sur-inauguration-de-la-plaine-des-jeux-sportive-des-servizieres\/#breadcrumb","itemListElement":[{"@type":"ListItem","position":1,"name":"Accueil","item":"https:\/\/newsestlyonnais.fr\/site\/"},{"@type":"ListItem","position":2,"name":"MEYZIEU | Retour sur inauguration plaine des jeux sportive des Servizi\u00e8res"}]},{"@type":"WebSite","@id":"https:\/\/newsestlyonnais.fr\/site\/#website","url":"https:\/\/newsestlyonnais.fr\/site\/","name":"News Est Lyonnais","description":"L&#039;actualit\u00e9 au plus pr\u00e8s","publisher":{"@id":"https:\/\/newsestlyonnais.fr\/site\/#organization"},"potentialAction":[{"@type":"SearchAction","target":{"@type":"EntryPoint","urlTemplate":"https:\/\/newsestlyonnais.fr\/site\/?s={search_term_string}"},"query-input":{"@type":"PropertyValueSpecification","valueRequired":true,"valueName":"search_term_string"}}],"inLanguage":"fr-FR"},{"@type":"Organization","@id":"https:\/\/newsestlyonnais.fr\/site\/#organization","name":"News EST LYONNAIS","url":"https:\/\/newsestlyonnais.fr\/site\/","logo":{"@type":"ImageObject","inLanguage":"fr-FR","@id":"https:\/\/newsestlyonnais.fr\/site\/#\/schema\/logo\/image\/","url":"","contentUrl":"","caption":"News EST LYONNAIS"},"image":{"@id":"https:\/\/newsestlyonnais.fr\/site\/#\/schema\/logo\/image\/"}},{"@type":"Person","@id":"https:\/\/newsestlyonnais.fr\/site\/#\/schema\/person\/3230d5615f390bb808365d673001e887","name":"R\u00e9dac. NEWS","sameAs":["http:\/\/www.newsestlyonnais.fr","https:\/\/www.facebook.com\/pascal.oberson.1?fref=ts","https:\/\/fr.linkedin.com\/in\/pascal-oberson-b17045113"],"url":"https:\/\/newsestlyonnais.fr\/site\/author\/nel\/"}]}},"_links":{"self":[{"href":"https:\/\/newsestlyonnais.fr\/site\/wp-json\/wp\/v2\/posts\/40428","targetHints":{"allow":["GET"]}}],"collection":[{"href":"https:\/\/newsestlyonnais.fr\/site\/wp-json\/wp\/v2\/posts"}],"about":[{"href":"https:\/\/newsestlyonnais.fr\/site\/wp-json\/wp\/v2\/types\/post"}],"author":[{"embeddable":true,"href":"https:\/\/newsestlyonnais.fr\/site\/wp-json\/wp\/v2\/users\/4"}],"replies":[{"embeddable":true,"href":"https:\/\/newsestlyonnais.fr\/site\/wp-json\/wp\/v2\/comments?post=40428"}],"version-history":[{"count":0,"href":"https:\/\/newsestlyonnais.fr\/site\/wp-json\/wp\/v2\/posts\/40428\/revisions"}],"wp:featuredmedia":[{"embeddable":true,"href":"https:\/\/newsestlyonnais.fr\/site\/wp-json\/wp\/v2\/media\/40774"}],"wp:attachment":[{"href":"https:\/\/newsestlyonnais.fr\/site\/wp-json\/wp\/v2\/media?parent=40428"}],"wp:term":[{"taxonomy":"category","embeddable":true,"href":"https:\/\/newsestlyonnais.fr\/site\/wp-json\/wp\/v2\/categories?post=40428"},{"taxonomy":"post_tag","embeddable":true,"href":"https:\/\/newsestlyonnais.fr\/site\/wp-json\/wp\/v2\/tags?post=40428"}],"curies":[{"name":"wp","href":"https:\/\/api.w.org\/{rel}","templated":true}]}}