{"id":40480,"date":"2017-12-17T19:31:48","date_gmt":"2017-12-17T18:31:48","guid":{"rendered":"http:\/\/newsestlyonnais.fr\/site\/?p=40480"},"modified":"2021-09-16T14:44:53","modified_gmt":"2021-09-16T13:44:53","slug":"vaulx-en-velin-carton-plein-pour-les-boxeurs-vaudais","status":"publish","type":"post","link":"https:\/\/newsestlyonnais.fr\/site\/2017\/12\/17\/vaulx-en-velin-carton-plein-pour-les-boxeurs-vaudais\/","title":{"rendered":"VAULX-EN-VELIN | Carton plein pour les boxeurs vaudais"},"content":{"rendered":"<div id=\"js_ec\" class=\"_3058 _ui9 _hh7 _s1- _52mr _3oh-\">\n<h4 class=\"_aok\"><span class=\"_3oh- _58nk\">Trois soci\u00e9taires du Boxing Club Vaudais \u00e9taient \u00e0 l&rsquo;affiche samedi soir\u00a0 \u00e0 Bourg en Bresse et sont tous impos\u00e9s !<br \/>\n<\/span><\/h4>\n<div>&#8211; Deux d&rsquo;entre eux, \u00e9taient <span class=\"_3oh- _58nk\">s\u00e9lectionn\u00e9s dans l&rsquo; \u00e9quipe r\u00e9gionale du Lyonnais pour boxer contre la s\u00e9lection d&rsquo;Aquitaine: <strong>Horlin Kopa<\/strong> (en 75 kg) et <strong>Memis Selim<\/strong> (en 69 kg) l&rsquo;ont tous deux emport\u00e9 aux points.<br \/>\n<\/span><\/div>\n<div class=\"_aok\">&#8211; Lors de cette <span class=\"_3oh- _58nk\">m\u00eame soir\u00e9e, <strong>Nizar Trimech<\/strong> (PHOTO A LA UNE) disputait son 7\u00b0\u00a0 combat professionnel et s&rsquo;est impos\u00e9 par KO dans la cat\u00e9gorie des poids moyens, face au Letton Sakara Konstantins !<br \/>\n<\/span><\/div>\n<\/div>\n<div id=\"js_kb\" class=\"_3058 _ui9 _hh7 _s1- _52mr _3oh-\">\n<div id='gallery-1' class='gallery galleryid-40480 gallery-columns-3 gallery-size-thumbnail'><figure class='gallery-item'>\n\t\t\t<div class='gallery-icon landscape'>\n\t\t\t\t<a href='https:\/\/newsestlyonnais.fr\/site\/2017\/12\/17\/vaulx-en-velin-carton-plein-pour-les-boxeurs-vaudais\/newsestlyonnais-kpoa-et-trimech\/'><img loading=\"lazy\" decoding=\"async\" width=\"150\" height=\"150\" src=\"https:\/\/newsestlyonnais.fr\/site\/wp-content\/uploads\/2017\/12\/NEWSESTLYONNAIS-KPOA-ET-TRIMECH-150x150.jpg\" class=\"attachment-thumbnail size-thumbnail\" alt=\"NEWSESTLYONNAIS - KPOA ET TRIMECH\" aria-describedby=\"gallery-1-40488\" \/><\/a>\n\t\t\t<\/div>\n\t\t\t\t<figcaption class='wp-caption-text gallery-caption' id='gallery-1-40488'>\n\t\t\t\tHorlin Kopa et Nizar Trimech vainqueurs samedi soir \n\t\t\t\t<\/figcaption><\/figure><figure class='gallery-item'>\n\t\t\t<div class='gallery-icon landscape'>\n\t\t\t\t<a href='https:\/\/newsestlyonnais.fr\/site\/2017\/12\/17\/vaulx-en-velin-carton-plein-pour-les-boxeurs-vaudais\/newsestlyonnais-boxing-club\/'><img loading=\"lazy\" decoding=\"async\" width=\"150\" height=\"150\" src=\"https:\/\/newsestlyonnais.fr\/site\/wp-content\/uploads\/2017\/12\/NEWSESTLYONNAIS-BOXING-CLUB--150x150.jpg\" class=\"attachment-thumbnail size-thumbnail\" alt=\"NEWSESTLYONNAIS - BOXING CLUB\" \/><\/a>\n\t\t\t<\/div><\/figure>\n\t\t<\/div>\n\n<div><\/div>\n<\/div>\n<p>&nbsp;<\/p>\n","protected":false},"excerpt":{"rendered":"<p>Trois soci\u00e9taires du Boxing Club Vaudais \u00e9taient \u00e0 l&rsquo;affiche samedi soir\u00a0 \u00e0 Bourg en Bresse et sont tous impos\u00e9s ! &#8211; Deux d&rsquo;entre eux, \u00e9taient s\u00e9lectionn\u00e9s dans l&rsquo; \u00e9quipe r\u00e9gionale du Lyonnais pour boxer contre la s\u00e9lection d&rsquo;Aquitaine: Horlin Kopa (en 75 kg) et Memis Selim (en 69 kg) l&rsquo;ont tous deux emport\u00e9 aux points. [&hellip;]<\/p>\n","protected":false},"author":4,"featured_media":40485,"comment_status":"open","ping_status":"open","sticky":false,"template":"","format":"standard","meta":{"footnotes":""},"categories":[574,3895,166,28],"tags":[],"class_list":["post-40480","post","type-post","status-publish","format-standard","has-post-thumbnail","hentry","category-autres-sports","category-boxe","category-divers-sports","category-vaulx-en-velin"],"yoast_head":"<!-- This site is optimized with the Yoast SEO plugin v27.2 - https:\/\/yoast.com\/product\/yoast-seo-wordpress\/ -->\n<title>VAULX EN VELIN : Carton plein pour les boxeurs vaudais<\/title>\n<meta name=\"description\" content=\"VAULX EN VELIN : Carton plein pour les boxeurs vaudais\" \/>\n<meta name=\"robots\" content=\"index, follow, max-snippet:-1, max-image-preview:large, max-video-preview:-1\" \/>\n<link rel=\"canonical\" href=\"https:\/\/newsestlyonnais.fr\/site\/2017\/12\/17\/vaulx-en-velin-carton-plein-pour-les-boxeurs-vaudais\/\" \/>\n<meta property=\"og:locale\" content=\"fr_FR\" \/>\n<meta property=\"og:type\" content=\"article\" \/>\n<meta property=\"og:title\" content=\"VAULX EN VELIN : Carton plein pour les boxeurs vaudais\" \/>\n<meta property=\"og:description\" content=\"VAULX EN VELIN : Carton plein pour les boxeurs vaudais\" \/>\n<meta property=\"og:url\" content=\"https:\/\/newsestlyonnais.fr\/site\/2017\/12\/17\/vaulx-en-velin-carton-plein-pour-les-boxeurs-vaudais\/\" \/>\n<meta property=\"og:site_name\" content=\"News Est Lyonnais\" \/>\n<meta property=\"article:author\" content=\"https:\/\/www.facebook.com\/pascal.oberson.1?fref=ts\" \/>\n<meta property=\"article:published_time\" content=\"2017-12-17T18:31:48+00:00\" \/>\n<meta property=\"article:modified_time\" content=\"2021-09-16T13:44:53+00:00\" \/>\n<meta property=\"og:image\" content=\"https:\/\/i2.wp.com\/newsestlyonnais.fr\/site\/wp-content\/uploads\/2017\/12\/NEWSESTLYONNAIS-NIZAR-TRIMECH-.jpg?fit=800%2C533&ssl=1\" \/>\n\t<meta property=\"og:image:width\" content=\"800\" \/>\n\t<meta property=\"og:image:height\" content=\"533\" \/>\n\t<meta property=\"og:image:type\" content=\"image\/jpeg\" \/>\n<meta name=\"author\" content=\"R\u00e9dac. NEWS\" \/>\n<meta name=\"twitter:card\" content=\"summary_large_image\" \/>\n<meta name=\"twitter:label1\" content=\"\u00c9crit par\" \/>\n\t<meta name=\"twitter:data1\" content=\"R\u00e9dac. NEWS\" \/>\n<script type=\"application\/ld+json\" class=\"yoast-schema-graph\">{\"@context\":\"https:\/\/schema.org\",\"@graph\":[{\"@type\":\"Article\",\"@id\":\"https:\/\/newsestlyonnais.fr\/site\/2017\/12\/17\/vaulx-en-velin-carton-plein-pour-les-boxeurs-vaudais\/#article\",\"isPartOf\":{\"@id\":\"https:\/\/newsestlyonnais.fr\/site\/2017\/12\/17\/vaulx-en-velin-carton-plein-pour-les-boxeurs-vaudais\/\"},\"author\":{\"name\":\"R\u00e9dac. NEWS\",\"@id\":\"https:\/\/newsestlyonnais.fr\/site\/#\/schema\/person\/3230d5615f390bb808365d673001e887\"},\"headline\":\"VAULX-EN-VELIN | Carton plein pour les boxeurs vaudais\",\"datePublished\":\"2017-12-17T18:31:48+00:00\",\"dateModified\":\"2021-09-16T13:44:53+00:00\",\"mainEntityOfPage\":{\"@id\":\"https:\/\/newsestlyonnais.fr\/site\/2017\/12\/17\/vaulx-en-velin-carton-plein-pour-les-boxeurs-vaudais\/\"},\"wordCount\":108,\"commentCount\":0,\"publisher\":{\"@id\":\"https:\/\/newsestlyonnais.fr\/site\/#organization\"},\"image\":{\"@id\":\"https:\/\/newsestlyonnais.fr\/site\/2017\/12\/17\/vaulx-en-velin-carton-plein-pour-les-boxeurs-vaudais\/#primaryimage\"},\"thumbnailUrl\":\"https:\/\/newsestlyonnais.fr\/site\/wp-content\/uploads\/2017\/12\/NEWSESTLYONNAIS-NIZAR-TRIMECH-.jpg\",\"articleSection\":[\"Autres sports\",\"Boxe\",\"Divers Sports\",\"Vaulx-en-Velin\"],\"inLanguage\":\"fr-FR\",\"potentialAction\":[{\"@type\":\"CommentAction\",\"name\":\"Comment\",\"target\":[\"https:\/\/newsestlyonnais.fr\/site\/2017\/12\/17\/vaulx-en-velin-carton-plein-pour-les-boxeurs-vaudais\/#respond\"]}]},{\"@type\":\"WebPage\",\"@id\":\"https:\/\/newsestlyonnais.fr\/site\/2017\/12\/17\/vaulx-en-velin-carton-plein-pour-les-boxeurs-vaudais\/\",\"url\":\"https:\/\/newsestlyonnais.fr\/site\/2017\/12\/17\/vaulx-en-velin-carton-plein-pour-les-boxeurs-vaudais\/\",\"name\":\"VAULX EN VELIN : Carton plein pour les boxeurs vaudais\",\"isPartOf\":{\"@id\":\"https:\/\/newsestlyonnais.fr\/site\/#website\"},\"primaryImageOfPage\":{\"@id\":\"https:\/\/newsestlyonnais.fr\/site\/2017\/12\/17\/vaulx-en-velin-carton-plein-pour-les-boxeurs-vaudais\/#primaryimage\"},\"image\":{\"@id\":\"https:\/\/newsestlyonnais.fr\/site\/2017\/12\/17\/vaulx-en-velin-carton-plein-pour-les-boxeurs-vaudais\/#primaryimage\"},\"thumbnailUrl\":\"https:\/\/newsestlyonnais.fr\/site\/wp-content\/uploads\/2017\/12\/NEWSESTLYONNAIS-NIZAR-TRIMECH-.jpg\",\"datePublished\":\"2017-12-17T18:31:48+00:00\",\"dateModified\":\"2021-09-16T13:44:53+00:00\",\"description\":\"VAULX EN VELIN : Carton plein pour les boxeurs vaudais\",\"breadcrumb\":{\"@id\":\"https:\/\/newsestlyonnais.fr\/site\/2017\/12\/17\/vaulx-en-velin-carton-plein-pour-les-boxeurs-vaudais\/#breadcrumb\"},\"inLanguage\":\"fr-FR\",\"potentialAction\":[{\"@type\":\"ReadAction\",\"target\":[\"https:\/\/newsestlyonnais.fr\/site\/2017\/12\/17\/vaulx-en-velin-carton-plein-pour-les-boxeurs-vaudais\/\"]}]},{\"@type\":\"ImageObject\",\"inLanguage\":\"fr-FR\",\"@id\":\"https:\/\/newsestlyonnais.fr\/site\/2017\/12\/17\/vaulx-en-velin-carton-plein-pour-les-boxeurs-vaudais\/#primaryimage\",\"url\":\"https:\/\/newsestlyonnais.fr\/site\/wp-content\/uploads\/2017\/12\/NEWSESTLYONNAIS-NIZAR-TRIMECH-.jpg\",\"contentUrl\":\"https:\/\/newsestlyonnais.fr\/site\/wp-content\/uploads\/2017\/12\/NEWSESTLYONNAIS-NIZAR-TRIMECH-.jpg\",\"width\":800,\"height\":533,\"caption\":\"NEWSESTLYONNAIS - NIZAR TRIMECH\"},{\"@type\":\"BreadcrumbList\",\"@id\":\"https:\/\/newsestlyonnais.fr\/site\/2017\/12\/17\/vaulx-en-velin-carton-plein-pour-les-boxeurs-vaudais\/#breadcrumb\",\"itemListElement\":[{\"@type\":\"ListItem\",\"position\":1,\"name\":\"Accueil\",\"item\":\"https:\/\/newsestlyonnais.fr\/site\/\"},{\"@type\":\"ListItem\",\"position\":2,\"name\":\"VAULX-EN-VELIN | Carton plein pour les boxeurs vaudais\"}]},{\"@type\":\"WebSite\",\"@id\":\"https:\/\/newsestlyonnais.fr\/site\/#website\",\"url\":\"https:\/\/newsestlyonnais.fr\/site\/\",\"name\":\"News Est Lyonnais\",\"description\":\"L&#039;actualit\u00e9 au plus pr\u00e8s\",\"publisher\":{\"@id\":\"https:\/\/newsestlyonnais.fr\/site\/#organization\"},\"potentialAction\":[{\"@type\":\"SearchAction\",\"target\":{\"@type\":\"EntryPoint\",\"urlTemplate\":\"https:\/\/newsestlyonnais.fr\/site\/?s={search_term_string}\"},\"query-input\":{\"@type\":\"PropertyValueSpecification\",\"valueRequired\":true,\"valueName\":\"search_term_string\"}}],\"inLanguage\":\"fr-FR\"},{\"@type\":\"Organization\",\"@id\":\"https:\/\/newsestlyonnais.fr\/site\/#organization\",\"name\":\"News EST LYONNAIS\",\"url\":\"https:\/\/newsestlyonnais.fr\/site\/\",\"logo\":{\"@type\":\"ImageObject\",\"inLanguage\":\"fr-FR\",\"@id\":\"https:\/\/newsestlyonnais.fr\/site\/#\/schema\/logo\/image\/\",\"url\":\"\",\"contentUrl\":\"\",\"caption\":\"News EST LYONNAIS\"},\"image\":{\"@id\":\"https:\/\/newsestlyonnais.fr\/site\/#\/schema\/logo\/image\/\"}},{\"@type\":\"Person\",\"@id\":\"https:\/\/newsestlyonnais.fr\/site\/#\/schema\/person\/3230d5615f390bb808365d673001e887\",\"name\":\"R\u00e9dac. NEWS\",\"sameAs\":[\"http:\/\/www.newsestlyonnais.fr\",\"https:\/\/www.facebook.com\/pascal.oberson.1?fref=ts\",\"https:\/\/fr.linkedin.com\/in\/pascal-oberson-b17045113\"],\"url\":\"https:\/\/newsestlyonnais.fr\/site\/author\/nel\/\"}]}<\/script>\n<!-- \/ Yoast SEO plugin. -->","yoast_head_json":{"title":"VAULX EN VELIN : Carton plein pour les boxeurs vaudais","description":"VAULX EN VELIN : Carton plein pour les boxeurs vaudais","robots":{"index":"index","follow":"follow","max-snippet":"max-snippet:-1","max-image-preview":"max-image-preview:large","max-video-preview":"max-video-preview:-1"},"canonical":"https:\/\/newsestlyonnais.fr\/site\/2017\/12\/17\/vaulx-en-velin-carton-plein-pour-les-boxeurs-vaudais\/","og_locale":"fr_FR","og_type":"article","og_title":"VAULX EN VELIN : Carton plein pour les boxeurs vaudais","og_description":"VAULX EN VELIN : Carton plein pour les boxeurs vaudais","og_url":"https:\/\/newsestlyonnais.fr\/site\/2017\/12\/17\/vaulx-en-velin-carton-plein-pour-les-boxeurs-vaudais\/","og_site_name":"News Est Lyonnais","article_author":"https:\/\/www.facebook.com\/pascal.oberson.1?fref=ts","article_published_time":"2017-12-17T18:31:48+00:00","article_modified_time":"2021-09-16T13:44:53+00:00","og_image":[{"width":800,"height":533,"url":"https:\/\/i2.wp.com\/newsestlyonnais.fr\/site\/wp-content\/uploads\/2017\/12\/NEWSESTLYONNAIS-NIZAR-TRIMECH-.jpg?fit=800%2C533&ssl=1","type":"image\/jpeg"}],"author":"R\u00e9dac. NEWS","twitter_card":"summary_large_image","twitter_misc":{"\u00c9crit par":"R\u00e9dac. NEWS"},"schema":{"@context":"https:\/\/schema.org","@graph":[{"@type":"Article","@id":"https:\/\/newsestlyonnais.fr\/site\/2017\/12\/17\/vaulx-en-velin-carton-plein-pour-les-boxeurs-vaudais\/#article","isPartOf":{"@id":"https:\/\/newsestlyonnais.fr\/site\/2017\/12\/17\/vaulx-en-velin-carton-plein-pour-les-boxeurs-vaudais\/"},"author":{"name":"R\u00e9dac. NEWS","@id":"https:\/\/newsestlyonnais.fr\/site\/#\/schema\/person\/3230d5615f390bb808365d673001e887"},"headline":"VAULX-EN-VELIN | Carton plein pour les boxeurs vaudais","datePublished":"2017-12-17T18:31:48+00:00","dateModified":"2021-09-16T13:44:53+00:00","mainEntityOfPage":{"@id":"https:\/\/newsestlyonnais.fr\/site\/2017\/12\/17\/vaulx-en-velin-carton-plein-pour-les-boxeurs-vaudais\/"},"wordCount":108,"commentCount":0,"publisher":{"@id":"https:\/\/newsestlyonnais.fr\/site\/#organization"},"image":{"@id":"https:\/\/newsestlyonnais.fr\/site\/2017\/12\/17\/vaulx-en-velin-carton-plein-pour-les-boxeurs-vaudais\/#primaryimage"},"thumbnailUrl":"https:\/\/newsestlyonnais.fr\/site\/wp-content\/uploads\/2017\/12\/NEWSESTLYONNAIS-NIZAR-TRIMECH-.jpg","articleSection":["Autres sports","Boxe","Divers Sports","Vaulx-en-Velin"],"inLanguage":"fr-FR","potentialAction":[{"@type":"CommentAction","name":"Comment","target":["https:\/\/newsestlyonnais.fr\/site\/2017\/12\/17\/vaulx-en-velin-carton-plein-pour-les-boxeurs-vaudais\/#respond"]}]},{"@type":"WebPage","@id":"https:\/\/newsestlyonnais.fr\/site\/2017\/12\/17\/vaulx-en-velin-carton-plein-pour-les-boxeurs-vaudais\/","url":"https:\/\/newsestlyonnais.fr\/site\/2017\/12\/17\/vaulx-en-velin-carton-plein-pour-les-boxeurs-vaudais\/","name":"VAULX EN VELIN : Carton plein pour les boxeurs vaudais","isPartOf":{"@id":"https:\/\/newsestlyonnais.fr\/site\/#website"},"primaryImageOfPage":{"@id":"https:\/\/newsestlyonnais.fr\/site\/2017\/12\/17\/vaulx-en-velin-carton-plein-pour-les-boxeurs-vaudais\/#primaryimage"},"image":{"@id":"https:\/\/newsestlyonnais.fr\/site\/2017\/12\/17\/vaulx-en-velin-carton-plein-pour-les-boxeurs-vaudais\/#primaryimage"},"thumbnailUrl":"https:\/\/newsestlyonnais.fr\/site\/wp-content\/uploads\/2017\/12\/NEWSESTLYONNAIS-NIZAR-TRIMECH-.jpg","datePublished":"2017-12-17T18:31:48+00:00","dateModified":"2021-09-16T13:44:53+00:00","description":"VAULX EN VELIN : Carton plein pour les boxeurs vaudais","breadcrumb":{"@id":"https:\/\/newsestlyonnais.fr\/site\/2017\/12\/17\/vaulx-en-velin-carton-plein-pour-les-boxeurs-vaudais\/#breadcrumb"},"inLanguage":"fr-FR","potentialAction":[{"@type":"ReadAction","target":["https:\/\/newsestlyonnais.fr\/site\/2017\/12\/17\/vaulx-en-velin-carton-plein-pour-les-boxeurs-vaudais\/"]}]},{"@type":"ImageObject","inLanguage":"fr-FR","@id":"https:\/\/newsestlyonnais.fr\/site\/2017\/12\/17\/vaulx-en-velin-carton-plein-pour-les-boxeurs-vaudais\/#primaryimage","url":"https:\/\/newsestlyonnais.fr\/site\/wp-content\/uploads\/2017\/12\/NEWSESTLYONNAIS-NIZAR-TRIMECH-.jpg","contentUrl":"https:\/\/newsestlyonnais.fr\/site\/wp-content\/uploads\/2017\/12\/NEWSESTLYONNAIS-NIZAR-TRIMECH-.jpg","width":800,"height":533,"caption":"NEWSESTLYONNAIS - NIZAR TRIMECH"},{"@type":"BreadcrumbList","@id":"https:\/\/newsestlyonnais.fr\/site\/2017\/12\/17\/vaulx-en-velin-carton-plein-pour-les-boxeurs-vaudais\/#breadcrumb","itemListElement":[{"@type":"ListItem","position":1,"name":"Accueil","item":"https:\/\/newsestlyonnais.fr\/site\/"},{"@type":"ListItem","position":2,"name":"VAULX-EN-VELIN | Carton plein pour les boxeurs vaudais"}]},{"@type":"WebSite","@id":"https:\/\/newsestlyonnais.fr\/site\/#website","url":"https:\/\/newsestlyonnais.fr\/site\/","name":"News Est Lyonnais","description":"L&#039;actualit\u00e9 au plus pr\u00e8s","publisher":{"@id":"https:\/\/newsestlyonnais.fr\/site\/#organization"},"potentialAction":[{"@type":"SearchAction","target":{"@type":"EntryPoint","urlTemplate":"https:\/\/newsestlyonnais.fr\/site\/?s={search_term_string}"},"query-input":{"@type":"PropertyValueSpecification","valueRequired":true,"valueName":"search_term_string"}}],"inLanguage":"fr-FR"},{"@type":"Organization","@id":"https:\/\/newsestlyonnais.fr\/site\/#organization","name":"News EST LYONNAIS","url":"https:\/\/newsestlyonnais.fr\/site\/","logo":{"@type":"ImageObject","inLanguage":"fr-FR","@id":"https:\/\/newsestlyonnais.fr\/site\/#\/schema\/logo\/image\/","url":"","contentUrl":"","caption":"News EST LYONNAIS"},"image":{"@id":"https:\/\/newsestlyonnais.fr\/site\/#\/schema\/logo\/image\/"}},{"@type":"Person","@id":"https:\/\/newsestlyonnais.fr\/site\/#\/schema\/person\/3230d5615f390bb808365d673001e887","name":"R\u00e9dac. NEWS","sameAs":["http:\/\/www.newsestlyonnais.fr","https:\/\/www.facebook.com\/pascal.oberson.1?fref=ts","https:\/\/fr.linkedin.com\/in\/pascal-oberson-b17045113"],"url":"https:\/\/newsestlyonnais.fr\/site\/author\/nel\/"}]}},"_links":{"self":[{"href":"https:\/\/newsestlyonnais.fr\/site\/wp-json\/wp\/v2\/posts\/40480","targetHints":{"allow":["GET"]}}],"collection":[{"href":"https:\/\/newsestlyonnais.fr\/site\/wp-json\/wp\/v2\/posts"}],"about":[{"href":"https:\/\/newsestlyonnais.fr\/site\/wp-json\/wp\/v2\/types\/post"}],"author":[{"embeddable":true,"href":"https:\/\/newsestlyonnais.fr\/site\/wp-json\/wp\/v2\/users\/4"}],"replies":[{"embeddable":true,"href":"https:\/\/newsestlyonnais.fr\/site\/wp-json\/wp\/v2\/comments?post=40480"}],"version-history":[{"count":0,"href":"https:\/\/newsestlyonnais.fr\/site\/wp-json\/wp\/v2\/posts\/40480\/revisions"}],"wp:featuredmedia":[{"embeddable":true,"href":"https:\/\/newsestlyonnais.fr\/site\/wp-json\/wp\/v2\/media\/40485"}],"wp:attachment":[{"href":"https:\/\/newsestlyonnais.fr\/site\/wp-json\/wp\/v2\/media?parent=40480"}],"wp:term":[{"taxonomy":"category","embeddable":true,"href":"https:\/\/newsestlyonnais.fr\/site\/wp-json\/wp\/v2\/categories?post=40480"},{"taxonomy":"post_tag","embeddable":true,"href":"https:\/\/newsestlyonnais.fr\/site\/wp-json\/wp\/v2\/tags?post=40480"}],"curies":[{"name":"wp","href":"https:\/\/api.w.org\/{rel}","templated":true}]}}