{"id":40541,"date":"2017-12-18T11:55:11","date_gmt":"2017-12-18T10:55:11","guid":{"rendered":"http:\/\/newsestlyonnais.fr\/site\/?p=40541"},"modified":"2020-11-03T14:36:36","modified_gmt":"2020-11-03T13:36:36","slug":"genas-fete-de-noel-et-revue-deffectif-a-lesga-basket","status":"publish","type":"post","link":"https:\/\/newsestlyonnais.fr\/site\/2017\/12\/18\/genas-fete-de-noel-et-revue-deffectif-a-lesga-basket\/","title":{"rendered":"GENAS | F\u00eate de No\u00ebl et revue d&rsquo;effectif \u00e0 l&rsquo;ESGA Basket"},"content":{"rendered":"<h4>La matin\u00e9e du samedi 16 d\u00e9cembre dernier aura \u00e9t\u00e9 des plus festives au gymnase du complexe sportif pour l&rsquo;ES Genas Azieu Basket.<\/h4>\n<p>Un bel \u00e9v\u00e8nement de fin d&rsquo;ann\u00e9e, d\u00e9marr\u00e9 par un plateau baby puis poursuivi par la traditionnelle pr\u00e9sentation d&rsquo;une partie de l&rsquo;effectif du club sur les 228 licenci\u00e9s r\u00e9partis en 16 \u00e9quipes le composant.<\/p>\n<p>Le nouveau pr\u00e9sident <span class=\"wsg-font-size-1\">Vincent Calleau a ensuite annonc\u00e9 l&rsquo;arriv\u00e9e tant attendue, notamment par les jeune pousses, du P\u00e8re No\u00ebl qui a proc\u00e9d\u00e9 \u00e0 la distribution de friandises. <\/span><\/p>\n<ul>\n<li>\n<h4>Retrouvez l&rsquo;ACTU du club sur: <a href=\"http:\/\/www.esga-basket.com\" target=\"_blank\" rel=\"noopener noreferrer\">http:\/\/www.esga-basket.com<\/a><\/h4>\n<\/li>\n<\/ul>\n<p>Retour en images sur cette belle F\u00eate de <span class=\"wsg-font-size-1\">No\u00ebl<\/span> !<\/p>\n<div id='gallery-1' class='gallery galleryid-40541 gallery-columns-3 gallery-size-thumbnail'><figure class='gallery-item'>\n\t\t\t<div class='gallery-icon portrait'>\n\t\t\t\t<a href='https:\/\/newsestlyonnais.fr\/site\/newsestlyonnais-fet-noel-esgabasket\/'><img loading=\"lazy\" decoding=\"async\" width=\"150\" height=\"150\" src=\"https:\/\/newsestlyonnais.fr\/site\/wp-content\/uploads\/2017\/12\/NEWSESTLYONNAIS-FET-NOEL-ESGABASKET-150x150.jpg\" class=\"attachment-thumbnail size-thumbnail\" alt=\"NEWSESTLYONNAIS - FET NOEL ESGABASKET\" aria-describedby=\"gallery-1-39807\" \/><\/a>\n\t\t\t<\/div>\n\t\t\t\t<figcaption class='wp-caption-text gallery-caption' id='gallery-1-39807'>\n\t\t\t\t   L&rsquo;affiche de l&rsquo;\u00e9v\u00e8nement \n\t\t\t\t<\/figcaption><\/figure><figure class='gallery-item'>\n\t\t\t<div class='gallery-icon landscape'>\n\t\t\t\t<a href='https:\/\/newsestlyonnais.fr\/site\/2017\/12\/18\/genas-fete-de-noel-et-revue-deffectif-a-lesga-basket\/newsestlyonnais-pere-noel-esga-basket\/'><img loading=\"lazy\" decoding=\"async\" width=\"150\" height=\"150\" src=\"https:\/\/newsestlyonnais.fr\/site\/wp-content\/uploads\/2017\/12\/NEWSESTLYONNAIS-PERE-NOEL-ESGA-BASKET-150x150.jpg\" class=\"attachment-thumbnail size-thumbnail\" alt=\"NEWSESTLYONNAIS - PERE NOEL ESGA BASKET\" aria-describedby=\"gallery-1-40550\" \/><\/a>\n\t\t\t<\/div>\n\t\t\t\t<figcaption class='wp-caption-text gallery-caption' id='gallery-1-40550'>\n\t\t\t\tLe P\u00e8re Noel toujours tr\u00e8s attendu par les enfants \n\t\t\t\t<\/figcaption><\/figure><figure class='gallery-item'>\n\t\t\t<div class='gallery-icon landscape'>\n\t\t\t\t<a href='https:\/\/newsestlyonnais.fr\/site\/2017\/12\/18\/genas-fete-de-noel-et-revue-deffectif-a-lesga-basket\/newsestlyonnais-baby-basket-esga\/'><img loading=\"lazy\" decoding=\"async\" width=\"150\" height=\"150\" src=\"https:\/\/newsestlyonnais.fr\/site\/wp-content\/uploads\/2017\/12\/NEWSESTLYONNAIS-BABY-BASKET-ESGA--150x150.jpg\" class=\"attachment-thumbnail size-thumbnail\" alt=\"NEWSESTLYONNAIS BABY BASKET ESGA\" aria-describedby=\"gallery-1-40552\" \/><\/a>\n\t\t\t<\/div>\n\t\t\t\t<figcaption class='wp-caption-text gallery-caption' id='gallery-1-40552'>\n\t\t\t\tLes enfants du Baby basket fiers de poser avec le P\u00e8re Noel !\n\t\t\t\t<\/figcaption><\/figure><figure class='gallery-item'>\n\t\t\t<div class='gallery-icon landscape'>\n\t\t\t\t<a href='https:\/\/newsestlyonnais.fr\/site\/2017\/12\/18\/genas-fete-de-noel-et-revue-deffectif-a-lesga-basket\/newsestlyonnais-esga-basket-equipe\/'><img loading=\"lazy\" decoding=\"async\" width=\"150\" height=\"150\" src=\"https:\/\/newsestlyonnais.fr\/site\/wp-content\/uploads\/2017\/12\/NEWSESTLYONNAIS-ESGA-BASKET-EQUIPE-150x150.jpg\" class=\"attachment-thumbnail size-thumbnail\" alt=\"NEWSESTLYONNAIS - ESGA BASKET EQUIPE\" \/><\/a>\n\t\t\t<\/div><\/figure><figure class='gallery-item'>\n\t\t\t<div class='gallery-icon landscape'>\n\t\t\t\t<a href='https:\/\/newsestlyonnais.fr\/site\/2017\/12\/18\/genas-fete-de-noel-et-revue-deffectif-a-lesga-basket\/newsestlyonnais-esga-basket-fillesp1230471\/'><img loading=\"lazy\" decoding=\"async\" width=\"150\" height=\"150\" src=\"https:\/\/newsestlyonnais.fr\/site\/wp-content\/uploads\/2017\/12\/NEWSESTLYONNAIS-ESGA-BASKET-FILLESP1230471-150x150.jpg\" class=\"attachment-thumbnail size-thumbnail\" alt=\"NEWSESTLYONNAIS ESGA BASKET FILLESP1230471\" \/><\/a>\n\t\t\t<\/div><\/figure><figure class='gallery-item'>\n\t\t\t<div class='gallery-icon landscape'>\n\t\t\t\t<a href='https:\/\/newsestlyonnais.fr\/site\/2017\/12\/18\/genas-fete-de-noel-et-revue-deffectif-a-lesga-basket\/newsestlyonnais-esga-basket-effectif\/'><img loading=\"lazy\" decoding=\"async\" width=\"150\" height=\"150\" src=\"https:\/\/newsestlyonnais.fr\/site\/wp-content\/uploads\/2017\/12\/NEWSESTLYONNAIS-ESGA-BASKET-EFFECTIF-150x150.jpg\" class=\"attachment-thumbnail size-thumbnail\" alt=\"NEWSESTLYONNAIS - ESGA BASKET EFFECTIF\" \/><\/a>\n\t\t\t<\/div><\/figure>\n\t\t<\/div>\n\n<p>&nbsp;<\/p>\n<p>&nbsp;<\/p>\n","protected":false},"excerpt":{"rendered":"<p>La matin\u00e9e du samedi 16 d\u00e9cembre dernier aura \u00e9t\u00e9 des plus festives au gymnase du complexe sportif pour l&rsquo;ES Genas Azieu Basket. Un bel \u00e9v\u00e8nement de fin d&rsquo;ann\u00e9e, d\u00e9marr\u00e9 par un plateau baby puis poursuivi par la traditionnelle pr\u00e9sentation d&rsquo;une partie de l&rsquo;effectif du club sur les 228 licenci\u00e9s r\u00e9partis en 16 \u00e9quipes le composant. [&hellip;]<\/p>\n","protected":false},"author":4,"featured_media":40549,"comment_status":"open","ping_status":"open","sticky":false,"template":"","format":"standard","meta":{"footnotes":""},"categories":[1357,2975,270,1598],"tags":[],"class_list":["post-40541","post","type-post","status-publish","format-standard","has-post-thumbnail","hentry","category-basket","category-basket-hand-volley-sports","category-cte-de-communes-c-c-e-l","category-genas"],"yoast_head":"<!-- This site is optimized with the Yoast SEO plugin v27.2 - https:\/\/yoast.com\/product\/yoast-seo-wordpress\/ -->\n<title>GENAS : F\u00eate de No\u00ebl et revue d&#039;effectif \u00e0 l&#039;ES Genas Azieu Basket<\/title>\n<meta name=\"description\" content=\"GENAS : F\u00eate de No\u00ebl et revue d&#039;effectif \u00e0 l&#039;ES Genas Azieu Basket\" \/>\n<meta name=\"robots\" content=\"index, follow, max-snippet:-1, max-image-preview:large, max-video-preview:-1\" \/>\n<link rel=\"canonical\" href=\"https:\/\/newsestlyonnais.fr\/site\/2017\/12\/18\/genas-fete-de-noel-et-revue-deffectif-a-lesga-basket\/\" \/>\n<meta property=\"og:locale\" content=\"fr_FR\" \/>\n<meta property=\"og:type\" content=\"article\" \/>\n<meta property=\"og:title\" content=\"GENAS : F\u00eate de No\u00ebl et revue d&#039;effectif \u00e0 l&#039;ES Genas Azieu Basket\" \/>\n<meta property=\"og:description\" content=\"GENAS : F\u00eate de No\u00ebl et revue d&#039;effectif \u00e0 l&#039;ES Genas Azieu Basket\" \/>\n<meta property=\"og:url\" content=\"https:\/\/newsestlyonnais.fr\/site\/2017\/12\/18\/genas-fete-de-noel-et-revue-deffectif-a-lesga-basket\/\" \/>\n<meta property=\"og:site_name\" content=\"News Est Lyonnais\" \/>\n<meta property=\"article:author\" content=\"https:\/\/www.facebook.com\/pascal.oberson.1?fref=ts\" \/>\n<meta property=\"article:published_time\" content=\"2017-12-18T10:55:11+00:00\" \/>\n<meta property=\"article:modified_time\" content=\"2020-11-03T13:36:36+00:00\" \/>\n<meta property=\"og:image\" content=\"https:\/\/i2.wp.com\/newsestlyonnais.fr\/site\/wp-content\/uploads\/2017\/12\/NEWSESTLYONNAIS-ESGA-BASKET.jpg?fit=2048%2C1536&ssl=1\" \/>\n\t<meta property=\"og:image:width\" content=\"2048\" \/>\n\t<meta property=\"og:image:height\" content=\"1536\" \/>\n\t<meta property=\"og:image:type\" content=\"image\/jpeg\" \/>\n<meta name=\"author\" content=\"R\u00e9dac. NEWS\" \/>\n<meta name=\"twitter:card\" content=\"summary_large_image\" \/>\n<meta name=\"twitter:label1\" content=\"\u00c9crit par\" \/>\n\t<meta name=\"twitter:data1\" content=\"R\u00e9dac. NEWS\" \/>\n\t<meta name=\"twitter:label2\" content=\"Dur\u00e9e de lecture estim\u00e9e\" \/>\n\t<meta name=\"twitter:data2\" content=\"1 minute\" \/>\n<script type=\"application\/ld+json\" class=\"yoast-schema-graph\">{\"@context\":\"https:\/\/schema.org\",\"@graph\":[{\"@type\":\"Article\",\"@id\":\"https:\/\/newsestlyonnais.fr\/site\/2017\/12\/18\/genas-fete-de-noel-et-revue-deffectif-a-lesga-basket\/#article\",\"isPartOf\":{\"@id\":\"https:\/\/newsestlyonnais.fr\/site\/2017\/12\/18\/genas-fete-de-noel-et-revue-deffectif-a-lesga-basket\/\"},\"author\":{\"name\":\"R\u00e9dac. NEWS\",\"@id\":\"https:\/\/newsestlyonnais.fr\/site\/#\/schema\/person\/3230d5615f390bb808365d673001e887\"},\"headline\":\"GENAS | F\u00eate de No\u00ebl et revue d&rsquo;effectif \u00e0 l&rsquo;ESGA Basket\",\"datePublished\":\"2017-12-18T10:55:11+00:00\",\"dateModified\":\"2020-11-03T13:36:36+00:00\",\"mainEntityOfPage\":{\"@id\":\"https:\/\/newsestlyonnais.fr\/site\/2017\/12\/18\/genas-fete-de-noel-et-revue-deffectif-a-lesga-basket\/\"},\"wordCount\":136,\"commentCount\":0,\"publisher\":{\"@id\":\"https:\/\/newsestlyonnais.fr\/site\/#organization\"},\"image\":{\"@id\":\"https:\/\/newsestlyonnais.fr\/site\/2017\/12\/18\/genas-fete-de-noel-et-revue-deffectif-a-lesga-basket\/#primaryimage\"},\"thumbnailUrl\":\"https:\/\/newsestlyonnais.fr\/site\/wp-content\/uploads\/2017\/12\/NEWSESTLYONNAIS-ESGA-BASKET.jpg\",\"articleSection\":[\"Basket\",\"Basket | Hand | Volley\",\"CCEL | Communes\",\"Genas\"],\"inLanguage\":\"fr-FR\",\"potentialAction\":[{\"@type\":\"CommentAction\",\"name\":\"Comment\",\"target\":[\"https:\/\/newsestlyonnais.fr\/site\/2017\/12\/18\/genas-fete-de-noel-et-revue-deffectif-a-lesga-basket\/#respond\"]}]},{\"@type\":\"WebPage\",\"@id\":\"https:\/\/newsestlyonnais.fr\/site\/2017\/12\/18\/genas-fete-de-noel-et-revue-deffectif-a-lesga-basket\/\",\"url\":\"https:\/\/newsestlyonnais.fr\/site\/2017\/12\/18\/genas-fete-de-noel-et-revue-deffectif-a-lesga-basket\/\",\"name\":\"GENAS : F\u00eate de No\u00ebl et revue d'effectif \u00e0 l'ES Genas Azieu Basket\",\"isPartOf\":{\"@id\":\"https:\/\/newsestlyonnais.fr\/site\/#website\"},\"primaryImageOfPage\":{\"@id\":\"https:\/\/newsestlyonnais.fr\/site\/2017\/12\/18\/genas-fete-de-noel-et-revue-deffectif-a-lesga-basket\/#primaryimage\"},\"image\":{\"@id\":\"https:\/\/newsestlyonnais.fr\/site\/2017\/12\/18\/genas-fete-de-noel-et-revue-deffectif-a-lesga-basket\/#primaryimage\"},\"thumbnailUrl\":\"https:\/\/newsestlyonnais.fr\/site\/wp-content\/uploads\/2017\/12\/NEWSESTLYONNAIS-ESGA-BASKET.jpg\",\"datePublished\":\"2017-12-18T10:55:11+00:00\",\"dateModified\":\"2020-11-03T13:36:36+00:00\",\"description\":\"GENAS : F\u00eate de No\u00ebl et revue d'effectif \u00e0 l'ES Genas Azieu Basket\",\"breadcrumb\":{\"@id\":\"https:\/\/newsestlyonnais.fr\/site\/2017\/12\/18\/genas-fete-de-noel-et-revue-deffectif-a-lesga-basket\/#breadcrumb\"},\"inLanguage\":\"fr-FR\",\"potentialAction\":[{\"@type\":\"ReadAction\",\"target\":[\"https:\/\/newsestlyonnais.fr\/site\/2017\/12\/18\/genas-fete-de-noel-et-revue-deffectif-a-lesga-basket\/\"]}]},{\"@type\":\"ImageObject\",\"inLanguage\":\"fr-FR\",\"@id\":\"https:\/\/newsestlyonnais.fr\/site\/2017\/12\/18\/genas-fete-de-noel-et-revue-deffectif-a-lesga-basket\/#primaryimage\",\"url\":\"https:\/\/newsestlyonnais.fr\/site\/wp-content\/uploads\/2017\/12\/NEWSESTLYONNAIS-ESGA-BASKET.jpg\",\"contentUrl\":\"https:\/\/newsestlyonnais.fr\/site\/wp-content\/uploads\/2017\/12\/NEWSESTLYONNAIS-ESGA-BASKET.jpg\",\"width\":2048,\"height\":1536,\"caption\":\"NEWSESTLYONNAIS ESGA BASKET\"},{\"@type\":\"BreadcrumbList\",\"@id\":\"https:\/\/newsestlyonnais.fr\/site\/2017\/12\/18\/genas-fete-de-noel-et-revue-deffectif-a-lesga-basket\/#breadcrumb\",\"itemListElement\":[{\"@type\":\"ListItem\",\"position\":1,\"name\":\"Accueil\",\"item\":\"https:\/\/newsestlyonnais.fr\/site\/\"},{\"@type\":\"ListItem\",\"position\":2,\"name\":\"GENAS | F\u00eate de No\u00ebl et revue d&rsquo;effectif \u00e0 l&rsquo;ESGA Basket\"}]},{\"@type\":\"WebSite\",\"@id\":\"https:\/\/newsestlyonnais.fr\/site\/#website\",\"url\":\"https:\/\/newsestlyonnais.fr\/site\/\",\"name\":\"News Est Lyonnais\",\"description\":\"L&#039;actualit\u00e9 au plus pr\u00e8s\",\"publisher\":{\"@id\":\"https:\/\/newsestlyonnais.fr\/site\/#organization\"},\"potentialAction\":[{\"@type\":\"SearchAction\",\"target\":{\"@type\":\"EntryPoint\",\"urlTemplate\":\"https:\/\/newsestlyonnais.fr\/site\/?s={search_term_string}\"},\"query-input\":{\"@type\":\"PropertyValueSpecification\",\"valueRequired\":true,\"valueName\":\"search_term_string\"}}],\"inLanguage\":\"fr-FR\"},{\"@type\":\"Organization\",\"@id\":\"https:\/\/newsestlyonnais.fr\/site\/#organization\",\"name\":\"News EST LYONNAIS\",\"url\":\"https:\/\/newsestlyonnais.fr\/site\/\",\"logo\":{\"@type\":\"ImageObject\",\"inLanguage\":\"fr-FR\",\"@id\":\"https:\/\/newsestlyonnais.fr\/site\/#\/schema\/logo\/image\/\",\"url\":\"\",\"contentUrl\":\"\",\"caption\":\"News EST LYONNAIS\"},\"image\":{\"@id\":\"https:\/\/newsestlyonnais.fr\/site\/#\/schema\/logo\/image\/\"}},{\"@type\":\"Person\",\"@id\":\"https:\/\/newsestlyonnais.fr\/site\/#\/schema\/person\/3230d5615f390bb808365d673001e887\",\"name\":\"R\u00e9dac. NEWS\",\"sameAs\":[\"http:\/\/www.newsestlyonnais.fr\",\"https:\/\/www.facebook.com\/pascal.oberson.1?fref=ts\",\"https:\/\/fr.linkedin.com\/in\/pascal-oberson-b17045113\"],\"url\":\"https:\/\/newsestlyonnais.fr\/site\/author\/nel\/\"}]}<\/script>\n<!-- \/ Yoast SEO plugin. -->","yoast_head_json":{"title":"GENAS : F\u00eate de No\u00ebl et revue d'effectif \u00e0 l'ES Genas Azieu Basket","description":"GENAS : F\u00eate de No\u00ebl et revue d'effectif \u00e0 l'ES Genas Azieu Basket","robots":{"index":"index","follow":"follow","max-snippet":"max-snippet:-1","max-image-preview":"max-image-preview:large","max-video-preview":"max-video-preview:-1"},"canonical":"https:\/\/newsestlyonnais.fr\/site\/2017\/12\/18\/genas-fete-de-noel-et-revue-deffectif-a-lesga-basket\/","og_locale":"fr_FR","og_type":"article","og_title":"GENAS : F\u00eate de No\u00ebl et revue d'effectif \u00e0 l'ES Genas Azieu Basket","og_description":"GENAS : F\u00eate de No\u00ebl et revue d'effectif \u00e0 l'ES Genas Azieu Basket","og_url":"https:\/\/newsestlyonnais.fr\/site\/2017\/12\/18\/genas-fete-de-noel-et-revue-deffectif-a-lesga-basket\/","og_site_name":"News Est Lyonnais","article_author":"https:\/\/www.facebook.com\/pascal.oberson.1?fref=ts","article_published_time":"2017-12-18T10:55:11+00:00","article_modified_time":"2020-11-03T13:36:36+00:00","og_image":[{"width":2048,"height":1536,"url":"https:\/\/i2.wp.com\/newsestlyonnais.fr\/site\/wp-content\/uploads\/2017\/12\/NEWSESTLYONNAIS-ESGA-BASKET.jpg?fit=2048%2C1536&ssl=1","type":"image\/jpeg"}],"author":"R\u00e9dac. NEWS","twitter_card":"summary_large_image","twitter_misc":{"\u00c9crit par":"R\u00e9dac. NEWS","Dur\u00e9e de lecture estim\u00e9e":"1 minute"},"schema":{"@context":"https:\/\/schema.org","@graph":[{"@type":"Article","@id":"https:\/\/newsestlyonnais.fr\/site\/2017\/12\/18\/genas-fete-de-noel-et-revue-deffectif-a-lesga-basket\/#article","isPartOf":{"@id":"https:\/\/newsestlyonnais.fr\/site\/2017\/12\/18\/genas-fete-de-noel-et-revue-deffectif-a-lesga-basket\/"},"author":{"name":"R\u00e9dac. NEWS","@id":"https:\/\/newsestlyonnais.fr\/site\/#\/schema\/person\/3230d5615f390bb808365d673001e887"},"headline":"GENAS | F\u00eate de No\u00ebl et revue d&rsquo;effectif \u00e0 l&rsquo;ESGA Basket","datePublished":"2017-12-18T10:55:11+00:00","dateModified":"2020-11-03T13:36:36+00:00","mainEntityOfPage":{"@id":"https:\/\/newsestlyonnais.fr\/site\/2017\/12\/18\/genas-fete-de-noel-et-revue-deffectif-a-lesga-basket\/"},"wordCount":136,"commentCount":0,"publisher":{"@id":"https:\/\/newsestlyonnais.fr\/site\/#organization"},"image":{"@id":"https:\/\/newsestlyonnais.fr\/site\/2017\/12\/18\/genas-fete-de-noel-et-revue-deffectif-a-lesga-basket\/#primaryimage"},"thumbnailUrl":"https:\/\/newsestlyonnais.fr\/site\/wp-content\/uploads\/2017\/12\/NEWSESTLYONNAIS-ESGA-BASKET.jpg","articleSection":["Basket","Basket | Hand | Volley","CCEL | Communes","Genas"],"inLanguage":"fr-FR","potentialAction":[{"@type":"CommentAction","name":"Comment","target":["https:\/\/newsestlyonnais.fr\/site\/2017\/12\/18\/genas-fete-de-noel-et-revue-deffectif-a-lesga-basket\/#respond"]}]},{"@type":"WebPage","@id":"https:\/\/newsestlyonnais.fr\/site\/2017\/12\/18\/genas-fete-de-noel-et-revue-deffectif-a-lesga-basket\/","url":"https:\/\/newsestlyonnais.fr\/site\/2017\/12\/18\/genas-fete-de-noel-et-revue-deffectif-a-lesga-basket\/","name":"GENAS : F\u00eate de No\u00ebl et revue d'effectif \u00e0 l'ES Genas Azieu Basket","isPartOf":{"@id":"https:\/\/newsestlyonnais.fr\/site\/#website"},"primaryImageOfPage":{"@id":"https:\/\/newsestlyonnais.fr\/site\/2017\/12\/18\/genas-fete-de-noel-et-revue-deffectif-a-lesga-basket\/#primaryimage"},"image":{"@id":"https:\/\/newsestlyonnais.fr\/site\/2017\/12\/18\/genas-fete-de-noel-et-revue-deffectif-a-lesga-basket\/#primaryimage"},"thumbnailUrl":"https:\/\/newsestlyonnais.fr\/site\/wp-content\/uploads\/2017\/12\/NEWSESTLYONNAIS-ESGA-BASKET.jpg","datePublished":"2017-12-18T10:55:11+00:00","dateModified":"2020-11-03T13:36:36+00:00","description":"GENAS : F\u00eate de No\u00ebl et revue d'effectif \u00e0 l'ES Genas Azieu Basket","breadcrumb":{"@id":"https:\/\/newsestlyonnais.fr\/site\/2017\/12\/18\/genas-fete-de-noel-et-revue-deffectif-a-lesga-basket\/#breadcrumb"},"inLanguage":"fr-FR","potentialAction":[{"@type":"ReadAction","target":["https:\/\/newsestlyonnais.fr\/site\/2017\/12\/18\/genas-fete-de-noel-et-revue-deffectif-a-lesga-basket\/"]}]},{"@type":"ImageObject","inLanguage":"fr-FR","@id":"https:\/\/newsestlyonnais.fr\/site\/2017\/12\/18\/genas-fete-de-noel-et-revue-deffectif-a-lesga-basket\/#primaryimage","url":"https:\/\/newsestlyonnais.fr\/site\/wp-content\/uploads\/2017\/12\/NEWSESTLYONNAIS-ESGA-BASKET.jpg","contentUrl":"https:\/\/newsestlyonnais.fr\/site\/wp-content\/uploads\/2017\/12\/NEWSESTLYONNAIS-ESGA-BASKET.jpg","width":2048,"height":1536,"caption":"NEWSESTLYONNAIS ESGA BASKET"},{"@type":"BreadcrumbList","@id":"https:\/\/newsestlyonnais.fr\/site\/2017\/12\/18\/genas-fete-de-noel-et-revue-deffectif-a-lesga-basket\/#breadcrumb","itemListElement":[{"@type":"ListItem","position":1,"name":"Accueil","item":"https:\/\/newsestlyonnais.fr\/site\/"},{"@type":"ListItem","position":2,"name":"GENAS | F\u00eate de No\u00ebl et revue d&rsquo;effectif \u00e0 l&rsquo;ESGA Basket"}]},{"@type":"WebSite","@id":"https:\/\/newsestlyonnais.fr\/site\/#website","url":"https:\/\/newsestlyonnais.fr\/site\/","name":"News Est Lyonnais","description":"L&#039;actualit\u00e9 au plus pr\u00e8s","publisher":{"@id":"https:\/\/newsestlyonnais.fr\/site\/#organization"},"potentialAction":[{"@type":"SearchAction","target":{"@type":"EntryPoint","urlTemplate":"https:\/\/newsestlyonnais.fr\/site\/?s={search_term_string}"},"query-input":{"@type":"PropertyValueSpecification","valueRequired":true,"valueName":"search_term_string"}}],"inLanguage":"fr-FR"},{"@type":"Organization","@id":"https:\/\/newsestlyonnais.fr\/site\/#organization","name":"News EST LYONNAIS","url":"https:\/\/newsestlyonnais.fr\/site\/","logo":{"@type":"ImageObject","inLanguage":"fr-FR","@id":"https:\/\/newsestlyonnais.fr\/site\/#\/schema\/logo\/image\/","url":"","contentUrl":"","caption":"News EST LYONNAIS"},"image":{"@id":"https:\/\/newsestlyonnais.fr\/site\/#\/schema\/logo\/image\/"}},{"@type":"Person","@id":"https:\/\/newsestlyonnais.fr\/site\/#\/schema\/person\/3230d5615f390bb808365d673001e887","name":"R\u00e9dac. NEWS","sameAs":["http:\/\/www.newsestlyonnais.fr","https:\/\/www.facebook.com\/pascal.oberson.1?fref=ts","https:\/\/fr.linkedin.com\/in\/pascal-oberson-b17045113"],"url":"https:\/\/newsestlyonnais.fr\/site\/author\/nel\/"}]}},"_links":{"self":[{"href":"https:\/\/newsestlyonnais.fr\/site\/wp-json\/wp\/v2\/posts\/40541","targetHints":{"allow":["GET"]}}],"collection":[{"href":"https:\/\/newsestlyonnais.fr\/site\/wp-json\/wp\/v2\/posts"}],"about":[{"href":"https:\/\/newsestlyonnais.fr\/site\/wp-json\/wp\/v2\/types\/post"}],"author":[{"embeddable":true,"href":"https:\/\/newsestlyonnais.fr\/site\/wp-json\/wp\/v2\/users\/4"}],"replies":[{"embeddable":true,"href":"https:\/\/newsestlyonnais.fr\/site\/wp-json\/wp\/v2\/comments?post=40541"}],"version-history":[{"count":0,"href":"https:\/\/newsestlyonnais.fr\/site\/wp-json\/wp\/v2\/posts\/40541\/revisions"}],"wp:featuredmedia":[{"embeddable":true,"href":"https:\/\/newsestlyonnais.fr\/site\/wp-json\/wp\/v2\/media\/40549"}],"wp:attachment":[{"href":"https:\/\/newsestlyonnais.fr\/site\/wp-json\/wp\/v2\/media?parent=40541"}],"wp:term":[{"taxonomy":"category","embeddable":true,"href":"https:\/\/newsestlyonnais.fr\/site\/wp-json\/wp\/v2\/categories?post=40541"},{"taxonomy":"post_tag","embeddable":true,"href":"https:\/\/newsestlyonnais.fr\/site\/wp-json\/wp\/v2\/tags?post=40541"}],"curies":[{"name":"wp","href":"https:\/\/api.w.org\/{rel}","templated":true}]}}