{"id":40629,"date":"2017-12-20T10:31:58","date_gmt":"2017-12-20T09:31:58","guid":{"rendered":"http:\/\/newsestlyonnais.fr\/site\/?p=40629"},"modified":"2017-12-20T10:31:58","modified_gmt":"2017-12-20T09:31:58","slug":"villeurbanne-la-jeune-france-de-gym-a-fete-noel","status":"publish","type":"post","link":"https:\/\/newsestlyonnais.fr\/site\/2017\/12\/20\/villeurbanne-la-jeune-france-de-gym-a-fete-noel\/","title":{"rendered":"VILLEURBANNE : La Jeune France de Gym a f\u00eat\u00e9 No\u00ebl"},"content":{"rendered":"<h4>C&rsquo;\u00e9tait No\u00ebl avant l&rsquo;heure dans la matin\u00e9e du samedi 16 d\u00e9cembre dernier pour les gymnastes de la Jeune France de Villeurbanne.<\/h4>\n<p>Le club qui avait tenu 3 jours auparavant son annuelle assembl\u00e9e g\u00e9n\u00e9rale organisait son traditionnel Arbre de No\u00ebl au gymnase du complexe des Brosses.<\/p>\n<p>Plus de deux heures de spectacle \u00ab\u00a0pour passer cette matin\u00e9e sous le signe du partage et de l&rsquo;acrobatie\u00a0\u00bb comme l&rsquo;annon\u00e7aient Romain Pascale, pr\u00e9sident de la section et son \u00e9quipe de b\u00e9n\u00e9voles.<\/p>\n<p>Les spectateurs venus en famille ont pu assister \u00e0 des d\u00e9monstrations des divers groupes (<span class=\"text_exposed_show\">7\/15 gar\u00e7ons\/Kids\/Kangourous\/Sauterelles et Babys Gym\/Comp\u00e9tition \/ Formes Adultes).<\/span><\/p>\n<div>Une belle matin\u00e9e conclue par la visite surprise du P\u00e8re No\u00ebl venu distribuer des papillotes \u00e0 tous les enfants pr\u00e9sents.<\/div>\n<p><span style=\"text-decoration: underline\"><strong>NOTA<\/strong><\/span>: Le club organisera un LOTO TOMBOLA le samedi 20 janvier 2018 au C.C.V.<\/p>\n<ul>\n<li>Toute l&rsquo;ACTU du club sur : <a href=\"http:\/\/www.jfvilleurbannegym.fr\" target=\"_blank\" rel=\"noopener\">http:\/\/www.jfvilleurbannegym.fr<\/a><\/li>\n<\/ul>\n<div id='gallery-1' class='gallery galleryid-40629 gallery-columns-3 gallery-size-thumbnail'><figure class='gallery-item'>\n\t\t\t<div class='gallery-icon portrait'>\n\t\t\t\t<a href='https:\/\/newsestlyonnais.fr\/site\/newsestlyonnais-6-jeune-france-gym\/'><img loading=\"lazy\" decoding=\"async\" width=\"150\" height=\"150\" src=\"https:\/\/newsestlyonnais.fr\/site\/wp-content\/uploads\/2017\/12\/NEWSESTLYONNAIS-6-jeune-france-gym-150x150.jpg\" class=\"attachment-thumbnail size-thumbnail\" alt=\"NEWSESTLYONNAIS 6-jeune france gym\" aria-describedby=\"gallery-1-39875\" \/><\/a>\n\t\t\t<\/div>\n\t\t\t\t<figcaption class='wp-caption-text gallery-caption' id='gallery-1-39875'>\n\t\t\t\tL&rsquo;affiche de cet \u00e9v\u00e8nement\n\t\t\t\t<\/figcaption><\/figure><figure class='gallery-item'>\n\t\t\t<div class='gallery-icon landscape'>\n\t\t\t\t<a href='https:\/\/newsestlyonnais.fr\/site\/2017\/12\/20\/villeurbanne-la-jeune-france-de-gym-a-fete-noel\/newsestlyonnais-noel-gala\/'><img loading=\"lazy\" decoding=\"async\" width=\"150\" height=\"150\" src=\"https:\/\/newsestlyonnais.fr\/site\/wp-content\/uploads\/2017\/12\/NEWSESTLYONNAIS-NOEL-GALA--150x150.jpg\" class=\"attachment-thumbnail size-thumbnail\" alt=\"NEWSESTLYONNAIS - NOEL GALA\" \/><\/a>\n\t\t\t<\/div><\/figure><figure class='gallery-item'>\n\t\t\t<div class='gallery-icon landscape'>\n\t\t\t\t<a href='https:\/\/newsestlyonnais.fr\/site\/2017\/12\/20\/villeurbanne-la-jeune-france-de-gym-a-fete-noel\/newsestlyonnais-gala-noel-gym\/'><img loading=\"lazy\" decoding=\"async\" width=\"150\" height=\"150\" src=\"https:\/\/newsestlyonnais.fr\/site\/wp-content\/uploads\/2017\/12\/NEWSESTLYONNAIS-gala-noel-gym-150x150.jpg\" class=\"attachment-thumbnail size-thumbnail\" alt=\"NEWSESTLYONNAIS gala noel gym\" \/><\/a>\n\t\t\t<\/div><\/figure><figure class='gallery-item'>\n\t\t\t<div class='gallery-icon landscape'>\n\t\t\t\t<a href='https:\/\/newsestlyonnais.fr\/site\/2017\/12\/20\/villeurbanne-la-jeune-france-de-gym-a-fete-noel\/newsestlyonnais-noel-gym\/'><img loading=\"lazy\" decoding=\"async\" width=\"150\" height=\"150\" src=\"https:\/\/newsestlyonnais.fr\/site\/wp-content\/uploads\/2017\/12\/NEWSESTLYONNAIS-NOEL-GYM--150x150.jpg\" class=\"attachment-thumbnail size-thumbnail\" alt=\"NEWSESTLYONNAIS NOEL GYM\" \/><\/a>\n\t\t\t<\/div><\/figure><figure class='gallery-item'>\n\t\t\t<div class='gallery-icon portrait'>\n\t\t\t\t<a href='https:\/\/newsestlyonnais.fr\/site\/newsestlyonnais-super-loto-jfv\/'><img loading=\"lazy\" decoding=\"async\" width=\"150\" height=\"150\" src=\"https:\/\/newsestlyonnais.fr\/site\/wp-content\/uploads\/2017\/12\/NEWSESTLYONNAIS-SUPER-LOTO-JFV-150x150.jpg\" class=\"attachment-thumbnail size-thumbnail\" alt=\"NEWSESTLYONNAIS - SUPER LOTO JFV\" aria-describedby=\"gallery-1-40203\" \/><\/a>\n\t\t\t<\/div>\n\t\t\t\t<figcaption class='wp-caption-text gallery-caption' id='gallery-1-40203'>\n\t\t\t\t  L&rsquo;affiche de ce LOTO !\n\t\t\t\t<\/figcaption><\/figure>\n\t\t<\/div>\n\n","protected":false},"excerpt":{"rendered":"<p>C&rsquo;\u00e9tait No\u00ebl avant l&rsquo;heure dans la matin\u00e9e du samedi 16 d\u00e9cembre dernier pour les gymnastes de la Jeune France de Villeurbanne. Le club qui avait tenu 3 jours auparavant son annuelle assembl\u00e9e g\u00e9n\u00e9rale organisait son traditionnel Arbre de No\u00ebl au gymnase du complexe des Brosses. Plus de deux heures de spectacle \u00ab\u00a0pour passer cette matin\u00e9e [&hellip;]<\/p>\n","protected":false},"author":4,"featured_media":40738,"comment_status":"open","ping_status":"open","sticky":false,"template":"","format":"standard","meta":{"footnotes":""},"categories":[30,1319,29],"tags":[],"class_list":["post-40629","post","type-post","status-publish","format-standard","has-post-thumbnail","hentry","category-a-la-une","category-gymnastique-grs-gv","category-villeurbanne"],"yoast_head":"<!-- This site is optimized with the Yoast SEO plugin v27.2 - https:\/\/yoast.com\/product\/yoast-seo-wordpress\/ -->\n<title>VILLEURBANNE : La Jeune France de Gym a f\u00eat\u00e9 No\u00ebl<\/title>\n<meta name=\"description\" content=\"VILLEURBANNE : La Jeune France de Gym a f\u00eat\u00e9 No\u00ebl\" \/>\n<meta name=\"robots\" content=\"index, follow, max-snippet:-1, max-image-preview:large, max-video-preview:-1\" \/>\n<link rel=\"canonical\" href=\"https:\/\/newsestlyonnais.fr\/site\/2017\/12\/20\/villeurbanne-la-jeune-france-de-gym-a-fete-noel\/\" \/>\n<meta property=\"og:locale\" content=\"fr_FR\" \/>\n<meta property=\"og:type\" content=\"article\" \/>\n<meta property=\"og:title\" content=\"VILLEURBANNE : La Jeune France de Gym a f\u00eat\u00e9 No\u00ebl\" \/>\n<meta property=\"og:description\" content=\"VILLEURBANNE : La Jeune France de Gym a f\u00eat\u00e9 No\u00ebl\" \/>\n<meta property=\"og:url\" content=\"https:\/\/newsestlyonnais.fr\/site\/2017\/12\/20\/villeurbanne-la-jeune-france-de-gym-a-fete-noel\/\" \/>\n<meta property=\"og:site_name\" content=\"News Est Lyonnais\" \/>\n<meta property=\"article:author\" content=\"https:\/\/www.facebook.com\/pascal.oberson.1?fref=ts\" \/>\n<meta property=\"article:published_time\" content=\"2017-12-20T09:31:58+00:00\" \/>\n<meta property=\"og:image\" content=\"https:\/\/i0.wp.com\/newsestlyonnais.fr\/site\/wp-content\/uploads\/2017\/12\/NEWSESTLYONNAIS-JEUNE-FRANCE-GYM-01.jpg?fit=2048%2C1536&ssl=1\" \/>\n\t<meta property=\"og:image:width\" content=\"2048\" \/>\n\t<meta property=\"og:image:height\" content=\"1536\" \/>\n\t<meta property=\"og:image:type\" content=\"image\/jpeg\" \/>\n<meta name=\"author\" content=\"R\u00e9dac. NEWS\" \/>\n<meta name=\"twitter:card\" content=\"summary_large_image\" \/>\n<meta name=\"twitter:label1\" content=\"\u00c9crit par\" \/>\n\t<meta name=\"twitter:data1\" content=\"R\u00e9dac. NEWS\" \/>\n\t<meta name=\"twitter:label2\" content=\"Dur\u00e9e de lecture estim\u00e9e\" \/>\n\t<meta name=\"twitter:data2\" content=\"1 minute\" \/>\n<script type=\"application\/ld+json\" class=\"yoast-schema-graph\">{\"@context\":\"https:\/\/schema.org\",\"@graph\":[{\"@type\":\"Article\",\"@id\":\"https:\/\/newsestlyonnais.fr\/site\/2017\/12\/20\/villeurbanne-la-jeune-france-de-gym-a-fete-noel\/#article\",\"isPartOf\":{\"@id\":\"https:\/\/newsestlyonnais.fr\/site\/2017\/12\/20\/villeurbanne-la-jeune-france-de-gym-a-fete-noel\/\"},\"author\":{\"name\":\"R\u00e9dac. NEWS\",\"@id\":\"https:\/\/newsestlyonnais.fr\/site\/#\/schema\/person\/3230d5615f390bb808365d673001e887\"},\"headline\":\"VILLEURBANNE : La Jeune France de Gym a f\u00eat\u00e9 No\u00ebl\",\"datePublished\":\"2017-12-20T09:31:58+00:00\",\"mainEntityOfPage\":{\"@id\":\"https:\/\/newsestlyonnais.fr\/site\/2017\/12\/20\/villeurbanne-la-jeune-france-de-gym-a-fete-noel\/\"},\"wordCount\":178,\"commentCount\":0,\"publisher\":{\"@id\":\"https:\/\/newsestlyonnais.fr\/site\/#organization\"},\"image\":{\"@id\":\"https:\/\/newsestlyonnais.fr\/site\/2017\/12\/20\/villeurbanne-la-jeune-france-de-gym-a-fete-noel\/#primaryimage\"},\"thumbnailUrl\":\"https:\/\/newsestlyonnais.fr\/site\/wp-content\/uploads\/2017\/12\/NEWSESTLYONNAIS-JEUNE-FRANCE-GYM-01.jpg\",\"articleSection\":[\"\u00e0 la une\",\"Gymnastique | Grs | Gv\",\"Villeurbanne\"],\"inLanguage\":\"fr-FR\",\"potentialAction\":[{\"@type\":\"CommentAction\",\"name\":\"Comment\",\"target\":[\"https:\/\/newsestlyonnais.fr\/site\/2017\/12\/20\/villeurbanne-la-jeune-france-de-gym-a-fete-noel\/#respond\"]}]},{\"@type\":\"WebPage\",\"@id\":\"https:\/\/newsestlyonnais.fr\/site\/2017\/12\/20\/villeurbanne-la-jeune-france-de-gym-a-fete-noel\/\",\"url\":\"https:\/\/newsestlyonnais.fr\/site\/2017\/12\/20\/villeurbanne-la-jeune-france-de-gym-a-fete-noel\/\",\"name\":\"VILLEURBANNE : La Jeune France de Gym a f\u00eat\u00e9 No\u00ebl\",\"isPartOf\":{\"@id\":\"https:\/\/newsestlyonnais.fr\/site\/#website\"},\"primaryImageOfPage\":{\"@id\":\"https:\/\/newsestlyonnais.fr\/site\/2017\/12\/20\/villeurbanne-la-jeune-france-de-gym-a-fete-noel\/#primaryimage\"},\"image\":{\"@id\":\"https:\/\/newsestlyonnais.fr\/site\/2017\/12\/20\/villeurbanne-la-jeune-france-de-gym-a-fete-noel\/#primaryimage\"},\"thumbnailUrl\":\"https:\/\/newsestlyonnais.fr\/site\/wp-content\/uploads\/2017\/12\/NEWSESTLYONNAIS-JEUNE-FRANCE-GYM-01.jpg\",\"datePublished\":\"2017-12-20T09:31:58+00:00\",\"description\":\"VILLEURBANNE : La Jeune France de Gym a f\u00eat\u00e9 No\u00ebl\",\"breadcrumb\":{\"@id\":\"https:\/\/newsestlyonnais.fr\/site\/2017\/12\/20\/villeurbanne-la-jeune-france-de-gym-a-fete-noel\/#breadcrumb\"},\"inLanguage\":\"fr-FR\",\"potentialAction\":[{\"@type\":\"ReadAction\",\"target\":[\"https:\/\/newsestlyonnais.fr\/site\/2017\/12\/20\/villeurbanne-la-jeune-france-de-gym-a-fete-noel\/\"]}]},{\"@type\":\"ImageObject\",\"inLanguage\":\"fr-FR\",\"@id\":\"https:\/\/newsestlyonnais.fr\/site\/2017\/12\/20\/villeurbanne-la-jeune-france-de-gym-a-fete-noel\/#primaryimage\",\"url\":\"https:\/\/newsestlyonnais.fr\/site\/wp-content\/uploads\/2017\/12\/NEWSESTLYONNAIS-JEUNE-FRANCE-GYM-01.jpg\",\"contentUrl\":\"https:\/\/newsestlyonnais.fr\/site\/wp-content\/uploads\/2017\/12\/NEWSESTLYONNAIS-JEUNE-FRANCE-GYM-01.jpg\",\"width\":2048,\"height\":1536,\"caption\":\"NEWSESTLYONNAIS - JEUNE FRANCE GYM 01\"},{\"@type\":\"BreadcrumbList\",\"@id\":\"https:\/\/newsestlyonnais.fr\/site\/2017\/12\/20\/villeurbanne-la-jeune-france-de-gym-a-fete-noel\/#breadcrumb\",\"itemListElement\":[{\"@type\":\"ListItem\",\"position\":1,\"name\":\"Accueil\",\"item\":\"https:\/\/newsestlyonnais.fr\/site\/\"},{\"@type\":\"ListItem\",\"position\":2,\"name\":\"VILLEURBANNE : La Jeune France de Gym a f\u00eat\u00e9 No\u00ebl\"}]},{\"@type\":\"WebSite\",\"@id\":\"https:\/\/newsestlyonnais.fr\/site\/#website\",\"url\":\"https:\/\/newsestlyonnais.fr\/site\/\",\"name\":\"News Est Lyonnais\",\"description\":\"L&#039;actualit\u00e9 au plus pr\u00e8s\",\"publisher\":{\"@id\":\"https:\/\/newsestlyonnais.fr\/site\/#organization\"},\"potentialAction\":[{\"@type\":\"SearchAction\",\"target\":{\"@type\":\"EntryPoint\",\"urlTemplate\":\"https:\/\/newsestlyonnais.fr\/site\/?s={search_term_string}\"},\"query-input\":{\"@type\":\"PropertyValueSpecification\",\"valueRequired\":true,\"valueName\":\"search_term_string\"}}],\"inLanguage\":\"fr-FR\"},{\"@type\":\"Organization\",\"@id\":\"https:\/\/newsestlyonnais.fr\/site\/#organization\",\"name\":\"News EST LYONNAIS\",\"url\":\"https:\/\/newsestlyonnais.fr\/site\/\",\"logo\":{\"@type\":\"ImageObject\",\"inLanguage\":\"fr-FR\",\"@id\":\"https:\/\/newsestlyonnais.fr\/site\/#\/schema\/logo\/image\/\",\"url\":\"\",\"contentUrl\":\"\",\"caption\":\"News EST LYONNAIS\"},\"image\":{\"@id\":\"https:\/\/newsestlyonnais.fr\/site\/#\/schema\/logo\/image\/\"}},{\"@type\":\"Person\",\"@id\":\"https:\/\/newsestlyonnais.fr\/site\/#\/schema\/person\/3230d5615f390bb808365d673001e887\",\"name\":\"R\u00e9dac. NEWS\",\"sameAs\":[\"http:\/\/www.newsestlyonnais.fr\",\"https:\/\/www.facebook.com\/pascal.oberson.1?fref=ts\",\"https:\/\/fr.linkedin.com\/in\/pascal-oberson-b17045113\"],\"url\":\"https:\/\/newsestlyonnais.fr\/site\/author\/nel\/\"}]}<\/script>\n<!-- \/ Yoast SEO plugin. -->","yoast_head_json":{"title":"VILLEURBANNE : La Jeune France de Gym a f\u00eat\u00e9 No\u00ebl","description":"VILLEURBANNE : La Jeune France de Gym a f\u00eat\u00e9 No\u00ebl","robots":{"index":"index","follow":"follow","max-snippet":"max-snippet:-1","max-image-preview":"max-image-preview:large","max-video-preview":"max-video-preview:-1"},"canonical":"https:\/\/newsestlyonnais.fr\/site\/2017\/12\/20\/villeurbanne-la-jeune-france-de-gym-a-fete-noel\/","og_locale":"fr_FR","og_type":"article","og_title":"VILLEURBANNE : La Jeune France de Gym a f\u00eat\u00e9 No\u00ebl","og_description":"VILLEURBANNE : La Jeune France de Gym a f\u00eat\u00e9 No\u00ebl","og_url":"https:\/\/newsestlyonnais.fr\/site\/2017\/12\/20\/villeurbanne-la-jeune-france-de-gym-a-fete-noel\/","og_site_name":"News Est Lyonnais","article_author":"https:\/\/www.facebook.com\/pascal.oberson.1?fref=ts","article_published_time":"2017-12-20T09:31:58+00:00","og_image":[{"width":2048,"height":1536,"url":"https:\/\/i0.wp.com\/newsestlyonnais.fr\/site\/wp-content\/uploads\/2017\/12\/NEWSESTLYONNAIS-JEUNE-FRANCE-GYM-01.jpg?fit=2048%2C1536&ssl=1","type":"image\/jpeg"}],"author":"R\u00e9dac. NEWS","twitter_card":"summary_large_image","twitter_misc":{"\u00c9crit par":"R\u00e9dac. NEWS","Dur\u00e9e de lecture estim\u00e9e":"1 minute"},"schema":{"@context":"https:\/\/schema.org","@graph":[{"@type":"Article","@id":"https:\/\/newsestlyonnais.fr\/site\/2017\/12\/20\/villeurbanne-la-jeune-france-de-gym-a-fete-noel\/#article","isPartOf":{"@id":"https:\/\/newsestlyonnais.fr\/site\/2017\/12\/20\/villeurbanne-la-jeune-france-de-gym-a-fete-noel\/"},"author":{"name":"R\u00e9dac. NEWS","@id":"https:\/\/newsestlyonnais.fr\/site\/#\/schema\/person\/3230d5615f390bb808365d673001e887"},"headline":"VILLEURBANNE : La Jeune France de Gym a f\u00eat\u00e9 No\u00ebl","datePublished":"2017-12-20T09:31:58+00:00","mainEntityOfPage":{"@id":"https:\/\/newsestlyonnais.fr\/site\/2017\/12\/20\/villeurbanne-la-jeune-france-de-gym-a-fete-noel\/"},"wordCount":178,"commentCount":0,"publisher":{"@id":"https:\/\/newsestlyonnais.fr\/site\/#organization"},"image":{"@id":"https:\/\/newsestlyonnais.fr\/site\/2017\/12\/20\/villeurbanne-la-jeune-france-de-gym-a-fete-noel\/#primaryimage"},"thumbnailUrl":"https:\/\/newsestlyonnais.fr\/site\/wp-content\/uploads\/2017\/12\/NEWSESTLYONNAIS-JEUNE-FRANCE-GYM-01.jpg","articleSection":["\u00e0 la une","Gymnastique | Grs | Gv","Villeurbanne"],"inLanguage":"fr-FR","potentialAction":[{"@type":"CommentAction","name":"Comment","target":["https:\/\/newsestlyonnais.fr\/site\/2017\/12\/20\/villeurbanne-la-jeune-france-de-gym-a-fete-noel\/#respond"]}]},{"@type":"WebPage","@id":"https:\/\/newsestlyonnais.fr\/site\/2017\/12\/20\/villeurbanne-la-jeune-france-de-gym-a-fete-noel\/","url":"https:\/\/newsestlyonnais.fr\/site\/2017\/12\/20\/villeurbanne-la-jeune-france-de-gym-a-fete-noel\/","name":"VILLEURBANNE : La Jeune France de Gym a f\u00eat\u00e9 No\u00ebl","isPartOf":{"@id":"https:\/\/newsestlyonnais.fr\/site\/#website"},"primaryImageOfPage":{"@id":"https:\/\/newsestlyonnais.fr\/site\/2017\/12\/20\/villeurbanne-la-jeune-france-de-gym-a-fete-noel\/#primaryimage"},"image":{"@id":"https:\/\/newsestlyonnais.fr\/site\/2017\/12\/20\/villeurbanne-la-jeune-france-de-gym-a-fete-noel\/#primaryimage"},"thumbnailUrl":"https:\/\/newsestlyonnais.fr\/site\/wp-content\/uploads\/2017\/12\/NEWSESTLYONNAIS-JEUNE-FRANCE-GYM-01.jpg","datePublished":"2017-12-20T09:31:58+00:00","description":"VILLEURBANNE : La Jeune France de Gym a f\u00eat\u00e9 No\u00ebl","breadcrumb":{"@id":"https:\/\/newsestlyonnais.fr\/site\/2017\/12\/20\/villeurbanne-la-jeune-france-de-gym-a-fete-noel\/#breadcrumb"},"inLanguage":"fr-FR","potentialAction":[{"@type":"ReadAction","target":["https:\/\/newsestlyonnais.fr\/site\/2017\/12\/20\/villeurbanne-la-jeune-france-de-gym-a-fete-noel\/"]}]},{"@type":"ImageObject","inLanguage":"fr-FR","@id":"https:\/\/newsestlyonnais.fr\/site\/2017\/12\/20\/villeurbanne-la-jeune-france-de-gym-a-fete-noel\/#primaryimage","url":"https:\/\/newsestlyonnais.fr\/site\/wp-content\/uploads\/2017\/12\/NEWSESTLYONNAIS-JEUNE-FRANCE-GYM-01.jpg","contentUrl":"https:\/\/newsestlyonnais.fr\/site\/wp-content\/uploads\/2017\/12\/NEWSESTLYONNAIS-JEUNE-FRANCE-GYM-01.jpg","width":2048,"height":1536,"caption":"NEWSESTLYONNAIS - JEUNE FRANCE GYM 01"},{"@type":"BreadcrumbList","@id":"https:\/\/newsestlyonnais.fr\/site\/2017\/12\/20\/villeurbanne-la-jeune-france-de-gym-a-fete-noel\/#breadcrumb","itemListElement":[{"@type":"ListItem","position":1,"name":"Accueil","item":"https:\/\/newsestlyonnais.fr\/site\/"},{"@type":"ListItem","position":2,"name":"VILLEURBANNE : La Jeune France de Gym a f\u00eat\u00e9 No\u00ebl"}]},{"@type":"WebSite","@id":"https:\/\/newsestlyonnais.fr\/site\/#website","url":"https:\/\/newsestlyonnais.fr\/site\/","name":"News Est Lyonnais","description":"L&#039;actualit\u00e9 au plus pr\u00e8s","publisher":{"@id":"https:\/\/newsestlyonnais.fr\/site\/#organization"},"potentialAction":[{"@type":"SearchAction","target":{"@type":"EntryPoint","urlTemplate":"https:\/\/newsestlyonnais.fr\/site\/?s={search_term_string}"},"query-input":{"@type":"PropertyValueSpecification","valueRequired":true,"valueName":"search_term_string"}}],"inLanguage":"fr-FR"},{"@type":"Organization","@id":"https:\/\/newsestlyonnais.fr\/site\/#organization","name":"News EST LYONNAIS","url":"https:\/\/newsestlyonnais.fr\/site\/","logo":{"@type":"ImageObject","inLanguage":"fr-FR","@id":"https:\/\/newsestlyonnais.fr\/site\/#\/schema\/logo\/image\/","url":"","contentUrl":"","caption":"News EST LYONNAIS"},"image":{"@id":"https:\/\/newsestlyonnais.fr\/site\/#\/schema\/logo\/image\/"}},{"@type":"Person","@id":"https:\/\/newsestlyonnais.fr\/site\/#\/schema\/person\/3230d5615f390bb808365d673001e887","name":"R\u00e9dac. NEWS","sameAs":["http:\/\/www.newsestlyonnais.fr","https:\/\/www.facebook.com\/pascal.oberson.1?fref=ts","https:\/\/fr.linkedin.com\/in\/pascal-oberson-b17045113"],"url":"https:\/\/newsestlyonnais.fr\/site\/author\/nel\/"}]}},"_links":{"self":[{"href":"https:\/\/newsestlyonnais.fr\/site\/wp-json\/wp\/v2\/posts\/40629","targetHints":{"allow":["GET"]}}],"collection":[{"href":"https:\/\/newsestlyonnais.fr\/site\/wp-json\/wp\/v2\/posts"}],"about":[{"href":"https:\/\/newsestlyonnais.fr\/site\/wp-json\/wp\/v2\/types\/post"}],"author":[{"embeddable":true,"href":"https:\/\/newsestlyonnais.fr\/site\/wp-json\/wp\/v2\/users\/4"}],"replies":[{"embeddable":true,"href":"https:\/\/newsestlyonnais.fr\/site\/wp-json\/wp\/v2\/comments?post=40629"}],"version-history":[{"count":0,"href":"https:\/\/newsestlyonnais.fr\/site\/wp-json\/wp\/v2\/posts\/40629\/revisions"}],"wp:featuredmedia":[{"embeddable":true,"href":"https:\/\/newsestlyonnais.fr\/site\/wp-json\/wp\/v2\/media\/40738"}],"wp:attachment":[{"href":"https:\/\/newsestlyonnais.fr\/site\/wp-json\/wp\/v2\/media?parent=40629"}],"wp:term":[{"taxonomy":"category","embeddable":true,"href":"https:\/\/newsestlyonnais.fr\/site\/wp-json\/wp\/v2\/categories?post=40629"},{"taxonomy":"post_tag","embeddable":true,"href":"https:\/\/newsestlyonnais.fr\/site\/wp-json\/wp\/v2\/tags?post=40629"}],"curies":[{"name":"wp","href":"https:\/\/api.w.org\/{rel}","templated":true}]}}