{"id":40691,"date":"2017-12-19T13:57:10","date_gmt":"2017-12-19T12:57:10","guid":{"rendered":"http:\/\/newsestlyonnais.fr\/site\/?p=40691"},"modified":"2020-11-02T08:45:25","modified_gmt":"2020-11-02T07:45:25","slug":"courir-pour-elles-ouverture-des-inscriptions-le-31-decembre-2017-a-minuit","status":"publish","type":"post","link":"https:\/\/newsestlyonnais.fr\/site\/2017\/12\/19\/courir-pour-elles-ouverture-des-inscriptions-le-31-decembre-2017-a-minuit\/","title":{"rendered":"Courir POUR ELLES | Ouverture des inscriptions le 31 D\u00e9cembre 2017 \u00e0 minuit !"},"content":{"rendered":"<h4 class=\"ox-71adf83ca0-MsoNormal\">C&rsquo;est parti pour la 9\u00b0 \u00e9dition de \u00a0\u00bb <b>Courir POUR ELLES\u00a0!<\/b>\u00a0\u00bb , un \u00e9v\u00e8nement de masse et solidaire qui se d\u00e9roulera le dimanche 27 Mai 2018 au Parc de Parilly !<\/h4>\n<p>En 2017, ce sont 200\u00a0000 \u20ac qui ont \u00e9t\u00e9 r\u00e9colt\u00e9s POUR ELLES\u00a0!!! 16 000 femmes rassembl\u00e9es et mobilis\u00e9es POUR ELLES, avec l\u2019unique objectif de financer des programmes d\u2019Activit\u00e9 Physique Adapt\u00e9e (APA) aux femmes en soins\u00a0!<\/p>\n<p>&#8211; <span style=\"text-decoration: underline\">Le 31 D\u00e9cembre 2017 \u00e0 minuit\u00a0<\/span>: <b>Ouverture des inscriptions Courir POUR ELLES\u00a0!<\/b><\/p>\n<p class=\"ox-71adf83ca0-MsoNormal\">En vous inscrivant sur le site : <a href=\"http:\/\/www.courirpourelles.com\" target=\"_blank\" rel=\"noopener noreferrer\">http:\/\/www.courirpourelles.com<\/a> vous participez \u00e0\u00a0<b>renouveler l\u2019exploit\u00a0le dimanche 27 mai prochain.<\/b><\/p>\n<ul>\n<li class=\"ox-71adf83ca0-MsoNormal\"><u>Tarifs inscription :<\/u><\/li>\n<li class=\"ox-71adf83ca0-MsoNormal\">20 \u20ac le dossard (marche ou 5 km allure libre)<\/li>\n<li>25 \u20ac (pour la course 5 ou 10 km chronom\u00e9tr\u00e9e)<\/li>\n<\/ul>\n<p><strong>D\u2019avance BRAVO d\u2019\u00eatre les premi\u00e8res \u00e0 les soutenir sur cette 9\u00b0 \u00e9dition\u00a0!<\/strong><\/p>\n<div id='gallery-1' class='gallery galleryid-40691 gallery-columns-3 gallery-size-thumbnail'><figure class='gallery-item'>\n\t\t\t<div class='gallery-icon landscape'>\n\t\t\t\t<a href='https:\/\/newsestlyonnais.fr\/site\/2017\/12\/19\/courir-pour-elles-ouverture-des-inscriptions-le-31-decembre-2017-a-minuit\/p1180115\/'><img loading=\"lazy\" decoding=\"async\" width=\"150\" height=\"150\" src=\"https:\/\/newsestlyonnais.fr\/site\/wp-content\/uploads\/2017\/12\/P1180115-150x150.jpg\" class=\"attachment-thumbnail size-thumbnail\" alt=\"NEWSESTLYONNAIS COURIR POUR ELLES 2017\" aria-describedby=\"gallery-1-40700\" \/><\/a>\n\t\t\t<\/div>\n\t\t\t\t<figcaption class='wp-caption-text gallery-caption' id='gallery-1-40700'>\n\t\t\t\tEn 2017, ce sont 200 000 \u20ac qui ont \u00e9t\u00e9 r\u00e9colt\u00e9s POUR ELLES !!!\n\t\t\t\t<\/figcaption><\/figure><figure class='gallery-item'>\n\t\t\t<div class='gallery-icon landscape'>\n\t\t\t\t<a href='https:\/\/newsestlyonnais.fr\/site\/2017\/12\/19\/courir-pour-elles-ouverture-des-inscriptions-le-31-decembre-2017-a-minuit\/newsestlyonnais-courir-pour-elles-en-2017\/'><img loading=\"lazy\" decoding=\"async\" width=\"150\" height=\"150\" src=\"https:\/\/newsestlyonnais.fr\/site\/wp-content\/uploads\/2017\/12\/NEWSESTLYONNAIS-COURIR-POUR-ELLES-EN-2017-150x150.jpg\" class=\"attachment-thumbnail size-thumbnail\" alt=\"NEWSESTLYONNAIS COURIR POUR ELLES EN 2017\" aria-describedby=\"gallery-1-40701\" \/><\/a>\n\t\t\t<\/div>\n\t\t\t\t<figcaption class='wp-caption-text gallery-caption' id='gallery-1-40701'>\n\t\t\t\t16 000 femmes rassembl\u00e9es et mobilis\u00e9es POUR ELLES \n\t\t\t\t<\/figcaption><\/figure>\n\t\t<\/div>\n\n","protected":false},"excerpt":{"rendered":"<p>C&rsquo;est parti pour la 9\u00b0 \u00e9dition de \u00a0\u00bb Courir POUR ELLES\u00a0!\u00a0\u00bb , un \u00e9v\u00e8nement de masse et solidaire qui se d\u00e9roulera le dimanche 27 Mai 2018 au Parc de Parilly ! En 2017, ce sont 200\u00a0000 \u20ac qui ont \u00e9t\u00e9 r\u00e9colt\u00e9s POUR ELLES\u00a0!!! 16 000 femmes rassembl\u00e9es et mobilis\u00e9es POUR ELLES, avec l\u2019unique objectif de [&hellip;]<\/p>\n","protected":false},"author":4,"featured_media":40665,"comment_status":"open","ping_status":"open","sticky":false,"template":"","format":"standard","meta":{"footnotes":""},"categories":[2968,4,1625,18,1298],"tags":[],"class_list":["post-40691","post","type-post","status-publish","format-standard","has-post-thumbnail","hentry","category-athle-course-pied-marche","category-evenements-divers","category-lyon","category-sante-bien-etre-solidarite","category-venissieux"],"yoast_head":"<!-- This site is optimized with the Yoast SEO plugin v27.2 - https:\/\/yoast.com\/product\/yoast-seo-wordpress\/ -->\n<title>Courir POUR ELLES ! : Ouverture des inscriptions le 31 D\u00e9cembre 2017 \u00e0 minuit !<\/title>\n<meta name=\"description\" content=\"Courir POUR ELLES ! : Ouverture des inscriptions le 31 D\u00e9cembre 2017 \u00e0 minuit !\" \/>\n<meta name=\"robots\" content=\"index, follow, max-snippet:-1, max-image-preview:large, max-video-preview:-1\" \/>\n<link rel=\"canonical\" href=\"https:\/\/newsestlyonnais.fr\/site\/2017\/12\/19\/courir-pour-elles-ouverture-des-inscriptions-le-31-decembre-2017-a-minuit\/\" \/>\n<meta property=\"og:locale\" content=\"fr_FR\" \/>\n<meta property=\"og:type\" content=\"article\" \/>\n<meta property=\"og:title\" content=\"Courir POUR ELLES ! : Ouverture des inscriptions le 31 D\u00e9cembre 2017 \u00e0 minuit !\" \/>\n<meta property=\"og:description\" content=\"Courir POUR ELLES ! : Ouverture des inscriptions le 31 D\u00e9cembre 2017 \u00e0 minuit !\" \/>\n<meta property=\"og:url\" content=\"https:\/\/newsestlyonnais.fr\/site\/2017\/12\/19\/courir-pour-elles-ouverture-des-inscriptions-le-31-decembre-2017-a-minuit\/\" \/>\n<meta property=\"og:site_name\" content=\"News Est Lyonnais\" \/>\n<meta property=\"article:author\" content=\"https:\/\/www.facebook.com\/pascal.oberson.1?fref=ts\" \/>\n<meta property=\"article:published_time\" content=\"2017-12-19T12:57:10+00:00\" \/>\n<meta property=\"article:modified_time\" content=\"2020-11-02T07:45:25+00:00\" \/>\n<meta property=\"og:image\" content=\"https:\/\/i1.wp.com\/newsestlyonnais.fr\/site\/wp-content\/uploads\/2017\/12\/NEWSESTLYONNAIS-COURIR-POUR-ELLES-2018.jpg?fit=421%2C596&ssl=1\" \/>\n\t<meta property=\"og:image:width\" content=\"421\" \/>\n\t<meta property=\"og:image:height\" content=\"596\" \/>\n\t<meta property=\"og:image:type\" content=\"image\/jpeg\" \/>\n<meta name=\"author\" content=\"R\u00e9dac. NEWS\" \/>\n<meta name=\"twitter:card\" content=\"summary_large_image\" \/>\n<meta name=\"twitter:label1\" content=\"\u00c9crit par\" \/>\n\t<meta name=\"twitter:data1\" content=\"R\u00e9dac. NEWS\" \/>\n\t<meta name=\"twitter:label2\" content=\"Dur\u00e9e de lecture estim\u00e9e\" \/>\n\t<meta name=\"twitter:data2\" content=\"1 minute\" \/>\n<script type=\"application\/ld+json\" class=\"yoast-schema-graph\">{\"@context\":\"https:\/\/schema.org\",\"@graph\":[{\"@type\":\"Article\",\"@id\":\"https:\/\/newsestlyonnais.fr\/site\/2017\/12\/19\/courir-pour-elles-ouverture-des-inscriptions-le-31-decembre-2017-a-minuit\/#article\",\"isPartOf\":{\"@id\":\"https:\/\/newsestlyonnais.fr\/site\/2017\/12\/19\/courir-pour-elles-ouverture-des-inscriptions-le-31-decembre-2017-a-minuit\/\"},\"author\":{\"name\":\"R\u00e9dac. NEWS\",\"@id\":\"https:\/\/newsestlyonnais.fr\/site\/#\/schema\/person\/3230d5615f390bb808365d673001e887\"},\"headline\":\"Courir POUR ELLES | Ouverture des inscriptions le 31 D\u00e9cembre 2017 \u00e0 minuit !\",\"datePublished\":\"2017-12-19T12:57:10+00:00\",\"dateModified\":\"2020-11-02T07:45:25+00:00\",\"mainEntityOfPage\":{\"@id\":\"https:\/\/newsestlyonnais.fr\/site\/2017\/12\/19\/courir-pour-elles-ouverture-des-inscriptions-le-31-decembre-2017-a-minuit\/\"},\"wordCount\":139,\"commentCount\":0,\"publisher\":{\"@id\":\"https:\/\/newsestlyonnais.fr\/site\/#organization\"},\"image\":{\"@id\":\"https:\/\/newsestlyonnais.fr\/site\/2017\/12\/19\/courir-pour-elles-ouverture-des-inscriptions-le-31-decembre-2017-a-minuit\/#primaryimage\"},\"thumbnailUrl\":\"https:\/\/newsestlyonnais.fr\/site\/wp-content\/uploads\/2017\/12\/NEWSESTLYONNAIS-COURIR-POUR-ELLES-2018.jpg\",\"articleSection\":[\"Athl\u00e9 | Course pied | Marche\",\"Ev\u00e8nements divers\",\"Lyon\",\"Sant\u00e9 | Bien Etre | Solidarit\u00e9\",\"V\u00e9nissieux\"],\"inLanguage\":\"fr-FR\",\"potentialAction\":[{\"@type\":\"CommentAction\",\"name\":\"Comment\",\"target\":[\"https:\/\/newsestlyonnais.fr\/site\/2017\/12\/19\/courir-pour-elles-ouverture-des-inscriptions-le-31-decembre-2017-a-minuit\/#respond\"]}]},{\"@type\":\"WebPage\",\"@id\":\"https:\/\/newsestlyonnais.fr\/site\/2017\/12\/19\/courir-pour-elles-ouverture-des-inscriptions-le-31-decembre-2017-a-minuit\/\",\"url\":\"https:\/\/newsestlyonnais.fr\/site\/2017\/12\/19\/courir-pour-elles-ouverture-des-inscriptions-le-31-decembre-2017-a-minuit\/\",\"name\":\"Courir POUR ELLES ! : Ouverture des inscriptions le 31 D\u00e9cembre 2017 \u00e0 minuit !\",\"isPartOf\":{\"@id\":\"https:\/\/newsestlyonnais.fr\/site\/#website\"},\"primaryImageOfPage\":{\"@id\":\"https:\/\/newsestlyonnais.fr\/site\/2017\/12\/19\/courir-pour-elles-ouverture-des-inscriptions-le-31-decembre-2017-a-minuit\/#primaryimage\"},\"image\":{\"@id\":\"https:\/\/newsestlyonnais.fr\/site\/2017\/12\/19\/courir-pour-elles-ouverture-des-inscriptions-le-31-decembre-2017-a-minuit\/#primaryimage\"},\"thumbnailUrl\":\"https:\/\/newsestlyonnais.fr\/site\/wp-content\/uploads\/2017\/12\/NEWSESTLYONNAIS-COURIR-POUR-ELLES-2018.jpg\",\"datePublished\":\"2017-12-19T12:57:10+00:00\",\"dateModified\":\"2020-11-02T07:45:25+00:00\",\"description\":\"Courir POUR ELLES ! : Ouverture des inscriptions le 31 D\u00e9cembre 2017 \u00e0 minuit !\",\"breadcrumb\":{\"@id\":\"https:\/\/newsestlyonnais.fr\/site\/2017\/12\/19\/courir-pour-elles-ouverture-des-inscriptions-le-31-decembre-2017-a-minuit\/#breadcrumb\"},\"inLanguage\":\"fr-FR\",\"potentialAction\":[{\"@type\":\"ReadAction\",\"target\":[\"https:\/\/newsestlyonnais.fr\/site\/2017\/12\/19\/courir-pour-elles-ouverture-des-inscriptions-le-31-decembre-2017-a-minuit\/\"]}]},{\"@type\":\"ImageObject\",\"inLanguage\":\"fr-FR\",\"@id\":\"https:\/\/newsestlyonnais.fr\/site\/2017\/12\/19\/courir-pour-elles-ouverture-des-inscriptions-le-31-decembre-2017-a-minuit\/#primaryimage\",\"url\":\"https:\/\/newsestlyonnais.fr\/site\/wp-content\/uploads\/2017\/12\/NEWSESTLYONNAIS-COURIR-POUR-ELLES-2018.jpg\",\"contentUrl\":\"https:\/\/newsestlyonnais.fr\/site\/wp-content\/uploads\/2017\/12\/NEWSESTLYONNAIS-COURIR-POUR-ELLES-2018.jpg\",\"width\":421,\"height\":596,\"caption\":\"COURIR POUR ELLES aura lieu le 27 mai\"},{\"@type\":\"BreadcrumbList\",\"@id\":\"https:\/\/newsestlyonnais.fr\/site\/2017\/12\/19\/courir-pour-elles-ouverture-des-inscriptions-le-31-decembre-2017-a-minuit\/#breadcrumb\",\"itemListElement\":[{\"@type\":\"ListItem\",\"position\":1,\"name\":\"Accueil\",\"item\":\"https:\/\/newsestlyonnais.fr\/site\/\"},{\"@type\":\"ListItem\",\"position\":2,\"name\":\"Courir POUR ELLES | Ouverture des inscriptions le 31 D\u00e9cembre 2017 \u00e0 minuit !\"}]},{\"@type\":\"WebSite\",\"@id\":\"https:\/\/newsestlyonnais.fr\/site\/#website\",\"url\":\"https:\/\/newsestlyonnais.fr\/site\/\",\"name\":\"News Est Lyonnais\",\"description\":\"L&#039;actualit\u00e9 au plus pr\u00e8s\",\"publisher\":{\"@id\":\"https:\/\/newsestlyonnais.fr\/site\/#organization\"},\"potentialAction\":[{\"@type\":\"SearchAction\",\"target\":{\"@type\":\"EntryPoint\",\"urlTemplate\":\"https:\/\/newsestlyonnais.fr\/site\/?s={search_term_string}\"},\"query-input\":{\"@type\":\"PropertyValueSpecification\",\"valueRequired\":true,\"valueName\":\"search_term_string\"}}],\"inLanguage\":\"fr-FR\"},{\"@type\":\"Organization\",\"@id\":\"https:\/\/newsestlyonnais.fr\/site\/#organization\",\"name\":\"News EST LYONNAIS\",\"url\":\"https:\/\/newsestlyonnais.fr\/site\/\",\"logo\":{\"@type\":\"ImageObject\",\"inLanguage\":\"fr-FR\",\"@id\":\"https:\/\/newsestlyonnais.fr\/site\/#\/schema\/logo\/image\/\",\"url\":\"\",\"contentUrl\":\"\",\"caption\":\"News EST LYONNAIS\"},\"image\":{\"@id\":\"https:\/\/newsestlyonnais.fr\/site\/#\/schema\/logo\/image\/\"}},{\"@type\":\"Person\",\"@id\":\"https:\/\/newsestlyonnais.fr\/site\/#\/schema\/person\/3230d5615f390bb808365d673001e887\",\"name\":\"R\u00e9dac. NEWS\",\"sameAs\":[\"http:\/\/www.newsestlyonnais.fr\",\"https:\/\/www.facebook.com\/pascal.oberson.1?fref=ts\",\"https:\/\/fr.linkedin.com\/in\/pascal-oberson-b17045113\"],\"url\":\"https:\/\/newsestlyonnais.fr\/site\/author\/nel\/\"}]}<\/script>\n<!-- \/ Yoast SEO plugin. -->","yoast_head_json":{"title":"Courir POUR ELLES ! : Ouverture des inscriptions le 31 D\u00e9cembre 2017 \u00e0 minuit !","description":"Courir POUR ELLES ! : Ouverture des inscriptions le 31 D\u00e9cembre 2017 \u00e0 minuit !","robots":{"index":"index","follow":"follow","max-snippet":"max-snippet:-1","max-image-preview":"max-image-preview:large","max-video-preview":"max-video-preview:-1"},"canonical":"https:\/\/newsestlyonnais.fr\/site\/2017\/12\/19\/courir-pour-elles-ouverture-des-inscriptions-le-31-decembre-2017-a-minuit\/","og_locale":"fr_FR","og_type":"article","og_title":"Courir POUR ELLES ! : Ouverture des inscriptions le 31 D\u00e9cembre 2017 \u00e0 minuit !","og_description":"Courir POUR ELLES ! : Ouverture des inscriptions le 31 D\u00e9cembre 2017 \u00e0 minuit !","og_url":"https:\/\/newsestlyonnais.fr\/site\/2017\/12\/19\/courir-pour-elles-ouverture-des-inscriptions-le-31-decembre-2017-a-minuit\/","og_site_name":"News Est Lyonnais","article_author":"https:\/\/www.facebook.com\/pascal.oberson.1?fref=ts","article_published_time":"2017-12-19T12:57:10+00:00","article_modified_time":"2020-11-02T07:45:25+00:00","og_image":[{"width":421,"height":596,"url":"https:\/\/i1.wp.com\/newsestlyonnais.fr\/site\/wp-content\/uploads\/2017\/12\/NEWSESTLYONNAIS-COURIR-POUR-ELLES-2018.jpg?fit=421%2C596&ssl=1","type":"image\/jpeg"}],"author":"R\u00e9dac. NEWS","twitter_card":"summary_large_image","twitter_misc":{"\u00c9crit par":"R\u00e9dac. NEWS","Dur\u00e9e de lecture estim\u00e9e":"1 minute"},"schema":{"@context":"https:\/\/schema.org","@graph":[{"@type":"Article","@id":"https:\/\/newsestlyonnais.fr\/site\/2017\/12\/19\/courir-pour-elles-ouverture-des-inscriptions-le-31-decembre-2017-a-minuit\/#article","isPartOf":{"@id":"https:\/\/newsestlyonnais.fr\/site\/2017\/12\/19\/courir-pour-elles-ouverture-des-inscriptions-le-31-decembre-2017-a-minuit\/"},"author":{"name":"R\u00e9dac. NEWS","@id":"https:\/\/newsestlyonnais.fr\/site\/#\/schema\/person\/3230d5615f390bb808365d673001e887"},"headline":"Courir POUR ELLES | Ouverture des inscriptions le 31 D\u00e9cembre 2017 \u00e0 minuit !","datePublished":"2017-12-19T12:57:10+00:00","dateModified":"2020-11-02T07:45:25+00:00","mainEntityOfPage":{"@id":"https:\/\/newsestlyonnais.fr\/site\/2017\/12\/19\/courir-pour-elles-ouverture-des-inscriptions-le-31-decembre-2017-a-minuit\/"},"wordCount":139,"commentCount":0,"publisher":{"@id":"https:\/\/newsestlyonnais.fr\/site\/#organization"},"image":{"@id":"https:\/\/newsestlyonnais.fr\/site\/2017\/12\/19\/courir-pour-elles-ouverture-des-inscriptions-le-31-decembre-2017-a-minuit\/#primaryimage"},"thumbnailUrl":"https:\/\/newsestlyonnais.fr\/site\/wp-content\/uploads\/2017\/12\/NEWSESTLYONNAIS-COURIR-POUR-ELLES-2018.jpg","articleSection":["Athl\u00e9 | Course pied | Marche","Ev\u00e8nements divers","Lyon","Sant\u00e9 | Bien Etre | Solidarit\u00e9","V\u00e9nissieux"],"inLanguage":"fr-FR","potentialAction":[{"@type":"CommentAction","name":"Comment","target":["https:\/\/newsestlyonnais.fr\/site\/2017\/12\/19\/courir-pour-elles-ouverture-des-inscriptions-le-31-decembre-2017-a-minuit\/#respond"]}]},{"@type":"WebPage","@id":"https:\/\/newsestlyonnais.fr\/site\/2017\/12\/19\/courir-pour-elles-ouverture-des-inscriptions-le-31-decembre-2017-a-minuit\/","url":"https:\/\/newsestlyonnais.fr\/site\/2017\/12\/19\/courir-pour-elles-ouverture-des-inscriptions-le-31-decembre-2017-a-minuit\/","name":"Courir POUR ELLES ! : Ouverture des inscriptions le 31 D\u00e9cembre 2017 \u00e0 minuit !","isPartOf":{"@id":"https:\/\/newsestlyonnais.fr\/site\/#website"},"primaryImageOfPage":{"@id":"https:\/\/newsestlyonnais.fr\/site\/2017\/12\/19\/courir-pour-elles-ouverture-des-inscriptions-le-31-decembre-2017-a-minuit\/#primaryimage"},"image":{"@id":"https:\/\/newsestlyonnais.fr\/site\/2017\/12\/19\/courir-pour-elles-ouverture-des-inscriptions-le-31-decembre-2017-a-minuit\/#primaryimage"},"thumbnailUrl":"https:\/\/newsestlyonnais.fr\/site\/wp-content\/uploads\/2017\/12\/NEWSESTLYONNAIS-COURIR-POUR-ELLES-2018.jpg","datePublished":"2017-12-19T12:57:10+00:00","dateModified":"2020-11-02T07:45:25+00:00","description":"Courir POUR ELLES ! : Ouverture des inscriptions le 31 D\u00e9cembre 2017 \u00e0 minuit !","breadcrumb":{"@id":"https:\/\/newsestlyonnais.fr\/site\/2017\/12\/19\/courir-pour-elles-ouverture-des-inscriptions-le-31-decembre-2017-a-minuit\/#breadcrumb"},"inLanguage":"fr-FR","potentialAction":[{"@type":"ReadAction","target":["https:\/\/newsestlyonnais.fr\/site\/2017\/12\/19\/courir-pour-elles-ouverture-des-inscriptions-le-31-decembre-2017-a-minuit\/"]}]},{"@type":"ImageObject","inLanguage":"fr-FR","@id":"https:\/\/newsestlyonnais.fr\/site\/2017\/12\/19\/courir-pour-elles-ouverture-des-inscriptions-le-31-decembre-2017-a-minuit\/#primaryimage","url":"https:\/\/newsestlyonnais.fr\/site\/wp-content\/uploads\/2017\/12\/NEWSESTLYONNAIS-COURIR-POUR-ELLES-2018.jpg","contentUrl":"https:\/\/newsestlyonnais.fr\/site\/wp-content\/uploads\/2017\/12\/NEWSESTLYONNAIS-COURIR-POUR-ELLES-2018.jpg","width":421,"height":596,"caption":"COURIR POUR ELLES aura lieu le 27 mai"},{"@type":"BreadcrumbList","@id":"https:\/\/newsestlyonnais.fr\/site\/2017\/12\/19\/courir-pour-elles-ouverture-des-inscriptions-le-31-decembre-2017-a-minuit\/#breadcrumb","itemListElement":[{"@type":"ListItem","position":1,"name":"Accueil","item":"https:\/\/newsestlyonnais.fr\/site\/"},{"@type":"ListItem","position":2,"name":"Courir POUR ELLES | Ouverture des inscriptions le 31 D\u00e9cembre 2017 \u00e0 minuit !"}]},{"@type":"WebSite","@id":"https:\/\/newsestlyonnais.fr\/site\/#website","url":"https:\/\/newsestlyonnais.fr\/site\/","name":"News Est Lyonnais","description":"L&#039;actualit\u00e9 au plus pr\u00e8s","publisher":{"@id":"https:\/\/newsestlyonnais.fr\/site\/#organization"},"potentialAction":[{"@type":"SearchAction","target":{"@type":"EntryPoint","urlTemplate":"https:\/\/newsestlyonnais.fr\/site\/?s={search_term_string}"},"query-input":{"@type":"PropertyValueSpecification","valueRequired":true,"valueName":"search_term_string"}}],"inLanguage":"fr-FR"},{"@type":"Organization","@id":"https:\/\/newsestlyonnais.fr\/site\/#organization","name":"News EST LYONNAIS","url":"https:\/\/newsestlyonnais.fr\/site\/","logo":{"@type":"ImageObject","inLanguage":"fr-FR","@id":"https:\/\/newsestlyonnais.fr\/site\/#\/schema\/logo\/image\/","url":"","contentUrl":"","caption":"News EST LYONNAIS"},"image":{"@id":"https:\/\/newsestlyonnais.fr\/site\/#\/schema\/logo\/image\/"}},{"@type":"Person","@id":"https:\/\/newsestlyonnais.fr\/site\/#\/schema\/person\/3230d5615f390bb808365d673001e887","name":"R\u00e9dac. NEWS","sameAs":["http:\/\/www.newsestlyonnais.fr","https:\/\/www.facebook.com\/pascal.oberson.1?fref=ts","https:\/\/fr.linkedin.com\/in\/pascal-oberson-b17045113"],"url":"https:\/\/newsestlyonnais.fr\/site\/author\/nel\/"}]}},"_links":{"self":[{"href":"https:\/\/newsestlyonnais.fr\/site\/wp-json\/wp\/v2\/posts\/40691","targetHints":{"allow":["GET"]}}],"collection":[{"href":"https:\/\/newsestlyonnais.fr\/site\/wp-json\/wp\/v2\/posts"}],"about":[{"href":"https:\/\/newsestlyonnais.fr\/site\/wp-json\/wp\/v2\/types\/post"}],"author":[{"embeddable":true,"href":"https:\/\/newsestlyonnais.fr\/site\/wp-json\/wp\/v2\/users\/4"}],"replies":[{"embeddable":true,"href":"https:\/\/newsestlyonnais.fr\/site\/wp-json\/wp\/v2\/comments?post=40691"}],"version-history":[{"count":0,"href":"https:\/\/newsestlyonnais.fr\/site\/wp-json\/wp\/v2\/posts\/40691\/revisions"}],"wp:featuredmedia":[{"embeddable":true,"href":"https:\/\/newsestlyonnais.fr\/site\/wp-json\/wp\/v2\/media\/40665"}],"wp:attachment":[{"href":"https:\/\/newsestlyonnais.fr\/site\/wp-json\/wp\/v2\/media?parent=40691"}],"wp:term":[{"taxonomy":"category","embeddable":true,"href":"https:\/\/newsestlyonnais.fr\/site\/wp-json\/wp\/v2\/categories?post=40691"},{"taxonomy":"post_tag","embeddable":true,"href":"https:\/\/newsestlyonnais.fr\/site\/wp-json\/wp\/v2\/tags?post=40691"}],"curies":[{"name":"wp","href":"https:\/\/api.w.org\/{rel}","templated":true}]}}