{"id":40705,"date":"2017-12-20T07:19:41","date_gmt":"2017-12-20T06:19:41","guid":{"rendered":"http:\/\/newsestlyonnais.fr\/site\/?p=40705"},"modified":"2020-11-11T17:17:39","modified_gmt":"2020-11-11T16:17:39","slug":"decines-derniere-sortie-du-mardi-de-lannee-pour-terre-de-running","status":"publish","type":"post","link":"https:\/\/newsestlyonnais.fr\/site\/2017\/12\/20\/decines-derniere-sortie-du-mardi-de-lannee-pour-terre-de-running\/","title":{"rendered":"DECINES | Terre de Running > derni\u00e8re sortie du mardi de l&rsquo;ann\u00e9e"},"content":{"rendered":"<h4>C&rsquo;\u00e9tait la toute derni\u00e8re sortie de l&rsquo;ann\u00e9e mardi soir pour la boutique d\u00e9cinoise de TERRE DE RUNNING.<\/h4>\n<p>Une s\u00e9ance bien particuli\u00e8re d\u00e9marr\u00e9e par une petite sortie nocturne en plein air suivie d&rsquo;un moment consacr\u00e9 au renforcement musculaire et collectif. Une vingtaine de fid\u00e8les des sorties du mardi soir et plusieurs membres du team Terre De Running, avaient r\u00e9pondu favorablement \u00e0 l&rsquo;invitation de Kevin Molard, responsable de la boutique d\u00e9cinoise et Patrick Rebourseau, g\u00e9rant de TDR.<\/p>\n<p>Place ensuite au ravitaillement bien m\u00e9rit\u00e9 pour tous ces athl\u00e8tes qui se sont retrouv\u00e9s autour d&rsquo;une conviviale pizza au sein de l&rsquo;\u00e9tablissement voisin de Sempre Pizza.<\/p>\n<p>L&rsquo;heure est \u00e0 pr\u00e9sent \u00e0 la coupure pour tous ces participants, occasionnels ou habitu\u00e9s, des sorties gratuites propos\u00e9es tout au long de l&rsquo;ann\u00e9e par la boutique. <span style=\"text-decoration: underline;\">Reprise des sorties d\u00e8s le mardi 2 Janvier 2018 !<\/span><\/p>\n<ul>\n<li><em><strong><span style=\"text-decoration: underline;\">TERRE DE RUNNING DECINES<\/span> : 3 rue de la Fraternit\u00e9 \u00e0 D\u00e9cines : T\u00e9l. 04.78.89.95.54<\/strong><\/em><\/li>\n<\/ul>\n<div id='gallery-1' class='gallery galleryid-40705 gallery-columns-3 gallery-size-thumbnail'><figure class='gallery-item'>\n\t\t\t<div class='gallery-icon landscape'>\n\t\t\t\t<a href='https:\/\/newsestlyonnais.fr\/site\/2017\/12\/20\/decines-derniere-sortie-du-mardi-de-lannee-pour-terre-de-running\/newsestlyonnais-renf-musc-tdr\/'><img loading=\"lazy\" decoding=\"async\" width=\"150\" height=\"150\" src=\"https:\/\/newsestlyonnais.fr\/site\/wp-content\/uploads\/2017\/12\/NEWSESTLYONNAIS-RENF-MUSC-TDR-150x150.jpg\" class=\"attachment-thumbnail size-thumbnail\" alt=\"NEWSESTLYONNAIS - RENF MUSC TDR\" aria-describedby=\"gallery-1-40715\" \/><\/a>\n\t\t\t<\/div>\n\t\t\t\t<figcaption class='wp-caption-text gallery-caption' id='gallery-1-40715'>\n\t\t\t\tRenforcement musculaire et collectif au sein de la boutique\n\t\t\t\t<\/figcaption><\/figure><figure class='gallery-item'>\n\t\t\t<div class='gallery-icon landscape'>\n\t\t\t\t<a href='https:\/\/newsestlyonnais.fr\/site\/2017\/12\/20\/decines-derniere-sortie-du-mardi-de-lannee-pour-terre-de-running\/newsestlyonnais-tdr-decines-01\/'><img loading=\"lazy\" decoding=\"async\" width=\"150\" height=\"150\" src=\"https:\/\/newsestlyonnais.fr\/site\/wp-content\/uploads\/2017\/12\/NEWSESTLYONNAIS-TDR-DECINES-01-150x150.jpg\" class=\"attachment-thumbnail size-thumbnail\" alt=\"NEWSESTLYONNAIS - TDR DECINES 01\" aria-describedby=\"gallery-1-40710\" \/><\/a>\n\t\t\t<\/div>\n\t\t\t\t<figcaption class='wp-caption-text gallery-caption' id='gallery-1-40710'>\n\t\t\t\tL&rsquo;occasion aussi de f\u00eater l&rsquo;anniversaire de Kevin (responsable boutique)\n\t\t\t\t<\/figcaption><\/figure><figure class='gallery-item'>\n\t\t\t<div class='gallery-icon landscape'>\n\t\t\t\t<a href='https:\/\/newsestlyonnais.fr\/site\/2017\/12\/20\/decines-derniere-sortie-du-mardi-de-lannee-pour-terre-de-running\/newsestlyonnais-tdr-sempre\/'><img loading=\"lazy\" decoding=\"async\" width=\"150\" height=\"150\" src=\"https:\/\/newsestlyonnais.fr\/site\/wp-content\/uploads\/2017\/12\/NEWSESTLYONNAIS-TDR-SEMPRE-150x150.jpg\" class=\"attachment-thumbnail size-thumbnail\" alt=\"NEWSESTLYONNAIS - TDR SEMPRE\" aria-describedby=\"gallery-1-40713\" \/><\/a>\n\t\t\t<\/div>\n\t\t\t\t<figcaption class='wp-caption-text gallery-caption' id='gallery-1-40713'>\n\t\t\t\tRavitaillement effectu\u00e9 aupr\u00e8s de SEMPRE PIZZA autre commer\u00e7ant de la ZAC\n\t\t\t\t<\/figcaption><\/figure><figure class='gallery-item'>\n\t\t\t<div class='gallery-icon landscape'>\n\t\t\t\t<a href='https:\/\/newsestlyonnais.fr\/site\/2017\/07\/03\/decines-plus-de-40-participants-test-vma-de-terre-de-running\/newsestlyonnais-tdr-grand_lyon_300x250-12\/'><img loading=\"lazy\" decoding=\"async\" width=\"150\" height=\"150\" src=\"https:\/\/newsestlyonnais.fr\/site\/wp-content\/uploads\/2017\/07\/NEWSESTLYONNAIS-TDR-Grand_Lyon_300x250-150x150.gif\" class=\"attachment-thumbnail size-thumbnail\" alt=\"NEWSESTLYONNAIS TDR Grand_Lyon_300x250\" aria-describedby=\"gallery-1-31147\" \/><\/a>\n\t\t\t<\/div>\n\t\t\t\t<figcaption class='wp-caption-text gallery-caption' id='gallery-1-31147'>\n\t\t\t\t      TERRE DE RUNNING \n\t\t\t\t<\/figcaption><\/figure>\n\t\t<\/div>\n\n","protected":false},"excerpt":{"rendered":"<p>C&rsquo;\u00e9tait la toute derni\u00e8re sortie de l&rsquo;ann\u00e9e mardi soir pour la boutique d\u00e9cinoise de TERRE DE RUNNING. Une s\u00e9ance bien particuli\u00e8re d\u00e9marr\u00e9e par une petite sortie nocturne en plein air suivie d&rsquo;un moment consacr\u00e9 au renforcement musculaire et collectif. Une vingtaine de fid\u00e8les des sorties du mardi soir et plusieurs membres du team Terre De [&hellip;]<\/p>\n","protected":false},"author":4,"featured_media":40707,"comment_status":"open","ping_status":"open","sticky":false,"template":"","format":"standard","meta":{"footnotes":""},"categories":[2970,2968,21],"tags":[],"class_list":["post-40705","post","type-post","status-publish","format-standard","has-post-thumbnail","hentry","category-artisans-commerces-economie","category-athle-course-pied-marche","category-decines-charpieu"],"yoast_head":"<!-- This site is optimized with the Yoast SEO plugin v27.2 - https:\/\/yoast.com\/product\/yoast-seo-wordpress\/ -->\n<title>DECINES : Derni\u00e8re sortie du mardi de l&#039;ann\u00e9e pour TERRE DE RUNNING<\/title>\n<meta name=\"description\" content=\"DECINES : Derni\u00e8re sortie du mardi de l&#039;ann\u00e9e pour TERRE DE RUNNING\" \/>\n<meta name=\"robots\" content=\"index, follow, max-snippet:-1, max-image-preview:large, max-video-preview:-1\" \/>\n<link rel=\"canonical\" href=\"https:\/\/newsestlyonnais.fr\/site\/2017\/12\/20\/decines-derniere-sortie-du-mardi-de-lannee-pour-terre-de-running\/\" \/>\n<meta property=\"og:locale\" content=\"fr_FR\" \/>\n<meta property=\"og:type\" content=\"article\" \/>\n<meta property=\"og:title\" content=\"DECINES : Derni\u00e8re sortie du mardi de l&#039;ann\u00e9e pour TERRE DE RUNNING\" \/>\n<meta property=\"og:description\" content=\"DECINES : Derni\u00e8re sortie du mardi de l&#039;ann\u00e9e pour TERRE DE RUNNING\" \/>\n<meta property=\"og:url\" content=\"https:\/\/newsestlyonnais.fr\/site\/2017\/12\/20\/decines-derniere-sortie-du-mardi-de-lannee-pour-terre-de-running\/\" \/>\n<meta property=\"og:site_name\" content=\"News Est Lyonnais\" \/>\n<meta property=\"article:author\" content=\"https:\/\/www.facebook.com\/pascal.oberson.1?fref=ts\" \/>\n<meta property=\"article:published_time\" content=\"2017-12-20T06:19:41+00:00\" \/>\n<meta property=\"article:modified_time\" content=\"2020-11-11T16:17:39+00:00\" \/>\n<meta property=\"og:image\" content=\"https:\/\/i1.wp.com\/newsestlyonnais.fr\/site\/wp-content\/uploads\/2017\/12\/NEWSESTLYONNAIS-SORTIE-TDR-DECINES.jpg?fit=2048%2C1536&ssl=1\" \/>\n\t<meta property=\"og:image:width\" content=\"2048\" \/>\n\t<meta property=\"og:image:height\" content=\"1536\" \/>\n\t<meta property=\"og:image:type\" content=\"image\/jpeg\" \/>\n<meta name=\"author\" content=\"R\u00e9dac. NEWS\" \/>\n<meta name=\"twitter:card\" content=\"summary_large_image\" \/>\n<meta name=\"twitter:label1\" content=\"\u00c9crit par\" \/>\n\t<meta name=\"twitter:data1\" content=\"R\u00e9dac. NEWS\" \/>\n\t<meta name=\"twitter:label2\" content=\"Dur\u00e9e de lecture estim\u00e9e\" \/>\n\t<meta name=\"twitter:data2\" content=\"1 minute\" \/>\n<script type=\"application\/ld+json\" class=\"yoast-schema-graph\">{\"@context\":\"https:\/\/schema.org\",\"@graph\":[{\"@type\":\"Article\",\"@id\":\"https:\/\/newsestlyonnais.fr\/site\/2017\/12\/20\/decines-derniere-sortie-du-mardi-de-lannee-pour-terre-de-running\/#article\",\"isPartOf\":{\"@id\":\"https:\/\/newsestlyonnais.fr\/site\/2017\/12\/20\/decines-derniere-sortie-du-mardi-de-lannee-pour-terre-de-running\/\"},\"author\":{\"name\":\"R\u00e9dac. NEWS\",\"@id\":\"https:\/\/newsestlyonnais.fr\/site\/#\/schema\/person\/3230d5615f390bb808365d673001e887\"},\"headline\":\"DECINES | Terre de Running > derni\u00e8re sortie du mardi de l&rsquo;ann\u00e9e\",\"datePublished\":\"2017-12-20T06:19:41+00:00\",\"dateModified\":\"2020-11-11T16:17:39+00:00\",\"mainEntityOfPage\":{\"@id\":\"https:\/\/newsestlyonnais.fr\/site\/2017\/12\/20\/decines-derniere-sortie-du-mardi-de-lannee-pour-terre-de-running\/\"},\"wordCount\":187,\"commentCount\":0,\"publisher\":{\"@id\":\"https:\/\/newsestlyonnais.fr\/site\/#organization\"},\"image\":{\"@id\":\"https:\/\/newsestlyonnais.fr\/site\/2017\/12\/20\/decines-derniere-sortie-du-mardi-de-lannee-pour-terre-de-running\/#primaryimage\"},\"thumbnailUrl\":\"https:\/\/newsestlyonnais.fr\/site\/wp-content\/uploads\/2017\/12\/NEWSESTLYONNAIS-SORTIE-TDR-DECINES.jpg\",\"articleSection\":[\"Artisans | Commerces\",\"Athl\u00e9 | Course pied | Marche\",\"D\u00e9cines-Charpieu\"],\"inLanguage\":\"fr-FR\",\"potentialAction\":[{\"@type\":\"CommentAction\",\"name\":\"Comment\",\"target\":[\"https:\/\/newsestlyonnais.fr\/site\/2017\/12\/20\/decines-derniere-sortie-du-mardi-de-lannee-pour-terre-de-running\/#respond\"]}]},{\"@type\":\"WebPage\",\"@id\":\"https:\/\/newsestlyonnais.fr\/site\/2017\/12\/20\/decines-derniere-sortie-du-mardi-de-lannee-pour-terre-de-running\/\",\"url\":\"https:\/\/newsestlyonnais.fr\/site\/2017\/12\/20\/decines-derniere-sortie-du-mardi-de-lannee-pour-terre-de-running\/\",\"name\":\"DECINES : Derni\u00e8re sortie du mardi de l'ann\u00e9e pour TERRE DE RUNNING\",\"isPartOf\":{\"@id\":\"https:\/\/newsestlyonnais.fr\/site\/#website\"},\"primaryImageOfPage\":{\"@id\":\"https:\/\/newsestlyonnais.fr\/site\/2017\/12\/20\/decines-derniere-sortie-du-mardi-de-lannee-pour-terre-de-running\/#primaryimage\"},\"image\":{\"@id\":\"https:\/\/newsestlyonnais.fr\/site\/2017\/12\/20\/decines-derniere-sortie-du-mardi-de-lannee-pour-terre-de-running\/#primaryimage\"},\"thumbnailUrl\":\"https:\/\/newsestlyonnais.fr\/site\/wp-content\/uploads\/2017\/12\/NEWSESTLYONNAIS-SORTIE-TDR-DECINES.jpg\",\"datePublished\":\"2017-12-20T06:19:41+00:00\",\"dateModified\":\"2020-11-11T16:17:39+00:00\",\"description\":\"DECINES : Derni\u00e8re sortie du mardi de l'ann\u00e9e pour TERRE DE RUNNING\",\"breadcrumb\":{\"@id\":\"https:\/\/newsestlyonnais.fr\/site\/2017\/12\/20\/decines-derniere-sortie-du-mardi-de-lannee-pour-terre-de-running\/#breadcrumb\"},\"inLanguage\":\"fr-FR\",\"potentialAction\":[{\"@type\":\"ReadAction\",\"target\":[\"https:\/\/newsestlyonnais.fr\/site\/2017\/12\/20\/decines-derniere-sortie-du-mardi-de-lannee-pour-terre-de-running\/\"]}]},{\"@type\":\"ImageObject\",\"inLanguage\":\"fr-FR\",\"@id\":\"https:\/\/newsestlyonnais.fr\/site\/2017\/12\/20\/decines-derniere-sortie-du-mardi-de-lannee-pour-terre-de-running\/#primaryimage\",\"url\":\"https:\/\/newsestlyonnais.fr\/site\/wp-content\/uploads\/2017\/12\/NEWSESTLYONNAIS-SORTIE-TDR-DECINES.jpg\",\"contentUrl\":\"https:\/\/newsestlyonnais.fr\/site\/wp-content\/uploads\/2017\/12\/NEWSESTLYONNAIS-SORTIE-TDR-DECINES.jpg\",\"width\":2048,\"height\":1536,\"caption\":\"NEWSESTLYONNAIS SORTIE TDR DECINES\"},{\"@type\":\"BreadcrumbList\",\"@id\":\"https:\/\/newsestlyonnais.fr\/site\/2017\/12\/20\/decines-derniere-sortie-du-mardi-de-lannee-pour-terre-de-running\/#breadcrumb\",\"itemListElement\":[{\"@type\":\"ListItem\",\"position\":1,\"name\":\"Accueil\",\"item\":\"https:\/\/newsestlyonnais.fr\/site\/\"},{\"@type\":\"ListItem\",\"position\":2,\"name\":\"DECINES | Terre de Running > derni\u00e8re sortie du mardi de l&rsquo;ann\u00e9e\"}]},{\"@type\":\"WebSite\",\"@id\":\"https:\/\/newsestlyonnais.fr\/site\/#website\",\"url\":\"https:\/\/newsestlyonnais.fr\/site\/\",\"name\":\"News Est Lyonnais\",\"description\":\"L&#039;actualit\u00e9 au plus pr\u00e8s\",\"publisher\":{\"@id\":\"https:\/\/newsestlyonnais.fr\/site\/#organization\"},\"potentialAction\":[{\"@type\":\"SearchAction\",\"target\":{\"@type\":\"EntryPoint\",\"urlTemplate\":\"https:\/\/newsestlyonnais.fr\/site\/?s={search_term_string}\"},\"query-input\":{\"@type\":\"PropertyValueSpecification\",\"valueRequired\":true,\"valueName\":\"search_term_string\"}}],\"inLanguage\":\"fr-FR\"},{\"@type\":\"Organization\",\"@id\":\"https:\/\/newsestlyonnais.fr\/site\/#organization\",\"name\":\"News EST LYONNAIS\",\"url\":\"https:\/\/newsestlyonnais.fr\/site\/\",\"logo\":{\"@type\":\"ImageObject\",\"inLanguage\":\"fr-FR\",\"@id\":\"https:\/\/newsestlyonnais.fr\/site\/#\/schema\/logo\/image\/\",\"url\":\"\",\"contentUrl\":\"\",\"caption\":\"News EST LYONNAIS\"},\"image\":{\"@id\":\"https:\/\/newsestlyonnais.fr\/site\/#\/schema\/logo\/image\/\"}},{\"@type\":\"Person\",\"@id\":\"https:\/\/newsestlyonnais.fr\/site\/#\/schema\/person\/3230d5615f390bb808365d673001e887\",\"name\":\"R\u00e9dac. NEWS\",\"sameAs\":[\"http:\/\/www.newsestlyonnais.fr\",\"https:\/\/www.facebook.com\/pascal.oberson.1?fref=ts\",\"https:\/\/fr.linkedin.com\/in\/pascal-oberson-b17045113\"],\"url\":\"https:\/\/newsestlyonnais.fr\/site\/author\/nel\/\"}]}<\/script>\n<!-- \/ Yoast SEO plugin. -->","yoast_head_json":{"title":"DECINES : Derni\u00e8re sortie du mardi de l'ann\u00e9e pour TERRE DE RUNNING","description":"DECINES : Derni\u00e8re sortie du mardi de l'ann\u00e9e pour TERRE DE RUNNING","robots":{"index":"index","follow":"follow","max-snippet":"max-snippet:-1","max-image-preview":"max-image-preview:large","max-video-preview":"max-video-preview:-1"},"canonical":"https:\/\/newsestlyonnais.fr\/site\/2017\/12\/20\/decines-derniere-sortie-du-mardi-de-lannee-pour-terre-de-running\/","og_locale":"fr_FR","og_type":"article","og_title":"DECINES : Derni\u00e8re sortie du mardi de l'ann\u00e9e pour TERRE DE RUNNING","og_description":"DECINES : Derni\u00e8re sortie du mardi de l'ann\u00e9e pour TERRE DE RUNNING","og_url":"https:\/\/newsestlyonnais.fr\/site\/2017\/12\/20\/decines-derniere-sortie-du-mardi-de-lannee-pour-terre-de-running\/","og_site_name":"News Est Lyonnais","article_author":"https:\/\/www.facebook.com\/pascal.oberson.1?fref=ts","article_published_time":"2017-12-20T06:19:41+00:00","article_modified_time":"2020-11-11T16:17:39+00:00","og_image":[{"width":2048,"height":1536,"url":"https:\/\/i1.wp.com\/newsestlyonnais.fr\/site\/wp-content\/uploads\/2017\/12\/NEWSESTLYONNAIS-SORTIE-TDR-DECINES.jpg?fit=2048%2C1536&ssl=1","type":"image\/jpeg"}],"author":"R\u00e9dac. NEWS","twitter_card":"summary_large_image","twitter_misc":{"\u00c9crit par":"R\u00e9dac. NEWS","Dur\u00e9e de lecture estim\u00e9e":"1 minute"},"schema":{"@context":"https:\/\/schema.org","@graph":[{"@type":"Article","@id":"https:\/\/newsestlyonnais.fr\/site\/2017\/12\/20\/decines-derniere-sortie-du-mardi-de-lannee-pour-terre-de-running\/#article","isPartOf":{"@id":"https:\/\/newsestlyonnais.fr\/site\/2017\/12\/20\/decines-derniere-sortie-du-mardi-de-lannee-pour-terre-de-running\/"},"author":{"name":"R\u00e9dac. NEWS","@id":"https:\/\/newsestlyonnais.fr\/site\/#\/schema\/person\/3230d5615f390bb808365d673001e887"},"headline":"DECINES | Terre de Running > derni\u00e8re sortie du mardi de l&rsquo;ann\u00e9e","datePublished":"2017-12-20T06:19:41+00:00","dateModified":"2020-11-11T16:17:39+00:00","mainEntityOfPage":{"@id":"https:\/\/newsestlyonnais.fr\/site\/2017\/12\/20\/decines-derniere-sortie-du-mardi-de-lannee-pour-terre-de-running\/"},"wordCount":187,"commentCount":0,"publisher":{"@id":"https:\/\/newsestlyonnais.fr\/site\/#organization"},"image":{"@id":"https:\/\/newsestlyonnais.fr\/site\/2017\/12\/20\/decines-derniere-sortie-du-mardi-de-lannee-pour-terre-de-running\/#primaryimage"},"thumbnailUrl":"https:\/\/newsestlyonnais.fr\/site\/wp-content\/uploads\/2017\/12\/NEWSESTLYONNAIS-SORTIE-TDR-DECINES.jpg","articleSection":["Artisans | Commerces","Athl\u00e9 | Course pied | Marche","D\u00e9cines-Charpieu"],"inLanguage":"fr-FR","potentialAction":[{"@type":"CommentAction","name":"Comment","target":["https:\/\/newsestlyonnais.fr\/site\/2017\/12\/20\/decines-derniere-sortie-du-mardi-de-lannee-pour-terre-de-running\/#respond"]}]},{"@type":"WebPage","@id":"https:\/\/newsestlyonnais.fr\/site\/2017\/12\/20\/decines-derniere-sortie-du-mardi-de-lannee-pour-terre-de-running\/","url":"https:\/\/newsestlyonnais.fr\/site\/2017\/12\/20\/decines-derniere-sortie-du-mardi-de-lannee-pour-terre-de-running\/","name":"DECINES : Derni\u00e8re sortie du mardi de l'ann\u00e9e pour TERRE DE RUNNING","isPartOf":{"@id":"https:\/\/newsestlyonnais.fr\/site\/#website"},"primaryImageOfPage":{"@id":"https:\/\/newsestlyonnais.fr\/site\/2017\/12\/20\/decines-derniere-sortie-du-mardi-de-lannee-pour-terre-de-running\/#primaryimage"},"image":{"@id":"https:\/\/newsestlyonnais.fr\/site\/2017\/12\/20\/decines-derniere-sortie-du-mardi-de-lannee-pour-terre-de-running\/#primaryimage"},"thumbnailUrl":"https:\/\/newsestlyonnais.fr\/site\/wp-content\/uploads\/2017\/12\/NEWSESTLYONNAIS-SORTIE-TDR-DECINES.jpg","datePublished":"2017-12-20T06:19:41+00:00","dateModified":"2020-11-11T16:17:39+00:00","description":"DECINES : Derni\u00e8re sortie du mardi de l'ann\u00e9e pour TERRE DE RUNNING","breadcrumb":{"@id":"https:\/\/newsestlyonnais.fr\/site\/2017\/12\/20\/decines-derniere-sortie-du-mardi-de-lannee-pour-terre-de-running\/#breadcrumb"},"inLanguage":"fr-FR","potentialAction":[{"@type":"ReadAction","target":["https:\/\/newsestlyonnais.fr\/site\/2017\/12\/20\/decines-derniere-sortie-du-mardi-de-lannee-pour-terre-de-running\/"]}]},{"@type":"ImageObject","inLanguage":"fr-FR","@id":"https:\/\/newsestlyonnais.fr\/site\/2017\/12\/20\/decines-derniere-sortie-du-mardi-de-lannee-pour-terre-de-running\/#primaryimage","url":"https:\/\/newsestlyonnais.fr\/site\/wp-content\/uploads\/2017\/12\/NEWSESTLYONNAIS-SORTIE-TDR-DECINES.jpg","contentUrl":"https:\/\/newsestlyonnais.fr\/site\/wp-content\/uploads\/2017\/12\/NEWSESTLYONNAIS-SORTIE-TDR-DECINES.jpg","width":2048,"height":1536,"caption":"NEWSESTLYONNAIS SORTIE TDR DECINES"},{"@type":"BreadcrumbList","@id":"https:\/\/newsestlyonnais.fr\/site\/2017\/12\/20\/decines-derniere-sortie-du-mardi-de-lannee-pour-terre-de-running\/#breadcrumb","itemListElement":[{"@type":"ListItem","position":1,"name":"Accueil","item":"https:\/\/newsestlyonnais.fr\/site\/"},{"@type":"ListItem","position":2,"name":"DECINES | Terre de Running > derni\u00e8re sortie du mardi de l&rsquo;ann\u00e9e"}]},{"@type":"WebSite","@id":"https:\/\/newsestlyonnais.fr\/site\/#website","url":"https:\/\/newsestlyonnais.fr\/site\/","name":"News Est Lyonnais","description":"L&#039;actualit\u00e9 au plus pr\u00e8s","publisher":{"@id":"https:\/\/newsestlyonnais.fr\/site\/#organization"},"potentialAction":[{"@type":"SearchAction","target":{"@type":"EntryPoint","urlTemplate":"https:\/\/newsestlyonnais.fr\/site\/?s={search_term_string}"},"query-input":{"@type":"PropertyValueSpecification","valueRequired":true,"valueName":"search_term_string"}}],"inLanguage":"fr-FR"},{"@type":"Organization","@id":"https:\/\/newsestlyonnais.fr\/site\/#organization","name":"News EST LYONNAIS","url":"https:\/\/newsestlyonnais.fr\/site\/","logo":{"@type":"ImageObject","inLanguage":"fr-FR","@id":"https:\/\/newsestlyonnais.fr\/site\/#\/schema\/logo\/image\/","url":"","contentUrl":"","caption":"News EST LYONNAIS"},"image":{"@id":"https:\/\/newsestlyonnais.fr\/site\/#\/schema\/logo\/image\/"}},{"@type":"Person","@id":"https:\/\/newsestlyonnais.fr\/site\/#\/schema\/person\/3230d5615f390bb808365d673001e887","name":"R\u00e9dac. NEWS","sameAs":["http:\/\/www.newsestlyonnais.fr","https:\/\/www.facebook.com\/pascal.oberson.1?fref=ts","https:\/\/fr.linkedin.com\/in\/pascal-oberson-b17045113"],"url":"https:\/\/newsestlyonnais.fr\/site\/author\/nel\/"}]}},"_links":{"self":[{"href":"https:\/\/newsestlyonnais.fr\/site\/wp-json\/wp\/v2\/posts\/40705","targetHints":{"allow":["GET"]}}],"collection":[{"href":"https:\/\/newsestlyonnais.fr\/site\/wp-json\/wp\/v2\/posts"}],"about":[{"href":"https:\/\/newsestlyonnais.fr\/site\/wp-json\/wp\/v2\/types\/post"}],"author":[{"embeddable":true,"href":"https:\/\/newsestlyonnais.fr\/site\/wp-json\/wp\/v2\/users\/4"}],"replies":[{"embeddable":true,"href":"https:\/\/newsestlyonnais.fr\/site\/wp-json\/wp\/v2\/comments?post=40705"}],"version-history":[{"count":0,"href":"https:\/\/newsestlyonnais.fr\/site\/wp-json\/wp\/v2\/posts\/40705\/revisions"}],"wp:featuredmedia":[{"embeddable":true,"href":"https:\/\/newsestlyonnais.fr\/site\/wp-json\/wp\/v2\/media\/40707"}],"wp:attachment":[{"href":"https:\/\/newsestlyonnais.fr\/site\/wp-json\/wp\/v2\/media?parent=40705"}],"wp:term":[{"taxonomy":"category","embeddable":true,"href":"https:\/\/newsestlyonnais.fr\/site\/wp-json\/wp\/v2\/categories?post=40705"},{"taxonomy":"post_tag","embeddable":true,"href":"https:\/\/newsestlyonnais.fr\/site\/wp-json\/wp\/v2\/tags?post=40705"}],"curies":[{"name":"wp","href":"https:\/\/api.w.org\/{rel}","templated":true}]}}