{"id":40751,"date":"2017-12-20T18:40:51","date_gmt":"2017-12-20T17:40:51","guid":{"rendered":"http:\/\/newsestlyonnais.fr\/site\/?p=40751"},"modified":"2020-10-26T11:57:40","modified_gmt":"2020-10-26T10:57:40","slug":"lyon-handisport-lyonnais-2-dirigeants-medailles-de-bronze-par-jeunesse-sport-et-engagement-associatif","status":"publish","type":"post","link":"https:\/\/newsestlyonnais.fr\/site\/2017\/12\/20\/lyon-handisport-lyonnais-2-dirigeants-medailles-de-bronze-par-jeunesse-sport-et-engagement-associatif\/","title":{"rendered":"LYON | Handisport Lyonnais > 2 dirigeants m\u00e9daill\u00e9s de bronze par Jeunesse, Sport et Engagement associatif"},"content":{"rendered":"<h4>Plus d&rsquo;une centaine de dirigeants ont \u00e9t\u00e9 honor\u00e9s mardi soir au Centre Culturel de Villeurbanne par la F\u00e9d\u00e9ration Fran\u00e7aise des M\u00e9daill\u00e9s Jeunesse, Sports et Engagement Associatif.<\/h4>\n<p>Parmi eux, 2 dirigeants d&rsquo;Handisport Lyonnais, <em><strong>Matthieu Laurent &amp; Brice Linck<\/strong> <\/em>ont re\u00e7u une distinction honorifique, soit la <em><strong>m\u00e9daille de bronze<\/strong><\/em> d\u00e9cern\u00e9e pour la promotion d\u00e9partementale du 14 Juillet 2017, par la FFM JSEA et le Comit\u00e9 du Rh\u00f4ne et M\u00e9tropole de Lyon.<\/p>\n<p>Ce dipl\u00f4me a \u00e9t\u00e9 remis \u00e0 chacun par Jean Meunier (Pr\u00e9sident du Comit\u00e9 D\u00e9partemental des M\u00e9daill\u00e9s Jeunesse, Sports et Engagement Associatif), en la pr\u00e9sence de G\u00e9rard Roth (Pr\u00e9sident d\u2019Handisport Lyonnais).<\/p>\n<ul>\n<li>Retrouvez l&rsquo;ACTU du club sur : <a href=\"http:\/\/www.handisportlyonnais.com\" target=\"_blank\" rel=\"noopener noreferrer\">http:\/\/www.handisportlyonnais.com<\/a><\/li>\n<\/ul>\n<p>&nbsp;<\/p>\n<p>&nbsp;<\/p>\n<p>&nbsp;<\/p>\n<p>&nbsp;<\/p>\n","protected":false},"excerpt":{"rendered":"<p>Plus d&rsquo;une centaine de dirigeants ont \u00e9t\u00e9 honor\u00e9s mardi soir au Centre Culturel de Villeurbanne par la F\u00e9d\u00e9ration Fran\u00e7aise des M\u00e9daill\u00e9s Jeunesse, Sports et Engagement Associatif. Parmi eux, 2 dirigeants d&rsquo;Handisport Lyonnais, Matthieu Laurent &amp; Brice Linck ont re\u00e7u une distinction honorifique, soit la m\u00e9daille de bronze d\u00e9cern\u00e9e pour la promotion d\u00e9partementale du 14 Juillet [&hellip;]<\/p>\n","protected":false},"author":4,"featured_media":40765,"comment_status":"open","ping_status":"open","sticky":false,"template":"","format":"standard","meta":{"footnotes":""},"categories":[166,3015,1625],"tags":[],"class_list":["post-40751","post","type-post","status-publish","format-standard","has-post-thumbnail","hentry","category-divers-sports","category-handi-adapte","category-lyon"],"yoast_head":"<!-- This site is optimized with the Yoast SEO plugin v27.2 - https:\/\/yoast.com\/product\/yoast-seo-wordpress\/ -->\n<title>LYON : 2 dirigeants d&#039;Handisport Lyonnais m\u00e9daill\u00e9s de bronze par Jeunesse, Sport et Engagement associatif<\/title>\n<meta name=\"description\" content=\"LYON : 2 dirigeants d&#039;Handisport Lyonnais m\u00e9daill\u00e9s de bronze par Jeunesse, Sport et Engagement associatif\" \/>\n<meta name=\"robots\" content=\"index, follow, max-snippet:-1, max-image-preview:large, max-video-preview:-1\" \/>\n<link rel=\"canonical\" href=\"https:\/\/newsestlyonnais.fr\/site\/2017\/12\/20\/lyon-handisport-lyonnais-2-dirigeants-medailles-de-bronze-par-jeunesse-sport-et-engagement-associatif\/\" \/>\n<meta property=\"og:locale\" content=\"fr_FR\" \/>\n<meta property=\"og:type\" content=\"article\" \/>\n<meta property=\"og:title\" content=\"LYON : 2 dirigeants d&#039;Handisport Lyonnais m\u00e9daill\u00e9s de bronze par Jeunesse, Sport et Engagement associatif\" \/>\n<meta property=\"og:description\" content=\"LYON : 2 dirigeants d&#039;Handisport Lyonnais m\u00e9daill\u00e9s de bronze par Jeunesse, Sport et Engagement associatif\" \/>\n<meta property=\"og:url\" content=\"https:\/\/newsestlyonnais.fr\/site\/2017\/12\/20\/lyon-handisport-lyonnais-2-dirigeants-medailles-de-bronze-par-jeunesse-sport-et-engagement-associatif\/\" \/>\n<meta property=\"og:site_name\" content=\"News Est Lyonnais\" \/>\n<meta property=\"article:author\" content=\"https:\/\/www.facebook.com\/pascal.oberson.1?fref=ts\" \/>\n<meta property=\"article:published_time\" content=\"2017-12-20T17:40:51+00:00\" \/>\n<meta property=\"article:modified_time\" content=\"2020-10-26T10:57:40+00:00\" \/>\n<meta property=\"og:image\" content=\"https:\/\/i0.wp.com\/newsestlyonnais.fr\/site\/wp-content\/uploads\/2017\/12\/NEWSESTLYONNAIS-HANDISPORT-MED.jpg?fit=768%2C1024&ssl=1\" \/>\n\t<meta property=\"og:image:width\" content=\"768\" \/>\n\t<meta property=\"og:image:height\" content=\"1024\" \/>\n\t<meta property=\"og:image:type\" content=\"image\/jpeg\" \/>\n<meta name=\"author\" content=\"R\u00e9dac. NEWS\" \/>\n<meta name=\"twitter:card\" content=\"summary_large_image\" \/>\n<meta name=\"twitter:label1\" content=\"\u00c9crit par\" \/>\n\t<meta name=\"twitter:data1\" content=\"R\u00e9dac. NEWS\" \/>\n\t<meta name=\"twitter:label2\" content=\"Dur\u00e9e de lecture estim\u00e9e\" \/>\n\t<meta name=\"twitter:data2\" content=\"1 minute\" \/>\n<script type=\"application\/ld+json\" class=\"yoast-schema-graph\">{\"@context\":\"https:\/\/schema.org\",\"@graph\":[{\"@type\":\"Article\",\"@id\":\"https:\/\/newsestlyonnais.fr\/site\/2017\/12\/20\/lyon-handisport-lyonnais-2-dirigeants-medailles-de-bronze-par-jeunesse-sport-et-engagement-associatif\/#article\",\"isPartOf\":{\"@id\":\"https:\/\/newsestlyonnais.fr\/site\/2017\/12\/20\/lyon-handisport-lyonnais-2-dirigeants-medailles-de-bronze-par-jeunesse-sport-et-engagement-associatif\/\"},\"author\":{\"name\":\"R\u00e9dac. NEWS\",\"@id\":\"https:\/\/newsestlyonnais.fr\/site\/#\/schema\/person\/3230d5615f390bb808365d673001e887\"},\"headline\":\"LYON | Handisport Lyonnais > 2 dirigeants m\u00e9daill\u00e9s de bronze par Jeunesse, Sport et Engagement associatif\",\"datePublished\":\"2017-12-20T17:40:51+00:00\",\"dateModified\":\"2020-10-26T10:57:40+00:00\",\"mainEntityOfPage\":{\"@id\":\"https:\/\/newsestlyonnais.fr\/site\/2017\/12\/20\/lyon-handisport-lyonnais-2-dirigeants-medailles-de-bronze-par-jeunesse-sport-et-engagement-associatif\/\"},\"wordCount\":148,\"commentCount\":0,\"publisher\":{\"@id\":\"https:\/\/newsestlyonnais.fr\/site\/#organization\"},\"image\":{\"@id\":\"https:\/\/newsestlyonnais.fr\/site\/2017\/12\/20\/lyon-handisport-lyonnais-2-dirigeants-medailles-de-bronze-par-jeunesse-sport-et-engagement-associatif\/#primaryimage\"},\"thumbnailUrl\":\"https:\/\/newsestlyonnais.fr\/site\/wp-content\/uploads\/2017\/12\/NEWSESTLYONNAIS-HANDISPORT-MED.jpg\",\"articleSection\":[\"Divers Sports\",\"Handi &amp; adapt\u00e9\",\"Lyon\"],\"inLanguage\":\"fr-FR\",\"potentialAction\":[{\"@type\":\"CommentAction\",\"name\":\"Comment\",\"target\":[\"https:\/\/newsestlyonnais.fr\/site\/2017\/12\/20\/lyon-handisport-lyonnais-2-dirigeants-medailles-de-bronze-par-jeunesse-sport-et-engagement-associatif\/#respond\"]}]},{\"@type\":\"WebPage\",\"@id\":\"https:\/\/newsestlyonnais.fr\/site\/2017\/12\/20\/lyon-handisport-lyonnais-2-dirigeants-medailles-de-bronze-par-jeunesse-sport-et-engagement-associatif\/\",\"url\":\"https:\/\/newsestlyonnais.fr\/site\/2017\/12\/20\/lyon-handisport-lyonnais-2-dirigeants-medailles-de-bronze-par-jeunesse-sport-et-engagement-associatif\/\",\"name\":\"LYON : 2 dirigeants d'Handisport Lyonnais m\u00e9daill\u00e9s de bronze par Jeunesse, Sport et Engagement associatif\",\"isPartOf\":{\"@id\":\"https:\/\/newsestlyonnais.fr\/site\/#website\"},\"primaryImageOfPage\":{\"@id\":\"https:\/\/newsestlyonnais.fr\/site\/2017\/12\/20\/lyon-handisport-lyonnais-2-dirigeants-medailles-de-bronze-par-jeunesse-sport-et-engagement-associatif\/#primaryimage\"},\"image\":{\"@id\":\"https:\/\/newsestlyonnais.fr\/site\/2017\/12\/20\/lyon-handisport-lyonnais-2-dirigeants-medailles-de-bronze-par-jeunesse-sport-et-engagement-associatif\/#primaryimage\"},\"thumbnailUrl\":\"https:\/\/newsestlyonnais.fr\/site\/wp-content\/uploads\/2017\/12\/NEWSESTLYONNAIS-HANDISPORT-MED.jpg\",\"datePublished\":\"2017-12-20T17:40:51+00:00\",\"dateModified\":\"2020-10-26T10:57:40+00:00\",\"description\":\"LYON : 2 dirigeants d'Handisport Lyonnais m\u00e9daill\u00e9s de bronze par Jeunesse, Sport et Engagement associatif\",\"breadcrumb\":{\"@id\":\"https:\/\/newsestlyonnais.fr\/site\/2017\/12\/20\/lyon-handisport-lyonnais-2-dirigeants-medailles-de-bronze-par-jeunesse-sport-et-engagement-associatif\/#breadcrumb\"},\"inLanguage\":\"fr-FR\",\"potentialAction\":[{\"@type\":\"ReadAction\",\"target\":[\"https:\/\/newsestlyonnais.fr\/site\/2017\/12\/20\/lyon-handisport-lyonnais-2-dirigeants-medailles-de-bronze-par-jeunesse-sport-et-engagement-associatif\/\"]}]},{\"@type\":\"ImageObject\",\"inLanguage\":\"fr-FR\",\"@id\":\"https:\/\/newsestlyonnais.fr\/site\/2017\/12\/20\/lyon-handisport-lyonnais-2-dirigeants-medailles-de-bronze-par-jeunesse-sport-et-engagement-associatif\/#primaryimage\",\"url\":\"https:\/\/newsestlyonnais.fr\/site\/wp-content\/uploads\/2017\/12\/NEWSESTLYONNAIS-HANDISPORT-MED.jpg\",\"contentUrl\":\"https:\/\/newsestlyonnais.fr\/site\/wp-content\/uploads\/2017\/12\/NEWSESTLYONNAIS-HANDISPORT-MED.jpg\",\"width\":768,\"height\":1024,\"caption\":\"NEWSESTLYONNAIS - HANDISPORT MED\"},{\"@type\":\"BreadcrumbList\",\"@id\":\"https:\/\/newsestlyonnais.fr\/site\/2017\/12\/20\/lyon-handisport-lyonnais-2-dirigeants-medailles-de-bronze-par-jeunesse-sport-et-engagement-associatif\/#breadcrumb\",\"itemListElement\":[{\"@type\":\"ListItem\",\"position\":1,\"name\":\"Accueil\",\"item\":\"https:\/\/newsestlyonnais.fr\/site\/\"},{\"@type\":\"ListItem\",\"position\":2,\"name\":\"LYON | Handisport Lyonnais > 2 dirigeants m\u00e9daill\u00e9s de bronze par Jeunesse, Sport et Engagement associatif\"}]},{\"@type\":\"WebSite\",\"@id\":\"https:\/\/newsestlyonnais.fr\/site\/#website\",\"url\":\"https:\/\/newsestlyonnais.fr\/site\/\",\"name\":\"News Est Lyonnais\",\"description\":\"L&#039;actualit\u00e9 au plus pr\u00e8s\",\"publisher\":{\"@id\":\"https:\/\/newsestlyonnais.fr\/site\/#organization\"},\"potentialAction\":[{\"@type\":\"SearchAction\",\"target\":{\"@type\":\"EntryPoint\",\"urlTemplate\":\"https:\/\/newsestlyonnais.fr\/site\/?s={search_term_string}\"},\"query-input\":{\"@type\":\"PropertyValueSpecification\",\"valueRequired\":true,\"valueName\":\"search_term_string\"}}],\"inLanguage\":\"fr-FR\"},{\"@type\":\"Organization\",\"@id\":\"https:\/\/newsestlyonnais.fr\/site\/#organization\",\"name\":\"News EST LYONNAIS\",\"url\":\"https:\/\/newsestlyonnais.fr\/site\/\",\"logo\":{\"@type\":\"ImageObject\",\"inLanguage\":\"fr-FR\",\"@id\":\"https:\/\/newsestlyonnais.fr\/site\/#\/schema\/logo\/image\/\",\"url\":\"\",\"contentUrl\":\"\",\"caption\":\"News EST LYONNAIS\"},\"image\":{\"@id\":\"https:\/\/newsestlyonnais.fr\/site\/#\/schema\/logo\/image\/\"}},{\"@type\":\"Person\",\"@id\":\"https:\/\/newsestlyonnais.fr\/site\/#\/schema\/person\/3230d5615f390bb808365d673001e887\",\"name\":\"R\u00e9dac. NEWS\",\"sameAs\":[\"http:\/\/www.newsestlyonnais.fr\",\"https:\/\/www.facebook.com\/pascal.oberson.1?fref=ts\",\"https:\/\/fr.linkedin.com\/in\/pascal-oberson-b17045113\"],\"url\":\"https:\/\/newsestlyonnais.fr\/site\/author\/nel\/\"}]}<\/script>\n<!-- \/ Yoast SEO plugin. -->","yoast_head_json":{"title":"LYON : 2 dirigeants d'Handisport Lyonnais m\u00e9daill\u00e9s de bronze par Jeunesse, Sport et Engagement associatif","description":"LYON : 2 dirigeants d'Handisport Lyonnais m\u00e9daill\u00e9s de bronze par Jeunesse, Sport et Engagement associatif","robots":{"index":"index","follow":"follow","max-snippet":"max-snippet:-1","max-image-preview":"max-image-preview:large","max-video-preview":"max-video-preview:-1"},"canonical":"https:\/\/newsestlyonnais.fr\/site\/2017\/12\/20\/lyon-handisport-lyonnais-2-dirigeants-medailles-de-bronze-par-jeunesse-sport-et-engagement-associatif\/","og_locale":"fr_FR","og_type":"article","og_title":"LYON : 2 dirigeants d'Handisport Lyonnais m\u00e9daill\u00e9s de bronze par Jeunesse, Sport et Engagement associatif","og_description":"LYON : 2 dirigeants d'Handisport Lyonnais m\u00e9daill\u00e9s de bronze par Jeunesse, Sport et Engagement associatif","og_url":"https:\/\/newsestlyonnais.fr\/site\/2017\/12\/20\/lyon-handisport-lyonnais-2-dirigeants-medailles-de-bronze-par-jeunesse-sport-et-engagement-associatif\/","og_site_name":"News Est Lyonnais","article_author":"https:\/\/www.facebook.com\/pascal.oberson.1?fref=ts","article_published_time":"2017-12-20T17:40:51+00:00","article_modified_time":"2020-10-26T10:57:40+00:00","og_image":[{"width":768,"height":1024,"url":"https:\/\/i0.wp.com\/newsestlyonnais.fr\/site\/wp-content\/uploads\/2017\/12\/NEWSESTLYONNAIS-HANDISPORT-MED.jpg?fit=768%2C1024&ssl=1","type":"image\/jpeg"}],"author":"R\u00e9dac. NEWS","twitter_card":"summary_large_image","twitter_misc":{"\u00c9crit par":"R\u00e9dac. NEWS","Dur\u00e9e de lecture estim\u00e9e":"1 minute"},"schema":{"@context":"https:\/\/schema.org","@graph":[{"@type":"Article","@id":"https:\/\/newsestlyonnais.fr\/site\/2017\/12\/20\/lyon-handisport-lyonnais-2-dirigeants-medailles-de-bronze-par-jeunesse-sport-et-engagement-associatif\/#article","isPartOf":{"@id":"https:\/\/newsestlyonnais.fr\/site\/2017\/12\/20\/lyon-handisport-lyonnais-2-dirigeants-medailles-de-bronze-par-jeunesse-sport-et-engagement-associatif\/"},"author":{"name":"R\u00e9dac. NEWS","@id":"https:\/\/newsestlyonnais.fr\/site\/#\/schema\/person\/3230d5615f390bb808365d673001e887"},"headline":"LYON | Handisport Lyonnais > 2 dirigeants m\u00e9daill\u00e9s de bronze par Jeunesse, Sport et Engagement associatif","datePublished":"2017-12-20T17:40:51+00:00","dateModified":"2020-10-26T10:57:40+00:00","mainEntityOfPage":{"@id":"https:\/\/newsestlyonnais.fr\/site\/2017\/12\/20\/lyon-handisport-lyonnais-2-dirigeants-medailles-de-bronze-par-jeunesse-sport-et-engagement-associatif\/"},"wordCount":148,"commentCount":0,"publisher":{"@id":"https:\/\/newsestlyonnais.fr\/site\/#organization"},"image":{"@id":"https:\/\/newsestlyonnais.fr\/site\/2017\/12\/20\/lyon-handisport-lyonnais-2-dirigeants-medailles-de-bronze-par-jeunesse-sport-et-engagement-associatif\/#primaryimage"},"thumbnailUrl":"https:\/\/newsestlyonnais.fr\/site\/wp-content\/uploads\/2017\/12\/NEWSESTLYONNAIS-HANDISPORT-MED.jpg","articleSection":["Divers Sports","Handi &amp; adapt\u00e9","Lyon"],"inLanguage":"fr-FR","potentialAction":[{"@type":"CommentAction","name":"Comment","target":["https:\/\/newsestlyonnais.fr\/site\/2017\/12\/20\/lyon-handisport-lyonnais-2-dirigeants-medailles-de-bronze-par-jeunesse-sport-et-engagement-associatif\/#respond"]}]},{"@type":"WebPage","@id":"https:\/\/newsestlyonnais.fr\/site\/2017\/12\/20\/lyon-handisport-lyonnais-2-dirigeants-medailles-de-bronze-par-jeunesse-sport-et-engagement-associatif\/","url":"https:\/\/newsestlyonnais.fr\/site\/2017\/12\/20\/lyon-handisport-lyonnais-2-dirigeants-medailles-de-bronze-par-jeunesse-sport-et-engagement-associatif\/","name":"LYON : 2 dirigeants d'Handisport Lyonnais m\u00e9daill\u00e9s de bronze par Jeunesse, Sport et Engagement associatif","isPartOf":{"@id":"https:\/\/newsestlyonnais.fr\/site\/#website"},"primaryImageOfPage":{"@id":"https:\/\/newsestlyonnais.fr\/site\/2017\/12\/20\/lyon-handisport-lyonnais-2-dirigeants-medailles-de-bronze-par-jeunesse-sport-et-engagement-associatif\/#primaryimage"},"image":{"@id":"https:\/\/newsestlyonnais.fr\/site\/2017\/12\/20\/lyon-handisport-lyonnais-2-dirigeants-medailles-de-bronze-par-jeunesse-sport-et-engagement-associatif\/#primaryimage"},"thumbnailUrl":"https:\/\/newsestlyonnais.fr\/site\/wp-content\/uploads\/2017\/12\/NEWSESTLYONNAIS-HANDISPORT-MED.jpg","datePublished":"2017-12-20T17:40:51+00:00","dateModified":"2020-10-26T10:57:40+00:00","description":"LYON : 2 dirigeants d'Handisport Lyonnais m\u00e9daill\u00e9s de bronze par Jeunesse, Sport et Engagement associatif","breadcrumb":{"@id":"https:\/\/newsestlyonnais.fr\/site\/2017\/12\/20\/lyon-handisport-lyonnais-2-dirigeants-medailles-de-bronze-par-jeunesse-sport-et-engagement-associatif\/#breadcrumb"},"inLanguage":"fr-FR","potentialAction":[{"@type":"ReadAction","target":["https:\/\/newsestlyonnais.fr\/site\/2017\/12\/20\/lyon-handisport-lyonnais-2-dirigeants-medailles-de-bronze-par-jeunesse-sport-et-engagement-associatif\/"]}]},{"@type":"ImageObject","inLanguage":"fr-FR","@id":"https:\/\/newsestlyonnais.fr\/site\/2017\/12\/20\/lyon-handisport-lyonnais-2-dirigeants-medailles-de-bronze-par-jeunesse-sport-et-engagement-associatif\/#primaryimage","url":"https:\/\/newsestlyonnais.fr\/site\/wp-content\/uploads\/2017\/12\/NEWSESTLYONNAIS-HANDISPORT-MED.jpg","contentUrl":"https:\/\/newsestlyonnais.fr\/site\/wp-content\/uploads\/2017\/12\/NEWSESTLYONNAIS-HANDISPORT-MED.jpg","width":768,"height":1024,"caption":"NEWSESTLYONNAIS - HANDISPORT MED"},{"@type":"BreadcrumbList","@id":"https:\/\/newsestlyonnais.fr\/site\/2017\/12\/20\/lyon-handisport-lyonnais-2-dirigeants-medailles-de-bronze-par-jeunesse-sport-et-engagement-associatif\/#breadcrumb","itemListElement":[{"@type":"ListItem","position":1,"name":"Accueil","item":"https:\/\/newsestlyonnais.fr\/site\/"},{"@type":"ListItem","position":2,"name":"LYON | Handisport Lyonnais > 2 dirigeants m\u00e9daill\u00e9s de bronze par Jeunesse, Sport et Engagement associatif"}]},{"@type":"WebSite","@id":"https:\/\/newsestlyonnais.fr\/site\/#website","url":"https:\/\/newsestlyonnais.fr\/site\/","name":"News Est Lyonnais","description":"L&#039;actualit\u00e9 au plus pr\u00e8s","publisher":{"@id":"https:\/\/newsestlyonnais.fr\/site\/#organization"},"potentialAction":[{"@type":"SearchAction","target":{"@type":"EntryPoint","urlTemplate":"https:\/\/newsestlyonnais.fr\/site\/?s={search_term_string}"},"query-input":{"@type":"PropertyValueSpecification","valueRequired":true,"valueName":"search_term_string"}}],"inLanguage":"fr-FR"},{"@type":"Organization","@id":"https:\/\/newsestlyonnais.fr\/site\/#organization","name":"News EST LYONNAIS","url":"https:\/\/newsestlyonnais.fr\/site\/","logo":{"@type":"ImageObject","inLanguage":"fr-FR","@id":"https:\/\/newsestlyonnais.fr\/site\/#\/schema\/logo\/image\/","url":"","contentUrl":"","caption":"News EST LYONNAIS"},"image":{"@id":"https:\/\/newsestlyonnais.fr\/site\/#\/schema\/logo\/image\/"}},{"@type":"Person","@id":"https:\/\/newsestlyonnais.fr\/site\/#\/schema\/person\/3230d5615f390bb808365d673001e887","name":"R\u00e9dac. NEWS","sameAs":["http:\/\/www.newsestlyonnais.fr","https:\/\/www.facebook.com\/pascal.oberson.1?fref=ts","https:\/\/fr.linkedin.com\/in\/pascal-oberson-b17045113"],"url":"https:\/\/newsestlyonnais.fr\/site\/author\/nel\/"}]}},"_links":{"self":[{"href":"https:\/\/newsestlyonnais.fr\/site\/wp-json\/wp\/v2\/posts\/40751","targetHints":{"allow":["GET"]}}],"collection":[{"href":"https:\/\/newsestlyonnais.fr\/site\/wp-json\/wp\/v2\/posts"}],"about":[{"href":"https:\/\/newsestlyonnais.fr\/site\/wp-json\/wp\/v2\/types\/post"}],"author":[{"embeddable":true,"href":"https:\/\/newsestlyonnais.fr\/site\/wp-json\/wp\/v2\/users\/4"}],"replies":[{"embeddable":true,"href":"https:\/\/newsestlyonnais.fr\/site\/wp-json\/wp\/v2\/comments?post=40751"}],"version-history":[{"count":0,"href":"https:\/\/newsestlyonnais.fr\/site\/wp-json\/wp\/v2\/posts\/40751\/revisions"}],"wp:featuredmedia":[{"embeddable":true,"href":"https:\/\/newsestlyonnais.fr\/site\/wp-json\/wp\/v2\/media\/40765"}],"wp:attachment":[{"href":"https:\/\/newsestlyonnais.fr\/site\/wp-json\/wp\/v2\/media?parent=40751"}],"wp:term":[{"taxonomy":"category","embeddable":true,"href":"https:\/\/newsestlyonnais.fr\/site\/wp-json\/wp\/v2\/categories?post=40751"},{"taxonomy":"post_tag","embeddable":true,"href":"https:\/\/newsestlyonnais.fr\/site\/wp-json\/wp\/v2\/tags?post=40751"}],"curies":[{"name":"wp","href":"https:\/\/api.w.org\/{rel}","templated":true}]}}