{"id":40768,"date":"2017-12-22T10:58:35","date_gmt":"2017-12-22T09:58:35","guid":{"rendered":"http:\/\/newsestlyonnais.fr\/site\/?p=40768"},"modified":"2020-11-05T13:26:46","modified_gmt":"2020-11-05T12:26:46","slug":"genas-bilan-positif-et-projets-en-cours-au-tennis-club","status":"publish","type":"post","link":"https:\/\/newsestlyonnais.fr\/site\/2017\/12\/22\/genas-bilan-positif-et-projets-en-cours-au-tennis-club\/","title":{"rendered":"GENAS | Bilan positif et projets en cours au Tennis Club"},"content":{"rendered":"<h4>Dernier cours avant les vacances de No\u00ebl, mercredi pour les jeunes pousses de l&rsquo;Ecole de Tennis du T.C. Genas qui se sont retrouv\u00e9es autour d&rsquo;un bon go\u00fbter convivial.<\/h4>\n<p>Une tr\u00eave hivernale qui permet au <strong>pr\u00e9sident Richard Bonnanfant<\/strong> de faire un tour d&rsquo;horizon sur la premi\u00e8re partie de cette saison 2017\/2018 :<\/p>\n<p><img loading=\"lazy\" decoding=\"async\" class=\"alignleft size-full wp-image-23750\" src=\"https:\/\/newsestlyonnais.fr\/site\/medias\/2017\/03\/NEWSESTLYONNAIS-MICRO.png\" alt=\"NEWSESTLYONNAIS MICRO\" width=\"250\" height=\"150\" \/>\u00ab\u00a0Nous d\u00e9nombrons 330 adh\u00e9rents \u00e0 ce jour, dont une centaine d&rsquo;enfants composant notre \u00e9cole de tennis. Depuis la rentr\u00e9e, nos enseignants ont organis\u00e9 des stages, avec comme activit\u00e9s sports co et tennis qui ont permis d&rsquo;accueillir une quinzaine d&rsquo; enfants sur 5 jours\u00a0\u00bb.<\/p>\n<p>Sur un plan purement sportif, le TC Genas alignait <strong>5 \u00e9quipes<\/strong> (2 f\u00e9minines &amp; 3 masculines) lors du championnat v\u00e9t\u00e9ran qui s&rsquo;est d\u00e9roul\u00e9 en octobre et novembre. Au final, bilan tr\u00e8s positif avec <strong>4 maintiens et une accession<\/strong> pour la formation f\u00e9minine (+ 35 ans). Gr\u00e2ce \u00e0 ce beau parcours (championne du Rh\u00f4ne 1\u00b0 s\u00e9rie d\u00e9partementale), elle \u00e9voluera en championnat r\u00e9gional, ce qui est une grande premi\u00e8re pour une \u00e9quipe genassienne \u00e0 ce niveau. Formation compos\u00e9e de Caroline Tron (capitaine), Blandine Bonnanfant, Sylvie Muret, Claire Dumortier, Fran\u00e7oise Perret, B\u00e9n\u00e9dicte Schnebenen, Val\u00e9rie Bonnaud &amp; V\u00e9ronique Porcher-Guinet. D&rsquo;autre part, les rencontres par \u00e9quipes reprendront fin janvier pour les jeunes et en avril pour les seniors.<\/p>\n<p>Enfin le tournoi interne, qui rassemble une centaine d&rsquo; adh\u00e9rents et a d\u00e9marr\u00e9 en novembre se poursuit jusqu&rsquo;en juin. Au niveau des projets du club, on notera la refonte du site internet et l&rsquo;organisation d&rsquo;un concours pour le nouveau logo.<\/p>\n<p><span style=\"text-decoration: underline\"><strong>PHOTO A LA UNE<\/strong> <\/span>: Les jeunes pousses de l&rsquo;\u00e9cole de tennis f\u00eatant No\u00ebl<\/p>\n<ul>\n<li>Toute l&rsquo;ACTU du club sur : <a href=\"https:\/\/tennisgenas.sportsregions.fr\" target=\"_blank\" rel=\"noopener noreferrer\">https:\/\/tennisgenas.sportsregions.fr<\/a><\/li>\n<\/ul>\n<figure id=\"attachment_40825\" aria-describedby=\"caption-attachment-40825\" style=\"width: 4128px\" class=\"wp-caption alignleft\"><img loading=\"lazy\" decoding=\"async\" class=\"size-full wp-image-40825\" src=\"https:\/\/newsestlyonnais.fr\/site\/medias\/2017\/12\/NEWSESTLYONNAIS-6-tennis-genas-filles.jpg\" alt=\"NEWSESTLYONNAIS-tennis-genas-filles\" width=\"4128\" height=\"2322\" srcset=\"https:\/\/newsestlyonnais.fr\/site\/wp-content\/uploads\/2017\/12\/NEWSESTLYONNAIS-6-tennis-genas-filles.jpg 4128w, https:\/\/newsestlyonnais.fr\/site\/wp-content\/uploads\/2017\/12\/NEWSESTLYONNAIS-6-tennis-genas-filles-400x225.jpg 400w, https:\/\/newsestlyonnais.fr\/site\/wp-content\/uploads\/2017\/12\/NEWSESTLYONNAIS-6-tennis-genas-filles-768x432.jpg 768w, https:\/\/newsestlyonnais.fr\/site\/wp-content\/uploads\/2017\/12\/NEWSESTLYONNAIS-6-tennis-genas-filles-1000x563.jpg 1000w, https:\/\/newsestlyonnais.fr\/site\/wp-content\/uploads\/2017\/12\/NEWSESTLYONNAIS-6-tennis-genas-filles-600x338.jpg 600w\" sizes=\"auto, (max-width: 4128px) 100vw, 4128px\" \/><figcaption id=\"caption-attachment-40825\" class=\"wp-caption-text\">Une partie de l&rsquo;\u00e9quipe f\u00e9minine championne avec le pr\u00e9sident !<\/figcaption><\/figure>\n","protected":false},"excerpt":{"rendered":"<p>Dernier cours avant les vacances de No\u00ebl, mercredi pour les jeunes pousses de l&rsquo;Ecole de Tennis du T.C. Genas qui se sont retrouv\u00e9es autour d&rsquo;un bon go\u00fbter convivial. Une tr\u00eave hivernale qui permet au pr\u00e9sident Richard Bonnanfant de faire un tour d&rsquo;horizon sur la premi\u00e8re partie de cette saison 2017\/2018 : \u00ab\u00a0Nous d\u00e9nombrons 330 adh\u00e9rents [&hellip;]<\/p>\n","protected":false},"author":4,"featured_media":40824,"comment_status":"open","ping_status":"open","sticky":false,"template":"","format":"standard","meta":{"footnotes":""},"categories":[270,1598,2992,2991],"tags":[],"class_list":["post-40768","post","type-post","status-publish","format-standard","has-post-thumbnail","hentry","category-cte-de-communes-c-c-e-l","category-genas","category-tennis-padel","category-tennis-tennis-table-sports"],"yoast_head":"<!-- This site is optimized with the Yoast SEO plugin v27.2 - https:\/\/yoast.com\/product\/yoast-seo-wordpress\/ -->\n<title>GENAS : Bilan positif et projets en cours au Tennis Club<\/title>\n<meta name=\"description\" content=\"GENAS : Bilan positif et projets en cours au Tennis Club\" \/>\n<meta name=\"robots\" content=\"index, follow, max-snippet:-1, max-image-preview:large, max-video-preview:-1\" \/>\n<link rel=\"canonical\" href=\"https:\/\/newsestlyonnais.fr\/site\/2017\/12\/22\/genas-bilan-positif-et-projets-en-cours-au-tennis-club\/\" \/>\n<meta property=\"og:locale\" content=\"fr_FR\" \/>\n<meta property=\"og:type\" content=\"article\" \/>\n<meta property=\"og:title\" content=\"GENAS : Bilan positif et projets en cours au Tennis Club\" \/>\n<meta property=\"og:description\" content=\"GENAS : Bilan positif et projets en cours au Tennis Club\" \/>\n<meta property=\"og:url\" content=\"https:\/\/newsestlyonnais.fr\/site\/2017\/12\/22\/genas-bilan-positif-et-projets-en-cours-au-tennis-club\/\" \/>\n<meta property=\"og:site_name\" content=\"News Est Lyonnais\" \/>\n<meta property=\"article:author\" content=\"https:\/\/www.facebook.com\/pascal.oberson.1?fref=ts\" \/>\n<meta property=\"article:published_time\" content=\"2017-12-22T09:58:35+00:00\" \/>\n<meta property=\"article:modified_time\" content=\"2020-11-05T12:26:46+00:00\" \/>\n<meta property=\"og:image\" content=\"https:\/\/i1.wp.com\/newsestlyonnais.fr\/site\/wp-content\/uploads\/2017\/12\/NEWSESTLYONNAIS-ECOLE-TENNIS-GENAS.jpg?fit=2048%2C1536&ssl=1\" \/>\n\t<meta property=\"og:image:width\" content=\"2048\" \/>\n\t<meta property=\"og:image:height\" content=\"1536\" \/>\n\t<meta property=\"og:image:type\" content=\"image\/jpeg\" \/>\n<meta name=\"author\" content=\"R\u00e9dac. NEWS\" \/>\n<meta name=\"twitter:card\" content=\"summary_large_image\" \/>\n<meta name=\"twitter:label1\" content=\"\u00c9crit par\" \/>\n\t<meta name=\"twitter:data1\" content=\"R\u00e9dac. NEWS\" \/>\n\t<meta name=\"twitter:label2\" content=\"Dur\u00e9e de lecture estim\u00e9e\" \/>\n\t<meta name=\"twitter:data2\" content=\"2 minutes\" \/>\n<script type=\"application\/ld+json\" class=\"yoast-schema-graph\">{\"@context\":\"https:\/\/schema.org\",\"@graph\":[{\"@type\":\"Article\",\"@id\":\"https:\/\/newsestlyonnais.fr\/site\/2017\/12\/22\/genas-bilan-positif-et-projets-en-cours-au-tennis-club\/#article\",\"isPartOf\":{\"@id\":\"https:\/\/newsestlyonnais.fr\/site\/2017\/12\/22\/genas-bilan-positif-et-projets-en-cours-au-tennis-club\/\"},\"author\":{\"name\":\"R\u00e9dac. NEWS\",\"@id\":\"https:\/\/newsestlyonnais.fr\/site\/#\/schema\/person\/3230d5615f390bb808365d673001e887\"},\"headline\":\"GENAS | Bilan positif et projets en cours au Tennis Club\",\"datePublished\":\"2017-12-22T09:58:35+00:00\",\"dateModified\":\"2020-11-05T12:26:46+00:00\",\"mainEntityOfPage\":{\"@id\":\"https:\/\/newsestlyonnais.fr\/site\/2017\/12\/22\/genas-bilan-positif-et-projets-en-cours-au-tennis-club\/\"},\"wordCount\":329,\"commentCount\":0,\"publisher\":{\"@id\":\"https:\/\/newsestlyonnais.fr\/site\/#organization\"},\"image\":{\"@id\":\"https:\/\/newsestlyonnais.fr\/site\/2017\/12\/22\/genas-bilan-positif-et-projets-en-cours-au-tennis-club\/#primaryimage\"},\"thumbnailUrl\":\"https:\/\/newsestlyonnais.fr\/site\/wp-content\/uploads\/2017\/12\/NEWSESTLYONNAIS-ECOLE-TENNIS-GENAS.jpg\",\"articleSection\":[\"CCEL | Communes\",\"Genas\",\"Tennis | Padel\",\"Tennis | Tennis de table\"],\"inLanguage\":\"fr-FR\",\"potentialAction\":[{\"@type\":\"CommentAction\",\"name\":\"Comment\",\"target\":[\"https:\/\/newsestlyonnais.fr\/site\/2017\/12\/22\/genas-bilan-positif-et-projets-en-cours-au-tennis-club\/#respond\"]}]},{\"@type\":\"WebPage\",\"@id\":\"https:\/\/newsestlyonnais.fr\/site\/2017\/12\/22\/genas-bilan-positif-et-projets-en-cours-au-tennis-club\/\",\"url\":\"https:\/\/newsestlyonnais.fr\/site\/2017\/12\/22\/genas-bilan-positif-et-projets-en-cours-au-tennis-club\/\",\"name\":\"GENAS : Bilan positif et projets en cours au Tennis Club\",\"isPartOf\":{\"@id\":\"https:\/\/newsestlyonnais.fr\/site\/#website\"},\"primaryImageOfPage\":{\"@id\":\"https:\/\/newsestlyonnais.fr\/site\/2017\/12\/22\/genas-bilan-positif-et-projets-en-cours-au-tennis-club\/#primaryimage\"},\"image\":{\"@id\":\"https:\/\/newsestlyonnais.fr\/site\/2017\/12\/22\/genas-bilan-positif-et-projets-en-cours-au-tennis-club\/#primaryimage\"},\"thumbnailUrl\":\"https:\/\/newsestlyonnais.fr\/site\/wp-content\/uploads\/2017\/12\/NEWSESTLYONNAIS-ECOLE-TENNIS-GENAS.jpg\",\"datePublished\":\"2017-12-22T09:58:35+00:00\",\"dateModified\":\"2020-11-05T12:26:46+00:00\",\"description\":\"GENAS : Bilan positif et projets en cours au Tennis Club\",\"breadcrumb\":{\"@id\":\"https:\/\/newsestlyonnais.fr\/site\/2017\/12\/22\/genas-bilan-positif-et-projets-en-cours-au-tennis-club\/#breadcrumb\"},\"inLanguage\":\"fr-FR\",\"potentialAction\":[{\"@type\":\"ReadAction\",\"target\":[\"https:\/\/newsestlyonnais.fr\/site\/2017\/12\/22\/genas-bilan-positif-et-projets-en-cours-au-tennis-club\/\"]}]},{\"@type\":\"ImageObject\",\"inLanguage\":\"fr-FR\",\"@id\":\"https:\/\/newsestlyonnais.fr\/site\/2017\/12\/22\/genas-bilan-positif-et-projets-en-cours-au-tennis-club\/#primaryimage\",\"url\":\"https:\/\/newsestlyonnais.fr\/site\/wp-content\/uploads\/2017\/12\/NEWSESTLYONNAIS-ECOLE-TENNIS-GENAS.jpg\",\"contentUrl\":\"https:\/\/newsestlyonnais.fr\/site\/wp-content\/uploads\/2017\/12\/NEWSESTLYONNAIS-ECOLE-TENNIS-GENAS.jpg\",\"width\":2048,\"height\":1536,\"caption\":\"NEWSESTLYONNAIS ECOLE TENNIS GENAS\"},{\"@type\":\"BreadcrumbList\",\"@id\":\"https:\/\/newsestlyonnais.fr\/site\/2017\/12\/22\/genas-bilan-positif-et-projets-en-cours-au-tennis-club\/#breadcrumb\",\"itemListElement\":[{\"@type\":\"ListItem\",\"position\":1,\"name\":\"Accueil\",\"item\":\"https:\/\/newsestlyonnais.fr\/site\/\"},{\"@type\":\"ListItem\",\"position\":2,\"name\":\"GENAS | Bilan positif et projets en cours au Tennis Club\"}]},{\"@type\":\"WebSite\",\"@id\":\"https:\/\/newsestlyonnais.fr\/site\/#website\",\"url\":\"https:\/\/newsestlyonnais.fr\/site\/\",\"name\":\"News Est Lyonnais\",\"description\":\"L&#039;actualit\u00e9 au plus pr\u00e8s\",\"publisher\":{\"@id\":\"https:\/\/newsestlyonnais.fr\/site\/#organization\"},\"potentialAction\":[{\"@type\":\"SearchAction\",\"target\":{\"@type\":\"EntryPoint\",\"urlTemplate\":\"https:\/\/newsestlyonnais.fr\/site\/?s={search_term_string}\"},\"query-input\":{\"@type\":\"PropertyValueSpecification\",\"valueRequired\":true,\"valueName\":\"search_term_string\"}}],\"inLanguage\":\"fr-FR\"},{\"@type\":\"Organization\",\"@id\":\"https:\/\/newsestlyonnais.fr\/site\/#organization\",\"name\":\"News EST LYONNAIS\",\"url\":\"https:\/\/newsestlyonnais.fr\/site\/\",\"logo\":{\"@type\":\"ImageObject\",\"inLanguage\":\"fr-FR\",\"@id\":\"https:\/\/newsestlyonnais.fr\/site\/#\/schema\/logo\/image\/\",\"url\":\"\",\"contentUrl\":\"\",\"caption\":\"News EST LYONNAIS\"},\"image\":{\"@id\":\"https:\/\/newsestlyonnais.fr\/site\/#\/schema\/logo\/image\/\"}},{\"@type\":\"Person\",\"@id\":\"https:\/\/newsestlyonnais.fr\/site\/#\/schema\/person\/3230d5615f390bb808365d673001e887\",\"name\":\"R\u00e9dac. NEWS\",\"sameAs\":[\"http:\/\/www.newsestlyonnais.fr\",\"https:\/\/www.facebook.com\/pascal.oberson.1?fref=ts\",\"https:\/\/fr.linkedin.com\/in\/pascal-oberson-b17045113\"],\"url\":\"https:\/\/newsestlyonnais.fr\/site\/author\/nel\/\"}]}<\/script>\n<!-- \/ Yoast SEO plugin. -->","yoast_head_json":{"title":"GENAS : Bilan positif et projets en cours au Tennis Club","description":"GENAS : Bilan positif et projets en cours au Tennis Club","robots":{"index":"index","follow":"follow","max-snippet":"max-snippet:-1","max-image-preview":"max-image-preview:large","max-video-preview":"max-video-preview:-1"},"canonical":"https:\/\/newsestlyonnais.fr\/site\/2017\/12\/22\/genas-bilan-positif-et-projets-en-cours-au-tennis-club\/","og_locale":"fr_FR","og_type":"article","og_title":"GENAS : Bilan positif et projets en cours au Tennis Club","og_description":"GENAS : Bilan positif et projets en cours au Tennis Club","og_url":"https:\/\/newsestlyonnais.fr\/site\/2017\/12\/22\/genas-bilan-positif-et-projets-en-cours-au-tennis-club\/","og_site_name":"News Est Lyonnais","article_author":"https:\/\/www.facebook.com\/pascal.oberson.1?fref=ts","article_published_time":"2017-12-22T09:58:35+00:00","article_modified_time":"2020-11-05T12:26:46+00:00","og_image":[{"width":2048,"height":1536,"url":"https:\/\/i1.wp.com\/newsestlyonnais.fr\/site\/wp-content\/uploads\/2017\/12\/NEWSESTLYONNAIS-ECOLE-TENNIS-GENAS.jpg?fit=2048%2C1536&ssl=1","type":"image\/jpeg"}],"author":"R\u00e9dac. NEWS","twitter_card":"summary_large_image","twitter_misc":{"\u00c9crit par":"R\u00e9dac. NEWS","Dur\u00e9e de lecture estim\u00e9e":"2 minutes"},"schema":{"@context":"https:\/\/schema.org","@graph":[{"@type":"Article","@id":"https:\/\/newsestlyonnais.fr\/site\/2017\/12\/22\/genas-bilan-positif-et-projets-en-cours-au-tennis-club\/#article","isPartOf":{"@id":"https:\/\/newsestlyonnais.fr\/site\/2017\/12\/22\/genas-bilan-positif-et-projets-en-cours-au-tennis-club\/"},"author":{"name":"R\u00e9dac. NEWS","@id":"https:\/\/newsestlyonnais.fr\/site\/#\/schema\/person\/3230d5615f390bb808365d673001e887"},"headline":"GENAS | Bilan positif et projets en cours au Tennis Club","datePublished":"2017-12-22T09:58:35+00:00","dateModified":"2020-11-05T12:26:46+00:00","mainEntityOfPage":{"@id":"https:\/\/newsestlyonnais.fr\/site\/2017\/12\/22\/genas-bilan-positif-et-projets-en-cours-au-tennis-club\/"},"wordCount":329,"commentCount":0,"publisher":{"@id":"https:\/\/newsestlyonnais.fr\/site\/#organization"},"image":{"@id":"https:\/\/newsestlyonnais.fr\/site\/2017\/12\/22\/genas-bilan-positif-et-projets-en-cours-au-tennis-club\/#primaryimage"},"thumbnailUrl":"https:\/\/newsestlyonnais.fr\/site\/wp-content\/uploads\/2017\/12\/NEWSESTLYONNAIS-ECOLE-TENNIS-GENAS.jpg","articleSection":["CCEL | Communes","Genas","Tennis | Padel","Tennis | Tennis de table"],"inLanguage":"fr-FR","potentialAction":[{"@type":"CommentAction","name":"Comment","target":["https:\/\/newsestlyonnais.fr\/site\/2017\/12\/22\/genas-bilan-positif-et-projets-en-cours-au-tennis-club\/#respond"]}]},{"@type":"WebPage","@id":"https:\/\/newsestlyonnais.fr\/site\/2017\/12\/22\/genas-bilan-positif-et-projets-en-cours-au-tennis-club\/","url":"https:\/\/newsestlyonnais.fr\/site\/2017\/12\/22\/genas-bilan-positif-et-projets-en-cours-au-tennis-club\/","name":"GENAS : Bilan positif et projets en cours au Tennis Club","isPartOf":{"@id":"https:\/\/newsestlyonnais.fr\/site\/#website"},"primaryImageOfPage":{"@id":"https:\/\/newsestlyonnais.fr\/site\/2017\/12\/22\/genas-bilan-positif-et-projets-en-cours-au-tennis-club\/#primaryimage"},"image":{"@id":"https:\/\/newsestlyonnais.fr\/site\/2017\/12\/22\/genas-bilan-positif-et-projets-en-cours-au-tennis-club\/#primaryimage"},"thumbnailUrl":"https:\/\/newsestlyonnais.fr\/site\/wp-content\/uploads\/2017\/12\/NEWSESTLYONNAIS-ECOLE-TENNIS-GENAS.jpg","datePublished":"2017-12-22T09:58:35+00:00","dateModified":"2020-11-05T12:26:46+00:00","description":"GENAS : Bilan positif et projets en cours au Tennis Club","breadcrumb":{"@id":"https:\/\/newsestlyonnais.fr\/site\/2017\/12\/22\/genas-bilan-positif-et-projets-en-cours-au-tennis-club\/#breadcrumb"},"inLanguage":"fr-FR","potentialAction":[{"@type":"ReadAction","target":["https:\/\/newsestlyonnais.fr\/site\/2017\/12\/22\/genas-bilan-positif-et-projets-en-cours-au-tennis-club\/"]}]},{"@type":"ImageObject","inLanguage":"fr-FR","@id":"https:\/\/newsestlyonnais.fr\/site\/2017\/12\/22\/genas-bilan-positif-et-projets-en-cours-au-tennis-club\/#primaryimage","url":"https:\/\/newsestlyonnais.fr\/site\/wp-content\/uploads\/2017\/12\/NEWSESTLYONNAIS-ECOLE-TENNIS-GENAS.jpg","contentUrl":"https:\/\/newsestlyonnais.fr\/site\/wp-content\/uploads\/2017\/12\/NEWSESTLYONNAIS-ECOLE-TENNIS-GENAS.jpg","width":2048,"height":1536,"caption":"NEWSESTLYONNAIS ECOLE TENNIS GENAS"},{"@type":"BreadcrumbList","@id":"https:\/\/newsestlyonnais.fr\/site\/2017\/12\/22\/genas-bilan-positif-et-projets-en-cours-au-tennis-club\/#breadcrumb","itemListElement":[{"@type":"ListItem","position":1,"name":"Accueil","item":"https:\/\/newsestlyonnais.fr\/site\/"},{"@type":"ListItem","position":2,"name":"GENAS | Bilan positif et projets en cours au Tennis Club"}]},{"@type":"WebSite","@id":"https:\/\/newsestlyonnais.fr\/site\/#website","url":"https:\/\/newsestlyonnais.fr\/site\/","name":"News Est Lyonnais","description":"L&#039;actualit\u00e9 au plus pr\u00e8s","publisher":{"@id":"https:\/\/newsestlyonnais.fr\/site\/#organization"},"potentialAction":[{"@type":"SearchAction","target":{"@type":"EntryPoint","urlTemplate":"https:\/\/newsestlyonnais.fr\/site\/?s={search_term_string}"},"query-input":{"@type":"PropertyValueSpecification","valueRequired":true,"valueName":"search_term_string"}}],"inLanguage":"fr-FR"},{"@type":"Organization","@id":"https:\/\/newsestlyonnais.fr\/site\/#organization","name":"News EST LYONNAIS","url":"https:\/\/newsestlyonnais.fr\/site\/","logo":{"@type":"ImageObject","inLanguage":"fr-FR","@id":"https:\/\/newsestlyonnais.fr\/site\/#\/schema\/logo\/image\/","url":"","contentUrl":"","caption":"News EST LYONNAIS"},"image":{"@id":"https:\/\/newsestlyonnais.fr\/site\/#\/schema\/logo\/image\/"}},{"@type":"Person","@id":"https:\/\/newsestlyonnais.fr\/site\/#\/schema\/person\/3230d5615f390bb808365d673001e887","name":"R\u00e9dac. NEWS","sameAs":["http:\/\/www.newsestlyonnais.fr","https:\/\/www.facebook.com\/pascal.oberson.1?fref=ts","https:\/\/fr.linkedin.com\/in\/pascal-oberson-b17045113"],"url":"https:\/\/newsestlyonnais.fr\/site\/author\/nel\/"}]}},"_links":{"self":[{"href":"https:\/\/newsestlyonnais.fr\/site\/wp-json\/wp\/v2\/posts\/40768","targetHints":{"allow":["GET"]}}],"collection":[{"href":"https:\/\/newsestlyonnais.fr\/site\/wp-json\/wp\/v2\/posts"}],"about":[{"href":"https:\/\/newsestlyonnais.fr\/site\/wp-json\/wp\/v2\/types\/post"}],"author":[{"embeddable":true,"href":"https:\/\/newsestlyonnais.fr\/site\/wp-json\/wp\/v2\/users\/4"}],"replies":[{"embeddable":true,"href":"https:\/\/newsestlyonnais.fr\/site\/wp-json\/wp\/v2\/comments?post=40768"}],"version-history":[{"count":0,"href":"https:\/\/newsestlyonnais.fr\/site\/wp-json\/wp\/v2\/posts\/40768\/revisions"}],"wp:featuredmedia":[{"embeddable":true,"href":"https:\/\/newsestlyonnais.fr\/site\/wp-json\/wp\/v2\/media\/40824"}],"wp:attachment":[{"href":"https:\/\/newsestlyonnais.fr\/site\/wp-json\/wp\/v2\/media?parent=40768"}],"wp:term":[{"taxonomy":"category","embeddable":true,"href":"https:\/\/newsestlyonnais.fr\/site\/wp-json\/wp\/v2\/categories?post=40768"},{"taxonomy":"post_tag","embeddable":true,"href":"https:\/\/newsestlyonnais.fr\/site\/wp-json\/wp\/v2\/tags?post=40768"}],"curies":[{"name":"wp","href":"https:\/\/api.w.org\/{rel}","templated":true}]}}