{"id":40819,"date":"2017-12-20T19:06:46","date_gmt":"2017-12-20T18:06:46","guid":{"rendered":"http:\/\/newsestlyonnais.fr\/site\/?p=40819"},"modified":"2020-11-11T19:35:37","modified_gmt":"2020-11-11T18:35:37","slug":"transports-les-lignes-pleine-lune-des-tcl-se-mettent-sur-leur-31","status":"publish","type":"post","link":"https:\/\/newsestlyonnais.fr\/site\/2017\/12\/20\/transports-les-lignes-pleine-lune-des-tcl-se-mettent-sur-leur-31\/","title":{"rendered":"TRANSPORTS | Les lignes \u00ab\u00a0PLEINE LUNE\u00a0\u00bb des TCL se mettent sur leur 31 !"},"content":{"rendered":"<h4>Les quatre lignes de nuit du r\u00e9seau TCL \u00ab\u00a0PLEINE LUNE\u00a0\u00bb\u00a0 circuleront<br \/>\nexceptionnellement la nuit du dimanche 31 d\u00e9cembre 2017 au 1er janvier 2018.<\/h4>\n<p>&#8211; <strong>PL 1 : Terreaux La Feuill\u00e9e &gt; Brotteaux &gt; La Doua<\/strong><br \/>\n4 trajets au d\u00e9part du centre-ville \u00e0 1 h, 2 h, 3 h et 4 h du matin.<br \/>\n&#8211; <strong>PL 2 : H\u00f4tel de Ville Louis Pradel &gt; Saxe Gambetta &gt; Grange Blanche<\/strong><br \/>\n4 trajets au d\u00e9part du centre-ville \u00e0 1 h, 2 h, 3 h et 4 h du matin.<br \/>\n&#8211; <strong>PL 3 : H\u00f4tel de Ville Louis Pradel &gt; Valmy &gt; Campus Lyon Ouest<\/strong><br \/>\n4 trajets au d\u00e9part du centre-ville \u00e0 1 h, 2 h, 3 h et 4 h du matin.<br \/>\n&#8211; <strong>PL 4 : H\u00f4tel de Ville Louis Pradel &gt; Jean Mac\u00e9 &gt; Saint Priest Salengro<\/strong><br \/>\n2 trajets au d\u00e9part du centre-ville \u00e0 1 h et 3 h du matin.<\/p>\n<p><strong>Tous les tickets et abonnements TCL sont valables sur ces 4 lignes.<\/strong><\/p>\n","protected":false},"excerpt":{"rendered":"<p>Les quatre lignes de nuit du r\u00e9seau TCL \u00ab\u00a0PLEINE LUNE\u00a0\u00bb\u00a0 circuleront exceptionnellement la nuit du dimanche 31 d\u00e9cembre 2017 au 1er janvier 2018. &#8211; PL 1 : Terreaux La Feuill\u00e9e &gt; Brotteaux &gt; La Doua 4 trajets au d\u00e9part du centre-ville \u00e0 1 h, 2 h, 3 h et 4 h du matin. &#8211; PL [&hellip;]<\/p>\n","protected":false},"author":4,"featured_media":25760,"comment_status":"open","ping_status":"open","sticky":false,"template":"","format":"standard","meta":{"footnotes":""},"categories":[1625,309,1296,13,29],"tags":[],"class_list":["post-40819","post","type-post","status-publish","format-standard","has-post-thumbnail","hentry","category-lyon","category-pratique","category-sain-priest","category-transports-circulation","category-villeurbanne"],"yoast_head":"<!-- This site is optimized with the Yoast SEO plugin v27.2 - https:\/\/yoast.com\/product\/yoast-seo-wordpress\/ -->\n<title>TRANSPORTS : Les lignes &quot;PLEINE LUNE&quot; des TCL se mettent sur leur 31 !<\/title>\n<meta name=\"description\" content=\"TRANSPORTS : Les lignes &quot;PLEINE LUNE&quot; des TCL se mettent sur leur 31 !\" \/>\n<meta name=\"robots\" content=\"index, follow, max-snippet:-1, max-image-preview:large, max-video-preview:-1\" \/>\n<link rel=\"canonical\" href=\"https:\/\/newsestlyonnais.fr\/site\/2017\/12\/20\/transports-les-lignes-pleine-lune-des-tcl-se-mettent-sur-leur-31\/\" \/>\n<meta property=\"og:locale\" content=\"fr_FR\" \/>\n<meta property=\"og:type\" content=\"article\" \/>\n<meta property=\"og:title\" content=\"TRANSPORTS : Les lignes &quot;PLEINE LUNE&quot; des TCL se mettent sur leur 31 !\" \/>\n<meta property=\"og:description\" content=\"TRANSPORTS : Les lignes &quot;PLEINE LUNE&quot; des TCL se mettent sur leur 31 !\" \/>\n<meta property=\"og:url\" content=\"https:\/\/newsestlyonnais.fr\/site\/2017\/12\/20\/transports-les-lignes-pleine-lune-des-tcl-se-mettent-sur-leur-31\/\" \/>\n<meta property=\"og:site_name\" content=\"News Est Lyonnais\" \/>\n<meta property=\"article:author\" content=\"https:\/\/www.facebook.com\/pascal.oberson.1?fref=ts\" \/>\n<meta property=\"article:published_time\" content=\"2017-12-20T18:06:46+00:00\" \/>\n<meta property=\"article:modified_time\" content=\"2020-11-11T18:35:37+00:00\" \/>\n<meta property=\"og:image\" content=\"https:\/\/i2.wp.com\/newsestlyonnais.fr\/site\/wp-content\/uploads\/2017\/04\/NewsEstLyonnais-Flash-Info.png?fit=1000%2C750&ssl=1\" \/>\n\t<meta property=\"og:image:width\" content=\"1000\" \/>\n\t<meta property=\"og:image:height\" content=\"750\" \/>\n\t<meta property=\"og:image:type\" content=\"image\/png\" \/>\n<meta name=\"author\" content=\"R\u00e9dac. NEWS\" \/>\n<meta name=\"twitter:card\" content=\"summary_large_image\" \/>\n<meta name=\"twitter:label1\" content=\"\u00c9crit par\" \/>\n\t<meta name=\"twitter:data1\" content=\"R\u00e9dac. NEWS\" \/>\n\t<meta name=\"twitter:label2\" content=\"Dur\u00e9e de lecture estim\u00e9e\" \/>\n\t<meta name=\"twitter:data2\" content=\"1 minute\" \/>\n<script type=\"application\/ld+json\" class=\"yoast-schema-graph\">{\"@context\":\"https:\/\/schema.org\",\"@graph\":[{\"@type\":\"Article\",\"@id\":\"https:\/\/newsestlyonnais.fr\/site\/2017\/12\/20\/transports-les-lignes-pleine-lune-des-tcl-se-mettent-sur-leur-31\/#article\",\"isPartOf\":{\"@id\":\"https:\/\/newsestlyonnais.fr\/site\/2017\/12\/20\/transports-les-lignes-pleine-lune-des-tcl-se-mettent-sur-leur-31\/\"},\"author\":{\"name\":\"R\u00e9dac. NEWS\",\"@id\":\"https:\/\/newsestlyonnais.fr\/site\/#\/schema\/person\/3230d5615f390bb808365d673001e887\"},\"headline\":\"TRANSPORTS | Les lignes \u00ab\u00a0PLEINE LUNE\u00a0\u00bb des TCL se mettent sur leur 31 !\",\"datePublished\":\"2017-12-20T18:06:46+00:00\",\"dateModified\":\"2020-11-11T18:35:37+00:00\",\"mainEntityOfPage\":{\"@id\":\"https:\/\/newsestlyonnais.fr\/site\/2017\/12\/20\/transports-les-lignes-pleine-lune-des-tcl-se-mettent-sur-leur-31\/\"},\"wordCount\":148,\"commentCount\":0,\"publisher\":{\"@id\":\"https:\/\/newsestlyonnais.fr\/site\/#organization\"},\"image\":{\"@id\":\"https:\/\/newsestlyonnais.fr\/site\/2017\/12\/20\/transports-les-lignes-pleine-lune-des-tcl-se-mettent-sur-leur-31\/#primaryimage\"},\"thumbnailUrl\":\"https:\/\/newsestlyonnais.fr\/site\/wp-content\/uploads\/2017\/04\/NewsEstLyonnais-Flash-Info.png\",\"articleSection\":[\"Lyon\",\"Pratique\",\"Saint-Priest\",\"Transports | Circulation\",\"Villeurbanne\"],\"inLanguage\":\"fr-FR\",\"potentialAction\":[{\"@type\":\"CommentAction\",\"name\":\"Comment\",\"target\":[\"https:\/\/newsestlyonnais.fr\/site\/2017\/12\/20\/transports-les-lignes-pleine-lune-des-tcl-se-mettent-sur-leur-31\/#respond\"]}]},{\"@type\":\"WebPage\",\"@id\":\"https:\/\/newsestlyonnais.fr\/site\/2017\/12\/20\/transports-les-lignes-pleine-lune-des-tcl-se-mettent-sur-leur-31\/\",\"url\":\"https:\/\/newsestlyonnais.fr\/site\/2017\/12\/20\/transports-les-lignes-pleine-lune-des-tcl-se-mettent-sur-leur-31\/\",\"name\":\"TRANSPORTS : Les lignes \\\"PLEINE LUNE\\\" des TCL se mettent sur leur 31 !\",\"isPartOf\":{\"@id\":\"https:\/\/newsestlyonnais.fr\/site\/#website\"},\"primaryImageOfPage\":{\"@id\":\"https:\/\/newsestlyonnais.fr\/site\/2017\/12\/20\/transports-les-lignes-pleine-lune-des-tcl-se-mettent-sur-leur-31\/#primaryimage\"},\"image\":{\"@id\":\"https:\/\/newsestlyonnais.fr\/site\/2017\/12\/20\/transports-les-lignes-pleine-lune-des-tcl-se-mettent-sur-leur-31\/#primaryimage\"},\"thumbnailUrl\":\"https:\/\/newsestlyonnais.fr\/site\/wp-content\/uploads\/2017\/04\/NewsEstLyonnais-Flash-Info.png\",\"datePublished\":\"2017-12-20T18:06:46+00:00\",\"dateModified\":\"2020-11-11T18:35:37+00:00\",\"description\":\"TRANSPORTS : Les lignes \\\"PLEINE LUNE\\\" des TCL se mettent sur leur 31 !\",\"breadcrumb\":{\"@id\":\"https:\/\/newsestlyonnais.fr\/site\/2017\/12\/20\/transports-les-lignes-pleine-lune-des-tcl-se-mettent-sur-leur-31\/#breadcrumb\"},\"inLanguage\":\"fr-FR\",\"potentialAction\":[{\"@type\":\"ReadAction\",\"target\":[\"https:\/\/newsestlyonnais.fr\/site\/2017\/12\/20\/transports-les-lignes-pleine-lune-des-tcl-se-mettent-sur-leur-31\/\"]}]},{\"@type\":\"ImageObject\",\"inLanguage\":\"fr-FR\",\"@id\":\"https:\/\/newsestlyonnais.fr\/site\/2017\/12\/20\/transports-les-lignes-pleine-lune-des-tcl-se-mettent-sur-leur-31\/#primaryimage\",\"url\":\"https:\/\/newsestlyonnais.fr\/site\/wp-content\/uploads\/2017\/04\/NewsEstLyonnais-Flash-Info.png\",\"contentUrl\":\"https:\/\/newsestlyonnais.fr\/site\/wp-content\/uploads\/2017\/04\/NewsEstLyonnais-Flash-Info.png\",\"width\":1000,\"height\":750,\"caption\":\"NewsEstLyonnais-Flash-Info\"},{\"@type\":\"BreadcrumbList\",\"@id\":\"https:\/\/newsestlyonnais.fr\/site\/2017\/12\/20\/transports-les-lignes-pleine-lune-des-tcl-se-mettent-sur-leur-31\/#breadcrumb\",\"itemListElement\":[{\"@type\":\"ListItem\",\"position\":1,\"name\":\"Accueil\",\"item\":\"https:\/\/newsestlyonnais.fr\/site\/\"},{\"@type\":\"ListItem\",\"position\":2,\"name\":\"TRANSPORTS | Les lignes \u00ab\u00a0PLEINE LUNE\u00a0\u00bb des TCL se mettent sur leur 31 !\"}]},{\"@type\":\"WebSite\",\"@id\":\"https:\/\/newsestlyonnais.fr\/site\/#website\",\"url\":\"https:\/\/newsestlyonnais.fr\/site\/\",\"name\":\"News Est Lyonnais\",\"description\":\"L&#039;actualit\u00e9 au plus pr\u00e8s\",\"publisher\":{\"@id\":\"https:\/\/newsestlyonnais.fr\/site\/#organization\"},\"potentialAction\":[{\"@type\":\"SearchAction\",\"target\":{\"@type\":\"EntryPoint\",\"urlTemplate\":\"https:\/\/newsestlyonnais.fr\/site\/?s={search_term_string}\"},\"query-input\":{\"@type\":\"PropertyValueSpecification\",\"valueRequired\":true,\"valueName\":\"search_term_string\"}}],\"inLanguage\":\"fr-FR\"},{\"@type\":\"Organization\",\"@id\":\"https:\/\/newsestlyonnais.fr\/site\/#organization\",\"name\":\"News EST LYONNAIS\",\"url\":\"https:\/\/newsestlyonnais.fr\/site\/\",\"logo\":{\"@type\":\"ImageObject\",\"inLanguage\":\"fr-FR\",\"@id\":\"https:\/\/newsestlyonnais.fr\/site\/#\/schema\/logo\/image\/\",\"url\":\"\",\"contentUrl\":\"\",\"caption\":\"News EST LYONNAIS\"},\"image\":{\"@id\":\"https:\/\/newsestlyonnais.fr\/site\/#\/schema\/logo\/image\/\"}},{\"@type\":\"Person\",\"@id\":\"https:\/\/newsestlyonnais.fr\/site\/#\/schema\/person\/3230d5615f390bb808365d673001e887\",\"name\":\"R\u00e9dac. NEWS\",\"sameAs\":[\"http:\/\/www.newsestlyonnais.fr\",\"https:\/\/www.facebook.com\/pascal.oberson.1?fref=ts\",\"https:\/\/fr.linkedin.com\/in\/pascal-oberson-b17045113\"],\"url\":\"https:\/\/newsestlyonnais.fr\/site\/author\/nel\/\"}]}<\/script>\n<!-- \/ Yoast SEO plugin. -->","yoast_head_json":{"title":"TRANSPORTS : Les lignes \"PLEINE LUNE\" des TCL se mettent sur leur 31 !","description":"TRANSPORTS : Les lignes \"PLEINE LUNE\" des TCL se mettent sur leur 31 !","robots":{"index":"index","follow":"follow","max-snippet":"max-snippet:-1","max-image-preview":"max-image-preview:large","max-video-preview":"max-video-preview:-1"},"canonical":"https:\/\/newsestlyonnais.fr\/site\/2017\/12\/20\/transports-les-lignes-pleine-lune-des-tcl-se-mettent-sur-leur-31\/","og_locale":"fr_FR","og_type":"article","og_title":"TRANSPORTS : Les lignes \"PLEINE LUNE\" des TCL se mettent sur leur 31 !","og_description":"TRANSPORTS : Les lignes \"PLEINE LUNE\" des TCL se mettent sur leur 31 !","og_url":"https:\/\/newsestlyonnais.fr\/site\/2017\/12\/20\/transports-les-lignes-pleine-lune-des-tcl-se-mettent-sur-leur-31\/","og_site_name":"News Est Lyonnais","article_author":"https:\/\/www.facebook.com\/pascal.oberson.1?fref=ts","article_published_time":"2017-12-20T18:06:46+00:00","article_modified_time":"2020-11-11T18:35:37+00:00","og_image":[{"width":1000,"height":750,"url":"https:\/\/i2.wp.com\/newsestlyonnais.fr\/site\/wp-content\/uploads\/2017\/04\/NewsEstLyonnais-Flash-Info.png?fit=1000%2C750&ssl=1","type":"image\/png"}],"author":"R\u00e9dac. NEWS","twitter_card":"summary_large_image","twitter_misc":{"\u00c9crit par":"R\u00e9dac. NEWS","Dur\u00e9e de lecture estim\u00e9e":"1 minute"},"schema":{"@context":"https:\/\/schema.org","@graph":[{"@type":"Article","@id":"https:\/\/newsestlyonnais.fr\/site\/2017\/12\/20\/transports-les-lignes-pleine-lune-des-tcl-se-mettent-sur-leur-31\/#article","isPartOf":{"@id":"https:\/\/newsestlyonnais.fr\/site\/2017\/12\/20\/transports-les-lignes-pleine-lune-des-tcl-se-mettent-sur-leur-31\/"},"author":{"name":"R\u00e9dac. NEWS","@id":"https:\/\/newsestlyonnais.fr\/site\/#\/schema\/person\/3230d5615f390bb808365d673001e887"},"headline":"TRANSPORTS | Les lignes \u00ab\u00a0PLEINE LUNE\u00a0\u00bb des TCL se mettent sur leur 31 !","datePublished":"2017-12-20T18:06:46+00:00","dateModified":"2020-11-11T18:35:37+00:00","mainEntityOfPage":{"@id":"https:\/\/newsestlyonnais.fr\/site\/2017\/12\/20\/transports-les-lignes-pleine-lune-des-tcl-se-mettent-sur-leur-31\/"},"wordCount":148,"commentCount":0,"publisher":{"@id":"https:\/\/newsestlyonnais.fr\/site\/#organization"},"image":{"@id":"https:\/\/newsestlyonnais.fr\/site\/2017\/12\/20\/transports-les-lignes-pleine-lune-des-tcl-se-mettent-sur-leur-31\/#primaryimage"},"thumbnailUrl":"https:\/\/newsestlyonnais.fr\/site\/wp-content\/uploads\/2017\/04\/NewsEstLyonnais-Flash-Info.png","articleSection":["Lyon","Pratique","Saint-Priest","Transports | Circulation","Villeurbanne"],"inLanguage":"fr-FR","potentialAction":[{"@type":"CommentAction","name":"Comment","target":["https:\/\/newsestlyonnais.fr\/site\/2017\/12\/20\/transports-les-lignes-pleine-lune-des-tcl-se-mettent-sur-leur-31\/#respond"]}]},{"@type":"WebPage","@id":"https:\/\/newsestlyonnais.fr\/site\/2017\/12\/20\/transports-les-lignes-pleine-lune-des-tcl-se-mettent-sur-leur-31\/","url":"https:\/\/newsestlyonnais.fr\/site\/2017\/12\/20\/transports-les-lignes-pleine-lune-des-tcl-se-mettent-sur-leur-31\/","name":"TRANSPORTS : Les lignes \"PLEINE LUNE\" des TCL se mettent sur leur 31 !","isPartOf":{"@id":"https:\/\/newsestlyonnais.fr\/site\/#website"},"primaryImageOfPage":{"@id":"https:\/\/newsestlyonnais.fr\/site\/2017\/12\/20\/transports-les-lignes-pleine-lune-des-tcl-se-mettent-sur-leur-31\/#primaryimage"},"image":{"@id":"https:\/\/newsestlyonnais.fr\/site\/2017\/12\/20\/transports-les-lignes-pleine-lune-des-tcl-se-mettent-sur-leur-31\/#primaryimage"},"thumbnailUrl":"https:\/\/newsestlyonnais.fr\/site\/wp-content\/uploads\/2017\/04\/NewsEstLyonnais-Flash-Info.png","datePublished":"2017-12-20T18:06:46+00:00","dateModified":"2020-11-11T18:35:37+00:00","description":"TRANSPORTS : Les lignes \"PLEINE LUNE\" des TCL se mettent sur leur 31 !","breadcrumb":{"@id":"https:\/\/newsestlyonnais.fr\/site\/2017\/12\/20\/transports-les-lignes-pleine-lune-des-tcl-se-mettent-sur-leur-31\/#breadcrumb"},"inLanguage":"fr-FR","potentialAction":[{"@type":"ReadAction","target":["https:\/\/newsestlyonnais.fr\/site\/2017\/12\/20\/transports-les-lignes-pleine-lune-des-tcl-se-mettent-sur-leur-31\/"]}]},{"@type":"ImageObject","inLanguage":"fr-FR","@id":"https:\/\/newsestlyonnais.fr\/site\/2017\/12\/20\/transports-les-lignes-pleine-lune-des-tcl-se-mettent-sur-leur-31\/#primaryimage","url":"https:\/\/newsestlyonnais.fr\/site\/wp-content\/uploads\/2017\/04\/NewsEstLyonnais-Flash-Info.png","contentUrl":"https:\/\/newsestlyonnais.fr\/site\/wp-content\/uploads\/2017\/04\/NewsEstLyonnais-Flash-Info.png","width":1000,"height":750,"caption":"NewsEstLyonnais-Flash-Info"},{"@type":"BreadcrumbList","@id":"https:\/\/newsestlyonnais.fr\/site\/2017\/12\/20\/transports-les-lignes-pleine-lune-des-tcl-se-mettent-sur-leur-31\/#breadcrumb","itemListElement":[{"@type":"ListItem","position":1,"name":"Accueil","item":"https:\/\/newsestlyonnais.fr\/site\/"},{"@type":"ListItem","position":2,"name":"TRANSPORTS | Les lignes \u00ab\u00a0PLEINE LUNE\u00a0\u00bb des TCL se mettent sur leur 31 !"}]},{"@type":"WebSite","@id":"https:\/\/newsestlyonnais.fr\/site\/#website","url":"https:\/\/newsestlyonnais.fr\/site\/","name":"News Est Lyonnais","description":"L&#039;actualit\u00e9 au plus pr\u00e8s","publisher":{"@id":"https:\/\/newsestlyonnais.fr\/site\/#organization"},"potentialAction":[{"@type":"SearchAction","target":{"@type":"EntryPoint","urlTemplate":"https:\/\/newsestlyonnais.fr\/site\/?s={search_term_string}"},"query-input":{"@type":"PropertyValueSpecification","valueRequired":true,"valueName":"search_term_string"}}],"inLanguage":"fr-FR"},{"@type":"Organization","@id":"https:\/\/newsestlyonnais.fr\/site\/#organization","name":"News EST LYONNAIS","url":"https:\/\/newsestlyonnais.fr\/site\/","logo":{"@type":"ImageObject","inLanguage":"fr-FR","@id":"https:\/\/newsestlyonnais.fr\/site\/#\/schema\/logo\/image\/","url":"","contentUrl":"","caption":"News EST LYONNAIS"},"image":{"@id":"https:\/\/newsestlyonnais.fr\/site\/#\/schema\/logo\/image\/"}},{"@type":"Person","@id":"https:\/\/newsestlyonnais.fr\/site\/#\/schema\/person\/3230d5615f390bb808365d673001e887","name":"R\u00e9dac. NEWS","sameAs":["http:\/\/www.newsestlyonnais.fr","https:\/\/www.facebook.com\/pascal.oberson.1?fref=ts","https:\/\/fr.linkedin.com\/in\/pascal-oberson-b17045113"],"url":"https:\/\/newsestlyonnais.fr\/site\/author\/nel\/"}]}},"_links":{"self":[{"href":"https:\/\/newsestlyonnais.fr\/site\/wp-json\/wp\/v2\/posts\/40819","targetHints":{"allow":["GET"]}}],"collection":[{"href":"https:\/\/newsestlyonnais.fr\/site\/wp-json\/wp\/v2\/posts"}],"about":[{"href":"https:\/\/newsestlyonnais.fr\/site\/wp-json\/wp\/v2\/types\/post"}],"author":[{"embeddable":true,"href":"https:\/\/newsestlyonnais.fr\/site\/wp-json\/wp\/v2\/users\/4"}],"replies":[{"embeddable":true,"href":"https:\/\/newsestlyonnais.fr\/site\/wp-json\/wp\/v2\/comments?post=40819"}],"version-history":[{"count":0,"href":"https:\/\/newsestlyonnais.fr\/site\/wp-json\/wp\/v2\/posts\/40819\/revisions"}],"wp:featuredmedia":[{"embeddable":true,"href":"https:\/\/newsestlyonnais.fr\/site\/wp-json\/wp\/v2\/media\/25760"}],"wp:attachment":[{"href":"https:\/\/newsestlyonnais.fr\/site\/wp-json\/wp\/v2\/media?parent=40819"}],"wp:term":[{"taxonomy":"category","embeddable":true,"href":"https:\/\/newsestlyonnais.fr\/site\/wp-json\/wp\/v2\/categories?post=40819"},{"taxonomy":"post_tag","embeddable":true,"href":"https:\/\/newsestlyonnais.fr\/site\/wp-json\/wp\/v2\/tags?post=40819"}],"curies":[{"name":"wp","href":"https:\/\/api.w.org\/{rel}","templated":true}]}}