{"id":40894,"date":"2017-12-23T08:11:55","date_gmt":"2017-12-23T07:11:55","guid":{"rendered":"http:\/\/newsestlyonnais.fr\/site\/?p=40894"},"modified":"2020-10-28T16:39:15","modified_gmt":"2020-10-28T15:39:15","slug":"vaulx-en-velin-2-dirigeants-de-lal-vaulx-judo-medailles-de-bronze-jeunesse-et-sports","status":"publish","type":"post","link":"https:\/\/newsestlyonnais.fr\/site\/2017\/12\/23\/vaulx-en-velin-2-dirigeants-de-lal-vaulx-judo-medailles-de-bronze-jeunesse-et-sports\/","title":{"rendered":"VAULX-EN-VELIN | 2 dirigeants de l&rsquo;AL Vaulx Judo m\u00e9daill\u00e9s de bronze Jeunesse et Sports"},"content":{"rendered":"<h4>Parmi la centaine de dirigeants honor\u00e9s mardi soir au Centre Culturel de Villeurbanne figuraient 2 vaudais membres du m\u00eame club d&rsquo;art martial.<\/h4>\n<p>Isabelle Merlino (tr\u00e9sori\u00e8re) et Fernando Munoz (secr\u00e9taire) ont en effet \u00e9t\u00e9 r\u00e9compens\u00e9s en recevant chacun <em><strong>une m\u00e9daille de bronze,<\/strong> <\/em>par la F\u00e9d\u00e9ration Fran\u00e7aise des M\u00e9daill\u00e9s Jeunesse, Sports et Engagement Associatif.<\/p>\n<p>Ceci pour leur investissement et les responsabilit\u00e9s prises depuis plusieurs ann\u00e9es au sein du club de l&rsquo;AL Vaulx en Velin Judo pr\u00e9sid\u00e9 par Pascal Tchukriel.<\/p>\n<ul>\n<li><strong>Retrouvez l&rsquo;ACTU du club sur<\/strong> : <a href=\"https:\/\/www.facebook.com\/Amicale-laique-de-vaulx-en-velin-1683610118518034\/\" target=\"_blank\" rel=\"noopener noreferrer\">https:\/\/www.facebook.com\/Amicale-laique-de-vaulx-en-velin-1683610118518034\/<\/a><\/li>\n<\/ul>\n","protected":false},"excerpt":{"rendered":"<p>Parmi la centaine de dirigeants honor\u00e9s mardi soir au Centre Culturel de Villeurbanne figuraient 2 vaudais membres du m\u00eame club d&rsquo;art martial. Isabelle Merlino (tr\u00e9sori\u00e8re) et Fernando Munoz (secr\u00e9taire) ont en effet \u00e9t\u00e9 r\u00e9compens\u00e9s en recevant chacun une m\u00e9daille de bronze, par la F\u00e9d\u00e9ration Fran\u00e7aise des M\u00e9daill\u00e9s Jeunesse, Sports et Engagement Associatif. Ceci pour leur [&hellip;]<\/p>\n","protected":false},"author":4,"featured_media":40896,"comment_status":"open","ping_status":"open","sticky":false,"template":"","format":"standard","meta":{"footnotes":""},"categories":[1352,2994,28],"tags":[],"class_list":["post-40894","post","type-post","status-publish","format-standard","has-post-thumbnail","hentry","category-judo","category-judo-karate-taekwondo-sports","category-vaulx-en-velin"],"yoast_head":"<!-- This site is optimized with the Yoast SEO plugin v27.2 - https:\/\/yoast.com\/product\/yoast-seo-wordpress\/ -->\n<title>VAULX-EN-VELIN | 2 dirigeants de l&#039;AL Vaulx Judo m\u00e9daill\u00e9s de bronze Jeunesse et Sports - News Est Lyonnais<\/title>\n<meta name=\"description\" content=\"Parmi la centaine de dirigeants honor\u00e9s mardi soir au Centre Culturel de Villeurbanne figuraient 2 vaudais membres du m\u00eame club d&#039;art martial.\" \/>\n<meta name=\"robots\" content=\"index, follow, max-snippet:-1, max-image-preview:large, max-video-preview:-1\" \/>\n<link rel=\"canonical\" href=\"https:\/\/newsestlyonnais.fr\/site\/2017\/12\/23\/vaulx-en-velin-2-dirigeants-de-lal-vaulx-judo-medailles-de-bronze-jeunesse-et-sports\/\" \/>\n<meta property=\"og:locale\" content=\"fr_FR\" \/>\n<meta property=\"og:type\" content=\"article\" \/>\n<meta property=\"og:title\" content=\"VAULX-EN-VELIN | 2 dirigeants de l&#039;AL Vaulx Judo m\u00e9daill\u00e9s de bronze Jeunesse et Sports - News Est Lyonnais\" \/>\n<meta property=\"og:description\" content=\"Parmi la centaine de dirigeants honor\u00e9s mardi soir au Centre Culturel de Villeurbanne figuraient 2 vaudais membres du m\u00eame club d&#039;art martial.\" \/>\n<meta property=\"og:url\" content=\"https:\/\/newsestlyonnais.fr\/site\/2017\/12\/23\/vaulx-en-velin-2-dirigeants-de-lal-vaulx-judo-medailles-de-bronze-jeunesse-et-sports\/\" \/>\n<meta property=\"og:site_name\" content=\"News Est Lyonnais\" \/>\n<meta property=\"article:author\" content=\"https:\/\/www.facebook.com\/pascal.oberson.1?fref=ts\" \/>\n<meta property=\"article:published_time\" content=\"2017-12-23T07:11:55+00:00\" \/>\n<meta property=\"article:modified_time\" content=\"2020-10-28T15:39:15+00:00\" \/>\n<meta property=\"og:image\" content=\"https:\/\/i1.wp.com\/newsestlyonnais.fr\/site\/wp-content\/uploads\/2017\/12\/NEWSESTLYONNAIS-AL-VAULX-JUDO-2.jpg?fit=2560%2C1440&ssl=1\" \/>\n\t<meta property=\"og:image:width\" content=\"2560\" \/>\n\t<meta property=\"og:image:height\" content=\"1440\" \/>\n\t<meta property=\"og:image:type\" content=\"image\/jpeg\" \/>\n<meta name=\"author\" content=\"R\u00e9dac. NEWS\" \/>\n<meta name=\"twitter:card\" content=\"summary_large_image\" \/>\n<meta name=\"twitter:label1\" content=\"\u00c9crit par\" \/>\n\t<meta name=\"twitter:data1\" content=\"R\u00e9dac. NEWS\" \/>\n\t<meta name=\"twitter:label2\" content=\"Dur\u00e9e de lecture estim\u00e9e\" \/>\n\t<meta name=\"twitter:data2\" content=\"1 minute\" \/>\n<script type=\"application\/ld+json\" class=\"yoast-schema-graph\">{\"@context\":\"https:\/\/schema.org\",\"@graph\":[{\"@type\":\"Article\",\"@id\":\"https:\/\/newsestlyonnais.fr\/site\/2017\/12\/23\/vaulx-en-velin-2-dirigeants-de-lal-vaulx-judo-medailles-de-bronze-jeunesse-et-sports\/#article\",\"isPartOf\":{\"@id\":\"https:\/\/newsestlyonnais.fr\/site\/2017\/12\/23\/vaulx-en-velin-2-dirigeants-de-lal-vaulx-judo-medailles-de-bronze-jeunesse-et-sports\/\"},\"author\":{\"name\":\"R\u00e9dac. NEWS\",\"@id\":\"https:\/\/newsestlyonnais.fr\/site\/#\/schema\/person\/3230d5615f390bb808365d673001e887\"},\"headline\":\"VAULX-EN-VELIN | 2 dirigeants de l&rsquo;AL Vaulx Judo m\u00e9daill\u00e9s de bronze Jeunesse et Sports\",\"datePublished\":\"2017-12-23T07:11:55+00:00\",\"dateModified\":\"2020-10-28T15:39:15+00:00\",\"mainEntityOfPage\":{\"@id\":\"https:\/\/newsestlyonnais.fr\/site\/2017\/12\/23\/vaulx-en-velin-2-dirigeants-de-lal-vaulx-judo-medailles-de-bronze-jeunesse-et-sports\/\"},\"wordCount\":120,\"commentCount\":0,\"publisher\":{\"@id\":\"https:\/\/newsestlyonnais.fr\/site\/#organization\"},\"image\":{\"@id\":\"https:\/\/newsestlyonnais.fr\/site\/2017\/12\/23\/vaulx-en-velin-2-dirigeants-de-lal-vaulx-judo-medailles-de-bronze-jeunesse-et-sports\/#primaryimage\"},\"thumbnailUrl\":\"https:\/\/newsestlyonnais.fr\/site\/wp-content\/uploads\/2017\/12\/NEWSESTLYONNAIS-AL-VAULX-JUDO-2.jpg\",\"articleSection\":[\"Judo\",\"Judo| Karat\u00e9| Taekwondo\",\"Vaulx-en-Velin\"],\"inLanguage\":\"fr-FR\",\"potentialAction\":[{\"@type\":\"CommentAction\",\"name\":\"Comment\",\"target\":[\"https:\/\/newsestlyonnais.fr\/site\/2017\/12\/23\/vaulx-en-velin-2-dirigeants-de-lal-vaulx-judo-medailles-de-bronze-jeunesse-et-sports\/#respond\"]}]},{\"@type\":\"WebPage\",\"@id\":\"https:\/\/newsestlyonnais.fr\/site\/2017\/12\/23\/vaulx-en-velin-2-dirigeants-de-lal-vaulx-judo-medailles-de-bronze-jeunesse-et-sports\/\",\"url\":\"https:\/\/newsestlyonnais.fr\/site\/2017\/12\/23\/vaulx-en-velin-2-dirigeants-de-lal-vaulx-judo-medailles-de-bronze-jeunesse-et-sports\/\",\"name\":\"VAULX-EN-VELIN | 2 dirigeants de l'AL Vaulx Judo m\u00e9daill\u00e9s de bronze Jeunesse et Sports - News Est Lyonnais\",\"isPartOf\":{\"@id\":\"https:\/\/newsestlyonnais.fr\/site\/#website\"},\"primaryImageOfPage\":{\"@id\":\"https:\/\/newsestlyonnais.fr\/site\/2017\/12\/23\/vaulx-en-velin-2-dirigeants-de-lal-vaulx-judo-medailles-de-bronze-jeunesse-et-sports\/#primaryimage\"},\"image\":{\"@id\":\"https:\/\/newsestlyonnais.fr\/site\/2017\/12\/23\/vaulx-en-velin-2-dirigeants-de-lal-vaulx-judo-medailles-de-bronze-jeunesse-et-sports\/#primaryimage\"},\"thumbnailUrl\":\"https:\/\/newsestlyonnais.fr\/site\/wp-content\/uploads\/2017\/12\/NEWSESTLYONNAIS-AL-VAULX-JUDO-2.jpg\",\"datePublished\":\"2017-12-23T07:11:55+00:00\",\"dateModified\":\"2020-10-28T15:39:15+00:00\",\"description\":\"Parmi la centaine de dirigeants honor\u00e9s mardi soir au Centre Culturel de Villeurbanne figuraient 2 vaudais membres du m\u00eame club d'art martial.\",\"breadcrumb\":{\"@id\":\"https:\/\/newsestlyonnais.fr\/site\/2017\/12\/23\/vaulx-en-velin-2-dirigeants-de-lal-vaulx-judo-medailles-de-bronze-jeunesse-et-sports\/#breadcrumb\"},\"inLanguage\":\"fr-FR\",\"potentialAction\":[{\"@type\":\"ReadAction\",\"target\":[\"https:\/\/newsestlyonnais.fr\/site\/2017\/12\/23\/vaulx-en-velin-2-dirigeants-de-lal-vaulx-judo-medailles-de-bronze-jeunesse-et-sports\/\"]}]},{\"@type\":\"ImageObject\",\"inLanguage\":\"fr-FR\",\"@id\":\"https:\/\/newsestlyonnais.fr\/site\/2017\/12\/23\/vaulx-en-velin-2-dirigeants-de-lal-vaulx-judo-medailles-de-bronze-jeunesse-et-sports\/#primaryimage\",\"url\":\"https:\/\/newsestlyonnais.fr\/site\/wp-content\/uploads\/2017\/12\/NEWSESTLYONNAIS-AL-VAULX-JUDO-2.jpg\",\"contentUrl\":\"https:\/\/newsestlyonnais.fr\/site\/wp-content\/uploads\/2017\/12\/NEWSESTLYONNAIS-AL-VAULX-JUDO-2.jpg\",\"width\":2560,\"height\":1440,\"caption\":\"NEWSESTLYONNAIS - AL VAULX JUDO (2)\"},{\"@type\":\"BreadcrumbList\",\"@id\":\"https:\/\/newsestlyonnais.fr\/site\/2017\/12\/23\/vaulx-en-velin-2-dirigeants-de-lal-vaulx-judo-medailles-de-bronze-jeunesse-et-sports\/#breadcrumb\",\"itemListElement\":[{\"@type\":\"ListItem\",\"position\":1,\"name\":\"Accueil\",\"item\":\"https:\/\/newsestlyonnais.fr\/site\/\"},{\"@type\":\"ListItem\",\"position\":2,\"name\":\"VAULX-EN-VELIN | 2 dirigeants de l&rsquo;AL Vaulx Judo m\u00e9daill\u00e9s de bronze Jeunesse et Sports\"}]},{\"@type\":\"WebSite\",\"@id\":\"https:\/\/newsestlyonnais.fr\/site\/#website\",\"url\":\"https:\/\/newsestlyonnais.fr\/site\/\",\"name\":\"News Est Lyonnais\",\"description\":\"L&#039;actualit\u00e9 au plus pr\u00e8s\",\"publisher\":{\"@id\":\"https:\/\/newsestlyonnais.fr\/site\/#organization\"},\"potentialAction\":[{\"@type\":\"SearchAction\",\"target\":{\"@type\":\"EntryPoint\",\"urlTemplate\":\"https:\/\/newsestlyonnais.fr\/site\/?s={search_term_string}\"},\"query-input\":{\"@type\":\"PropertyValueSpecification\",\"valueRequired\":true,\"valueName\":\"search_term_string\"}}],\"inLanguage\":\"fr-FR\"},{\"@type\":\"Organization\",\"@id\":\"https:\/\/newsestlyonnais.fr\/site\/#organization\",\"name\":\"News EST LYONNAIS\",\"url\":\"https:\/\/newsestlyonnais.fr\/site\/\",\"logo\":{\"@type\":\"ImageObject\",\"inLanguage\":\"fr-FR\",\"@id\":\"https:\/\/newsestlyonnais.fr\/site\/#\/schema\/logo\/image\/\",\"url\":\"\",\"contentUrl\":\"\",\"caption\":\"News EST LYONNAIS\"},\"image\":{\"@id\":\"https:\/\/newsestlyonnais.fr\/site\/#\/schema\/logo\/image\/\"}},{\"@type\":\"Person\",\"@id\":\"https:\/\/newsestlyonnais.fr\/site\/#\/schema\/person\/3230d5615f390bb808365d673001e887\",\"name\":\"R\u00e9dac. NEWS\",\"sameAs\":[\"http:\/\/www.newsestlyonnais.fr\",\"https:\/\/www.facebook.com\/pascal.oberson.1?fref=ts\",\"https:\/\/fr.linkedin.com\/in\/pascal-oberson-b17045113\"],\"url\":\"https:\/\/newsestlyonnais.fr\/site\/author\/nel\/\"}]}<\/script>\n<!-- \/ Yoast SEO plugin. -->","yoast_head_json":{"title":"VAULX-EN-VELIN | 2 dirigeants de l'AL Vaulx Judo m\u00e9daill\u00e9s de bronze Jeunesse et Sports - News Est Lyonnais","description":"Parmi la centaine de dirigeants honor\u00e9s mardi soir au Centre Culturel de Villeurbanne figuraient 2 vaudais membres du m\u00eame club d'art martial.","robots":{"index":"index","follow":"follow","max-snippet":"max-snippet:-1","max-image-preview":"max-image-preview:large","max-video-preview":"max-video-preview:-1"},"canonical":"https:\/\/newsestlyonnais.fr\/site\/2017\/12\/23\/vaulx-en-velin-2-dirigeants-de-lal-vaulx-judo-medailles-de-bronze-jeunesse-et-sports\/","og_locale":"fr_FR","og_type":"article","og_title":"VAULX-EN-VELIN | 2 dirigeants de l'AL Vaulx Judo m\u00e9daill\u00e9s de bronze Jeunesse et Sports - News Est Lyonnais","og_description":"Parmi la centaine de dirigeants honor\u00e9s mardi soir au Centre Culturel de Villeurbanne figuraient 2 vaudais membres du m\u00eame club d'art martial.","og_url":"https:\/\/newsestlyonnais.fr\/site\/2017\/12\/23\/vaulx-en-velin-2-dirigeants-de-lal-vaulx-judo-medailles-de-bronze-jeunesse-et-sports\/","og_site_name":"News Est Lyonnais","article_author":"https:\/\/www.facebook.com\/pascal.oberson.1?fref=ts","article_published_time":"2017-12-23T07:11:55+00:00","article_modified_time":"2020-10-28T15:39:15+00:00","og_image":[{"width":2560,"height":1440,"url":"https:\/\/i1.wp.com\/newsestlyonnais.fr\/site\/wp-content\/uploads\/2017\/12\/NEWSESTLYONNAIS-AL-VAULX-JUDO-2.jpg?fit=2560%2C1440&ssl=1","type":"image\/jpeg"}],"author":"R\u00e9dac. NEWS","twitter_card":"summary_large_image","twitter_misc":{"\u00c9crit par":"R\u00e9dac. NEWS","Dur\u00e9e de lecture estim\u00e9e":"1 minute"},"schema":{"@context":"https:\/\/schema.org","@graph":[{"@type":"Article","@id":"https:\/\/newsestlyonnais.fr\/site\/2017\/12\/23\/vaulx-en-velin-2-dirigeants-de-lal-vaulx-judo-medailles-de-bronze-jeunesse-et-sports\/#article","isPartOf":{"@id":"https:\/\/newsestlyonnais.fr\/site\/2017\/12\/23\/vaulx-en-velin-2-dirigeants-de-lal-vaulx-judo-medailles-de-bronze-jeunesse-et-sports\/"},"author":{"name":"R\u00e9dac. NEWS","@id":"https:\/\/newsestlyonnais.fr\/site\/#\/schema\/person\/3230d5615f390bb808365d673001e887"},"headline":"VAULX-EN-VELIN | 2 dirigeants de l&rsquo;AL Vaulx Judo m\u00e9daill\u00e9s de bronze Jeunesse et Sports","datePublished":"2017-12-23T07:11:55+00:00","dateModified":"2020-10-28T15:39:15+00:00","mainEntityOfPage":{"@id":"https:\/\/newsestlyonnais.fr\/site\/2017\/12\/23\/vaulx-en-velin-2-dirigeants-de-lal-vaulx-judo-medailles-de-bronze-jeunesse-et-sports\/"},"wordCount":120,"commentCount":0,"publisher":{"@id":"https:\/\/newsestlyonnais.fr\/site\/#organization"},"image":{"@id":"https:\/\/newsestlyonnais.fr\/site\/2017\/12\/23\/vaulx-en-velin-2-dirigeants-de-lal-vaulx-judo-medailles-de-bronze-jeunesse-et-sports\/#primaryimage"},"thumbnailUrl":"https:\/\/newsestlyonnais.fr\/site\/wp-content\/uploads\/2017\/12\/NEWSESTLYONNAIS-AL-VAULX-JUDO-2.jpg","articleSection":["Judo","Judo| Karat\u00e9| Taekwondo","Vaulx-en-Velin"],"inLanguage":"fr-FR","potentialAction":[{"@type":"CommentAction","name":"Comment","target":["https:\/\/newsestlyonnais.fr\/site\/2017\/12\/23\/vaulx-en-velin-2-dirigeants-de-lal-vaulx-judo-medailles-de-bronze-jeunesse-et-sports\/#respond"]}]},{"@type":"WebPage","@id":"https:\/\/newsestlyonnais.fr\/site\/2017\/12\/23\/vaulx-en-velin-2-dirigeants-de-lal-vaulx-judo-medailles-de-bronze-jeunesse-et-sports\/","url":"https:\/\/newsestlyonnais.fr\/site\/2017\/12\/23\/vaulx-en-velin-2-dirigeants-de-lal-vaulx-judo-medailles-de-bronze-jeunesse-et-sports\/","name":"VAULX-EN-VELIN | 2 dirigeants de l'AL Vaulx Judo m\u00e9daill\u00e9s de bronze Jeunesse et Sports - News Est Lyonnais","isPartOf":{"@id":"https:\/\/newsestlyonnais.fr\/site\/#website"},"primaryImageOfPage":{"@id":"https:\/\/newsestlyonnais.fr\/site\/2017\/12\/23\/vaulx-en-velin-2-dirigeants-de-lal-vaulx-judo-medailles-de-bronze-jeunesse-et-sports\/#primaryimage"},"image":{"@id":"https:\/\/newsestlyonnais.fr\/site\/2017\/12\/23\/vaulx-en-velin-2-dirigeants-de-lal-vaulx-judo-medailles-de-bronze-jeunesse-et-sports\/#primaryimage"},"thumbnailUrl":"https:\/\/newsestlyonnais.fr\/site\/wp-content\/uploads\/2017\/12\/NEWSESTLYONNAIS-AL-VAULX-JUDO-2.jpg","datePublished":"2017-12-23T07:11:55+00:00","dateModified":"2020-10-28T15:39:15+00:00","description":"Parmi la centaine de dirigeants honor\u00e9s mardi soir au Centre Culturel de Villeurbanne figuraient 2 vaudais membres du m\u00eame club d'art martial.","breadcrumb":{"@id":"https:\/\/newsestlyonnais.fr\/site\/2017\/12\/23\/vaulx-en-velin-2-dirigeants-de-lal-vaulx-judo-medailles-de-bronze-jeunesse-et-sports\/#breadcrumb"},"inLanguage":"fr-FR","potentialAction":[{"@type":"ReadAction","target":["https:\/\/newsestlyonnais.fr\/site\/2017\/12\/23\/vaulx-en-velin-2-dirigeants-de-lal-vaulx-judo-medailles-de-bronze-jeunesse-et-sports\/"]}]},{"@type":"ImageObject","inLanguage":"fr-FR","@id":"https:\/\/newsestlyonnais.fr\/site\/2017\/12\/23\/vaulx-en-velin-2-dirigeants-de-lal-vaulx-judo-medailles-de-bronze-jeunesse-et-sports\/#primaryimage","url":"https:\/\/newsestlyonnais.fr\/site\/wp-content\/uploads\/2017\/12\/NEWSESTLYONNAIS-AL-VAULX-JUDO-2.jpg","contentUrl":"https:\/\/newsestlyonnais.fr\/site\/wp-content\/uploads\/2017\/12\/NEWSESTLYONNAIS-AL-VAULX-JUDO-2.jpg","width":2560,"height":1440,"caption":"NEWSESTLYONNAIS - AL VAULX JUDO (2)"},{"@type":"BreadcrumbList","@id":"https:\/\/newsestlyonnais.fr\/site\/2017\/12\/23\/vaulx-en-velin-2-dirigeants-de-lal-vaulx-judo-medailles-de-bronze-jeunesse-et-sports\/#breadcrumb","itemListElement":[{"@type":"ListItem","position":1,"name":"Accueil","item":"https:\/\/newsestlyonnais.fr\/site\/"},{"@type":"ListItem","position":2,"name":"VAULX-EN-VELIN | 2 dirigeants de l&rsquo;AL Vaulx Judo m\u00e9daill\u00e9s de bronze Jeunesse et Sports"}]},{"@type":"WebSite","@id":"https:\/\/newsestlyonnais.fr\/site\/#website","url":"https:\/\/newsestlyonnais.fr\/site\/","name":"News Est Lyonnais","description":"L&#039;actualit\u00e9 au plus pr\u00e8s","publisher":{"@id":"https:\/\/newsestlyonnais.fr\/site\/#organization"},"potentialAction":[{"@type":"SearchAction","target":{"@type":"EntryPoint","urlTemplate":"https:\/\/newsestlyonnais.fr\/site\/?s={search_term_string}"},"query-input":{"@type":"PropertyValueSpecification","valueRequired":true,"valueName":"search_term_string"}}],"inLanguage":"fr-FR"},{"@type":"Organization","@id":"https:\/\/newsestlyonnais.fr\/site\/#organization","name":"News EST LYONNAIS","url":"https:\/\/newsestlyonnais.fr\/site\/","logo":{"@type":"ImageObject","inLanguage":"fr-FR","@id":"https:\/\/newsestlyonnais.fr\/site\/#\/schema\/logo\/image\/","url":"","contentUrl":"","caption":"News EST LYONNAIS"},"image":{"@id":"https:\/\/newsestlyonnais.fr\/site\/#\/schema\/logo\/image\/"}},{"@type":"Person","@id":"https:\/\/newsestlyonnais.fr\/site\/#\/schema\/person\/3230d5615f390bb808365d673001e887","name":"R\u00e9dac. NEWS","sameAs":["http:\/\/www.newsestlyonnais.fr","https:\/\/www.facebook.com\/pascal.oberson.1?fref=ts","https:\/\/fr.linkedin.com\/in\/pascal-oberson-b17045113"],"url":"https:\/\/newsestlyonnais.fr\/site\/author\/nel\/"}]}},"_links":{"self":[{"href":"https:\/\/newsestlyonnais.fr\/site\/wp-json\/wp\/v2\/posts\/40894","targetHints":{"allow":["GET"]}}],"collection":[{"href":"https:\/\/newsestlyonnais.fr\/site\/wp-json\/wp\/v2\/posts"}],"about":[{"href":"https:\/\/newsestlyonnais.fr\/site\/wp-json\/wp\/v2\/types\/post"}],"author":[{"embeddable":true,"href":"https:\/\/newsestlyonnais.fr\/site\/wp-json\/wp\/v2\/users\/4"}],"replies":[{"embeddable":true,"href":"https:\/\/newsestlyonnais.fr\/site\/wp-json\/wp\/v2\/comments?post=40894"}],"version-history":[{"count":0,"href":"https:\/\/newsestlyonnais.fr\/site\/wp-json\/wp\/v2\/posts\/40894\/revisions"}],"wp:featuredmedia":[{"embeddable":true,"href":"https:\/\/newsestlyonnais.fr\/site\/wp-json\/wp\/v2\/media\/40896"}],"wp:attachment":[{"href":"https:\/\/newsestlyonnais.fr\/site\/wp-json\/wp\/v2\/media?parent=40894"}],"wp:term":[{"taxonomy":"category","embeddable":true,"href":"https:\/\/newsestlyonnais.fr\/site\/wp-json\/wp\/v2\/categories?post=40894"},{"taxonomy":"post_tag","embeddable":true,"href":"https:\/\/newsestlyonnais.fr\/site\/wp-json\/wp\/v2\/tags?post=40894"}],"curies":[{"name":"wp","href":"https:\/\/api.w.org\/{rel}","templated":true}]}}