{"id":40904,"date":"2017-12-24T18:55:03","date_gmt":"2017-12-24T17:55:03","guid":{"rendered":"http:\/\/newsestlyonnais.fr\/site\/?p=40904"},"modified":"2020-11-09T06:40:12","modified_gmt":"2020-11-09T05:40:12","slug":"genas-un-gala-de-noel-pour-clore-lannee-de-la-grs","status":"publish","type":"post","link":"https:\/\/newsestlyonnais.fr\/site\/2017\/12\/24\/genas-un-gala-de-noel-pour-clore-lannee-de-la-grs\/","title":{"rendered":"GENAS | Un gala de No\u00ebl pour clore l&rsquo;ann\u00e9e de la GRS"},"content":{"rendered":"<h4>Quoi de plus magique et festif qu&rsquo;un beau gala pour achever une ann\u00e9e 2017 encore une fois bien remplie pour la GRS de Genas.<\/h4>\n<p>Deux heures de spectacle vendredi soir, qui ont permis au public venu une nouvelle fois en nombre et en famille de voir d\u00e9filer tour \u00e0 tour chacune des 32 \u00e9quipes participantes.<\/p>\n<p>Une belle soir\u00e9e programm\u00e9e en 2 phases \u00e0 la salle Jacques Anquetil, m\u00eame si la premi\u00e8re partie a \u00e9t\u00e9 perturb\u00e9e par un probl\u00e8me technique de son mais qui a pu \u00eatre solutionn\u00e9 par les techniciens, ce qui a permis \u00e0 toutes ces gymnastes d&rsquo; offrir ensuite une production de qualit\u00e9.<\/p>\n<div id='gallery-1' class='gallery galleryid-40904 gallery-columns-3 gallery-size-thumbnail'><figure class='gallery-item'>\n\t\t\t<div class='gallery-icon landscape'>\n\t\t\t\t<a href='https:\/\/newsestlyonnais.fr\/site\/newsestlyonnais-gala-noel-grs-genas\/'><img loading=\"lazy\" decoding=\"async\" width=\"150\" height=\"150\" src=\"https:\/\/newsestlyonnais.fr\/site\/wp-content\/uploads\/2017\/12\/NEWSESTLYONNAIS-GALA-NOEL-GRS-GENAS-150x150.jpg\" class=\"attachment-thumbnail size-thumbnail\" alt=\"NEWSESTLYONNAIS - GALA NOEL GRS GENAS\" \/><\/a>\n\t\t\t<\/div><\/figure><figure class='gallery-item'>\n\t\t\t<div class='gallery-icon landscape'>\n\t\t\t\t<a href='https:\/\/newsestlyonnais.fr\/site\/2017\/12\/24\/genas-un-gala-de-noel-pour-clore-lannee-de-la-grs\/newsestlyonnais-gala-grs-noel-02\/'><img loading=\"lazy\" decoding=\"async\" width=\"150\" height=\"150\" src=\"https:\/\/newsestlyonnais.fr\/site\/wp-content\/uploads\/2017\/12\/NEWSESTLYONNAIS-GALA-GRS-NOEL-02-150x150.jpg\" class=\"attachment-thumbnail size-thumbnail\" alt=\"NEWSESTLYONNAIS - GALA GRS NOEL 02\" \/><\/a>\n\t\t\t<\/div><\/figure><figure class='gallery-item'>\n\t\t\t<div class='gallery-icon landscape'>\n\t\t\t\t<a href='https:\/\/newsestlyonnais.fr\/site\/2017\/12\/24\/genas-un-gala-de-noel-pour-clore-lannee-de-la-grs\/nexwsestlyonnais-gala-grs-genas-02\/'><img loading=\"lazy\" decoding=\"async\" width=\"150\" height=\"150\" src=\"https:\/\/newsestlyonnais.fr\/site\/wp-content\/uploads\/2017\/12\/NEXWSESTLYONNAIS-gala-grs-genas-02-150x150.jpg\" class=\"attachment-thumbnail size-thumbnail\" alt=\"NEXWSESTLYONNAIS -gala grs genas 02\" \/><\/a>\n\t\t\t<\/div><\/figure><figure class='gallery-item'>\n\t\t\t<div class='gallery-icon landscape'>\n\t\t\t\t<a href='https:\/\/newsestlyonnais.fr\/site\/2017\/12\/24\/genas-un-gala-de-noel-pour-clore-lannee-de-la-grs\/newsestlyonnais-gal-grs-noel-04\/'><img loading=\"lazy\" decoding=\"async\" width=\"150\" height=\"150\" src=\"https:\/\/newsestlyonnais.fr\/site\/wp-content\/uploads\/2017\/12\/NEWSESTLYONNAIS-GAL-GRS-NOEL-04-150x150.jpg\" class=\"attachment-thumbnail size-thumbnail\" alt=\"NEWSESTLYONNAIS - GAL GRS NOEL 04\" \/><\/a>\n\t\t\t<\/div><\/figure>\n\t\t<\/div>\n\n","protected":false},"excerpt":{"rendered":"<p>Quoi de plus magique et festif qu&rsquo;un beau gala pour achever une ann\u00e9e 2017 encore une fois bien remplie pour la GRS de Genas. Deux heures de spectacle vendredi soir, qui ont permis au public venu une nouvelle fois en nombre et en famille de voir d\u00e9filer tour \u00e0 tour chacune des 32 \u00e9quipes participantes. [&hellip;]<\/p>\n","protected":false},"author":4,"featured_media":40968,"comment_status":"open","ping_status":"open","sticky":false,"template":"","format":"standard","meta":{"footnotes":""},"categories":[270,166,1598,1319],"tags":[],"class_list":["post-40904","post","type-post","status-publish","format-standard","has-post-thumbnail","hentry","category-cte-de-communes-c-c-e-l","category-divers-sports","category-genas","category-gymnastique-grs-gv"],"yoast_head":"<!-- This site is optimized with the Yoast SEO plugin v27.2 - https:\/\/yoast.com\/product\/yoast-seo-wordpress\/ -->\n<title>GENAS : Un gala de No\u00ebl pour clore l&#039;ann\u00e9e de la GRS<\/title>\n<meta name=\"description\" content=\"GENAS : Un gala de No\u00ebl pour clore l&#039;ann\u00e9e de la GRS\" \/>\n<meta name=\"robots\" content=\"index, follow, max-snippet:-1, max-image-preview:large, max-video-preview:-1\" \/>\n<link rel=\"canonical\" href=\"https:\/\/newsestlyonnais.fr\/site\/2017\/12\/24\/genas-un-gala-de-noel-pour-clore-lannee-de-la-grs\/\" \/>\n<meta property=\"og:locale\" content=\"fr_FR\" \/>\n<meta property=\"og:type\" content=\"article\" \/>\n<meta property=\"og:title\" content=\"GENAS : Un gala de No\u00ebl pour clore l&#039;ann\u00e9e de la GRS\" \/>\n<meta property=\"og:description\" content=\"GENAS : Un gala de No\u00ebl pour clore l&#039;ann\u00e9e de la GRS\" \/>\n<meta property=\"og:url\" content=\"https:\/\/newsestlyonnais.fr\/site\/2017\/12\/24\/genas-un-gala-de-noel-pour-clore-lannee-de-la-grs\/\" \/>\n<meta property=\"og:site_name\" content=\"News Est Lyonnais\" \/>\n<meta property=\"article:author\" content=\"https:\/\/www.facebook.com\/pascal.oberson.1?fref=ts\" \/>\n<meta property=\"article:published_time\" content=\"2017-12-24T17:55:03+00:00\" \/>\n<meta property=\"article:modified_time\" content=\"2020-11-09T05:40:12+00:00\" \/>\n<meta property=\"og:image\" content=\"https:\/\/i2.wp.com\/newsestlyonnais.fr\/site\/wp-content\/uploads\/2017\/12\/NEWSESTLYONNAIS-GALA-GRS-GENAS.jpg?fit=2048%2C1536&ssl=1\" \/>\n\t<meta property=\"og:image:width\" content=\"2048\" \/>\n\t<meta property=\"og:image:height\" content=\"1536\" \/>\n\t<meta property=\"og:image:type\" content=\"image\/jpeg\" \/>\n<meta name=\"author\" content=\"R\u00e9dac. NEWS\" \/>\n<meta name=\"twitter:card\" content=\"summary_large_image\" \/>\n<meta name=\"twitter:label1\" content=\"\u00c9crit par\" \/>\n\t<meta name=\"twitter:data1\" content=\"R\u00e9dac. NEWS\" \/>\n\t<meta name=\"twitter:label2\" content=\"Dur\u00e9e de lecture estim\u00e9e\" \/>\n\t<meta name=\"twitter:data2\" content=\"1 minute\" \/>\n<script type=\"application\/ld+json\" class=\"yoast-schema-graph\">{\"@context\":\"https:\/\/schema.org\",\"@graph\":[{\"@type\":\"Article\",\"@id\":\"https:\/\/newsestlyonnais.fr\/site\/2017\/12\/24\/genas-un-gala-de-noel-pour-clore-lannee-de-la-grs\/#article\",\"isPartOf\":{\"@id\":\"https:\/\/newsestlyonnais.fr\/site\/2017\/12\/24\/genas-un-gala-de-noel-pour-clore-lannee-de-la-grs\/\"},\"author\":{\"name\":\"R\u00e9dac. NEWS\",\"@id\":\"https:\/\/newsestlyonnais.fr\/site\/#\/schema\/person\/3230d5615f390bb808365d673001e887\"},\"headline\":\"GENAS | Un gala de No\u00ebl pour clore l&rsquo;ann\u00e9e de la GRS\",\"datePublished\":\"2017-12-24T17:55:03+00:00\",\"dateModified\":\"2020-11-09T05:40:12+00:00\",\"mainEntityOfPage\":{\"@id\":\"https:\/\/newsestlyonnais.fr\/site\/2017\/12\/24\/genas-un-gala-de-noel-pour-clore-lannee-de-la-grs\/\"},\"wordCount\":126,\"commentCount\":0,\"publisher\":{\"@id\":\"https:\/\/newsestlyonnais.fr\/site\/#organization\"},\"image\":{\"@id\":\"https:\/\/newsestlyonnais.fr\/site\/2017\/12\/24\/genas-un-gala-de-noel-pour-clore-lannee-de-la-grs\/#primaryimage\"},\"thumbnailUrl\":\"https:\/\/newsestlyonnais.fr\/site\/wp-content\/uploads\/2017\/12\/NEWSESTLYONNAIS-GALA-GRS-GENAS.jpg\",\"articleSection\":[\"CCEL | Communes\",\"Divers Sports\",\"Genas\",\"Gymnastique | Grs | Gv\"],\"inLanguage\":\"fr-FR\",\"potentialAction\":[{\"@type\":\"CommentAction\",\"name\":\"Comment\",\"target\":[\"https:\/\/newsestlyonnais.fr\/site\/2017\/12\/24\/genas-un-gala-de-noel-pour-clore-lannee-de-la-grs\/#respond\"]}]},{\"@type\":\"WebPage\",\"@id\":\"https:\/\/newsestlyonnais.fr\/site\/2017\/12\/24\/genas-un-gala-de-noel-pour-clore-lannee-de-la-grs\/\",\"url\":\"https:\/\/newsestlyonnais.fr\/site\/2017\/12\/24\/genas-un-gala-de-noel-pour-clore-lannee-de-la-grs\/\",\"name\":\"GENAS : Un gala de No\u00ebl pour clore l'ann\u00e9e de la GRS\",\"isPartOf\":{\"@id\":\"https:\/\/newsestlyonnais.fr\/site\/#website\"},\"primaryImageOfPage\":{\"@id\":\"https:\/\/newsestlyonnais.fr\/site\/2017\/12\/24\/genas-un-gala-de-noel-pour-clore-lannee-de-la-grs\/#primaryimage\"},\"image\":{\"@id\":\"https:\/\/newsestlyonnais.fr\/site\/2017\/12\/24\/genas-un-gala-de-noel-pour-clore-lannee-de-la-grs\/#primaryimage\"},\"thumbnailUrl\":\"https:\/\/newsestlyonnais.fr\/site\/wp-content\/uploads\/2017\/12\/NEWSESTLYONNAIS-GALA-GRS-GENAS.jpg\",\"datePublished\":\"2017-12-24T17:55:03+00:00\",\"dateModified\":\"2020-11-09T05:40:12+00:00\",\"description\":\"GENAS : Un gala de No\u00ebl pour clore l'ann\u00e9e de la GRS\",\"breadcrumb\":{\"@id\":\"https:\/\/newsestlyonnais.fr\/site\/2017\/12\/24\/genas-un-gala-de-noel-pour-clore-lannee-de-la-grs\/#breadcrumb\"},\"inLanguage\":\"fr-FR\",\"potentialAction\":[{\"@type\":\"ReadAction\",\"target\":[\"https:\/\/newsestlyonnais.fr\/site\/2017\/12\/24\/genas-un-gala-de-noel-pour-clore-lannee-de-la-grs\/\"]}]},{\"@type\":\"ImageObject\",\"inLanguage\":\"fr-FR\",\"@id\":\"https:\/\/newsestlyonnais.fr\/site\/2017\/12\/24\/genas-un-gala-de-noel-pour-clore-lannee-de-la-grs\/#primaryimage\",\"url\":\"https:\/\/newsestlyonnais.fr\/site\/wp-content\/uploads\/2017\/12\/NEWSESTLYONNAIS-GALA-GRS-GENAS.jpg\",\"contentUrl\":\"https:\/\/newsestlyonnais.fr\/site\/wp-content\/uploads\/2017\/12\/NEWSESTLYONNAIS-GALA-GRS-GENAS.jpg\",\"width\":2048,\"height\":1536,\"caption\":\"NEWSESTLYONNAIS - GALA GRS GENAS\"},{\"@type\":\"BreadcrumbList\",\"@id\":\"https:\/\/newsestlyonnais.fr\/site\/2017\/12\/24\/genas-un-gala-de-noel-pour-clore-lannee-de-la-grs\/#breadcrumb\",\"itemListElement\":[{\"@type\":\"ListItem\",\"position\":1,\"name\":\"Accueil\",\"item\":\"https:\/\/newsestlyonnais.fr\/site\/\"},{\"@type\":\"ListItem\",\"position\":2,\"name\":\"GENAS | Un gala de No\u00ebl pour clore l&rsquo;ann\u00e9e de la GRS\"}]},{\"@type\":\"WebSite\",\"@id\":\"https:\/\/newsestlyonnais.fr\/site\/#website\",\"url\":\"https:\/\/newsestlyonnais.fr\/site\/\",\"name\":\"News Est Lyonnais\",\"description\":\"L&#039;actualit\u00e9 au plus pr\u00e8s\",\"publisher\":{\"@id\":\"https:\/\/newsestlyonnais.fr\/site\/#organization\"},\"potentialAction\":[{\"@type\":\"SearchAction\",\"target\":{\"@type\":\"EntryPoint\",\"urlTemplate\":\"https:\/\/newsestlyonnais.fr\/site\/?s={search_term_string}\"},\"query-input\":{\"@type\":\"PropertyValueSpecification\",\"valueRequired\":true,\"valueName\":\"search_term_string\"}}],\"inLanguage\":\"fr-FR\"},{\"@type\":\"Organization\",\"@id\":\"https:\/\/newsestlyonnais.fr\/site\/#organization\",\"name\":\"News EST LYONNAIS\",\"url\":\"https:\/\/newsestlyonnais.fr\/site\/\",\"logo\":{\"@type\":\"ImageObject\",\"inLanguage\":\"fr-FR\",\"@id\":\"https:\/\/newsestlyonnais.fr\/site\/#\/schema\/logo\/image\/\",\"url\":\"\",\"contentUrl\":\"\",\"caption\":\"News EST LYONNAIS\"},\"image\":{\"@id\":\"https:\/\/newsestlyonnais.fr\/site\/#\/schema\/logo\/image\/\"}},{\"@type\":\"Person\",\"@id\":\"https:\/\/newsestlyonnais.fr\/site\/#\/schema\/person\/3230d5615f390bb808365d673001e887\",\"name\":\"R\u00e9dac. NEWS\",\"sameAs\":[\"http:\/\/www.newsestlyonnais.fr\",\"https:\/\/www.facebook.com\/pascal.oberson.1?fref=ts\",\"https:\/\/fr.linkedin.com\/in\/pascal-oberson-b17045113\"],\"url\":\"https:\/\/newsestlyonnais.fr\/site\/author\/nel\/\"}]}<\/script>\n<!-- \/ Yoast SEO plugin. -->","yoast_head_json":{"title":"GENAS : Un gala de No\u00ebl pour clore l'ann\u00e9e de la GRS","description":"GENAS : Un gala de No\u00ebl pour clore l'ann\u00e9e de la GRS","robots":{"index":"index","follow":"follow","max-snippet":"max-snippet:-1","max-image-preview":"max-image-preview:large","max-video-preview":"max-video-preview:-1"},"canonical":"https:\/\/newsestlyonnais.fr\/site\/2017\/12\/24\/genas-un-gala-de-noel-pour-clore-lannee-de-la-grs\/","og_locale":"fr_FR","og_type":"article","og_title":"GENAS : Un gala de No\u00ebl pour clore l'ann\u00e9e de la GRS","og_description":"GENAS : Un gala de No\u00ebl pour clore l'ann\u00e9e de la GRS","og_url":"https:\/\/newsestlyonnais.fr\/site\/2017\/12\/24\/genas-un-gala-de-noel-pour-clore-lannee-de-la-grs\/","og_site_name":"News Est Lyonnais","article_author":"https:\/\/www.facebook.com\/pascal.oberson.1?fref=ts","article_published_time":"2017-12-24T17:55:03+00:00","article_modified_time":"2020-11-09T05:40:12+00:00","og_image":[{"width":2048,"height":1536,"url":"https:\/\/i2.wp.com\/newsestlyonnais.fr\/site\/wp-content\/uploads\/2017\/12\/NEWSESTLYONNAIS-GALA-GRS-GENAS.jpg?fit=2048%2C1536&ssl=1","type":"image\/jpeg"}],"author":"R\u00e9dac. NEWS","twitter_card":"summary_large_image","twitter_misc":{"\u00c9crit par":"R\u00e9dac. NEWS","Dur\u00e9e de lecture estim\u00e9e":"1 minute"},"schema":{"@context":"https:\/\/schema.org","@graph":[{"@type":"Article","@id":"https:\/\/newsestlyonnais.fr\/site\/2017\/12\/24\/genas-un-gala-de-noel-pour-clore-lannee-de-la-grs\/#article","isPartOf":{"@id":"https:\/\/newsestlyonnais.fr\/site\/2017\/12\/24\/genas-un-gala-de-noel-pour-clore-lannee-de-la-grs\/"},"author":{"name":"R\u00e9dac. NEWS","@id":"https:\/\/newsestlyonnais.fr\/site\/#\/schema\/person\/3230d5615f390bb808365d673001e887"},"headline":"GENAS | Un gala de No\u00ebl pour clore l&rsquo;ann\u00e9e de la GRS","datePublished":"2017-12-24T17:55:03+00:00","dateModified":"2020-11-09T05:40:12+00:00","mainEntityOfPage":{"@id":"https:\/\/newsestlyonnais.fr\/site\/2017\/12\/24\/genas-un-gala-de-noel-pour-clore-lannee-de-la-grs\/"},"wordCount":126,"commentCount":0,"publisher":{"@id":"https:\/\/newsestlyonnais.fr\/site\/#organization"},"image":{"@id":"https:\/\/newsestlyonnais.fr\/site\/2017\/12\/24\/genas-un-gala-de-noel-pour-clore-lannee-de-la-grs\/#primaryimage"},"thumbnailUrl":"https:\/\/newsestlyonnais.fr\/site\/wp-content\/uploads\/2017\/12\/NEWSESTLYONNAIS-GALA-GRS-GENAS.jpg","articleSection":["CCEL | Communes","Divers Sports","Genas","Gymnastique | Grs | Gv"],"inLanguage":"fr-FR","potentialAction":[{"@type":"CommentAction","name":"Comment","target":["https:\/\/newsestlyonnais.fr\/site\/2017\/12\/24\/genas-un-gala-de-noel-pour-clore-lannee-de-la-grs\/#respond"]}]},{"@type":"WebPage","@id":"https:\/\/newsestlyonnais.fr\/site\/2017\/12\/24\/genas-un-gala-de-noel-pour-clore-lannee-de-la-grs\/","url":"https:\/\/newsestlyonnais.fr\/site\/2017\/12\/24\/genas-un-gala-de-noel-pour-clore-lannee-de-la-grs\/","name":"GENAS : Un gala de No\u00ebl pour clore l'ann\u00e9e de la GRS","isPartOf":{"@id":"https:\/\/newsestlyonnais.fr\/site\/#website"},"primaryImageOfPage":{"@id":"https:\/\/newsestlyonnais.fr\/site\/2017\/12\/24\/genas-un-gala-de-noel-pour-clore-lannee-de-la-grs\/#primaryimage"},"image":{"@id":"https:\/\/newsestlyonnais.fr\/site\/2017\/12\/24\/genas-un-gala-de-noel-pour-clore-lannee-de-la-grs\/#primaryimage"},"thumbnailUrl":"https:\/\/newsestlyonnais.fr\/site\/wp-content\/uploads\/2017\/12\/NEWSESTLYONNAIS-GALA-GRS-GENAS.jpg","datePublished":"2017-12-24T17:55:03+00:00","dateModified":"2020-11-09T05:40:12+00:00","description":"GENAS : Un gala de No\u00ebl pour clore l'ann\u00e9e de la GRS","breadcrumb":{"@id":"https:\/\/newsestlyonnais.fr\/site\/2017\/12\/24\/genas-un-gala-de-noel-pour-clore-lannee-de-la-grs\/#breadcrumb"},"inLanguage":"fr-FR","potentialAction":[{"@type":"ReadAction","target":["https:\/\/newsestlyonnais.fr\/site\/2017\/12\/24\/genas-un-gala-de-noel-pour-clore-lannee-de-la-grs\/"]}]},{"@type":"ImageObject","inLanguage":"fr-FR","@id":"https:\/\/newsestlyonnais.fr\/site\/2017\/12\/24\/genas-un-gala-de-noel-pour-clore-lannee-de-la-grs\/#primaryimage","url":"https:\/\/newsestlyonnais.fr\/site\/wp-content\/uploads\/2017\/12\/NEWSESTLYONNAIS-GALA-GRS-GENAS.jpg","contentUrl":"https:\/\/newsestlyonnais.fr\/site\/wp-content\/uploads\/2017\/12\/NEWSESTLYONNAIS-GALA-GRS-GENAS.jpg","width":2048,"height":1536,"caption":"NEWSESTLYONNAIS - GALA GRS GENAS"},{"@type":"BreadcrumbList","@id":"https:\/\/newsestlyonnais.fr\/site\/2017\/12\/24\/genas-un-gala-de-noel-pour-clore-lannee-de-la-grs\/#breadcrumb","itemListElement":[{"@type":"ListItem","position":1,"name":"Accueil","item":"https:\/\/newsestlyonnais.fr\/site\/"},{"@type":"ListItem","position":2,"name":"GENAS | Un gala de No\u00ebl pour clore l&rsquo;ann\u00e9e de la GRS"}]},{"@type":"WebSite","@id":"https:\/\/newsestlyonnais.fr\/site\/#website","url":"https:\/\/newsestlyonnais.fr\/site\/","name":"News Est Lyonnais","description":"L&#039;actualit\u00e9 au plus pr\u00e8s","publisher":{"@id":"https:\/\/newsestlyonnais.fr\/site\/#organization"},"potentialAction":[{"@type":"SearchAction","target":{"@type":"EntryPoint","urlTemplate":"https:\/\/newsestlyonnais.fr\/site\/?s={search_term_string}"},"query-input":{"@type":"PropertyValueSpecification","valueRequired":true,"valueName":"search_term_string"}}],"inLanguage":"fr-FR"},{"@type":"Organization","@id":"https:\/\/newsestlyonnais.fr\/site\/#organization","name":"News EST LYONNAIS","url":"https:\/\/newsestlyonnais.fr\/site\/","logo":{"@type":"ImageObject","inLanguage":"fr-FR","@id":"https:\/\/newsestlyonnais.fr\/site\/#\/schema\/logo\/image\/","url":"","contentUrl":"","caption":"News EST LYONNAIS"},"image":{"@id":"https:\/\/newsestlyonnais.fr\/site\/#\/schema\/logo\/image\/"}},{"@type":"Person","@id":"https:\/\/newsestlyonnais.fr\/site\/#\/schema\/person\/3230d5615f390bb808365d673001e887","name":"R\u00e9dac. NEWS","sameAs":["http:\/\/www.newsestlyonnais.fr","https:\/\/www.facebook.com\/pascal.oberson.1?fref=ts","https:\/\/fr.linkedin.com\/in\/pascal-oberson-b17045113"],"url":"https:\/\/newsestlyonnais.fr\/site\/author\/nel\/"}]}},"_links":{"self":[{"href":"https:\/\/newsestlyonnais.fr\/site\/wp-json\/wp\/v2\/posts\/40904","targetHints":{"allow":["GET"]}}],"collection":[{"href":"https:\/\/newsestlyonnais.fr\/site\/wp-json\/wp\/v2\/posts"}],"about":[{"href":"https:\/\/newsestlyonnais.fr\/site\/wp-json\/wp\/v2\/types\/post"}],"author":[{"embeddable":true,"href":"https:\/\/newsestlyonnais.fr\/site\/wp-json\/wp\/v2\/users\/4"}],"replies":[{"embeddable":true,"href":"https:\/\/newsestlyonnais.fr\/site\/wp-json\/wp\/v2\/comments?post=40904"}],"version-history":[{"count":0,"href":"https:\/\/newsestlyonnais.fr\/site\/wp-json\/wp\/v2\/posts\/40904\/revisions"}],"wp:featuredmedia":[{"embeddable":true,"href":"https:\/\/newsestlyonnais.fr\/site\/wp-json\/wp\/v2\/media\/40968"}],"wp:attachment":[{"href":"https:\/\/newsestlyonnais.fr\/site\/wp-json\/wp\/v2\/media?parent=40904"}],"wp:term":[{"taxonomy":"category","embeddable":true,"href":"https:\/\/newsestlyonnais.fr\/site\/wp-json\/wp\/v2\/categories?post=40904"},{"taxonomy":"post_tag","embeddable":true,"href":"https:\/\/newsestlyonnais.fr\/site\/wp-json\/wp\/v2\/tags?post=40904"}],"curies":[{"name":"wp","href":"https:\/\/api.w.org\/{rel}","templated":true}]}}