{"id":40921,"date":"2017-12-23T14:39:04","date_gmt":"2017-12-23T13:39:04","guid":{"rendered":"http:\/\/newsestlyonnais.fr\/site\/?p=40921"},"modified":"2020-11-06T15:13:10","modified_gmt":"2020-11-06T14:13:10","slug":"venissieux-de-nouveaux-grades-au-sen-no-sen-karate","status":"publish","type":"post","link":"https:\/\/newsestlyonnais.fr\/site\/2017\/12\/23\/venissieux-de-nouveaux-grades-au-sen-no-sen-karate\/","title":{"rendered":"VENISSIEUX | De nouveaux grad\u00e9s au Sen No Sen Karat\u00e9"},"content":{"rendered":"<h4>En cette fin d\u2019ann\u00e9e 2017, 2 \u00e9v\u00e8nements marquants sont \u00e0 signaler au Sen No Sen Karat\u00e9 V\u00e9nissieux qui a accueilli de nouveaux grad\u00e9s:<\/h4>\n<ul>\n<li><span style=\"text-decoration: underline\">Dimanche 10 d\u00e9cembre<\/span> : environ 100 enfants adh\u00e9rents de l\u2019association ont\u00a0 effectu\u00e9 leurs <strong>passages de grades (<\/strong>PHOTO A LA UNE), avec \u00e0 la cl\u00e9 remise de leur nouvelles ceintures et une boite surprise pour f\u00eater la fin d\u2019ann\u00e9e.<\/li>\n<li><span style=\"text-decoration: underline\">Samedi 16 d\u00e9cembre<\/span> : S\u00e9phise et Phostin Aouf, Yanis et Ilies Elguir, Idriss Bakhti et Abdel Boulabnane ont obtenu leur <strong>ceinture noire<\/strong> (1\u00b0 dan). Marie-Claude Barbin et Serge Vichniakoff ont r\u00e9ussi leur 2\u00b0 dan et Adrien Mazoyer a r\u00e9ussi son 3\u00b0 dan.<\/li>\n<\/ul>\n<p><span style=\"text-decoration: underline\">PHOTO des ceintures noires, ci dessous<\/span>: (de gauche \u00e0 droite) : Idriss Bakhti, Djamel Bezriche, Abdel Boulabnane, Ilies Elguir, Marie-Claude Barbin, Adrien Mazoyer, Yanis Elguir et St\u00e9phane Gothuey.<\/p>\n<ul>\n<li>\n<h4>Retrouvez l&rsquo;ACTU du club sur : <a href=\"http:\/\/sennosen.e-monsite.com\" target=\"_blank\" rel=\"noopener noreferrer\">http:\/\/sennosen.e-monsite.com<\/a><\/h4>\n<\/li>\n<\/ul>\n<p><img loading=\"lazy\" decoding=\"async\" class=\"alignleft size-full wp-image-40933\" src=\"https:\/\/newsestlyonnais.fr\/site\/medias\/2017\/12\/NEWSESTLYONNAIS-SEN-NO-SEN-C-NOIRES.jpg\" alt=\"NEWSESTLYONNAIS - SEN NO SEN C NOIRES\" width=\"939\" height=\"596\" srcset=\"https:\/\/newsestlyonnais.fr\/site\/wp-content\/uploads\/2017\/12\/NEWSESTLYONNAIS-SEN-NO-SEN-C-NOIRES.jpg 939w, https:\/\/newsestlyonnais.fr\/site\/wp-content\/uploads\/2017\/12\/NEWSESTLYONNAIS-SEN-NO-SEN-C-NOIRES-400x254.jpg 400w, https:\/\/newsestlyonnais.fr\/site\/wp-content\/uploads\/2017\/12\/NEWSESTLYONNAIS-SEN-NO-SEN-C-NOIRES-768x487.jpg 768w, https:\/\/newsestlyonnais.fr\/site\/wp-content\/uploads\/2017\/12\/NEWSESTLYONNAIS-SEN-NO-SEN-C-NOIRES-600x381.jpg 600w, https:\/\/newsestlyonnais.fr\/site\/wp-content\/uploads\/2017\/12\/NEWSESTLYONNAIS-SEN-NO-SEN-C-NOIRES-171x108.jpg 171w\" sizes=\"auto, (max-width: 939px) 100vw, 939px\" \/><\/p>\n","protected":false},"excerpt":{"rendered":"<p>En cette fin d\u2019ann\u00e9e 2017, 2 \u00e9v\u00e8nements marquants sont \u00e0 signaler au Sen No Sen Karat\u00e9 V\u00e9nissieux qui a accueilli de nouveaux grad\u00e9s: Dimanche 10 d\u00e9cembre : environ 100 enfants adh\u00e9rents de l\u2019association ont\u00a0 effectu\u00e9 leurs passages de grades (PHOTO A LA UNE), avec \u00e0 la cl\u00e9 remise de leur nouvelles ceintures et une boite [&hellip;]<\/p>\n","protected":false},"author":4,"featured_media":40930,"comment_status":"open","ping_status":"open","sticky":false,"template":"","format":"standard","meta":{"footnotes":""},"categories":[2994,1353,1298],"tags":[],"class_list":["post-40921","post","type-post","status-publish","format-standard","has-post-thumbnail","hentry","category-judo-karate-taekwondo-sports","category-karate","category-venissieux"],"yoast_head":"<!-- This site is optimized with the Yoast SEO plugin v27.2 - https:\/\/yoast.com\/product\/yoast-seo-wordpress\/ -->\n<title>VENISSIEUX : De nouveaux grad\u00e9s au Sen No Sen Karat\u00e9<\/title>\n<meta name=\"description\" content=\"VENISSIEUX : De nouveaux grad\u00e9s au Sen No Sen Karat\u00e9\" \/>\n<meta name=\"robots\" content=\"index, follow, max-snippet:-1, max-image-preview:large, max-video-preview:-1\" \/>\n<link rel=\"canonical\" href=\"https:\/\/newsestlyonnais.fr\/site\/2017\/12\/23\/venissieux-de-nouveaux-grades-au-sen-no-sen-karate\/\" \/>\n<meta property=\"og:locale\" content=\"fr_FR\" \/>\n<meta property=\"og:type\" content=\"article\" \/>\n<meta property=\"og:title\" content=\"VENISSIEUX : De nouveaux grad\u00e9s au Sen No Sen Karat\u00e9\" \/>\n<meta property=\"og:description\" content=\"VENISSIEUX : De nouveaux grad\u00e9s au Sen No Sen Karat\u00e9\" \/>\n<meta property=\"og:url\" content=\"https:\/\/newsestlyonnais.fr\/site\/2017\/12\/23\/venissieux-de-nouveaux-grades-au-sen-no-sen-karate\/\" \/>\n<meta property=\"og:site_name\" content=\"News Est Lyonnais\" \/>\n<meta property=\"article:author\" content=\"https:\/\/www.facebook.com\/pascal.oberson.1?fref=ts\" \/>\n<meta property=\"article:published_time\" content=\"2017-12-23T13:39:04+00:00\" \/>\n<meta property=\"article:modified_time\" content=\"2020-11-06T14:13:10+00:00\" \/>\n<meta property=\"og:image\" content=\"https:\/\/i1.wp.com\/newsestlyonnais.fr\/site\/wp-content\/uploads\/2017\/12\/NEWSESTLYONNAIS-SEN-NOS-SEN-GRADES.jpg?fit=1130%2C557&ssl=1\" \/>\n\t<meta property=\"og:image:width\" content=\"1130\" \/>\n\t<meta property=\"og:image:height\" content=\"557\" \/>\n\t<meta property=\"og:image:type\" content=\"image\/jpeg\" \/>\n<meta name=\"author\" content=\"R\u00e9dac. NEWS\" \/>\n<meta name=\"twitter:card\" content=\"summary_large_image\" \/>\n<meta name=\"twitter:label1\" content=\"\u00c9crit par\" \/>\n\t<meta name=\"twitter:data1\" content=\"R\u00e9dac. NEWS\" \/>\n\t<meta name=\"twitter:label2\" content=\"Dur\u00e9e de lecture estim\u00e9e\" \/>\n\t<meta name=\"twitter:data2\" content=\"1 minute\" \/>\n<script type=\"application\/ld+json\" class=\"yoast-schema-graph\">{\"@context\":\"https:\/\/schema.org\",\"@graph\":[{\"@type\":\"Article\",\"@id\":\"https:\/\/newsestlyonnais.fr\/site\/2017\/12\/23\/venissieux-de-nouveaux-grades-au-sen-no-sen-karate\/#article\",\"isPartOf\":{\"@id\":\"https:\/\/newsestlyonnais.fr\/site\/2017\/12\/23\/venissieux-de-nouveaux-grades-au-sen-no-sen-karate\/\"},\"author\":{\"name\":\"R\u00e9dac. NEWS\",\"@id\":\"https:\/\/newsestlyonnais.fr\/site\/#\/schema\/person\/3230d5615f390bb808365d673001e887\"},\"headline\":\"VENISSIEUX | De nouveaux grad\u00e9s au Sen No Sen Karat\u00e9\",\"datePublished\":\"2017-12-23T13:39:04+00:00\",\"dateModified\":\"2020-11-06T14:13:10+00:00\",\"mainEntityOfPage\":{\"@id\":\"https:\/\/newsestlyonnais.fr\/site\/2017\/12\/23\/venissieux-de-nouveaux-grades-au-sen-no-sen-karate\/\"},\"wordCount\":153,\"commentCount\":0,\"publisher\":{\"@id\":\"https:\/\/newsestlyonnais.fr\/site\/#organization\"},\"image\":{\"@id\":\"https:\/\/newsestlyonnais.fr\/site\/2017\/12\/23\/venissieux-de-nouveaux-grades-au-sen-no-sen-karate\/#primaryimage\"},\"thumbnailUrl\":\"https:\/\/newsestlyonnais.fr\/site\/wp-content\/uploads\/2017\/12\/NEWSESTLYONNAIS-SEN-NOS-SEN-GRADES.jpg\",\"articleSection\":[\"Judo| Karat\u00e9| Taekwondo\",\"Karat\u00e9\",\"V\u00e9nissieux\"],\"inLanguage\":\"fr-FR\",\"potentialAction\":[{\"@type\":\"CommentAction\",\"name\":\"Comment\",\"target\":[\"https:\/\/newsestlyonnais.fr\/site\/2017\/12\/23\/venissieux-de-nouveaux-grades-au-sen-no-sen-karate\/#respond\"]}]},{\"@type\":\"WebPage\",\"@id\":\"https:\/\/newsestlyonnais.fr\/site\/2017\/12\/23\/venissieux-de-nouveaux-grades-au-sen-no-sen-karate\/\",\"url\":\"https:\/\/newsestlyonnais.fr\/site\/2017\/12\/23\/venissieux-de-nouveaux-grades-au-sen-no-sen-karate\/\",\"name\":\"VENISSIEUX : De nouveaux grad\u00e9s au Sen No Sen Karat\u00e9\",\"isPartOf\":{\"@id\":\"https:\/\/newsestlyonnais.fr\/site\/#website\"},\"primaryImageOfPage\":{\"@id\":\"https:\/\/newsestlyonnais.fr\/site\/2017\/12\/23\/venissieux-de-nouveaux-grades-au-sen-no-sen-karate\/#primaryimage\"},\"image\":{\"@id\":\"https:\/\/newsestlyonnais.fr\/site\/2017\/12\/23\/venissieux-de-nouveaux-grades-au-sen-no-sen-karate\/#primaryimage\"},\"thumbnailUrl\":\"https:\/\/newsestlyonnais.fr\/site\/wp-content\/uploads\/2017\/12\/NEWSESTLYONNAIS-SEN-NOS-SEN-GRADES.jpg\",\"datePublished\":\"2017-12-23T13:39:04+00:00\",\"dateModified\":\"2020-11-06T14:13:10+00:00\",\"description\":\"VENISSIEUX : De nouveaux grad\u00e9s au Sen No Sen Karat\u00e9\",\"breadcrumb\":{\"@id\":\"https:\/\/newsestlyonnais.fr\/site\/2017\/12\/23\/venissieux-de-nouveaux-grades-au-sen-no-sen-karate\/#breadcrumb\"},\"inLanguage\":\"fr-FR\",\"potentialAction\":[{\"@type\":\"ReadAction\",\"target\":[\"https:\/\/newsestlyonnais.fr\/site\/2017\/12\/23\/venissieux-de-nouveaux-grades-au-sen-no-sen-karate\/\"]}]},{\"@type\":\"ImageObject\",\"inLanguage\":\"fr-FR\",\"@id\":\"https:\/\/newsestlyonnais.fr\/site\/2017\/12\/23\/venissieux-de-nouveaux-grades-au-sen-no-sen-karate\/#primaryimage\",\"url\":\"https:\/\/newsestlyonnais.fr\/site\/wp-content\/uploads\/2017\/12\/NEWSESTLYONNAIS-SEN-NOS-SEN-GRADES.jpg\",\"contentUrl\":\"https:\/\/newsestlyonnais.fr\/site\/wp-content\/uploads\/2017\/12\/NEWSESTLYONNAIS-SEN-NOS-SEN-GRADES.jpg\",\"width\":1130,\"height\":557,\"caption\":\"NEWSESTLYONNAIS - SEN NOS SEN GRADES\"},{\"@type\":\"BreadcrumbList\",\"@id\":\"https:\/\/newsestlyonnais.fr\/site\/2017\/12\/23\/venissieux-de-nouveaux-grades-au-sen-no-sen-karate\/#breadcrumb\",\"itemListElement\":[{\"@type\":\"ListItem\",\"position\":1,\"name\":\"Accueil\",\"item\":\"https:\/\/newsestlyonnais.fr\/site\/\"},{\"@type\":\"ListItem\",\"position\":2,\"name\":\"VENISSIEUX | De nouveaux grad\u00e9s au Sen No Sen Karat\u00e9\"}]},{\"@type\":\"WebSite\",\"@id\":\"https:\/\/newsestlyonnais.fr\/site\/#website\",\"url\":\"https:\/\/newsestlyonnais.fr\/site\/\",\"name\":\"News Est Lyonnais\",\"description\":\"L&#039;actualit\u00e9 au plus pr\u00e8s\",\"publisher\":{\"@id\":\"https:\/\/newsestlyonnais.fr\/site\/#organization\"},\"potentialAction\":[{\"@type\":\"SearchAction\",\"target\":{\"@type\":\"EntryPoint\",\"urlTemplate\":\"https:\/\/newsestlyonnais.fr\/site\/?s={search_term_string}\"},\"query-input\":{\"@type\":\"PropertyValueSpecification\",\"valueRequired\":true,\"valueName\":\"search_term_string\"}}],\"inLanguage\":\"fr-FR\"},{\"@type\":\"Organization\",\"@id\":\"https:\/\/newsestlyonnais.fr\/site\/#organization\",\"name\":\"News EST LYONNAIS\",\"url\":\"https:\/\/newsestlyonnais.fr\/site\/\",\"logo\":{\"@type\":\"ImageObject\",\"inLanguage\":\"fr-FR\",\"@id\":\"https:\/\/newsestlyonnais.fr\/site\/#\/schema\/logo\/image\/\",\"url\":\"\",\"contentUrl\":\"\",\"caption\":\"News EST LYONNAIS\"},\"image\":{\"@id\":\"https:\/\/newsestlyonnais.fr\/site\/#\/schema\/logo\/image\/\"}},{\"@type\":\"Person\",\"@id\":\"https:\/\/newsestlyonnais.fr\/site\/#\/schema\/person\/3230d5615f390bb808365d673001e887\",\"name\":\"R\u00e9dac. NEWS\",\"sameAs\":[\"http:\/\/www.newsestlyonnais.fr\",\"https:\/\/www.facebook.com\/pascal.oberson.1?fref=ts\",\"https:\/\/fr.linkedin.com\/in\/pascal-oberson-b17045113\"],\"url\":\"https:\/\/newsestlyonnais.fr\/site\/author\/nel\/\"}]}<\/script>\n<!-- \/ Yoast SEO plugin. -->","yoast_head_json":{"title":"VENISSIEUX : De nouveaux grad\u00e9s au Sen No Sen Karat\u00e9","description":"VENISSIEUX : De nouveaux grad\u00e9s au Sen No Sen Karat\u00e9","robots":{"index":"index","follow":"follow","max-snippet":"max-snippet:-1","max-image-preview":"max-image-preview:large","max-video-preview":"max-video-preview:-1"},"canonical":"https:\/\/newsestlyonnais.fr\/site\/2017\/12\/23\/venissieux-de-nouveaux-grades-au-sen-no-sen-karate\/","og_locale":"fr_FR","og_type":"article","og_title":"VENISSIEUX : De nouveaux grad\u00e9s au Sen No Sen Karat\u00e9","og_description":"VENISSIEUX : De nouveaux grad\u00e9s au Sen No Sen Karat\u00e9","og_url":"https:\/\/newsestlyonnais.fr\/site\/2017\/12\/23\/venissieux-de-nouveaux-grades-au-sen-no-sen-karate\/","og_site_name":"News Est Lyonnais","article_author":"https:\/\/www.facebook.com\/pascal.oberson.1?fref=ts","article_published_time":"2017-12-23T13:39:04+00:00","article_modified_time":"2020-11-06T14:13:10+00:00","og_image":[{"width":1130,"height":557,"url":"https:\/\/i1.wp.com\/newsestlyonnais.fr\/site\/wp-content\/uploads\/2017\/12\/NEWSESTLYONNAIS-SEN-NOS-SEN-GRADES.jpg?fit=1130%2C557&ssl=1","type":"image\/jpeg"}],"author":"R\u00e9dac. NEWS","twitter_card":"summary_large_image","twitter_misc":{"\u00c9crit par":"R\u00e9dac. NEWS","Dur\u00e9e de lecture estim\u00e9e":"1 minute"},"schema":{"@context":"https:\/\/schema.org","@graph":[{"@type":"Article","@id":"https:\/\/newsestlyonnais.fr\/site\/2017\/12\/23\/venissieux-de-nouveaux-grades-au-sen-no-sen-karate\/#article","isPartOf":{"@id":"https:\/\/newsestlyonnais.fr\/site\/2017\/12\/23\/venissieux-de-nouveaux-grades-au-sen-no-sen-karate\/"},"author":{"name":"R\u00e9dac. NEWS","@id":"https:\/\/newsestlyonnais.fr\/site\/#\/schema\/person\/3230d5615f390bb808365d673001e887"},"headline":"VENISSIEUX | De nouveaux grad\u00e9s au Sen No Sen Karat\u00e9","datePublished":"2017-12-23T13:39:04+00:00","dateModified":"2020-11-06T14:13:10+00:00","mainEntityOfPage":{"@id":"https:\/\/newsestlyonnais.fr\/site\/2017\/12\/23\/venissieux-de-nouveaux-grades-au-sen-no-sen-karate\/"},"wordCount":153,"commentCount":0,"publisher":{"@id":"https:\/\/newsestlyonnais.fr\/site\/#organization"},"image":{"@id":"https:\/\/newsestlyonnais.fr\/site\/2017\/12\/23\/venissieux-de-nouveaux-grades-au-sen-no-sen-karate\/#primaryimage"},"thumbnailUrl":"https:\/\/newsestlyonnais.fr\/site\/wp-content\/uploads\/2017\/12\/NEWSESTLYONNAIS-SEN-NOS-SEN-GRADES.jpg","articleSection":["Judo| Karat\u00e9| Taekwondo","Karat\u00e9","V\u00e9nissieux"],"inLanguage":"fr-FR","potentialAction":[{"@type":"CommentAction","name":"Comment","target":["https:\/\/newsestlyonnais.fr\/site\/2017\/12\/23\/venissieux-de-nouveaux-grades-au-sen-no-sen-karate\/#respond"]}]},{"@type":"WebPage","@id":"https:\/\/newsestlyonnais.fr\/site\/2017\/12\/23\/venissieux-de-nouveaux-grades-au-sen-no-sen-karate\/","url":"https:\/\/newsestlyonnais.fr\/site\/2017\/12\/23\/venissieux-de-nouveaux-grades-au-sen-no-sen-karate\/","name":"VENISSIEUX : De nouveaux grad\u00e9s au Sen No Sen Karat\u00e9","isPartOf":{"@id":"https:\/\/newsestlyonnais.fr\/site\/#website"},"primaryImageOfPage":{"@id":"https:\/\/newsestlyonnais.fr\/site\/2017\/12\/23\/venissieux-de-nouveaux-grades-au-sen-no-sen-karate\/#primaryimage"},"image":{"@id":"https:\/\/newsestlyonnais.fr\/site\/2017\/12\/23\/venissieux-de-nouveaux-grades-au-sen-no-sen-karate\/#primaryimage"},"thumbnailUrl":"https:\/\/newsestlyonnais.fr\/site\/wp-content\/uploads\/2017\/12\/NEWSESTLYONNAIS-SEN-NOS-SEN-GRADES.jpg","datePublished":"2017-12-23T13:39:04+00:00","dateModified":"2020-11-06T14:13:10+00:00","description":"VENISSIEUX : De nouveaux grad\u00e9s au Sen No Sen Karat\u00e9","breadcrumb":{"@id":"https:\/\/newsestlyonnais.fr\/site\/2017\/12\/23\/venissieux-de-nouveaux-grades-au-sen-no-sen-karate\/#breadcrumb"},"inLanguage":"fr-FR","potentialAction":[{"@type":"ReadAction","target":["https:\/\/newsestlyonnais.fr\/site\/2017\/12\/23\/venissieux-de-nouveaux-grades-au-sen-no-sen-karate\/"]}]},{"@type":"ImageObject","inLanguage":"fr-FR","@id":"https:\/\/newsestlyonnais.fr\/site\/2017\/12\/23\/venissieux-de-nouveaux-grades-au-sen-no-sen-karate\/#primaryimage","url":"https:\/\/newsestlyonnais.fr\/site\/wp-content\/uploads\/2017\/12\/NEWSESTLYONNAIS-SEN-NOS-SEN-GRADES.jpg","contentUrl":"https:\/\/newsestlyonnais.fr\/site\/wp-content\/uploads\/2017\/12\/NEWSESTLYONNAIS-SEN-NOS-SEN-GRADES.jpg","width":1130,"height":557,"caption":"NEWSESTLYONNAIS - SEN NOS SEN GRADES"},{"@type":"BreadcrumbList","@id":"https:\/\/newsestlyonnais.fr\/site\/2017\/12\/23\/venissieux-de-nouveaux-grades-au-sen-no-sen-karate\/#breadcrumb","itemListElement":[{"@type":"ListItem","position":1,"name":"Accueil","item":"https:\/\/newsestlyonnais.fr\/site\/"},{"@type":"ListItem","position":2,"name":"VENISSIEUX | De nouveaux grad\u00e9s au Sen No Sen Karat\u00e9"}]},{"@type":"WebSite","@id":"https:\/\/newsestlyonnais.fr\/site\/#website","url":"https:\/\/newsestlyonnais.fr\/site\/","name":"News Est Lyonnais","description":"L&#039;actualit\u00e9 au plus pr\u00e8s","publisher":{"@id":"https:\/\/newsestlyonnais.fr\/site\/#organization"},"potentialAction":[{"@type":"SearchAction","target":{"@type":"EntryPoint","urlTemplate":"https:\/\/newsestlyonnais.fr\/site\/?s={search_term_string}"},"query-input":{"@type":"PropertyValueSpecification","valueRequired":true,"valueName":"search_term_string"}}],"inLanguage":"fr-FR"},{"@type":"Organization","@id":"https:\/\/newsestlyonnais.fr\/site\/#organization","name":"News EST LYONNAIS","url":"https:\/\/newsestlyonnais.fr\/site\/","logo":{"@type":"ImageObject","inLanguage":"fr-FR","@id":"https:\/\/newsestlyonnais.fr\/site\/#\/schema\/logo\/image\/","url":"","contentUrl":"","caption":"News EST LYONNAIS"},"image":{"@id":"https:\/\/newsestlyonnais.fr\/site\/#\/schema\/logo\/image\/"}},{"@type":"Person","@id":"https:\/\/newsestlyonnais.fr\/site\/#\/schema\/person\/3230d5615f390bb808365d673001e887","name":"R\u00e9dac. NEWS","sameAs":["http:\/\/www.newsestlyonnais.fr","https:\/\/www.facebook.com\/pascal.oberson.1?fref=ts","https:\/\/fr.linkedin.com\/in\/pascal-oberson-b17045113"],"url":"https:\/\/newsestlyonnais.fr\/site\/author\/nel\/"}]}},"_links":{"self":[{"href":"https:\/\/newsestlyonnais.fr\/site\/wp-json\/wp\/v2\/posts\/40921","targetHints":{"allow":["GET"]}}],"collection":[{"href":"https:\/\/newsestlyonnais.fr\/site\/wp-json\/wp\/v2\/posts"}],"about":[{"href":"https:\/\/newsestlyonnais.fr\/site\/wp-json\/wp\/v2\/types\/post"}],"author":[{"embeddable":true,"href":"https:\/\/newsestlyonnais.fr\/site\/wp-json\/wp\/v2\/users\/4"}],"replies":[{"embeddable":true,"href":"https:\/\/newsestlyonnais.fr\/site\/wp-json\/wp\/v2\/comments?post=40921"}],"version-history":[{"count":0,"href":"https:\/\/newsestlyonnais.fr\/site\/wp-json\/wp\/v2\/posts\/40921\/revisions"}],"wp:featuredmedia":[{"embeddable":true,"href":"https:\/\/newsestlyonnais.fr\/site\/wp-json\/wp\/v2\/media\/40930"}],"wp:attachment":[{"href":"https:\/\/newsestlyonnais.fr\/site\/wp-json\/wp\/v2\/media?parent=40921"}],"wp:term":[{"taxonomy":"category","embeddable":true,"href":"https:\/\/newsestlyonnais.fr\/site\/wp-json\/wp\/v2\/categories?post=40921"},{"taxonomy":"post_tag","embeddable":true,"href":"https:\/\/newsestlyonnais.fr\/site\/wp-json\/wp\/v2\/tags?post=40921"}],"curies":[{"name":"wp","href":"https:\/\/api.w.org\/{rel}","templated":true}]}}