{"id":40936,"date":"2017-12-24T08:37:48","date_gmt":"2017-12-24T07:37:48","guid":{"rendered":"http:\/\/newsestlyonnais.fr\/site\/?p=40936"},"modified":"2020-10-28T15:58:47","modified_gmt":"2020-10-28T14:58:47","slug":"vaulx-en-velin-les-judokas-ont-fete-noel","status":"publish","type":"post","link":"https:\/\/newsestlyonnais.fr\/site\/2017\/12\/24\/vaulx-en-velin-les-judokas-ont-fete-noel\/","title":{"rendered":"VAULX-EN-VELIN | Les judokas ont bien f\u00eat\u00e9 No\u00ebl"},"content":{"rendered":"<h4>A l&rsquo; AL Vaulx en Velin Judo, les entrainements ont fait place vendredi soir \u00e0 la F\u00eate de No\u00ebl, au Palais des Sports Jean Capi\u00e9vic.<\/h4>\n<p>Un beau spectacle venant cl\u00f4turer la premi\u00e8re partie de saison avec au programme d\u00e9monstrations, chutes, duos parents\/enfants, randoris au sol qui ont \u00e9t\u00e9 suivi de l&rsquo;arriv\u00e9e du P\u00e8re No\u00ebl qui apr\u00e8s avoir saut\u00e9 de la tribune a distribu\u00e9 porte-cl\u00e9s du club et papillotes.<\/p>\n<ul>\n<li><strong>Retour en images sur cet \u00e9v\u00e8nement festif de fin d&rsquo;ann\u00e9e qui a rassembl\u00e9 110 jeunes judokas.<br \/>\n<\/strong><\/li>\n<\/ul>\n<ul>\n<li><strong>Retrouvez l\u2019ACTU du club sur<\/strong> : <a href=\"https:\/\/www.facebook.com\/Amicale-laique-de-vaulx-en-velin-1683610118518034\/\" target=\"_blank\" rel=\"noopener noreferrer\">https:\/\/www.facebook.com\/Amicale-laique-de-vaulx-en-velin-1683610118518034\/<\/a><\/li>\n<\/ul>\n<div id='gallery-1' class='gallery galleryid-40936 gallery-columns-3 gallery-size-thumbnail'><figure class='gallery-item'>\n\t\t\t<div class='gallery-icon landscape'>\n\t\t\t\t<a href='https:\/\/newsestlyonnais.fr\/site\/newsestlyonnais-fete-noel-judo-vaulx\/'><img loading=\"lazy\" decoding=\"async\" width=\"150\" height=\"150\" src=\"https:\/\/newsestlyonnais.fr\/site\/wp-content\/uploads\/2017\/12\/NEWSESTLYONNAIS-FETE-NOEL-JUDO-VAULX-150x150.png\" class=\"attachment-thumbnail size-thumbnail\" alt=\"NEWSESTLYONNAIS - FETE NOEL JUDO VAULX\" \/><\/a>\n\t\t\t<\/div><\/figure><figure class='gallery-item'>\n\t\t\t<div class='gallery-icon landscape'>\n\t\t\t\t<a href='https:\/\/newsestlyonnais.fr\/site\/2017\/12\/24\/vaulx-en-velin-les-judokas-ont-fete-noel\/newsestlyonnais-noel-judo-01\/'><img loading=\"lazy\" decoding=\"async\" width=\"150\" height=\"150\" src=\"https:\/\/newsestlyonnais.fr\/site\/wp-content\/uploads\/2017\/12\/NEWSESTLYONNAIS-NOEL-JUDO-01-150x150.jpg\" class=\"attachment-thumbnail size-thumbnail\" alt=\"NEWSESTLYONNAIS - NOEL JUDO 01\" \/><\/a>\n\t\t\t<\/div><\/figure><figure class='gallery-item'>\n\t\t\t<div class='gallery-icon landscape'>\n\t\t\t\t<a href='https:\/\/newsestlyonnais.fr\/site\/2017\/12\/24\/vaulx-en-velin-les-judokas-ont-fete-noel\/newsestlyonnais-noel-judo-02\/'><img loading=\"lazy\" decoding=\"async\" width=\"150\" height=\"150\" src=\"https:\/\/newsestlyonnais.fr\/site\/wp-content\/uploads\/2017\/12\/NEWSESTLYONNAIS-NOEL-JUDO-02-150x150.jpg\" class=\"attachment-thumbnail size-thumbnail\" alt=\"NEWSESTLYONNAIS NOEL JUDO 02\" \/><\/a>\n\t\t\t<\/div><\/figure><figure class='gallery-item'>\n\t\t\t<div class='gallery-icon landscape'>\n\t\t\t\t<a href='https:\/\/newsestlyonnais.fr\/site\/2017\/12\/24\/vaulx-en-velin-les-judokas-ont-fete-noel\/newsestlyonnais-noel-judo-03\/'><img loading=\"lazy\" decoding=\"async\" width=\"150\" height=\"150\" src=\"https:\/\/newsestlyonnais.fr\/site\/wp-content\/uploads\/2017\/12\/NEWSESTLYONNAIS-NOEL-JUDO-03-150x150.jpg\" class=\"attachment-thumbnail size-thumbnail\" alt=\"\" \/><\/a>\n\t\t\t<\/div><\/figure><figure class='gallery-item'>\n\t\t\t<div class='gallery-icon landscape'>\n\t\t\t\t<a href='https:\/\/newsestlyonnais.fr\/site\/2017\/12\/24\/vaulx-en-velin-les-judokas-ont-fete-noel\/newsestlyonnais-noel-judo-04\/'><img loading=\"lazy\" decoding=\"async\" width=\"150\" height=\"150\" src=\"https:\/\/newsestlyonnais.fr\/site\/wp-content\/uploads\/2017\/12\/NEWSESTLYONNAIS-NOEL-JUDO-04-150x150.jpg\" class=\"attachment-thumbnail size-thumbnail\" alt=\"NEWSESTLYONNAIS - NOEL JUDO 04\" aria-describedby=\"gallery-1-40946\" \/><\/a>\n\t\t\t<\/div>\n\t\t\t\t<figcaption class='wp-caption-text gallery-caption' id='gallery-1-40946'>\n\t\t\t\tLe P\u00e8re Noel a aussi fait son show !\n\t\t\t\t<\/figcaption><\/figure><figure class='gallery-item'>\n\t\t\t<div class='gallery-icon landscape'>\n\t\t\t\t<a href='https:\/\/newsestlyonnais.fr\/site\/2017\/12\/24\/vaulx-en-velin-les-judokas-ont-fete-noel\/newsestlyonnais-noel-judo-05\/'><img loading=\"lazy\" decoding=\"async\" width=\"150\" height=\"150\" src=\"https:\/\/newsestlyonnais.fr\/site\/wp-content\/uploads\/2017\/12\/NEWSESTLYONNAIS-NOEL-JUDO-05-150x150.jpg\" class=\"attachment-thumbnail size-thumbnail\" alt=\"NEWSESTLYONNAIS - NOEL JUDO 05\" \/><\/a>\n\t\t\t<\/div><\/figure><figure class='gallery-item'>\n\t\t\t<div class='gallery-icon landscape'>\n\t\t\t\t<a href='https:\/\/newsestlyonnais.fr\/site\/2017\/12\/24\/vaulx-en-velin-les-judokas-ont-fete-noel\/newsestlyonnais-pere-neol-saut\/'><img loading=\"lazy\" decoding=\"async\" width=\"150\" height=\"150\" src=\"https:\/\/newsestlyonnais.fr\/site\/wp-content\/uploads\/2017\/12\/NEWSESTLYONNAIS-PERE-NEOL-SAUT--150x150.jpg\" class=\"attachment-thumbnail size-thumbnail\" alt=\"NEWSESTLYONNAIS - NOEL JUDO 05\" aria-describedby=\"gallery-1-40950\" \/><\/a>\n\t\t\t<\/div>\n\t\t\t\t<figcaption class='wp-caption-text gallery-caption' id='gallery-1-40950'>\n\t\t\t\tLe P\u00e8re Noel va sauter des tribunes !\n\t\t\t\t<\/figcaption><\/figure>\n\t\t<\/div>\n\n","protected":false},"excerpt":{"rendered":"<p>A l&rsquo; AL Vaulx en Velin Judo, les entrainements ont fait place vendredi soir \u00e0 la F\u00eate de No\u00ebl, au Palais des Sports Jean Capi\u00e9vic. Un beau spectacle venant cl\u00f4turer la premi\u00e8re partie de saison avec au programme d\u00e9monstrations, chutes, duos parents\/enfants, randoris au sol qui ont \u00e9t\u00e9 suivi de l&rsquo;arriv\u00e9e du P\u00e8re No\u00ebl qui [&hellip;]<\/p>\n","protected":false},"author":4,"featured_media":40939,"comment_status":"open","ping_status":"open","sticky":false,"template":"","format":"standard","meta":{"footnotes":""},"categories":[1352,2994,28],"tags":[],"class_list":["post-40936","post","type-post","status-publish","format-standard","has-post-thumbnail","hentry","category-judo","category-judo-karate-taekwondo-sports","category-vaulx-en-velin"],"yoast_head":"<!-- This site is optimized with the Yoast SEO plugin v27.2 - https:\/\/yoast.com\/product\/yoast-seo-wordpress\/ -->\n<title>VAULX EN VELIN : Les judokas ont f\u00eat\u00e9 No\u00ebl<\/title>\n<meta name=\"description\" content=\"VAULX EN VELIN : Les judokas ont f\u00eat\u00e9 No\u00ebl\" \/>\n<meta name=\"robots\" content=\"index, follow, max-snippet:-1, max-image-preview:large, max-video-preview:-1\" \/>\n<link rel=\"canonical\" href=\"https:\/\/newsestlyonnais.fr\/site\/2017\/12\/24\/vaulx-en-velin-les-judokas-ont-fete-noel\/\" \/>\n<meta property=\"og:locale\" content=\"fr_FR\" \/>\n<meta property=\"og:type\" content=\"article\" \/>\n<meta property=\"og:title\" content=\"VAULX EN VELIN : Les judokas ont f\u00eat\u00e9 No\u00ebl\" \/>\n<meta property=\"og:description\" content=\"VAULX EN VELIN : Les judokas ont f\u00eat\u00e9 No\u00ebl\" \/>\n<meta property=\"og:url\" content=\"https:\/\/newsestlyonnais.fr\/site\/2017\/12\/24\/vaulx-en-velin-les-judokas-ont-fete-noel\/\" \/>\n<meta property=\"og:site_name\" content=\"News Est Lyonnais\" \/>\n<meta property=\"article:author\" content=\"https:\/\/www.facebook.com\/pascal.oberson.1?fref=ts\" \/>\n<meta property=\"article:published_time\" content=\"2017-12-24T07:37:48+00:00\" \/>\n<meta property=\"article:modified_time\" content=\"2020-10-28T14:58:47+00:00\" \/>\n<meta property=\"og:image\" content=\"https:\/\/i2.wp.com\/newsestlyonnais.fr\/site\/wp-content\/uploads\/2017\/12\/NEWSESTLYONNAIS-NOEL-DU-JUDO.jpg?fit=2048%2C1536&ssl=1\" \/>\n\t<meta property=\"og:image:width\" content=\"2048\" \/>\n\t<meta property=\"og:image:height\" content=\"1536\" \/>\n\t<meta property=\"og:image:type\" content=\"image\/jpeg\" \/>\n<meta name=\"author\" content=\"R\u00e9dac. NEWS\" \/>\n<meta name=\"twitter:card\" content=\"summary_large_image\" \/>\n<meta name=\"twitter:label1\" content=\"\u00c9crit par\" \/>\n\t<meta name=\"twitter:data1\" content=\"R\u00e9dac. NEWS\" \/>\n\t<meta name=\"twitter:label2\" content=\"Dur\u00e9e de lecture estim\u00e9e\" \/>\n\t<meta name=\"twitter:data2\" content=\"1 minute\" \/>\n<script type=\"application\/ld+json\" class=\"yoast-schema-graph\">{\"@context\":\"https:\/\/schema.org\",\"@graph\":[{\"@type\":\"Article\",\"@id\":\"https:\/\/newsestlyonnais.fr\/site\/2017\/12\/24\/vaulx-en-velin-les-judokas-ont-fete-noel\/#article\",\"isPartOf\":{\"@id\":\"https:\/\/newsestlyonnais.fr\/site\/2017\/12\/24\/vaulx-en-velin-les-judokas-ont-fete-noel\/\"},\"author\":{\"name\":\"R\u00e9dac. NEWS\",\"@id\":\"https:\/\/newsestlyonnais.fr\/site\/#\/schema\/person\/3230d5615f390bb808365d673001e887\"},\"headline\":\"VAULX-EN-VELIN | Les judokas ont bien f\u00eat\u00e9 No\u00ebl\",\"datePublished\":\"2017-12-24T07:37:48+00:00\",\"dateModified\":\"2020-10-28T14:58:47+00:00\",\"mainEntityOfPage\":{\"@id\":\"https:\/\/newsestlyonnais.fr\/site\/2017\/12\/24\/vaulx-en-velin-les-judokas-ont-fete-noel\/\"},\"wordCount\":122,\"commentCount\":0,\"publisher\":{\"@id\":\"https:\/\/newsestlyonnais.fr\/site\/#organization\"},\"image\":{\"@id\":\"https:\/\/newsestlyonnais.fr\/site\/2017\/12\/24\/vaulx-en-velin-les-judokas-ont-fete-noel\/#primaryimage\"},\"thumbnailUrl\":\"https:\/\/newsestlyonnais.fr\/site\/wp-content\/uploads\/2017\/12\/NEWSESTLYONNAIS-NOEL-DU-JUDO.jpg\",\"articleSection\":[\"Judo\",\"Judo| Karat\u00e9| Taekwondo\",\"Vaulx-en-Velin\"],\"inLanguage\":\"fr-FR\",\"potentialAction\":[{\"@type\":\"CommentAction\",\"name\":\"Comment\",\"target\":[\"https:\/\/newsestlyonnais.fr\/site\/2017\/12\/24\/vaulx-en-velin-les-judokas-ont-fete-noel\/#respond\"]}]},{\"@type\":\"WebPage\",\"@id\":\"https:\/\/newsestlyonnais.fr\/site\/2017\/12\/24\/vaulx-en-velin-les-judokas-ont-fete-noel\/\",\"url\":\"https:\/\/newsestlyonnais.fr\/site\/2017\/12\/24\/vaulx-en-velin-les-judokas-ont-fete-noel\/\",\"name\":\"VAULX EN VELIN : Les judokas ont f\u00eat\u00e9 No\u00ebl\",\"isPartOf\":{\"@id\":\"https:\/\/newsestlyonnais.fr\/site\/#website\"},\"primaryImageOfPage\":{\"@id\":\"https:\/\/newsestlyonnais.fr\/site\/2017\/12\/24\/vaulx-en-velin-les-judokas-ont-fete-noel\/#primaryimage\"},\"image\":{\"@id\":\"https:\/\/newsestlyonnais.fr\/site\/2017\/12\/24\/vaulx-en-velin-les-judokas-ont-fete-noel\/#primaryimage\"},\"thumbnailUrl\":\"https:\/\/newsestlyonnais.fr\/site\/wp-content\/uploads\/2017\/12\/NEWSESTLYONNAIS-NOEL-DU-JUDO.jpg\",\"datePublished\":\"2017-12-24T07:37:48+00:00\",\"dateModified\":\"2020-10-28T14:58:47+00:00\",\"description\":\"VAULX EN VELIN : Les judokas ont f\u00eat\u00e9 No\u00ebl\",\"breadcrumb\":{\"@id\":\"https:\/\/newsestlyonnais.fr\/site\/2017\/12\/24\/vaulx-en-velin-les-judokas-ont-fete-noel\/#breadcrumb\"},\"inLanguage\":\"fr-FR\",\"potentialAction\":[{\"@type\":\"ReadAction\",\"target\":[\"https:\/\/newsestlyonnais.fr\/site\/2017\/12\/24\/vaulx-en-velin-les-judokas-ont-fete-noel\/\"]}]},{\"@type\":\"ImageObject\",\"inLanguage\":\"fr-FR\",\"@id\":\"https:\/\/newsestlyonnais.fr\/site\/2017\/12\/24\/vaulx-en-velin-les-judokas-ont-fete-noel\/#primaryimage\",\"url\":\"https:\/\/newsestlyonnais.fr\/site\/wp-content\/uploads\/2017\/12\/NEWSESTLYONNAIS-NOEL-DU-JUDO.jpg\",\"contentUrl\":\"https:\/\/newsestlyonnais.fr\/site\/wp-content\/uploads\/2017\/12\/NEWSESTLYONNAIS-NOEL-DU-JUDO.jpg\",\"width\":2048,\"height\":1536,\"caption\":\"NEWSESTLYONNAIS - NOEL DU JUDO\"},{\"@type\":\"BreadcrumbList\",\"@id\":\"https:\/\/newsestlyonnais.fr\/site\/2017\/12\/24\/vaulx-en-velin-les-judokas-ont-fete-noel\/#breadcrumb\",\"itemListElement\":[{\"@type\":\"ListItem\",\"position\":1,\"name\":\"Accueil\",\"item\":\"https:\/\/newsestlyonnais.fr\/site\/\"},{\"@type\":\"ListItem\",\"position\":2,\"name\":\"VAULX-EN-VELIN | Les judokas ont bien f\u00eat\u00e9 No\u00ebl\"}]},{\"@type\":\"WebSite\",\"@id\":\"https:\/\/newsestlyonnais.fr\/site\/#website\",\"url\":\"https:\/\/newsestlyonnais.fr\/site\/\",\"name\":\"News Est Lyonnais\",\"description\":\"L&#039;actualit\u00e9 au plus pr\u00e8s\",\"publisher\":{\"@id\":\"https:\/\/newsestlyonnais.fr\/site\/#organization\"},\"potentialAction\":[{\"@type\":\"SearchAction\",\"target\":{\"@type\":\"EntryPoint\",\"urlTemplate\":\"https:\/\/newsestlyonnais.fr\/site\/?s={search_term_string}\"},\"query-input\":{\"@type\":\"PropertyValueSpecification\",\"valueRequired\":true,\"valueName\":\"search_term_string\"}}],\"inLanguage\":\"fr-FR\"},{\"@type\":\"Organization\",\"@id\":\"https:\/\/newsestlyonnais.fr\/site\/#organization\",\"name\":\"News EST LYONNAIS\",\"url\":\"https:\/\/newsestlyonnais.fr\/site\/\",\"logo\":{\"@type\":\"ImageObject\",\"inLanguage\":\"fr-FR\",\"@id\":\"https:\/\/newsestlyonnais.fr\/site\/#\/schema\/logo\/image\/\",\"url\":\"\",\"contentUrl\":\"\",\"caption\":\"News EST LYONNAIS\"},\"image\":{\"@id\":\"https:\/\/newsestlyonnais.fr\/site\/#\/schema\/logo\/image\/\"}},{\"@type\":\"Person\",\"@id\":\"https:\/\/newsestlyonnais.fr\/site\/#\/schema\/person\/3230d5615f390bb808365d673001e887\",\"name\":\"R\u00e9dac. NEWS\",\"sameAs\":[\"http:\/\/www.newsestlyonnais.fr\",\"https:\/\/www.facebook.com\/pascal.oberson.1?fref=ts\",\"https:\/\/fr.linkedin.com\/in\/pascal-oberson-b17045113\"],\"url\":\"https:\/\/newsestlyonnais.fr\/site\/author\/nel\/\"}]}<\/script>\n<!-- \/ Yoast SEO plugin. -->","yoast_head_json":{"title":"VAULX EN VELIN : Les judokas ont f\u00eat\u00e9 No\u00ebl","description":"VAULX EN VELIN : Les judokas ont f\u00eat\u00e9 No\u00ebl","robots":{"index":"index","follow":"follow","max-snippet":"max-snippet:-1","max-image-preview":"max-image-preview:large","max-video-preview":"max-video-preview:-1"},"canonical":"https:\/\/newsestlyonnais.fr\/site\/2017\/12\/24\/vaulx-en-velin-les-judokas-ont-fete-noel\/","og_locale":"fr_FR","og_type":"article","og_title":"VAULX EN VELIN : Les judokas ont f\u00eat\u00e9 No\u00ebl","og_description":"VAULX EN VELIN : Les judokas ont f\u00eat\u00e9 No\u00ebl","og_url":"https:\/\/newsestlyonnais.fr\/site\/2017\/12\/24\/vaulx-en-velin-les-judokas-ont-fete-noel\/","og_site_name":"News Est Lyonnais","article_author":"https:\/\/www.facebook.com\/pascal.oberson.1?fref=ts","article_published_time":"2017-12-24T07:37:48+00:00","article_modified_time":"2020-10-28T14:58:47+00:00","og_image":[{"width":2048,"height":1536,"url":"https:\/\/i2.wp.com\/newsestlyonnais.fr\/site\/wp-content\/uploads\/2017\/12\/NEWSESTLYONNAIS-NOEL-DU-JUDO.jpg?fit=2048%2C1536&ssl=1","type":"image\/jpeg"}],"author":"R\u00e9dac. NEWS","twitter_card":"summary_large_image","twitter_misc":{"\u00c9crit par":"R\u00e9dac. NEWS","Dur\u00e9e de lecture estim\u00e9e":"1 minute"},"schema":{"@context":"https:\/\/schema.org","@graph":[{"@type":"Article","@id":"https:\/\/newsestlyonnais.fr\/site\/2017\/12\/24\/vaulx-en-velin-les-judokas-ont-fete-noel\/#article","isPartOf":{"@id":"https:\/\/newsestlyonnais.fr\/site\/2017\/12\/24\/vaulx-en-velin-les-judokas-ont-fete-noel\/"},"author":{"name":"R\u00e9dac. NEWS","@id":"https:\/\/newsestlyonnais.fr\/site\/#\/schema\/person\/3230d5615f390bb808365d673001e887"},"headline":"VAULX-EN-VELIN | Les judokas ont bien f\u00eat\u00e9 No\u00ebl","datePublished":"2017-12-24T07:37:48+00:00","dateModified":"2020-10-28T14:58:47+00:00","mainEntityOfPage":{"@id":"https:\/\/newsestlyonnais.fr\/site\/2017\/12\/24\/vaulx-en-velin-les-judokas-ont-fete-noel\/"},"wordCount":122,"commentCount":0,"publisher":{"@id":"https:\/\/newsestlyonnais.fr\/site\/#organization"},"image":{"@id":"https:\/\/newsestlyonnais.fr\/site\/2017\/12\/24\/vaulx-en-velin-les-judokas-ont-fete-noel\/#primaryimage"},"thumbnailUrl":"https:\/\/newsestlyonnais.fr\/site\/wp-content\/uploads\/2017\/12\/NEWSESTLYONNAIS-NOEL-DU-JUDO.jpg","articleSection":["Judo","Judo| Karat\u00e9| Taekwondo","Vaulx-en-Velin"],"inLanguage":"fr-FR","potentialAction":[{"@type":"CommentAction","name":"Comment","target":["https:\/\/newsestlyonnais.fr\/site\/2017\/12\/24\/vaulx-en-velin-les-judokas-ont-fete-noel\/#respond"]}]},{"@type":"WebPage","@id":"https:\/\/newsestlyonnais.fr\/site\/2017\/12\/24\/vaulx-en-velin-les-judokas-ont-fete-noel\/","url":"https:\/\/newsestlyonnais.fr\/site\/2017\/12\/24\/vaulx-en-velin-les-judokas-ont-fete-noel\/","name":"VAULX EN VELIN : Les judokas ont f\u00eat\u00e9 No\u00ebl","isPartOf":{"@id":"https:\/\/newsestlyonnais.fr\/site\/#website"},"primaryImageOfPage":{"@id":"https:\/\/newsestlyonnais.fr\/site\/2017\/12\/24\/vaulx-en-velin-les-judokas-ont-fete-noel\/#primaryimage"},"image":{"@id":"https:\/\/newsestlyonnais.fr\/site\/2017\/12\/24\/vaulx-en-velin-les-judokas-ont-fete-noel\/#primaryimage"},"thumbnailUrl":"https:\/\/newsestlyonnais.fr\/site\/wp-content\/uploads\/2017\/12\/NEWSESTLYONNAIS-NOEL-DU-JUDO.jpg","datePublished":"2017-12-24T07:37:48+00:00","dateModified":"2020-10-28T14:58:47+00:00","description":"VAULX EN VELIN : Les judokas ont f\u00eat\u00e9 No\u00ebl","breadcrumb":{"@id":"https:\/\/newsestlyonnais.fr\/site\/2017\/12\/24\/vaulx-en-velin-les-judokas-ont-fete-noel\/#breadcrumb"},"inLanguage":"fr-FR","potentialAction":[{"@type":"ReadAction","target":["https:\/\/newsestlyonnais.fr\/site\/2017\/12\/24\/vaulx-en-velin-les-judokas-ont-fete-noel\/"]}]},{"@type":"ImageObject","inLanguage":"fr-FR","@id":"https:\/\/newsestlyonnais.fr\/site\/2017\/12\/24\/vaulx-en-velin-les-judokas-ont-fete-noel\/#primaryimage","url":"https:\/\/newsestlyonnais.fr\/site\/wp-content\/uploads\/2017\/12\/NEWSESTLYONNAIS-NOEL-DU-JUDO.jpg","contentUrl":"https:\/\/newsestlyonnais.fr\/site\/wp-content\/uploads\/2017\/12\/NEWSESTLYONNAIS-NOEL-DU-JUDO.jpg","width":2048,"height":1536,"caption":"NEWSESTLYONNAIS - NOEL DU JUDO"},{"@type":"BreadcrumbList","@id":"https:\/\/newsestlyonnais.fr\/site\/2017\/12\/24\/vaulx-en-velin-les-judokas-ont-fete-noel\/#breadcrumb","itemListElement":[{"@type":"ListItem","position":1,"name":"Accueil","item":"https:\/\/newsestlyonnais.fr\/site\/"},{"@type":"ListItem","position":2,"name":"VAULX-EN-VELIN | Les judokas ont bien f\u00eat\u00e9 No\u00ebl"}]},{"@type":"WebSite","@id":"https:\/\/newsestlyonnais.fr\/site\/#website","url":"https:\/\/newsestlyonnais.fr\/site\/","name":"News Est Lyonnais","description":"L&#039;actualit\u00e9 au plus pr\u00e8s","publisher":{"@id":"https:\/\/newsestlyonnais.fr\/site\/#organization"},"potentialAction":[{"@type":"SearchAction","target":{"@type":"EntryPoint","urlTemplate":"https:\/\/newsestlyonnais.fr\/site\/?s={search_term_string}"},"query-input":{"@type":"PropertyValueSpecification","valueRequired":true,"valueName":"search_term_string"}}],"inLanguage":"fr-FR"},{"@type":"Organization","@id":"https:\/\/newsestlyonnais.fr\/site\/#organization","name":"News EST LYONNAIS","url":"https:\/\/newsestlyonnais.fr\/site\/","logo":{"@type":"ImageObject","inLanguage":"fr-FR","@id":"https:\/\/newsestlyonnais.fr\/site\/#\/schema\/logo\/image\/","url":"","contentUrl":"","caption":"News EST LYONNAIS"},"image":{"@id":"https:\/\/newsestlyonnais.fr\/site\/#\/schema\/logo\/image\/"}},{"@type":"Person","@id":"https:\/\/newsestlyonnais.fr\/site\/#\/schema\/person\/3230d5615f390bb808365d673001e887","name":"R\u00e9dac. NEWS","sameAs":["http:\/\/www.newsestlyonnais.fr","https:\/\/www.facebook.com\/pascal.oberson.1?fref=ts","https:\/\/fr.linkedin.com\/in\/pascal-oberson-b17045113"],"url":"https:\/\/newsestlyonnais.fr\/site\/author\/nel\/"}]}},"_links":{"self":[{"href":"https:\/\/newsestlyonnais.fr\/site\/wp-json\/wp\/v2\/posts\/40936","targetHints":{"allow":["GET"]}}],"collection":[{"href":"https:\/\/newsestlyonnais.fr\/site\/wp-json\/wp\/v2\/posts"}],"about":[{"href":"https:\/\/newsestlyonnais.fr\/site\/wp-json\/wp\/v2\/types\/post"}],"author":[{"embeddable":true,"href":"https:\/\/newsestlyonnais.fr\/site\/wp-json\/wp\/v2\/users\/4"}],"replies":[{"embeddable":true,"href":"https:\/\/newsestlyonnais.fr\/site\/wp-json\/wp\/v2\/comments?post=40936"}],"version-history":[{"count":0,"href":"https:\/\/newsestlyonnais.fr\/site\/wp-json\/wp\/v2\/posts\/40936\/revisions"}],"wp:featuredmedia":[{"embeddable":true,"href":"https:\/\/newsestlyonnais.fr\/site\/wp-json\/wp\/v2\/media\/40939"}],"wp:attachment":[{"href":"https:\/\/newsestlyonnais.fr\/site\/wp-json\/wp\/v2\/media?parent=40936"}],"wp:term":[{"taxonomy":"category","embeddable":true,"href":"https:\/\/newsestlyonnais.fr\/site\/wp-json\/wp\/v2\/categories?post=40936"},{"taxonomy":"post_tag","embeddable":true,"href":"https:\/\/newsestlyonnais.fr\/site\/wp-json\/wp\/v2\/tags?post=40936"}],"curies":[{"name":"wp","href":"https:\/\/api.w.org\/{rel}","templated":true}]}}