{"id":41385,"date":"2018-01-06T08:40:11","date_gmt":"2018-01-06T07:40:11","guid":{"rendered":"http:\/\/newsestlyonnais.fr\/site\/?p=41385"},"modified":"2020-11-18T20:48:55","modified_gmt":"2020-11-18T19:48:55","slug":"meyzieu-recensement-de-population-18-janvier-24-fevrier-2018","status":"publish","type":"post","link":"https:\/\/newsestlyonnais.fr\/site\/2018\/01\/06\/meyzieu-recensement-de-population-18-janvier-24-fevrier-2018\/","title":{"rendered":"MEYZIEU | Recensement de la population"},"content":{"rendered":"<p>C\u2019est l\u2019occasion de rappeler le r\u00f4le du recensement et le fait que les personnes sollicit\u00e9es ont l\u2019<em><strong>obligation de r\u00e9pondre au questionnaire<\/strong><\/em>.<br \/>\nL\u2019objectif du recensement, <strong>organis\u00e9 par l\u2019INSEE<\/strong> sur l\u2019ensemble du territoire national est de bien conna\u00eetre la population du pays. Les donn\u00e9es ainsi collect\u00e9es servent \u00e0 concevoir les grandes politiques publiques ainsi que des projets de proximit\u00e9. Le recensement, c\u2019est la base indispensable pour anticiper les futurs besoins des habitants.<br \/>\nLes agents recenseurs, r\u00e9mun\u00e9r\u00e9s par la Ville passeront dans les foyers s\u00e9lectionn\u00e9s et remettront des <strong>identifiants et mots de passe i<\/strong>ndispensables pour r\u00e9pondre au questionnaire sur internet.<\/p>\n<p>Pour ceux qui n\u2019auraient pas acc\u00e8s \u00e0 internet, des questionnaires \u00ab\u00a0papier\u00a0\u00bb leur seront remis et les agents recenseurs viendront les r\u00e9cup\u00e9rer quelques jours plus tard.<br \/>\n&#8211; Une <strong>premi\u00e8re phase<\/strong> se d\u00e9roule du <strong>4 au 17 janvier<\/strong>, p\u00e9riode pendant lesquels les agents recenseurs rep\u00e8rent les adresses, d\u00e9posent les courriers aupr\u00e8s des logements concern\u00e9s et collent des affiches dans les halls des immeubles.<\/p>\n<p>&#8211; Dans un <strong>second temps,<\/strong> <strong>du 18 janvier au 24 f\u00e9vrier<\/strong>, les agents recenseurs iront \u00e0 la rencontre des habitants pour collecter les donn\u00e9es en passant dans chaque logement.<\/p>\n<p>La Ville de Meyzieu remercie les Majolans de r\u00e9server le meilleur accueil aux agents recenseurs.<\/p>\n<p><span style=\"text-decoration: underline\"><em><strong>PHOTO A LA UNE<\/strong><\/em><\/span> : Les 7 agents recenseurs pr\u00e9sents sur la commune. Cr\u00e9dit photo : Ville de Meyzieu.<\/p>\n<ul>\n<li>\n<h4>Retrouvez l&rsquo;ACTU de la commune sur : <a href=\"http:\/\/www.meyzieu.fr\" target=\"_blank\" rel=\"noopener noreferrer\">http:\/\/www.meyzieu.fr<\/a><\/h4>\n<\/li>\n<\/ul>\n","protected":false},"excerpt":{"rendered":"<p>Sept agents recenseurs vont se rendre aupr\u00e8s de 1092 logements majolans s\u00e9lectionn\u00e9s par l\u2019INSEE.<\/p>\n","protected":false},"author":4,"featured_media":41389,"comment_status":"open","ping_status":"open","sticky":false,"template":"","format":"standard","meta":{"footnotes":""},"categories":[3336,24,309],"tags":[],"class_list":["post-41385","post","type-post","status-publish","format-standard","has-post-thumbnail","hentry","category-citoyennete-recensement","category-meyzieu","category-pratique"],"yoast_head":"<!-- This site is optimized with the Yoast SEO plugin v27.2 - https:\/\/yoast.com\/product\/yoast-seo-wordpress\/ -->\n<title>MEYZIEU : Recensement de la population du 18 janvier au 24 f\u00e9vrier 2018<\/title>\n<meta name=\"description\" content=\"MEYZIEU : Recensement de la population du 18 janvier au 24 f\u00e9vrier 2018\" \/>\n<meta name=\"robots\" content=\"index, follow, max-snippet:-1, max-image-preview:large, max-video-preview:-1\" \/>\n<link rel=\"canonical\" href=\"https:\/\/newsestlyonnais.fr\/site\/2018\/01\/06\/meyzieu-recensement-de-population-18-janvier-24-fevrier-2018\/\" \/>\n<meta property=\"og:locale\" content=\"fr_FR\" \/>\n<meta property=\"og:type\" content=\"article\" \/>\n<meta property=\"og:title\" content=\"MEYZIEU : Recensement de la population du 18 janvier au 24 f\u00e9vrier 2018\" \/>\n<meta property=\"og:description\" content=\"MEYZIEU : Recensement de la population du 18 janvier au 24 f\u00e9vrier 2018\" \/>\n<meta property=\"og:url\" content=\"https:\/\/newsestlyonnais.fr\/site\/2018\/01\/06\/meyzieu-recensement-de-population-18-janvier-24-fevrier-2018\/\" \/>\n<meta property=\"og:site_name\" content=\"News Est Lyonnais\" \/>\n<meta property=\"article:author\" content=\"https:\/\/www.facebook.com\/pascal.oberson.1?fref=ts\" \/>\n<meta property=\"article:published_time\" content=\"2018-01-06T07:40:11+00:00\" \/>\n<meta property=\"article:modified_time\" content=\"2020-11-18T19:48:55+00:00\" \/>\n<meta property=\"og:image\" content=\"https:\/\/newsestlyonnais.fr\/site\/wp-content\/uploads\/2018\/01\/NEWSESTLYONANIS-MEYZIEU-RECENSEMENT-1000x667.jpg\" \/>\n\t<meta property=\"og:image:width\" content=\"1000\" \/>\n\t<meta property=\"og:image:height\" content=\"667\" \/>\n\t<meta property=\"og:image:type\" content=\"image\/jpeg\" \/>\n<meta name=\"author\" content=\"R\u00e9dac. NEWS\" \/>\n<meta name=\"twitter:card\" content=\"summary_large_image\" \/>\n<meta name=\"twitter:label1\" content=\"\u00c9crit par\" \/>\n\t<meta name=\"twitter:data1\" content=\"R\u00e9dac. NEWS\" \/>\n\t<meta name=\"twitter:label2\" content=\"Dur\u00e9e de lecture estim\u00e9e\" \/>\n\t<meta name=\"twitter:data2\" content=\"1 minute\" \/>\n<script type=\"application\/ld+json\" class=\"yoast-schema-graph\">{\"@context\":\"https:\/\/schema.org\",\"@graph\":[{\"@type\":\"Article\",\"@id\":\"https:\/\/newsestlyonnais.fr\/site\/2018\/01\/06\/meyzieu-recensement-de-population-18-janvier-24-fevrier-2018\/#article\",\"isPartOf\":{\"@id\":\"https:\/\/newsestlyonnais.fr\/site\/2018\/01\/06\/meyzieu-recensement-de-population-18-janvier-24-fevrier-2018\/\"},\"author\":{\"name\":\"R\u00e9dac. NEWS\",\"@id\":\"https:\/\/newsestlyonnais.fr\/site\/#\/schema\/person\/3230d5615f390bb808365d673001e887\"},\"headline\":\"MEYZIEU | Recensement de la population\",\"datePublished\":\"2018-01-06T07:40:11+00:00\",\"dateModified\":\"2020-11-18T19:48:55+00:00\",\"mainEntityOfPage\":{\"@id\":\"https:\/\/newsestlyonnais.fr\/site\/2018\/01\/06\/meyzieu-recensement-de-population-18-janvier-24-fevrier-2018\/\"},\"wordCount\":262,\"commentCount\":0,\"publisher\":{\"@id\":\"https:\/\/newsestlyonnais.fr\/site\/#organization\"},\"image\":{\"@id\":\"https:\/\/newsestlyonnais.fr\/site\/2018\/01\/06\/meyzieu-recensement-de-population-18-janvier-24-fevrier-2018\/#primaryimage\"},\"thumbnailUrl\":\"https:\/\/newsestlyonnais.fr\/site\/wp-content\/uploads\/2018\/01\/NEWSESTLYONANIS-MEYZIEU-RECENSEMENT.jpg\",\"articleSection\":[\"Citoyennet\u00e9 | Recensement\",\"Meyzieu\",\"Pratique\"],\"inLanguage\":\"fr-FR\",\"potentialAction\":[{\"@type\":\"CommentAction\",\"name\":\"Comment\",\"target\":[\"https:\/\/newsestlyonnais.fr\/site\/2018\/01\/06\/meyzieu-recensement-de-population-18-janvier-24-fevrier-2018\/#respond\"]}]},{\"@type\":\"WebPage\",\"@id\":\"https:\/\/newsestlyonnais.fr\/site\/2018\/01\/06\/meyzieu-recensement-de-population-18-janvier-24-fevrier-2018\/\",\"url\":\"https:\/\/newsestlyonnais.fr\/site\/2018\/01\/06\/meyzieu-recensement-de-population-18-janvier-24-fevrier-2018\/\",\"name\":\"MEYZIEU : Recensement de la population du 18 janvier au 24 f\u00e9vrier 2018\",\"isPartOf\":{\"@id\":\"https:\/\/newsestlyonnais.fr\/site\/#website\"},\"primaryImageOfPage\":{\"@id\":\"https:\/\/newsestlyonnais.fr\/site\/2018\/01\/06\/meyzieu-recensement-de-population-18-janvier-24-fevrier-2018\/#primaryimage\"},\"image\":{\"@id\":\"https:\/\/newsestlyonnais.fr\/site\/2018\/01\/06\/meyzieu-recensement-de-population-18-janvier-24-fevrier-2018\/#primaryimage\"},\"thumbnailUrl\":\"https:\/\/newsestlyonnais.fr\/site\/wp-content\/uploads\/2018\/01\/NEWSESTLYONANIS-MEYZIEU-RECENSEMENT.jpg\",\"datePublished\":\"2018-01-06T07:40:11+00:00\",\"dateModified\":\"2020-11-18T19:48:55+00:00\",\"description\":\"MEYZIEU : Recensement de la population du 18 janvier au 24 f\u00e9vrier 2018\",\"breadcrumb\":{\"@id\":\"https:\/\/newsestlyonnais.fr\/site\/2018\/01\/06\/meyzieu-recensement-de-population-18-janvier-24-fevrier-2018\/#breadcrumb\"},\"inLanguage\":\"fr-FR\",\"potentialAction\":[{\"@type\":\"ReadAction\",\"target\":[\"https:\/\/newsestlyonnais.fr\/site\/2018\/01\/06\/meyzieu-recensement-de-population-18-janvier-24-fevrier-2018\/\"]}]},{\"@type\":\"ImageObject\",\"inLanguage\":\"fr-FR\",\"@id\":\"https:\/\/newsestlyonnais.fr\/site\/2018\/01\/06\/meyzieu-recensement-de-population-18-janvier-24-fevrier-2018\/#primaryimage\",\"url\":\"https:\/\/newsestlyonnais.fr\/site\/wp-content\/uploads\/2018\/01\/NEWSESTLYONANIS-MEYZIEU-RECENSEMENT.jpg\",\"contentUrl\":\"https:\/\/newsestlyonnais.fr\/site\/wp-content\/uploads\/2018\/01\/NEWSESTLYONANIS-MEYZIEU-RECENSEMENT.jpg\",\"width\":6000,\"height\":4000,\"caption\":\"NEWSESTLYONANIS - MEYZIEU RECENSEMENT\"},{\"@type\":\"BreadcrumbList\",\"@id\":\"https:\/\/newsestlyonnais.fr\/site\/2018\/01\/06\/meyzieu-recensement-de-population-18-janvier-24-fevrier-2018\/#breadcrumb\",\"itemListElement\":[{\"@type\":\"ListItem\",\"position\":1,\"name\":\"Accueil\",\"item\":\"https:\/\/newsestlyonnais.fr\/site\/\"},{\"@type\":\"ListItem\",\"position\":2,\"name\":\"MEYZIEU | Recensement de la population\"}]},{\"@type\":\"WebSite\",\"@id\":\"https:\/\/newsestlyonnais.fr\/site\/#website\",\"url\":\"https:\/\/newsestlyonnais.fr\/site\/\",\"name\":\"News Est Lyonnais\",\"description\":\"L&#039;actualit\u00e9 au plus pr\u00e8s\",\"publisher\":{\"@id\":\"https:\/\/newsestlyonnais.fr\/site\/#organization\"},\"potentialAction\":[{\"@type\":\"SearchAction\",\"target\":{\"@type\":\"EntryPoint\",\"urlTemplate\":\"https:\/\/newsestlyonnais.fr\/site\/?s={search_term_string}\"},\"query-input\":{\"@type\":\"PropertyValueSpecification\",\"valueRequired\":true,\"valueName\":\"search_term_string\"}}],\"inLanguage\":\"fr-FR\"},{\"@type\":\"Organization\",\"@id\":\"https:\/\/newsestlyonnais.fr\/site\/#organization\",\"name\":\"News EST LYONNAIS\",\"url\":\"https:\/\/newsestlyonnais.fr\/site\/\",\"logo\":{\"@type\":\"ImageObject\",\"inLanguage\":\"fr-FR\",\"@id\":\"https:\/\/newsestlyonnais.fr\/site\/#\/schema\/logo\/image\/\",\"url\":\"\",\"contentUrl\":\"\",\"caption\":\"News EST LYONNAIS\"},\"image\":{\"@id\":\"https:\/\/newsestlyonnais.fr\/site\/#\/schema\/logo\/image\/\"}},{\"@type\":\"Person\",\"@id\":\"https:\/\/newsestlyonnais.fr\/site\/#\/schema\/person\/3230d5615f390bb808365d673001e887\",\"name\":\"R\u00e9dac. NEWS\",\"sameAs\":[\"http:\/\/www.newsestlyonnais.fr\",\"https:\/\/www.facebook.com\/pascal.oberson.1?fref=ts\",\"https:\/\/fr.linkedin.com\/in\/pascal-oberson-b17045113\"],\"url\":\"https:\/\/newsestlyonnais.fr\/site\/author\/nel\/\"}]}<\/script>\n<!-- \/ Yoast SEO plugin. -->","yoast_head_json":{"title":"MEYZIEU : Recensement de la population du 18 janvier au 24 f\u00e9vrier 2018","description":"MEYZIEU : Recensement de la population du 18 janvier au 24 f\u00e9vrier 2018","robots":{"index":"index","follow":"follow","max-snippet":"max-snippet:-1","max-image-preview":"max-image-preview:large","max-video-preview":"max-video-preview:-1"},"canonical":"https:\/\/newsestlyonnais.fr\/site\/2018\/01\/06\/meyzieu-recensement-de-population-18-janvier-24-fevrier-2018\/","og_locale":"fr_FR","og_type":"article","og_title":"MEYZIEU : Recensement de la population du 18 janvier au 24 f\u00e9vrier 2018","og_description":"MEYZIEU : Recensement de la population du 18 janvier au 24 f\u00e9vrier 2018","og_url":"https:\/\/newsestlyonnais.fr\/site\/2018\/01\/06\/meyzieu-recensement-de-population-18-janvier-24-fevrier-2018\/","og_site_name":"News Est Lyonnais","article_author":"https:\/\/www.facebook.com\/pascal.oberson.1?fref=ts","article_published_time":"2018-01-06T07:40:11+00:00","article_modified_time":"2020-11-18T19:48:55+00:00","og_image":[{"width":1000,"height":667,"url":"https:\/\/newsestlyonnais.fr\/site\/wp-content\/uploads\/2018\/01\/NEWSESTLYONANIS-MEYZIEU-RECENSEMENT-1000x667.jpg","type":"image\/jpeg"}],"author":"R\u00e9dac. NEWS","twitter_card":"summary_large_image","twitter_misc":{"\u00c9crit par":"R\u00e9dac. NEWS","Dur\u00e9e de lecture estim\u00e9e":"1 minute"},"schema":{"@context":"https:\/\/schema.org","@graph":[{"@type":"Article","@id":"https:\/\/newsestlyonnais.fr\/site\/2018\/01\/06\/meyzieu-recensement-de-population-18-janvier-24-fevrier-2018\/#article","isPartOf":{"@id":"https:\/\/newsestlyonnais.fr\/site\/2018\/01\/06\/meyzieu-recensement-de-population-18-janvier-24-fevrier-2018\/"},"author":{"name":"R\u00e9dac. NEWS","@id":"https:\/\/newsestlyonnais.fr\/site\/#\/schema\/person\/3230d5615f390bb808365d673001e887"},"headline":"MEYZIEU | Recensement de la population","datePublished":"2018-01-06T07:40:11+00:00","dateModified":"2020-11-18T19:48:55+00:00","mainEntityOfPage":{"@id":"https:\/\/newsestlyonnais.fr\/site\/2018\/01\/06\/meyzieu-recensement-de-population-18-janvier-24-fevrier-2018\/"},"wordCount":262,"commentCount":0,"publisher":{"@id":"https:\/\/newsestlyonnais.fr\/site\/#organization"},"image":{"@id":"https:\/\/newsestlyonnais.fr\/site\/2018\/01\/06\/meyzieu-recensement-de-population-18-janvier-24-fevrier-2018\/#primaryimage"},"thumbnailUrl":"https:\/\/newsestlyonnais.fr\/site\/wp-content\/uploads\/2018\/01\/NEWSESTLYONANIS-MEYZIEU-RECENSEMENT.jpg","articleSection":["Citoyennet\u00e9 | Recensement","Meyzieu","Pratique"],"inLanguage":"fr-FR","potentialAction":[{"@type":"CommentAction","name":"Comment","target":["https:\/\/newsestlyonnais.fr\/site\/2018\/01\/06\/meyzieu-recensement-de-population-18-janvier-24-fevrier-2018\/#respond"]}]},{"@type":"WebPage","@id":"https:\/\/newsestlyonnais.fr\/site\/2018\/01\/06\/meyzieu-recensement-de-population-18-janvier-24-fevrier-2018\/","url":"https:\/\/newsestlyonnais.fr\/site\/2018\/01\/06\/meyzieu-recensement-de-population-18-janvier-24-fevrier-2018\/","name":"MEYZIEU : Recensement de la population du 18 janvier au 24 f\u00e9vrier 2018","isPartOf":{"@id":"https:\/\/newsestlyonnais.fr\/site\/#website"},"primaryImageOfPage":{"@id":"https:\/\/newsestlyonnais.fr\/site\/2018\/01\/06\/meyzieu-recensement-de-population-18-janvier-24-fevrier-2018\/#primaryimage"},"image":{"@id":"https:\/\/newsestlyonnais.fr\/site\/2018\/01\/06\/meyzieu-recensement-de-population-18-janvier-24-fevrier-2018\/#primaryimage"},"thumbnailUrl":"https:\/\/newsestlyonnais.fr\/site\/wp-content\/uploads\/2018\/01\/NEWSESTLYONANIS-MEYZIEU-RECENSEMENT.jpg","datePublished":"2018-01-06T07:40:11+00:00","dateModified":"2020-11-18T19:48:55+00:00","description":"MEYZIEU : Recensement de la population du 18 janvier au 24 f\u00e9vrier 2018","breadcrumb":{"@id":"https:\/\/newsestlyonnais.fr\/site\/2018\/01\/06\/meyzieu-recensement-de-population-18-janvier-24-fevrier-2018\/#breadcrumb"},"inLanguage":"fr-FR","potentialAction":[{"@type":"ReadAction","target":["https:\/\/newsestlyonnais.fr\/site\/2018\/01\/06\/meyzieu-recensement-de-population-18-janvier-24-fevrier-2018\/"]}]},{"@type":"ImageObject","inLanguage":"fr-FR","@id":"https:\/\/newsestlyonnais.fr\/site\/2018\/01\/06\/meyzieu-recensement-de-population-18-janvier-24-fevrier-2018\/#primaryimage","url":"https:\/\/newsestlyonnais.fr\/site\/wp-content\/uploads\/2018\/01\/NEWSESTLYONANIS-MEYZIEU-RECENSEMENT.jpg","contentUrl":"https:\/\/newsestlyonnais.fr\/site\/wp-content\/uploads\/2018\/01\/NEWSESTLYONANIS-MEYZIEU-RECENSEMENT.jpg","width":6000,"height":4000,"caption":"NEWSESTLYONANIS - MEYZIEU RECENSEMENT"},{"@type":"BreadcrumbList","@id":"https:\/\/newsestlyonnais.fr\/site\/2018\/01\/06\/meyzieu-recensement-de-population-18-janvier-24-fevrier-2018\/#breadcrumb","itemListElement":[{"@type":"ListItem","position":1,"name":"Accueil","item":"https:\/\/newsestlyonnais.fr\/site\/"},{"@type":"ListItem","position":2,"name":"MEYZIEU | Recensement de la population"}]},{"@type":"WebSite","@id":"https:\/\/newsestlyonnais.fr\/site\/#website","url":"https:\/\/newsestlyonnais.fr\/site\/","name":"News Est Lyonnais","description":"L&#039;actualit\u00e9 au plus pr\u00e8s","publisher":{"@id":"https:\/\/newsestlyonnais.fr\/site\/#organization"},"potentialAction":[{"@type":"SearchAction","target":{"@type":"EntryPoint","urlTemplate":"https:\/\/newsestlyonnais.fr\/site\/?s={search_term_string}"},"query-input":{"@type":"PropertyValueSpecification","valueRequired":true,"valueName":"search_term_string"}}],"inLanguage":"fr-FR"},{"@type":"Organization","@id":"https:\/\/newsestlyonnais.fr\/site\/#organization","name":"News EST LYONNAIS","url":"https:\/\/newsestlyonnais.fr\/site\/","logo":{"@type":"ImageObject","inLanguage":"fr-FR","@id":"https:\/\/newsestlyonnais.fr\/site\/#\/schema\/logo\/image\/","url":"","contentUrl":"","caption":"News EST LYONNAIS"},"image":{"@id":"https:\/\/newsestlyonnais.fr\/site\/#\/schema\/logo\/image\/"}},{"@type":"Person","@id":"https:\/\/newsestlyonnais.fr\/site\/#\/schema\/person\/3230d5615f390bb808365d673001e887","name":"R\u00e9dac. NEWS","sameAs":["http:\/\/www.newsestlyonnais.fr","https:\/\/www.facebook.com\/pascal.oberson.1?fref=ts","https:\/\/fr.linkedin.com\/in\/pascal-oberson-b17045113"],"url":"https:\/\/newsestlyonnais.fr\/site\/author\/nel\/"}]}},"_links":{"self":[{"href":"https:\/\/newsestlyonnais.fr\/site\/wp-json\/wp\/v2\/posts\/41385","targetHints":{"allow":["GET"]}}],"collection":[{"href":"https:\/\/newsestlyonnais.fr\/site\/wp-json\/wp\/v2\/posts"}],"about":[{"href":"https:\/\/newsestlyonnais.fr\/site\/wp-json\/wp\/v2\/types\/post"}],"author":[{"embeddable":true,"href":"https:\/\/newsestlyonnais.fr\/site\/wp-json\/wp\/v2\/users\/4"}],"replies":[{"embeddable":true,"href":"https:\/\/newsestlyonnais.fr\/site\/wp-json\/wp\/v2\/comments?post=41385"}],"version-history":[{"count":0,"href":"https:\/\/newsestlyonnais.fr\/site\/wp-json\/wp\/v2\/posts\/41385\/revisions"}],"wp:featuredmedia":[{"embeddable":true,"href":"https:\/\/newsestlyonnais.fr\/site\/wp-json\/wp\/v2\/media\/41389"}],"wp:attachment":[{"href":"https:\/\/newsestlyonnais.fr\/site\/wp-json\/wp\/v2\/media?parent=41385"}],"wp:term":[{"taxonomy":"category","embeddable":true,"href":"https:\/\/newsestlyonnais.fr\/site\/wp-json\/wp\/v2\/categories?post=41385"},{"taxonomy":"post_tag","embeddable":true,"href":"https:\/\/newsestlyonnais.fr\/site\/wp-json\/wp\/v2\/tags?post=41385"}],"curies":[{"name":"wp","href":"https:\/\/api.w.org\/{rel}","templated":true}]}}