{"id":41414,"date":"2018-01-09T10:45:37","date_gmt":"2018-01-09T09:45:37","guid":{"rendered":"http:\/\/newsestlyonnais.fr\/site\/?p=41414"},"modified":"2020-11-17T13:33:00","modified_gmt":"2020-11-17T12:33:00","slug":"pusignan-le-club-de-basket-est-officiellement-lance","status":"publish","type":"post","link":"https:\/\/newsestlyonnais.fr\/site\/2018\/01\/09\/pusignan-le-club-de-basket-est-officiellement-lance\/","title":{"rendered":"PUSIGNAN | Le club de basket est officiellement lanc\u00e9 !"},"content":{"rendered":"<h4><span id=\"cch_f3f42222d10fa8e\" class=\"_mh6 _wsc\"><span class=\"_3oh- _58nk\">Dans la matin\u00e9e du samedi 6 janvier s&rsquo;est tenue salle Edouard Comte, la toute premi\u00e8re r\u00e9union d\u2019information concernant le futur club de basket de la commune.<br \/>\n<\/span><\/span><\/h4>\n<p>Une s\u00e9ance d\u00e9roul\u00e9e en pr\u00e9sence d &lsquo;Eric Patton (ancien pr\u00e9sident de Meyzieu Basket), Jacques Garnier (adjoint aux sports), Florent Ruz (directeur des services techniques) et d&rsquo;une dizaine de personnes (joueuses, joueurs, coachs &amp; dirigeants du monde du basket et des parents) venues pour en savoir plus sur ce projet.<\/p>\n<p>Ce dernier \u00e9tant initi\u00e9 par la municipalit\u00e9 qui souhaitait cr\u00e9er un club qui utiliserait ainsi, en partageant le gymnase avec le club de badminton des \u00ab\u00a0Fous du Volant\u00a0\u00bb, les installations du futur complexe de l&rsquo;Equinoxe.<\/p>\n<p>Eric Patton, qui r\u00e9side sur la commune a \u00e9t\u00e9 sollicit\u00e9 et s&rsquo;est de suite montr\u00e9 int\u00e9ress\u00e9 pour lancer ce projet. 450 flyers ont ainsi \u00e9t\u00e9 distribu\u00e9s et une page Facebook ouverte afin de faire un sondage sur les attentes des habitants. 22 r\u00e9ponses ont \u00e9t\u00e9 r\u00e9ceptionn\u00e9es et les demandes concernaient plus une pratique notamment pour les enfants de ce sport en loisir plut\u00f4t qu&rsquo;en comp\u00e9tition.<\/p>\n<p>La phase de construction de ce club, qui serait une grande premi\u00e8re sur la commune dans ce sport collectif est en cours. Elle se concr\u00e9tise par les d\u00e9marches effectu\u00e9es en Pr\u00e9fecture pour d\u00e9poser les statuts, trouver des volontaires pour \u00eatre dirigeants, d\u00e9velopper des id\u00e9es de recherche (nom, couleurs et logo du club).<\/p>\n<p>Ce club qui se voudra avant tout familial n&rsquo;aura pas pour ambition de jouer en nationale mais sera plut\u00f4t ax\u00e9 sur la jeunesse et la convivialit\u00e9. Avec comme projet imm\u00e9diat d&rsquo;organiser en fin de saison des comp\u00e9titions d\u00e9partementales ou r\u00e9gionales avant de d\u00e9marrer officiellement en septembre en engageant des \u00e9quipes. A noter qu&rsquo;un match de gala et de d\u00e9couverte pour les enfants se d\u00e9rouleront lors de l&rsquo;inauguration du complexe pr\u00e9vue fin mars. <span id=\"cch_f3f42222d10fa8e\" class=\"_mh6 _wsc\"><\/span><span id=\"cch_f3f42222d10fa8e\" class=\"_mh6 _wsc\"> <\/span><\/p>\n<ul>\n<li><span id=\"cch_f3f42222d10fa8e\" class=\"_mh6 _wsc\"><span class=\"_3oh- _58nk\"><strong>Contact<\/strong>: Eric Patton au 06.80.96.79.48<\/span><\/span><\/li>\n<li><span id=\"cch_f3f42222d10fa8e\" class=\"_mh6 _wsc\"><span class=\"_3oh- _58nk\">Plus d&rsquo;infos sur : <a href=\"https:\/\/www.facebook.com\/basketapusignan\/?fref=mentions\" target=\"_blank\" rel=\"noopener noreferrer\">https:\/\/www.facebook.com\/basketapusignan\/?fref=mentions<\/a><br \/>\n<\/span><\/span><\/li>\n<\/ul>\n<p><span style=\"text-decoration: underline\"><strong><em>PHOTO A LA UNE<\/em> <\/strong><\/span>: De gauche \u00e0 droite : Jacques Garnier (adjoint aux sports), Florent Ruz (Directeur services techniques) et Eric Patton (futur pr\u00e9sident du club).<\/p>\n<div id='gallery-1' class='gallery galleryid-41414 gallery-columns-3 gallery-size-thumbnail'><figure class='gallery-item'>\n\t\t\t<div class='gallery-icon portrait'>\n\t\t\t\t<a href='https:\/\/newsestlyonnais.fr\/site\/2018\/01\/09\/pusignan-le-club-de-basket-est-officiellement-lance\/newsestlyonnais-flyer-basket\/'><img loading=\"lazy\" decoding=\"async\" width=\"150\" height=\"150\" src=\"https:\/\/newsestlyonnais.fr\/site\/wp-content\/uploads\/2018\/01\/NEWSESTLYONNAIS-FLYER-BASKET-150x150.jpg\" class=\"attachment-thumbnail size-thumbnail\" alt=\"NEWSESTLYONNAIS - FLYER BASKET\" aria-describedby=\"gallery-1-41481\" \/><\/a>\n\t\t\t<\/div>\n\t\t\t\t<figcaption class='wp-caption-text gallery-caption' id='gallery-1-41481'>\n\t\t\t\t450 flyers ont \u00e9t\u00e9 distribu\u00e9s \n\t\t\t\t<\/figcaption><\/figure><figure class='gallery-item'>\n\t\t\t<div class='gallery-icon landscape'>\n\t\t\t\t<a href='https:\/\/newsestlyonnais.fr\/site\/2018\/01\/09\/pusignan-le-club-de-basket-est-officiellement-lance\/newsestlyonnais-pusignan-equinox\/'><img loading=\"lazy\" decoding=\"async\" width=\"150\" height=\"150\" src=\"https:\/\/newsestlyonnais.fr\/site\/wp-content\/uploads\/2018\/01\/NEWSESTLYONNAIS-PUSIGNAN-EQUINOX-150x150.jpg\" class=\"attachment-thumbnail size-thumbnail\" alt=\"NEWSESTLYONNAIS - PUSIGNAN EQUINOX\" aria-describedby=\"gallery-1-41483\" \/><\/a>\n\t\t\t<\/div>\n\t\t\t\t<figcaption class='wp-caption-text gallery-caption' id='gallery-1-41483'>\n\t\t\t\tLe club \u00e9voluera dans le gymnase du futur complexe \u00ab\u00a0Equinoxe\u00a0\u00bb\n\t\t\t\t<\/figcaption><\/figure>\n\t\t<\/div>\n\n","protected":false},"excerpt":{"rendered":"<p>Dans la matin\u00e9e du samedi 6 janvier s&rsquo;est tenue salle Edouard Comte, la toute premi\u00e8re r\u00e9union d\u2019information concernant le futur club de basket de la commune. Une s\u00e9ance d\u00e9roul\u00e9e en pr\u00e9sence d &lsquo;Eric Patton (ancien pr\u00e9sident de Meyzieu Basket), Jacques Garnier (adjoint aux sports), Florent Ruz (directeur des services techniques) et d&rsquo;une dizaine de personnes [&hellip;]<\/p>\n","protected":false},"author":4,"featured_media":41479,"comment_status":"open","ping_status":"open","sticky":false,"template":"","format":"standard","meta":{"footnotes":""},"categories":[1357,2975,270,1279],"tags":[],"class_list":["post-41414","post","type-post","status-publish","format-standard","has-post-thumbnail","hentry","category-basket","category-basket-hand-volley-sports","category-cte-de-communes-c-c-e-l","category-jons-pusignan"],"yoast_head":"<!-- This site is optimized with the Yoast SEO plugin v27.2 - https:\/\/yoast.com\/product\/yoast-seo-wordpress\/ -->\n<title>PUSIGNAN : Le club de basket est officiellement lanc\u00e9 !<\/title>\n<meta name=\"description\" content=\"PUSIGNAN : Le club de basket est officiellement lanc\u00e9 !\" \/>\n<meta name=\"robots\" content=\"index, follow, max-snippet:-1, max-image-preview:large, max-video-preview:-1\" \/>\n<link rel=\"canonical\" href=\"https:\/\/newsestlyonnais.fr\/site\/2018\/01\/09\/pusignan-le-club-de-basket-est-officiellement-lance\/\" \/>\n<meta property=\"og:locale\" content=\"fr_FR\" \/>\n<meta property=\"og:type\" content=\"article\" \/>\n<meta property=\"og:title\" content=\"PUSIGNAN : Le club de basket est officiellement lanc\u00e9 !\" \/>\n<meta property=\"og:description\" content=\"PUSIGNAN : Le club de basket est officiellement lanc\u00e9 !\" \/>\n<meta property=\"og:url\" content=\"https:\/\/newsestlyonnais.fr\/site\/2018\/01\/09\/pusignan-le-club-de-basket-est-officiellement-lance\/\" \/>\n<meta property=\"og:site_name\" content=\"News Est Lyonnais\" \/>\n<meta property=\"article:author\" content=\"https:\/\/www.facebook.com\/pascal.oberson.1?fref=ts\" \/>\n<meta property=\"article:published_time\" content=\"2018-01-09T09:45:37+00:00\" \/>\n<meta property=\"article:modified_time\" content=\"2020-11-17T12:33:00+00:00\" \/>\n<meta property=\"og:image\" content=\"https:\/\/newsestlyonnais.fr\/site\/wp-content\/uploads\/2018\/01\/NEWSESTLYONNAIS-BASKET-PUSIGNAN-1000x750.jpg\" \/>\n\t<meta property=\"og:image:width\" content=\"1000\" \/>\n\t<meta property=\"og:image:height\" content=\"750\" \/>\n\t<meta property=\"og:image:type\" content=\"image\/jpeg\" \/>\n<meta name=\"author\" content=\"R\u00e9dac. NEWS\" \/>\n<meta name=\"twitter:card\" content=\"summary_large_image\" \/>\n<meta name=\"twitter:label1\" content=\"\u00c9crit par\" \/>\n\t<meta name=\"twitter:data1\" content=\"R\u00e9dac. NEWS\" \/>\n\t<meta name=\"twitter:label2\" content=\"Dur\u00e9e de lecture estim\u00e9e\" \/>\n\t<meta name=\"twitter:data2\" content=\"2 minutes\" \/>\n<script type=\"application\/ld+json\" class=\"yoast-schema-graph\">{\"@context\":\"https:\/\/schema.org\",\"@graph\":[{\"@type\":\"Article\",\"@id\":\"https:\/\/newsestlyonnais.fr\/site\/2018\/01\/09\/pusignan-le-club-de-basket-est-officiellement-lance\/#article\",\"isPartOf\":{\"@id\":\"https:\/\/newsestlyonnais.fr\/site\/2018\/01\/09\/pusignan-le-club-de-basket-est-officiellement-lance\/\"},\"author\":{\"name\":\"R\u00e9dac. NEWS\",\"@id\":\"https:\/\/newsestlyonnais.fr\/site\/#\/schema\/person\/3230d5615f390bb808365d673001e887\"},\"headline\":\"PUSIGNAN | Le club de basket est officiellement lanc\u00e9 !\",\"datePublished\":\"2018-01-09T09:45:37+00:00\",\"dateModified\":\"2020-11-17T12:33:00+00:00\",\"mainEntityOfPage\":{\"@id\":\"https:\/\/newsestlyonnais.fr\/site\/2018\/01\/09\/pusignan-le-club-de-basket-est-officiellement-lance\/\"},\"wordCount\":392,\"commentCount\":0,\"publisher\":{\"@id\":\"https:\/\/newsestlyonnais.fr\/site\/#organization\"},\"image\":{\"@id\":\"https:\/\/newsestlyonnais.fr\/site\/2018\/01\/09\/pusignan-le-club-de-basket-est-officiellement-lance\/#primaryimage\"},\"thumbnailUrl\":\"https:\/\/newsestlyonnais.fr\/site\/wp-content\/uploads\/2018\/01\/NEWSESTLYONNAIS-BASKET-PUSIGNAN.jpg\",\"articleSection\":[\"Basket\",\"Basket | Hand | Volley\",\"CCEL | Communes\",\"Jons | Pusignan\"],\"inLanguage\":\"fr-FR\",\"potentialAction\":[{\"@type\":\"CommentAction\",\"name\":\"Comment\",\"target\":[\"https:\/\/newsestlyonnais.fr\/site\/2018\/01\/09\/pusignan-le-club-de-basket-est-officiellement-lance\/#respond\"]}]},{\"@type\":\"WebPage\",\"@id\":\"https:\/\/newsestlyonnais.fr\/site\/2018\/01\/09\/pusignan-le-club-de-basket-est-officiellement-lance\/\",\"url\":\"https:\/\/newsestlyonnais.fr\/site\/2018\/01\/09\/pusignan-le-club-de-basket-est-officiellement-lance\/\",\"name\":\"PUSIGNAN : Le club de basket est officiellement lanc\u00e9 !\",\"isPartOf\":{\"@id\":\"https:\/\/newsestlyonnais.fr\/site\/#website\"},\"primaryImageOfPage\":{\"@id\":\"https:\/\/newsestlyonnais.fr\/site\/2018\/01\/09\/pusignan-le-club-de-basket-est-officiellement-lance\/#primaryimage\"},\"image\":{\"@id\":\"https:\/\/newsestlyonnais.fr\/site\/2018\/01\/09\/pusignan-le-club-de-basket-est-officiellement-lance\/#primaryimage\"},\"thumbnailUrl\":\"https:\/\/newsestlyonnais.fr\/site\/wp-content\/uploads\/2018\/01\/NEWSESTLYONNAIS-BASKET-PUSIGNAN.jpg\",\"datePublished\":\"2018-01-09T09:45:37+00:00\",\"dateModified\":\"2020-11-17T12:33:00+00:00\",\"description\":\"PUSIGNAN : Le club de basket est officiellement lanc\u00e9 !\",\"breadcrumb\":{\"@id\":\"https:\/\/newsestlyonnais.fr\/site\/2018\/01\/09\/pusignan-le-club-de-basket-est-officiellement-lance\/#breadcrumb\"},\"inLanguage\":\"fr-FR\",\"potentialAction\":[{\"@type\":\"ReadAction\",\"target\":[\"https:\/\/newsestlyonnais.fr\/site\/2018\/01\/09\/pusignan-le-club-de-basket-est-officiellement-lance\/\"]}]},{\"@type\":\"ImageObject\",\"inLanguage\":\"fr-FR\",\"@id\":\"https:\/\/newsestlyonnais.fr\/site\/2018\/01\/09\/pusignan-le-club-de-basket-est-officiellement-lance\/#primaryimage\",\"url\":\"https:\/\/newsestlyonnais.fr\/site\/wp-content\/uploads\/2018\/01\/NEWSESTLYONNAIS-BASKET-PUSIGNAN.jpg\",\"contentUrl\":\"https:\/\/newsestlyonnais.fr\/site\/wp-content\/uploads\/2018\/01\/NEWSESTLYONNAIS-BASKET-PUSIGNAN.jpg\",\"width\":4608,\"height\":3456,\"caption\":\"NEWSESTLYONNAIS - BASKET PUSIGNAN\"},{\"@type\":\"BreadcrumbList\",\"@id\":\"https:\/\/newsestlyonnais.fr\/site\/2018\/01\/09\/pusignan-le-club-de-basket-est-officiellement-lance\/#breadcrumb\",\"itemListElement\":[{\"@type\":\"ListItem\",\"position\":1,\"name\":\"Accueil\",\"item\":\"https:\/\/newsestlyonnais.fr\/site\/\"},{\"@type\":\"ListItem\",\"position\":2,\"name\":\"PUSIGNAN | Le club de basket est officiellement lanc\u00e9 !\"}]},{\"@type\":\"WebSite\",\"@id\":\"https:\/\/newsestlyonnais.fr\/site\/#website\",\"url\":\"https:\/\/newsestlyonnais.fr\/site\/\",\"name\":\"News Est Lyonnais\",\"description\":\"L&#039;actualit\u00e9 au plus pr\u00e8s\",\"publisher\":{\"@id\":\"https:\/\/newsestlyonnais.fr\/site\/#organization\"},\"potentialAction\":[{\"@type\":\"SearchAction\",\"target\":{\"@type\":\"EntryPoint\",\"urlTemplate\":\"https:\/\/newsestlyonnais.fr\/site\/?s={search_term_string}\"},\"query-input\":{\"@type\":\"PropertyValueSpecification\",\"valueRequired\":true,\"valueName\":\"search_term_string\"}}],\"inLanguage\":\"fr-FR\"},{\"@type\":\"Organization\",\"@id\":\"https:\/\/newsestlyonnais.fr\/site\/#organization\",\"name\":\"News EST LYONNAIS\",\"url\":\"https:\/\/newsestlyonnais.fr\/site\/\",\"logo\":{\"@type\":\"ImageObject\",\"inLanguage\":\"fr-FR\",\"@id\":\"https:\/\/newsestlyonnais.fr\/site\/#\/schema\/logo\/image\/\",\"url\":\"\",\"contentUrl\":\"\",\"caption\":\"News EST LYONNAIS\"},\"image\":{\"@id\":\"https:\/\/newsestlyonnais.fr\/site\/#\/schema\/logo\/image\/\"}},{\"@type\":\"Person\",\"@id\":\"https:\/\/newsestlyonnais.fr\/site\/#\/schema\/person\/3230d5615f390bb808365d673001e887\",\"name\":\"R\u00e9dac. NEWS\",\"sameAs\":[\"http:\/\/www.newsestlyonnais.fr\",\"https:\/\/www.facebook.com\/pascal.oberson.1?fref=ts\",\"https:\/\/fr.linkedin.com\/in\/pascal-oberson-b17045113\"],\"url\":\"https:\/\/newsestlyonnais.fr\/site\/author\/nel\/\"}]}<\/script>\n<!-- \/ Yoast SEO plugin. -->","yoast_head_json":{"title":"PUSIGNAN : Le club de basket est officiellement lanc\u00e9 !","description":"PUSIGNAN : Le club de basket est officiellement lanc\u00e9 !","robots":{"index":"index","follow":"follow","max-snippet":"max-snippet:-1","max-image-preview":"max-image-preview:large","max-video-preview":"max-video-preview:-1"},"canonical":"https:\/\/newsestlyonnais.fr\/site\/2018\/01\/09\/pusignan-le-club-de-basket-est-officiellement-lance\/","og_locale":"fr_FR","og_type":"article","og_title":"PUSIGNAN : Le club de basket est officiellement lanc\u00e9 !","og_description":"PUSIGNAN : Le club de basket est officiellement lanc\u00e9 !","og_url":"https:\/\/newsestlyonnais.fr\/site\/2018\/01\/09\/pusignan-le-club-de-basket-est-officiellement-lance\/","og_site_name":"News Est Lyonnais","article_author":"https:\/\/www.facebook.com\/pascal.oberson.1?fref=ts","article_published_time":"2018-01-09T09:45:37+00:00","article_modified_time":"2020-11-17T12:33:00+00:00","og_image":[{"width":1000,"height":750,"url":"https:\/\/newsestlyonnais.fr\/site\/wp-content\/uploads\/2018\/01\/NEWSESTLYONNAIS-BASKET-PUSIGNAN-1000x750.jpg","type":"image\/jpeg"}],"author":"R\u00e9dac. NEWS","twitter_card":"summary_large_image","twitter_misc":{"\u00c9crit par":"R\u00e9dac. NEWS","Dur\u00e9e de lecture estim\u00e9e":"2 minutes"},"schema":{"@context":"https:\/\/schema.org","@graph":[{"@type":"Article","@id":"https:\/\/newsestlyonnais.fr\/site\/2018\/01\/09\/pusignan-le-club-de-basket-est-officiellement-lance\/#article","isPartOf":{"@id":"https:\/\/newsestlyonnais.fr\/site\/2018\/01\/09\/pusignan-le-club-de-basket-est-officiellement-lance\/"},"author":{"name":"R\u00e9dac. NEWS","@id":"https:\/\/newsestlyonnais.fr\/site\/#\/schema\/person\/3230d5615f390bb808365d673001e887"},"headline":"PUSIGNAN | Le club de basket est officiellement lanc\u00e9 !","datePublished":"2018-01-09T09:45:37+00:00","dateModified":"2020-11-17T12:33:00+00:00","mainEntityOfPage":{"@id":"https:\/\/newsestlyonnais.fr\/site\/2018\/01\/09\/pusignan-le-club-de-basket-est-officiellement-lance\/"},"wordCount":392,"commentCount":0,"publisher":{"@id":"https:\/\/newsestlyonnais.fr\/site\/#organization"},"image":{"@id":"https:\/\/newsestlyonnais.fr\/site\/2018\/01\/09\/pusignan-le-club-de-basket-est-officiellement-lance\/#primaryimage"},"thumbnailUrl":"https:\/\/newsestlyonnais.fr\/site\/wp-content\/uploads\/2018\/01\/NEWSESTLYONNAIS-BASKET-PUSIGNAN.jpg","articleSection":["Basket","Basket | Hand | Volley","CCEL | Communes","Jons | Pusignan"],"inLanguage":"fr-FR","potentialAction":[{"@type":"CommentAction","name":"Comment","target":["https:\/\/newsestlyonnais.fr\/site\/2018\/01\/09\/pusignan-le-club-de-basket-est-officiellement-lance\/#respond"]}]},{"@type":"WebPage","@id":"https:\/\/newsestlyonnais.fr\/site\/2018\/01\/09\/pusignan-le-club-de-basket-est-officiellement-lance\/","url":"https:\/\/newsestlyonnais.fr\/site\/2018\/01\/09\/pusignan-le-club-de-basket-est-officiellement-lance\/","name":"PUSIGNAN : Le club de basket est officiellement lanc\u00e9 !","isPartOf":{"@id":"https:\/\/newsestlyonnais.fr\/site\/#website"},"primaryImageOfPage":{"@id":"https:\/\/newsestlyonnais.fr\/site\/2018\/01\/09\/pusignan-le-club-de-basket-est-officiellement-lance\/#primaryimage"},"image":{"@id":"https:\/\/newsestlyonnais.fr\/site\/2018\/01\/09\/pusignan-le-club-de-basket-est-officiellement-lance\/#primaryimage"},"thumbnailUrl":"https:\/\/newsestlyonnais.fr\/site\/wp-content\/uploads\/2018\/01\/NEWSESTLYONNAIS-BASKET-PUSIGNAN.jpg","datePublished":"2018-01-09T09:45:37+00:00","dateModified":"2020-11-17T12:33:00+00:00","description":"PUSIGNAN : Le club de basket est officiellement lanc\u00e9 !","breadcrumb":{"@id":"https:\/\/newsestlyonnais.fr\/site\/2018\/01\/09\/pusignan-le-club-de-basket-est-officiellement-lance\/#breadcrumb"},"inLanguage":"fr-FR","potentialAction":[{"@type":"ReadAction","target":["https:\/\/newsestlyonnais.fr\/site\/2018\/01\/09\/pusignan-le-club-de-basket-est-officiellement-lance\/"]}]},{"@type":"ImageObject","inLanguage":"fr-FR","@id":"https:\/\/newsestlyonnais.fr\/site\/2018\/01\/09\/pusignan-le-club-de-basket-est-officiellement-lance\/#primaryimage","url":"https:\/\/newsestlyonnais.fr\/site\/wp-content\/uploads\/2018\/01\/NEWSESTLYONNAIS-BASKET-PUSIGNAN.jpg","contentUrl":"https:\/\/newsestlyonnais.fr\/site\/wp-content\/uploads\/2018\/01\/NEWSESTLYONNAIS-BASKET-PUSIGNAN.jpg","width":4608,"height":3456,"caption":"NEWSESTLYONNAIS - BASKET PUSIGNAN"},{"@type":"BreadcrumbList","@id":"https:\/\/newsestlyonnais.fr\/site\/2018\/01\/09\/pusignan-le-club-de-basket-est-officiellement-lance\/#breadcrumb","itemListElement":[{"@type":"ListItem","position":1,"name":"Accueil","item":"https:\/\/newsestlyonnais.fr\/site\/"},{"@type":"ListItem","position":2,"name":"PUSIGNAN | Le club de basket est officiellement lanc\u00e9 !"}]},{"@type":"WebSite","@id":"https:\/\/newsestlyonnais.fr\/site\/#website","url":"https:\/\/newsestlyonnais.fr\/site\/","name":"News Est Lyonnais","description":"L&#039;actualit\u00e9 au plus pr\u00e8s","publisher":{"@id":"https:\/\/newsestlyonnais.fr\/site\/#organization"},"potentialAction":[{"@type":"SearchAction","target":{"@type":"EntryPoint","urlTemplate":"https:\/\/newsestlyonnais.fr\/site\/?s={search_term_string}"},"query-input":{"@type":"PropertyValueSpecification","valueRequired":true,"valueName":"search_term_string"}}],"inLanguage":"fr-FR"},{"@type":"Organization","@id":"https:\/\/newsestlyonnais.fr\/site\/#organization","name":"News EST LYONNAIS","url":"https:\/\/newsestlyonnais.fr\/site\/","logo":{"@type":"ImageObject","inLanguage":"fr-FR","@id":"https:\/\/newsestlyonnais.fr\/site\/#\/schema\/logo\/image\/","url":"","contentUrl":"","caption":"News EST LYONNAIS"},"image":{"@id":"https:\/\/newsestlyonnais.fr\/site\/#\/schema\/logo\/image\/"}},{"@type":"Person","@id":"https:\/\/newsestlyonnais.fr\/site\/#\/schema\/person\/3230d5615f390bb808365d673001e887","name":"R\u00e9dac. NEWS","sameAs":["http:\/\/www.newsestlyonnais.fr","https:\/\/www.facebook.com\/pascal.oberson.1?fref=ts","https:\/\/fr.linkedin.com\/in\/pascal-oberson-b17045113"],"url":"https:\/\/newsestlyonnais.fr\/site\/author\/nel\/"}]}},"_links":{"self":[{"href":"https:\/\/newsestlyonnais.fr\/site\/wp-json\/wp\/v2\/posts\/41414","targetHints":{"allow":["GET"]}}],"collection":[{"href":"https:\/\/newsestlyonnais.fr\/site\/wp-json\/wp\/v2\/posts"}],"about":[{"href":"https:\/\/newsestlyonnais.fr\/site\/wp-json\/wp\/v2\/types\/post"}],"author":[{"embeddable":true,"href":"https:\/\/newsestlyonnais.fr\/site\/wp-json\/wp\/v2\/users\/4"}],"replies":[{"embeddable":true,"href":"https:\/\/newsestlyonnais.fr\/site\/wp-json\/wp\/v2\/comments?post=41414"}],"version-history":[{"count":0,"href":"https:\/\/newsestlyonnais.fr\/site\/wp-json\/wp\/v2\/posts\/41414\/revisions"}],"wp:featuredmedia":[{"embeddable":true,"href":"https:\/\/newsestlyonnais.fr\/site\/wp-json\/wp\/v2\/media\/41479"}],"wp:attachment":[{"href":"https:\/\/newsestlyonnais.fr\/site\/wp-json\/wp\/v2\/media?parent=41414"}],"wp:term":[{"taxonomy":"category","embeddable":true,"href":"https:\/\/newsestlyonnais.fr\/site\/wp-json\/wp\/v2\/categories?post=41414"},{"taxonomy":"post_tag","embeddable":true,"href":"https:\/\/newsestlyonnais.fr\/site\/wp-json\/wp\/v2\/tags?post=41414"}],"curies":[{"name":"wp","href":"https:\/\/api.w.org\/{rel}","templated":true}]}}