{"id":41502,"date":"2018-02-06T10:07:09","date_gmt":"2018-02-06T09:07:09","guid":{"rendered":"http:\/\/newsestlyonnais.fr\/site\/?p=41502"},"modified":"2020-11-09T06:46:53","modified_gmt":"2020-11-09T05:46:53","slug":"genas-exposition-feline-internationale-les-17-et-18-fevrier-prochains","status":"publish","type":"post","link":"https:\/\/newsestlyonnais.fr\/site\/2018\/02\/06\/genas-exposition-feline-internationale-les-17-et-18-fevrier-prochains\/","title":{"rendered":"GENAS | Exposition f\u00e9line internationale les 17 et 18 f\u00e9vrier prochains"},"content":{"rendered":"<h4>Le Cat Club de Lyon Dauphin\u00e9 Savoie propose pour la premi\u00e8re fois une exposition f\u00e9line internationale dans la r\u00e9gion lyonnaise.<\/h4>\n<div>\u00a0Elle aura lieu \u00e0 Genas, \u00e0 la salle Jacques Anquetil du\u00a0complexe sportif Marcel Gonzales, les 17 et 18\u00a0f\u00e9vrier prochains.<\/div>\n<div><\/div>\n<div>Il s&rsquo;agit d&rsquo;une <strong>exposition toutes races<\/strong>, de deux points sur deux jours, suivant le r\u00e8glement d&rsquo;exposition FIFe. En raison de la sortie du LOOF, les certificats obtenus sur cette exposition compteront pour un cursus FIFe uniquement.<\/div>\n<div>Les exposants qui ne sont pas membre d&rsquo;un club FIFe pourront toutefois inscrire leurs chats en classe chaton 4\/7 mois, jeune 7\/10 mois ou en classe ouverte CAC\/CAP. Les exposants qui souhaitent s&rsquo;inscrire dans les classes sup\u00e9rieures au CAC\/CAP devront \u00eatre membres \u00e0 jour de cotisation d&rsquo;un club FIFe et leurs pedigrees (LOOF\/CFA\/TICA&#8230;) enregistr\u00e9s \u00e0 la FIFe s&rsquo;il ne l&rsquo;est pas d\u00e9j\u00e0.<\/div>\n<div><\/div>\n<div>Le public est bien sur chaleureusement invit\u00e9 \u00e0 venir admirer les chats et rencontrer les exposants et \u00e9leveurs venus des 4 coins de la France, mais aussi de l&rsquo;\u00e9tranger.<\/div>\n<div><\/div>\n<div>Toutes les races seront repr\u00e9sent\u00e9es, mais les Ragdolls (RAG) et Sacr\u00e9s de Birmanie (SBI) seront particuli\u00e8rement mis \u00e0 l&rsquo;honneur au travers de deux sp\u00e9ciales de races organis\u00e9es en partenariat avec le Club du Chat Ragoll (CCR) le samedi, et le Cercle du chat sacr\u00e9 de Birmanie (CCSB) le dimanche.<\/div>\n<div><\/div>\n<div>&#8211; <strong>Plus d&rsquo;infos sur : <a href=\"http:\/\/www.cclds.fr\" target=\"_blank\" rel=\"noopener noreferrer\">http:\/\/www.cclds.fr<\/a><\/strong><\/div>\n<p>&nbsp;<\/p>\n<p>&nbsp;<\/p>\n<p>&nbsp;<\/p>\n","protected":false},"excerpt":{"rendered":"<p>Le Cat Club de Lyon Dauphin\u00e9 Savoie propose pour la premi\u00e8re fois une exposition f\u00e9line internationale dans la r\u00e9gion lyonnaise. \u00a0Elle aura lieu \u00e0 Genas, \u00e0 la salle Jacques Anquetil du\u00a0complexe sportif Marcel Gonzales, les 17 et 18\u00a0f\u00e9vrier prochains. Il s&rsquo;agit d&rsquo;une exposition toutes races, de deux points sur deux jours, suivant le r\u00e8glement d&rsquo;exposition [&hellip;]<\/p>\n","protected":false},"author":4,"featured_media":43697,"comment_status":"open","ping_status":"open","sticky":false,"template":"","format":"standard","meta":{"footnotes":""},"categories":[270,1598,3010,787],"tags":[],"class_list":["post-41502","post","type-post","status-publish","format-standard","has-post-thumbnail","hentry","category-cte-de-communes-c-c-e-l","category-genas","category-nature-environnement-culture-et-loisirs","category-ptites-news"],"yoast_head":"<!-- This site is optimized with the Yoast SEO plugin v27.2 - https:\/\/yoast.com\/product\/yoast-seo-wordpress\/ -->\n<title>Genas : Exposition f\u00e9line internationale les 17 et 18 f\u00e9vrier prochains<\/title>\n<meta name=\"description\" content=\"Genas : Exposition f\u00e9line internationale les 17 et 18 f\u00e9vrier prochains\" \/>\n<meta name=\"robots\" content=\"index, follow, max-snippet:-1, max-image-preview:large, max-video-preview:-1\" \/>\n<link rel=\"canonical\" href=\"https:\/\/newsestlyonnais.fr\/site\/2018\/02\/06\/genas-exposition-feline-internationale-les-17-et-18-fevrier-prochains\/\" \/>\n<meta property=\"og:locale\" content=\"fr_FR\" \/>\n<meta property=\"og:type\" content=\"article\" \/>\n<meta property=\"og:title\" content=\"Genas : Exposition f\u00e9line internationale les 17 et 18 f\u00e9vrier prochains\" \/>\n<meta property=\"og:description\" content=\"Genas : Exposition f\u00e9line internationale les 17 et 18 f\u00e9vrier prochains\" \/>\n<meta property=\"og:url\" content=\"https:\/\/newsestlyonnais.fr\/site\/2018\/02\/06\/genas-exposition-feline-internationale-les-17-et-18-fevrier-prochains\/\" \/>\n<meta property=\"og:site_name\" content=\"News Est Lyonnais\" \/>\n<meta property=\"article:author\" content=\"https:\/\/www.facebook.com\/pascal.oberson.1?fref=ts\" \/>\n<meta property=\"article:published_time\" content=\"2018-02-06T09:07:09+00:00\" \/>\n<meta property=\"article:modified_time\" content=\"2020-11-09T05:46:53+00:00\" \/>\n<meta property=\"og:image\" content=\"https:\/\/i0.wp.com\/newsestlyonnais.fr\/site\/wp-content\/uploads\/2018\/01\/NEWSESTLYONNAIS-EXPO-RAGDOLL.jpg?fit=568%2C438&ssl=1\" \/>\n\t<meta property=\"og:image:width\" content=\"568\" \/>\n\t<meta property=\"og:image:height\" content=\"438\" \/>\n\t<meta property=\"og:image:type\" content=\"image\/jpeg\" \/>\n<meta name=\"author\" content=\"R\u00e9dac. NEWS\" \/>\n<meta name=\"twitter:card\" content=\"summary_large_image\" \/>\n<meta name=\"twitter:label1\" content=\"\u00c9crit par\" \/>\n\t<meta name=\"twitter:data1\" content=\"R\u00e9dac. NEWS\" \/>\n\t<meta name=\"twitter:label2\" content=\"Dur\u00e9e de lecture estim\u00e9e\" \/>\n\t<meta name=\"twitter:data2\" content=\"1 minute\" \/>\n<script type=\"application\/ld+json\" class=\"yoast-schema-graph\">{\"@context\":\"https:\/\/schema.org\",\"@graph\":[{\"@type\":\"Article\",\"@id\":\"https:\/\/newsestlyonnais.fr\/site\/2018\/02\/06\/genas-exposition-feline-internationale-les-17-et-18-fevrier-prochains\/#article\",\"isPartOf\":{\"@id\":\"https:\/\/newsestlyonnais.fr\/site\/2018\/02\/06\/genas-exposition-feline-internationale-les-17-et-18-fevrier-prochains\/\"},\"author\":{\"name\":\"R\u00e9dac. NEWS\",\"@id\":\"https:\/\/newsestlyonnais.fr\/site\/#\/schema\/person\/3230d5615f390bb808365d673001e887\"},\"headline\":\"GENAS | Exposition f\u00e9line internationale les 17 et 18 f\u00e9vrier prochains\",\"datePublished\":\"2018-02-06T09:07:09+00:00\",\"dateModified\":\"2020-11-09T05:46:53+00:00\",\"mainEntityOfPage\":{\"@id\":\"https:\/\/newsestlyonnais.fr\/site\/2018\/02\/06\/genas-exposition-feline-internationale-les-17-et-18-fevrier-prochains\/\"},\"wordCount\":256,\"commentCount\":0,\"publisher\":{\"@id\":\"https:\/\/newsestlyonnais.fr\/site\/#organization\"},\"image\":{\"@id\":\"https:\/\/newsestlyonnais.fr\/site\/2018\/02\/06\/genas-exposition-feline-internationale-les-17-et-18-fevrier-prochains\/#primaryimage\"},\"thumbnailUrl\":\"https:\/\/newsestlyonnais.fr\/site\/wp-content\/uploads\/2018\/01\/NEWSESTLYONNAIS-EXPO-RAGDOLL.jpg\",\"articleSection\":[\"CCEL | Communes\",\"Genas\",\"Nature | Environnement | Chasse\",\"P'tites News\"],\"inLanguage\":\"fr-FR\",\"potentialAction\":[{\"@type\":\"CommentAction\",\"name\":\"Comment\",\"target\":[\"https:\/\/newsestlyonnais.fr\/site\/2018\/02\/06\/genas-exposition-feline-internationale-les-17-et-18-fevrier-prochains\/#respond\"]}]},{\"@type\":\"WebPage\",\"@id\":\"https:\/\/newsestlyonnais.fr\/site\/2018\/02\/06\/genas-exposition-feline-internationale-les-17-et-18-fevrier-prochains\/\",\"url\":\"https:\/\/newsestlyonnais.fr\/site\/2018\/02\/06\/genas-exposition-feline-internationale-les-17-et-18-fevrier-prochains\/\",\"name\":\"Genas : Exposition f\u00e9line internationale les 17 et 18 f\u00e9vrier prochains\",\"isPartOf\":{\"@id\":\"https:\/\/newsestlyonnais.fr\/site\/#website\"},\"primaryImageOfPage\":{\"@id\":\"https:\/\/newsestlyonnais.fr\/site\/2018\/02\/06\/genas-exposition-feline-internationale-les-17-et-18-fevrier-prochains\/#primaryimage\"},\"image\":{\"@id\":\"https:\/\/newsestlyonnais.fr\/site\/2018\/02\/06\/genas-exposition-feline-internationale-les-17-et-18-fevrier-prochains\/#primaryimage\"},\"thumbnailUrl\":\"https:\/\/newsestlyonnais.fr\/site\/wp-content\/uploads\/2018\/01\/NEWSESTLYONNAIS-EXPO-RAGDOLL.jpg\",\"datePublished\":\"2018-02-06T09:07:09+00:00\",\"dateModified\":\"2020-11-09T05:46:53+00:00\",\"description\":\"Genas : Exposition f\u00e9line internationale les 17 et 18 f\u00e9vrier prochains\",\"breadcrumb\":{\"@id\":\"https:\/\/newsestlyonnais.fr\/site\/2018\/02\/06\/genas-exposition-feline-internationale-les-17-et-18-fevrier-prochains\/#breadcrumb\"},\"inLanguage\":\"fr-FR\",\"potentialAction\":[{\"@type\":\"ReadAction\",\"target\":[\"https:\/\/newsestlyonnais.fr\/site\/2018\/02\/06\/genas-exposition-feline-internationale-les-17-et-18-fevrier-prochains\/\"]}]},{\"@type\":\"ImageObject\",\"inLanguage\":\"fr-FR\",\"@id\":\"https:\/\/newsestlyonnais.fr\/site\/2018\/02\/06\/genas-exposition-feline-internationale-les-17-et-18-fevrier-prochains\/#primaryimage\",\"url\":\"https:\/\/newsestlyonnais.fr\/site\/wp-content\/uploads\/2018\/01\/NEWSESTLYONNAIS-EXPO-RAGDOLL.jpg\",\"contentUrl\":\"https:\/\/newsestlyonnais.fr\/site\/wp-content\/uploads\/2018\/01\/NEWSESTLYONNAIS-EXPO-RAGDOLL.jpg\",\"width\":568,\"height\":438,\"caption\":\"NEWSESTLYONNAIS - EXPO RAGDOLL\"},{\"@type\":\"BreadcrumbList\",\"@id\":\"https:\/\/newsestlyonnais.fr\/site\/2018\/02\/06\/genas-exposition-feline-internationale-les-17-et-18-fevrier-prochains\/#breadcrumb\",\"itemListElement\":[{\"@type\":\"ListItem\",\"position\":1,\"name\":\"Accueil\",\"item\":\"https:\/\/newsestlyonnais.fr\/site\/\"},{\"@type\":\"ListItem\",\"position\":2,\"name\":\"GENAS | Exposition f\u00e9line internationale les 17 et 18 f\u00e9vrier prochains\"}]},{\"@type\":\"WebSite\",\"@id\":\"https:\/\/newsestlyonnais.fr\/site\/#website\",\"url\":\"https:\/\/newsestlyonnais.fr\/site\/\",\"name\":\"News Est Lyonnais\",\"description\":\"L&#039;actualit\u00e9 au plus pr\u00e8s\",\"publisher\":{\"@id\":\"https:\/\/newsestlyonnais.fr\/site\/#organization\"},\"potentialAction\":[{\"@type\":\"SearchAction\",\"target\":{\"@type\":\"EntryPoint\",\"urlTemplate\":\"https:\/\/newsestlyonnais.fr\/site\/?s={search_term_string}\"},\"query-input\":{\"@type\":\"PropertyValueSpecification\",\"valueRequired\":true,\"valueName\":\"search_term_string\"}}],\"inLanguage\":\"fr-FR\"},{\"@type\":\"Organization\",\"@id\":\"https:\/\/newsestlyonnais.fr\/site\/#organization\",\"name\":\"News EST LYONNAIS\",\"url\":\"https:\/\/newsestlyonnais.fr\/site\/\",\"logo\":{\"@type\":\"ImageObject\",\"inLanguage\":\"fr-FR\",\"@id\":\"https:\/\/newsestlyonnais.fr\/site\/#\/schema\/logo\/image\/\",\"url\":\"\",\"contentUrl\":\"\",\"caption\":\"News EST LYONNAIS\"},\"image\":{\"@id\":\"https:\/\/newsestlyonnais.fr\/site\/#\/schema\/logo\/image\/\"}},{\"@type\":\"Person\",\"@id\":\"https:\/\/newsestlyonnais.fr\/site\/#\/schema\/person\/3230d5615f390bb808365d673001e887\",\"name\":\"R\u00e9dac. NEWS\",\"sameAs\":[\"http:\/\/www.newsestlyonnais.fr\",\"https:\/\/www.facebook.com\/pascal.oberson.1?fref=ts\",\"https:\/\/fr.linkedin.com\/in\/pascal-oberson-b17045113\"],\"url\":\"https:\/\/newsestlyonnais.fr\/site\/author\/nel\/\"}]}<\/script>\n<!-- \/ Yoast SEO plugin. -->","yoast_head_json":{"title":"Genas : Exposition f\u00e9line internationale les 17 et 18 f\u00e9vrier prochains","description":"Genas : Exposition f\u00e9line internationale les 17 et 18 f\u00e9vrier prochains","robots":{"index":"index","follow":"follow","max-snippet":"max-snippet:-1","max-image-preview":"max-image-preview:large","max-video-preview":"max-video-preview:-1"},"canonical":"https:\/\/newsestlyonnais.fr\/site\/2018\/02\/06\/genas-exposition-feline-internationale-les-17-et-18-fevrier-prochains\/","og_locale":"fr_FR","og_type":"article","og_title":"Genas : Exposition f\u00e9line internationale les 17 et 18 f\u00e9vrier prochains","og_description":"Genas : Exposition f\u00e9line internationale les 17 et 18 f\u00e9vrier prochains","og_url":"https:\/\/newsestlyonnais.fr\/site\/2018\/02\/06\/genas-exposition-feline-internationale-les-17-et-18-fevrier-prochains\/","og_site_name":"News Est Lyonnais","article_author":"https:\/\/www.facebook.com\/pascal.oberson.1?fref=ts","article_published_time":"2018-02-06T09:07:09+00:00","article_modified_time":"2020-11-09T05:46:53+00:00","og_image":[{"width":568,"height":438,"url":"https:\/\/i0.wp.com\/newsestlyonnais.fr\/site\/wp-content\/uploads\/2018\/01\/NEWSESTLYONNAIS-EXPO-RAGDOLL.jpg?fit=568%2C438&ssl=1","type":"image\/jpeg"}],"author":"R\u00e9dac. NEWS","twitter_card":"summary_large_image","twitter_misc":{"\u00c9crit par":"R\u00e9dac. NEWS","Dur\u00e9e de lecture estim\u00e9e":"1 minute"},"schema":{"@context":"https:\/\/schema.org","@graph":[{"@type":"Article","@id":"https:\/\/newsestlyonnais.fr\/site\/2018\/02\/06\/genas-exposition-feline-internationale-les-17-et-18-fevrier-prochains\/#article","isPartOf":{"@id":"https:\/\/newsestlyonnais.fr\/site\/2018\/02\/06\/genas-exposition-feline-internationale-les-17-et-18-fevrier-prochains\/"},"author":{"name":"R\u00e9dac. NEWS","@id":"https:\/\/newsestlyonnais.fr\/site\/#\/schema\/person\/3230d5615f390bb808365d673001e887"},"headline":"GENAS | Exposition f\u00e9line internationale les 17 et 18 f\u00e9vrier prochains","datePublished":"2018-02-06T09:07:09+00:00","dateModified":"2020-11-09T05:46:53+00:00","mainEntityOfPage":{"@id":"https:\/\/newsestlyonnais.fr\/site\/2018\/02\/06\/genas-exposition-feline-internationale-les-17-et-18-fevrier-prochains\/"},"wordCount":256,"commentCount":0,"publisher":{"@id":"https:\/\/newsestlyonnais.fr\/site\/#organization"},"image":{"@id":"https:\/\/newsestlyonnais.fr\/site\/2018\/02\/06\/genas-exposition-feline-internationale-les-17-et-18-fevrier-prochains\/#primaryimage"},"thumbnailUrl":"https:\/\/newsestlyonnais.fr\/site\/wp-content\/uploads\/2018\/01\/NEWSESTLYONNAIS-EXPO-RAGDOLL.jpg","articleSection":["CCEL | Communes","Genas","Nature | Environnement | Chasse","P'tites News"],"inLanguage":"fr-FR","potentialAction":[{"@type":"CommentAction","name":"Comment","target":["https:\/\/newsestlyonnais.fr\/site\/2018\/02\/06\/genas-exposition-feline-internationale-les-17-et-18-fevrier-prochains\/#respond"]}]},{"@type":"WebPage","@id":"https:\/\/newsestlyonnais.fr\/site\/2018\/02\/06\/genas-exposition-feline-internationale-les-17-et-18-fevrier-prochains\/","url":"https:\/\/newsestlyonnais.fr\/site\/2018\/02\/06\/genas-exposition-feline-internationale-les-17-et-18-fevrier-prochains\/","name":"Genas : Exposition f\u00e9line internationale les 17 et 18 f\u00e9vrier prochains","isPartOf":{"@id":"https:\/\/newsestlyonnais.fr\/site\/#website"},"primaryImageOfPage":{"@id":"https:\/\/newsestlyonnais.fr\/site\/2018\/02\/06\/genas-exposition-feline-internationale-les-17-et-18-fevrier-prochains\/#primaryimage"},"image":{"@id":"https:\/\/newsestlyonnais.fr\/site\/2018\/02\/06\/genas-exposition-feline-internationale-les-17-et-18-fevrier-prochains\/#primaryimage"},"thumbnailUrl":"https:\/\/newsestlyonnais.fr\/site\/wp-content\/uploads\/2018\/01\/NEWSESTLYONNAIS-EXPO-RAGDOLL.jpg","datePublished":"2018-02-06T09:07:09+00:00","dateModified":"2020-11-09T05:46:53+00:00","description":"Genas : Exposition f\u00e9line internationale les 17 et 18 f\u00e9vrier prochains","breadcrumb":{"@id":"https:\/\/newsestlyonnais.fr\/site\/2018\/02\/06\/genas-exposition-feline-internationale-les-17-et-18-fevrier-prochains\/#breadcrumb"},"inLanguage":"fr-FR","potentialAction":[{"@type":"ReadAction","target":["https:\/\/newsestlyonnais.fr\/site\/2018\/02\/06\/genas-exposition-feline-internationale-les-17-et-18-fevrier-prochains\/"]}]},{"@type":"ImageObject","inLanguage":"fr-FR","@id":"https:\/\/newsestlyonnais.fr\/site\/2018\/02\/06\/genas-exposition-feline-internationale-les-17-et-18-fevrier-prochains\/#primaryimage","url":"https:\/\/newsestlyonnais.fr\/site\/wp-content\/uploads\/2018\/01\/NEWSESTLYONNAIS-EXPO-RAGDOLL.jpg","contentUrl":"https:\/\/newsestlyonnais.fr\/site\/wp-content\/uploads\/2018\/01\/NEWSESTLYONNAIS-EXPO-RAGDOLL.jpg","width":568,"height":438,"caption":"NEWSESTLYONNAIS - EXPO RAGDOLL"},{"@type":"BreadcrumbList","@id":"https:\/\/newsestlyonnais.fr\/site\/2018\/02\/06\/genas-exposition-feline-internationale-les-17-et-18-fevrier-prochains\/#breadcrumb","itemListElement":[{"@type":"ListItem","position":1,"name":"Accueil","item":"https:\/\/newsestlyonnais.fr\/site\/"},{"@type":"ListItem","position":2,"name":"GENAS | Exposition f\u00e9line internationale les 17 et 18 f\u00e9vrier prochains"}]},{"@type":"WebSite","@id":"https:\/\/newsestlyonnais.fr\/site\/#website","url":"https:\/\/newsestlyonnais.fr\/site\/","name":"News Est Lyonnais","description":"L&#039;actualit\u00e9 au plus pr\u00e8s","publisher":{"@id":"https:\/\/newsestlyonnais.fr\/site\/#organization"},"potentialAction":[{"@type":"SearchAction","target":{"@type":"EntryPoint","urlTemplate":"https:\/\/newsestlyonnais.fr\/site\/?s={search_term_string}"},"query-input":{"@type":"PropertyValueSpecification","valueRequired":true,"valueName":"search_term_string"}}],"inLanguage":"fr-FR"},{"@type":"Organization","@id":"https:\/\/newsestlyonnais.fr\/site\/#organization","name":"News EST LYONNAIS","url":"https:\/\/newsestlyonnais.fr\/site\/","logo":{"@type":"ImageObject","inLanguage":"fr-FR","@id":"https:\/\/newsestlyonnais.fr\/site\/#\/schema\/logo\/image\/","url":"","contentUrl":"","caption":"News EST LYONNAIS"},"image":{"@id":"https:\/\/newsestlyonnais.fr\/site\/#\/schema\/logo\/image\/"}},{"@type":"Person","@id":"https:\/\/newsestlyonnais.fr\/site\/#\/schema\/person\/3230d5615f390bb808365d673001e887","name":"R\u00e9dac. NEWS","sameAs":["http:\/\/www.newsestlyonnais.fr","https:\/\/www.facebook.com\/pascal.oberson.1?fref=ts","https:\/\/fr.linkedin.com\/in\/pascal-oberson-b17045113"],"url":"https:\/\/newsestlyonnais.fr\/site\/author\/nel\/"}]}},"_links":{"self":[{"href":"https:\/\/newsestlyonnais.fr\/site\/wp-json\/wp\/v2\/posts\/41502","targetHints":{"allow":["GET"]}}],"collection":[{"href":"https:\/\/newsestlyonnais.fr\/site\/wp-json\/wp\/v2\/posts"}],"about":[{"href":"https:\/\/newsestlyonnais.fr\/site\/wp-json\/wp\/v2\/types\/post"}],"author":[{"embeddable":true,"href":"https:\/\/newsestlyonnais.fr\/site\/wp-json\/wp\/v2\/users\/4"}],"replies":[{"embeddable":true,"href":"https:\/\/newsestlyonnais.fr\/site\/wp-json\/wp\/v2\/comments?post=41502"}],"version-history":[{"count":0,"href":"https:\/\/newsestlyonnais.fr\/site\/wp-json\/wp\/v2\/posts\/41502\/revisions"}],"wp:featuredmedia":[{"embeddable":true,"href":"https:\/\/newsestlyonnais.fr\/site\/wp-json\/wp\/v2\/media\/43697"}],"wp:attachment":[{"href":"https:\/\/newsestlyonnais.fr\/site\/wp-json\/wp\/v2\/media?parent=41502"}],"wp:term":[{"taxonomy":"category","embeddable":true,"href":"https:\/\/newsestlyonnais.fr\/site\/wp-json\/wp\/v2\/categories?post=41502"},{"taxonomy":"post_tag","embeddable":true,"href":"https:\/\/newsestlyonnais.fr\/site\/wp-json\/wp\/v2\/tags?post=41502"}],"curies":[{"name":"wp","href":"https:\/\/api.w.org\/{rel}","templated":true}]}}