{"id":41563,"date":"2018-01-10T06:32:46","date_gmt":"2018-01-10T05:32:46","guid":{"rendered":"http:\/\/newsestlyonnais.fr\/site\/?p=41563"},"modified":"2020-10-24T11:11:40","modified_gmt":"2020-10-24T10:11:40","slug":"lyon-7-les-manifestations-et-reunions-prevues-du-9-au-28-janvier","status":"publish","type":"post","link":"https:\/\/newsestlyonnais.fr\/site\/2018\/01\/10\/lyon-7-les-manifestations-et-reunions-prevues-du-9-au-28-janvier\/","title":{"rendered":"LYON 7 | Manifestations du 9 au 28 janvier"},"content":{"rendered":"<h4>Nombreux sont les \u00e9v\u00e8nements et manifestations qui se d\u00e9rouleront du 9 au 28 janvier sur le 7\u00b0 arrondissement :<\/h4>\n<ul>\n<li><strong>Du 9 au 20 janvier<\/strong> : <span style=\"text-decoration: underline;\">\u00ab Beyond our own borders \u00bb<\/span> Photographies sur le voyage autour du monde de Caroline et Jairson. (Grand Hall du 1\u00b0 \u00e9tage \u2013 Mairie)<\/li>\n<li><strong>Mercredi 10 janvier \u00e0 18 h 30<\/strong>: <span style=\"text-decoration: underline;\">R\u00e9union d\u2019information sur les travaux de la ligne de tramway T6.<\/span> (Espace citoyen, 12 avenue Jean Mermoz).<\/li>\n<li><strong>Du 12 au 19 janvier<\/strong> : <span style=\"text-decoration: underline;\">10 peintres pour 10 univers par Day2Day Gallery<\/span>. (Salle Edmond Locard \u2013 Centre Berthelot \u2013 14 avenue Berthelot)<\/li>\n<li><strong>Samedi 13 janvier de 9 h \u00e0 13 h:<\/strong> <span style=\"text-decoration: underline;\">Collecte solidaire des appareils \u00e9lectriques et \u00e9lectroniques.<\/span> (Place Saint Louis) &amp; <strong>de 10 h \u00e0 12 h<\/strong>: <span style=\"text-decoration: underline;\">\u00c7a me dit de la Petite Enfance<\/span> : \u00ab Ainsi font font font les assistantes maternelles \u00bb. Les relais d\u2019assistantes maternelles et la cr\u00e8che familiale du 7\u00b0 proposeront des lectures libres et des kamishiba\u00ef, des fabrications de marionnettes, un espace sensoriel et un atelier fabrication de p\u00e2te \u00e0 modeler.Et pour les parents, un espace de documentation et d\u2019\u00e9change sur l\u2019accueil individuel. Entr\u00e9e libre, dans la limite des places disponibles. (Salle Villon, 1\u00b0 \u00e9tage, et salle de r\u00e9union, 2\u00b0 \u00e9tage- Mairie du 7\u00b0). &amp; <strong>\u00e0 11 h<\/strong> : <span style=\"text-decoration: underline;\">Pr\u00e9sentation du projet \u00ab Joyeuse cacophonie \u00bb<\/span>, port\u00e9 par les Universit\u00e9s de Lyon, et la compagnie Fred Bendongu\u00e9. Dans le cadre de la 12\u00b0 Biennale de la Danse. (Biblioth\u00e8que de Gerland, 34 rue Jacques Monod).<\/li>\n<li><strong>Lundi 15 janvier \u00e0 18 h 05<\/strong>: <span style=\"text-decoration: underline;\">Spectacle de l\u2019\u00e9cole Marc Bloch<\/span>. (Salle des Mariages et du Conseil, Mairie du 7\u00b0).<\/li>\n<li><strong>Mardi 16 janvier \u00e0 18 h 30<\/strong> : <span style=\"text-decoration: underline;\">Conseil d\u2019arrondissement<\/span>. (Salle des Mariages et du Conseil, Mairie du 7\u00b0).<\/li>\n<li><strong>Jeudi 18 janvier \u00e0 15 h 3<\/strong>0: <span style=\"text-decoration: underline;\">Go\u00fbter festif organis\u00e9 par l\u2019EHPAD Les Girondines<\/span>. (16 all\u00e9e Eug\u00e9nie Niboyet).<\/li>\n<li><strong>Samedi 20 janvier \u00e0 12 h 30<\/strong>: <span style=\"text-decoration: underline;\">Repas du nouvel an<\/span>, organis\u00e9 par le Foyer restaurant le Colombier (13 rue Marc Bloch).<\/li>\n<li><strong>Dimanche 21 janvier \u00e0 10 h:<\/strong> <span style=\"text-decoration: underline;\">38\u00b0 Travers\u00e9e de Lyon \u00e0 la nage avec les palmes,<\/span> organis\u00e9e par le Club Thalassa Lyon Plong\u00e9e. (D\u00e9part de la course parc de la Feyssine, Villeurbanne, Arriv\u00e9e pr\u00e9vue apr\u00e8s le Pont Raymlond Barre). <strong>\u00e0 13 h: \u00a0<\/strong> <span style=\"text-decoration: underline;\">Annonce des r\u00e9sultats et remise des prix<\/span> \u00e0 la Cit\u00e9 Scolaire Internationale. &amp; <strong>\u00e0 15 h 30<\/strong>: <span style=\"text-decoration: underline;\">Traditionnel concert<\/span> organis\u00e9 par le Comit\u00e9 de l\u2019Orgue Notre-Dame Saint-Louis de la Guilloti\u00e8re. A cette occasion, il sera \u00e9galement c\u00e9l\u00e9br\u00e9 son 20\u00b0 anniversaire, et les 10 ans de la restauration de l\u2019orgue. (Eglise Notre Dame de la Guilloti\u00e8re, 1 rue de la Madeleine) .<\/li>\n<li><strong>Lundi 22 janvier : \u00e0 18 h 30<\/strong>: <span style=\"text-decoration: underline;\">Vernissage de l\u2019exposition de photographies du concours \u00ab Ponts et passerelles \u00e0 l\u2019approche de la Confluence \u00bb<\/span> par l\u2019 association Promenades et Sant\u00e9- Choix de la photo s\u00e9lectionn\u00e9e par le public. (Grand Hall du 1\u00b0 \u00e9tage \u2013 Mairie du 7\u00b0).<\/li>\n<li><strong>Du 22 au 29 janvier<\/strong> : <span style=\"text-decoration: underline;\">Photographies du concours \u00ab Ponts et passerelles \u00e0 l\u2019approche de la Confluence \u00bb<\/span> par l\u2019association Promenades et Sant\u00e9. (Grand Hall du 1\u00b0 \u00e9tage \u2013 Mairie du 7\u00b0).<\/li>\n<li><strong>Mardi 23 janvier \u00e0 19 h<\/strong>: <span style=\"text-decoration: underline;\">C\u00e9r\u00e9monie de pr\u00e9sentation des v\u0153ux du 7\u00b0\u00a0 arrondissement.<\/span> (Halle Tony Garnier, 20 place des Docteurs M\u00e9rieux).<\/li>\n<li><strong>Jeudi 25 janvier \u00e0 18 h<\/strong> : <span style=\"text-decoration: underline;\">R\u00e9union d\u2019information et d\u2019\u00e9changes sur l\u2019\u00e9volution urbaine de l\u2019ilot Jangot \/ Cluzan \/ B\u00e9chevelin \/ Reinac<\/span>h, avec les structures concern\u00e9es par cet ilot. (Salle Villon). &amp; <strong>\u00e0 19 h:<\/strong> <span style=\"text-decoration: underline;\">V\u0153ux de l\u2019Office des Sports du 7\u00b0<\/span> (Salle des Mariages et du Conseil, Mairie du 7\u00b0).<\/li>\n<li><strong>Vendredi 26 janvier \u00e0 12 h 30:<\/strong> <span style=\"text-decoration: underline;\">Pr\u00e9sentation des v\u0153ux au personnel de la Mairie du 7\u00b0<\/span>. (Salle Villon, Mairie du 7\u00b0) &amp; <strong>\u00e0 18 h<\/strong>: <span style=\"text-decoration: underline;\">Assembl\u00e9e g\u00e9n\u00e9rale de l\u2019association \u00ab Nouvelle Donne<\/span> \u00bb. (Salle des Mariages et du Conseil, Mairie du 7\u00b0).<\/li>\n<li><strong>Du 26 janvier au 4 f\u00e9vrier<\/strong> : <span style=\"text-decoration: underline;\">Exposition de l\u2019Acad\u00e9mie des peintres de Montchat<\/span>. (Salle Edmond Locard \u2013 Centre Berthelot \u2013 14 avenue Berthelot).<\/li>\n<\/ul>\n<p><strong><em>NOTA : Hiver 2017\/2018\u00a0: <\/em><\/strong><em>Grande collecte de couvertures et de sacs de couchage au profit des plus d\u00e9munis. <\/em><em>Chacun est invit\u00e9 \u00e0 venir d\u00e9poser une couverture, un plaid ou un duvet en bon \u00e9tat en mairie d\u2019arrondissement.<\/em><\/p>\n<p><em>\u00a0<\/em><\/p>\n","protected":false},"excerpt":{"rendered":"<p>Nombreux sont les \u00e9v\u00e8nements et manifestations qui se d\u00e9rouleront du 9 au 28 janvier sur le 7\u00b0 arrondissement : Du 9 au 20 janvier : \u00ab Beyond our own borders \u00bb Photographies sur le voyage autour du monde de Caroline et Jairson. (Grand Hall du 1\u00b0 \u00e9tage \u2013 Mairie) Mercredi 10 janvier \u00e0 18 h [&hellip;]<\/p>\n","protected":false},"author":4,"featured_media":8840,"comment_status":"open","ping_status":"open","sticky":false,"template":"","format":"standard","meta":{"footnotes":""},"categories":[1625],"tags":[],"class_list":["post-41563","post","type-post","status-publish","format-standard","has-post-thumbnail","hentry","category-lyon"],"yoast_head":"<!-- This site is optimized with the Yoast SEO plugin v27.2 - https:\/\/yoast.com\/product\/yoast-seo-wordpress\/ -->\n<title>LYON 7\u00b0 : Les manifestations et r\u00e9unions pr\u00e9vues du 9 au 28 janvier<\/title>\n<meta name=\"description\" content=\"LYON 7\u00b0 : Les manifestations et r\u00e9unions pr\u00e9vues du 9 au 28 janvier\" \/>\n<meta name=\"robots\" content=\"index, follow, max-snippet:-1, max-image-preview:large, max-video-preview:-1\" \/>\n<link rel=\"canonical\" href=\"https:\/\/newsestlyonnais.fr\/site\/2018\/01\/10\/lyon-7-les-manifestations-et-reunions-prevues-du-9-au-28-janvier\/\" \/>\n<meta property=\"og:locale\" content=\"fr_FR\" \/>\n<meta property=\"og:type\" content=\"article\" \/>\n<meta property=\"og:title\" content=\"LYON 7\u00b0 : Les manifestations et r\u00e9unions pr\u00e9vues du 9 au 28 janvier\" \/>\n<meta property=\"og:description\" content=\"LYON 7\u00b0 : Les manifestations et r\u00e9unions pr\u00e9vues du 9 au 28 janvier\" \/>\n<meta property=\"og:url\" content=\"https:\/\/newsestlyonnais.fr\/site\/2018\/01\/10\/lyon-7-les-manifestations-et-reunions-prevues-du-9-au-28-janvier\/\" \/>\n<meta property=\"og:site_name\" content=\"News Est Lyonnais\" \/>\n<meta property=\"article:author\" content=\"https:\/\/www.facebook.com\/pascal.oberson.1?fref=ts\" \/>\n<meta property=\"article:published_time\" content=\"2018-01-10T05:32:46+00:00\" \/>\n<meta property=\"article:modified_time\" content=\"2020-10-24T10:11:40+00:00\" \/>\n<meta property=\"og:image\" content=\"https:\/\/i1.wp.com\/newsestlyonnais.fr\/site\/wp-content\/uploads\/2016\/06\/NEWSESTLYONNAIS-LYON-PANNEAUP1100180.jpg?fit=1000%2C750&ssl=1\" \/>\n\t<meta property=\"og:image:width\" content=\"1000\" \/>\n\t<meta property=\"og:image:height\" content=\"750\" \/>\n\t<meta property=\"og:image:type\" content=\"image\/jpeg\" \/>\n<meta name=\"author\" content=\"R\u00e9dac. NEWS\" \/>\n<meta name=\"twitter:card\" content=\"summary_large_image\" \/>\n<meta name=\"twitter:label1\" content=\"\u00c9crit par\" \/>\n\t<meta name=\"twitter:data1\" content=\"R\u00e9dac. NEWS\" \/>\n\t<meta name=\"twitter:label2\" content=\"Dur\u00e9e de lecture estim\u00e9e\" \/>\n\t<meta name=\"twitter:data2\" content=\"3 minutes\" \/>\n<script type=\"application\/ld+json\" class=\"yoast-schema-graph\">{\"@context\":\"https:\/\/schema.org\",\"@graph\":[{\"@type\":\"Article\",\"@id\":\"https:\/\/newsestlyonnais.fr\/site\/2018\/01\/10\/lyon-7-les-manifestations-et-reunions-prevues-du-9-au-28-janvier\/#article\",\"isPartOf\":{\"@id\":\"https:\/\/newsestlyonnais.fr\/site\/2018\/01\/10\/lyon-7-les-manifestations-et-reunions-prevues-du-9-au-28-janvier\/\"},\"author\":{\"name\":\"R\u00e9dac. NEWS\",\"@id\":\"https:\/\/newsestlyonnais.fr\/site\/#\/schema\/person\/3230d5615f390bb808365d673001e887\"},\"headline\":\"LYON 7 | Manifestations du 9 au 28 janvier\",\"datePublished\":\"2018-01-10T05:32:46+00:00\",\"dateModified\":\"2020-10-24T10:11:40+00:00\",\"mainEntityOfPage\":{\"@id\":\"https:\/\/newsestlyonnais.fr\/site\/2018\/01\/10\/lyon-7-les-manifestations-et-reunions-prevues-du-9-au-28-janvier\/\"},\"wordCount\":623,\"commentCount\":0,\"publisher\":{\"@id\":\"https:\/\/newsestlyonnais.fr\/site\/#organization\"},\"image\":{\"@id\":\"https:\/\/newsestlyonnais.fr\/site\/2018\/01\/10\/lyon-7-les-manifestations-et-reunions-prevues-du-9-au-28-janvier\/#primaryimage\"},\"thumbnailUrl\":\"https:\/\/newsestlyonnais.fr\/site\/wp-content\/uploads\/2016\/06\/NEWSESTLYONNAIS-LYON-PANNEAUP1100180.jpg\",\"articleSection\":[\"Lyon\"],\"inLanguage\":\"fr-FR\",\"potentialAction\":[{\"@type\":\"CommentAction\",\"name\":\"Comment\",\"target\":[\"https:\/\/newsestlyonnais.fr\/site\/2018\/01\/10\/lyon-7-les-manifestations-et-reunions-prevues-du-9-au-28-janvier\/#respond\"]}]},{\"@type\":\"WebPage\",\"@id\":\"https:\/\/newsestlyonnais.fr\/site\/2018\/01\/10\/lyon-7-les-manifestations-et-reunions-prevues-du-9-au-28-janvier\/\",\"url\":\"https:\/\/newsestlyonnais.fr\/site\/2018\/01\/10\/lyon-7-les-manifestations-et-reunions-prevues-du-9-au-28-janvier\/\",\"name\":\"LYON 7\u00b0 : Les manifestations et r\u00e9unions pr\u00e9vues du 9 au 28 janvier\",\"isPartOf\":{\"@id\":\"https:\/\/newsestlyonnais.fr\/site\/#website\"},\"primaryImageOfPage\":{\"@id\":\"https:\/\/newsestlyonnais.fr\/site\/2018\/01\/10\/lyon-7-les-manifestations-et-reunions-prevues-du-9-au-28-janvier\/#primaryimage\"},\"image\":{\"@id\":\"https:\/\/newsestlyonnais.fr\/site\/2018\/01\/10\/lyon-7-les-manifestations-et-reunions-prevues-du-9-au-28-janvier\/#primaryimage\"},\"thumbnailUrl\":\"https:\/\/newsestlyonnais.fr\/site\/wp-content\/uploads\/2016\/06\/NEWSESTLYONNAIS-LYON-PANNEAUP1100180.jpg\",\"datePublished\":\"2018-01-10T05:32:46+00:00\",\"dateModified\":\"2020-10-24T10:11:40+00:00\",\"description\":\"LYON 7\u00b0 : Les manifestations et r\u00e9unions pr\u00e9vues du 9 au 28 janvier\",\"breadcrumb\":{\"@id\":\"https:\/\/newsestlyonnais.fr\/site\/2018\/01\/10\/lyon-7-les-manifestations-et-reunions-prevues-du-9-au-28-janvier\/#breadcrumb\"},\"inLanguage\":\"fr-FR\",\"potentialAction\":[{\"@type\":\"ReadAction\",\"target\":[\"https:\/\/newsestlyonnais.fr\/site\/2018\/01\/10\/lyon-7-les-manifestations-et-reunions-prevues-du-9-au-28-janvier\/\"]}]},{\"@type\":\"ImageObject\",\"inLanguage\":\"fr-FR\",\"@id\":\"https:\/\/newsestlyonnais.fr\/site\/2018\/01\/10\/lyon-7-les-manifestations-et-reunions-prevues-du-9-au-28-janvier\/#primaryimage\",\"url\":\"https:\/\/newsestlyonnais.fr\/site\/wp-content\/uploads\/2016\/06\/NEWSESTLYONNAIS-LYON-PANNEAUP1100180.jpg\",\"contentUrl\":\"https:\/\/newsestlyonnais.fr\/site\/wp-content\/uploads\/2016\/06\/NEWSESTLYONNAIS-LYON-PANNEAUP1100180.jpg\",\"width\":1000,\"height\":750,\"caption\":\"NEWSESTLYONNAIS - LYON PANNEAU\"},{\"@type\":\"BreadcrumbList\",\"@id\":\"https:\/\/newsestlyonnais.fr\/site\/2018\/01\/10\/lyon-7-les-manifestations-et-reunions-prevues-du-9-au-28-janvier\/#breadcrumb\",\"itemListElement\":[{\"@type\":\"ListItem\",\"position\":1,\"name\":\"Accueil\",\"item\":\"https:\/\/newsestlyonnais.fr\/site\/\"},{\"@type\":\"ListItem\",\"position\":2,\"name\":\"LYON 7 | Manifestations du 9 au 28 janvier\"}]},{\"@type\":\"WebSite\",\"@id\":\"https:\/\/newsestlyonnais.fr\/site\/#website\",\"url\":\"https:\/\/newsestlyonnais.fr\/site\/\",\"name\":\"News Est Lyonnais\",\"description\":\"L&#039;actualit\u00e9 au plus pr\u00e8s\",\"publisher\":{\"@id\":\"https:\/\/newsestlyonnais.fr\/site\/#organization\"},\"potentialAction\":[{\"@type\":\"SearchAction\",\"target\":{\"@type\":\"EntryPoint\",\"urlTemplate\":\"https:\/\/newsestlyonnais.fr\/site\/?s={search_term_string}\"},\"query-input\":{\"@type\":\"PropertyValueSpecification\",\"valueRequired\":true,\"valueName\":\"search_term_string\"}}],\"inLanguage\":\"fr-FR\"},{\"@type\":\"Organization\",\"@id\":\"https:\/\/newsestlyonnais.fr\/site\/#organization\",\"name\":\"News EST LYONNAIS\",\"url\":\"https:\/\/newsestlyonnais.fr\/site\/\",\"logo\":{\"@type\":\"ImageObject\",\"inLanguage\":\"fr-FR\",\"@id\":\"https:\/\/newsestlyonnais.fr\/site\/#\/schema\/logo\/image\/\",\"url\":\"\",\"contentUrl\":\"\",\"caption\":\"News EST LYONNAIS\"},\"image\":{\"@id\":\"https:\/\/newsestlyonnais.fr\/site\/#\/schema\/logo\/image\/\"}},{\"@type\":\"Person\",\"@id\":\"https:\/\/newsestlyonnais.fr\/site\/#\/schema\/person\/3230d5615f390bb808365d673001e887\",\"name\":\"R\u00e9dac. NEWS\",\"sameAs\":[\"http:\/\/www.newsestlyonnais.fr\",\"https:\/\/www.facebook.com\/pascal.oberson.1?fref=ts\",\"https:\/\/fr.linkedin.com\/in\/pascal-oberson-b17045113\"],\"url\":\"https:\/\/newsestlyonnais.fr\/site\/author\/nel\/\"}]}<\/script>\n<!-- \/ Yoast SEO plugin. -->","yoast_head_json":{"title":"LYON 7\u00b0 : Les manifestations et r\u00e9unions pr\u00e9vues du 9 au 28 janvier","description":"LYON 7\u00b0 : Les manifestations et r\u00e9unions pr\u00e9vues du 9 au 28 janvier","robots":{"index":"index","follow":"follow","max-snippet":"max-snippet:-1","max-image-preview":"max-image-preview:large","max-video-preview":"max-video-preview:-1"},"canonical":"https:\/\/newsestlyonnais.fr\/site\/2018\/01\/10\/lyon-7-les-manifestations-et-reunions-prevues-du-9-au-28-janvier\/","og_locale":"fr_FR","og_type":"article","og_title":"LYON 7\u00b0 : Les manifestations et r\u00e9unions pr\u00e9vues du 9 au 28 janvier","og_description":"LYON 7\u00b0 : Les manifestations et r\u00e9unions pr\u00e9vues du 9 au 28 janvier","og_url":"https:\/\/newsestlyonnais.fr\/site\/2018\/01\/10\/lyon-7-les-manifestations-et-reunions-prevues-du-9-au-28-janvier\/","og_site_name":"News Est Lyonnais","article_author":"https:\/\/www.facebook.com\/pascal.oberson.1?fref=ts","article_published_time":"2018-01-10T05:32:46+00:00","article_modified_time":"2020-10-24T10:11:40+00:00","og_image":[{"width":1000,"height":750,"url":"https:\/\/i1.wp.com\/newsestlyonnais.fr\/site\/wp-content\/uploads\/2016\/06\/NEWSESTLYONNAIS-LYON-PANNEAUP1100180.jpg?fit=1000%2C750&ssl=1","type":"image\/jpeg"}],"author":"R\u00e9dac. NEWS","twitter_card":"summary_large_image","twitter_misc":{"\u00c9crit par":"R\u00e9dac. NEWS","Dur\u00e9e de lecture estim\u00e9e":"3 minutes"},"schema":{"@context":"https:\/\/schema.org","@graph":[{"@type":"Article","@id":"https:\/\/newsestlyonnais.fr\/site\/2018\/01\/10\/lyon-7-les-manifestations-et-reunions-prevues-du-9-au-28-janvier\/#article","isPartOf":{"@id":"https:\/\/newsestlyonnais.fr\/site\/2018\/01\/10\/lyon-7-les-manifestations-et-reunions-prevues-du-9-au-28-janvier\/"},"author":{"name":"R\u00e9dac. NEWS","@id":"https:\/\/newsestlyonnais.fr\/site\/#\/schema\/person\/3230d5615f390bb808365d673001e887"},"headline":"LYON 7 | Manifestations du 9 au 28 janvier","datePublished":"2018-01-10T05:32:46+00:00","dateModified":"2020-10-24T10:11:40+00:00","mainEntityOfPage":{"@id":"https:\/\/newsestlyonnais.fr\/site\/2018\/01\/10\/lyon-7-les-manifestations-et-reunions-prevues-du-9-au-28-janvier\/"},"wordCount":623,"commentCount":0,"publisher":{"@id":"https:\/\/newsestlyonnais.fr\/site\/#organization"},"image":{"@id":"https:\/\/newsestlyonnais.fr\/site\/2018\/01\/10\/lyon-7-les-manifestations-et-reunions-prevues-du-9-au-28-janvier\/#primaryimage"},"thumbnailUrl":"https:\/\/newsestlyonnais.fr\/site\/wp-content\/uploads\/2016\/06\/NEWSESTLYONNAIS-LYON-PANNEAUP1100180.jpg","articleSection":["Lyon"],"inLanguage":"fr-FR","potentialAction":[{"@type":"CommentAction","name":"Comment","target":["https:\/\/newsestlyonnais.fr\/site\/2018\/01\/10\/lyon-7-les-manifestations-et-reunions-prevues-du-9-au-28-janvier\/#respond"]}]},{"@type":"WebPage","@id":"https:\/\/newsestlyonnais.fr\/site\/2018\/01\/10\/lyon-7-les-manifestations-et-reunions-prevues-du-9-au-28-janvier\/","url":"https:\/\/newsestlyonnais.fr\/site\/2018\/01\/10\/lyon-7-les-manifestations-et-reunions-prevues-du-9-au-28-janvier\/","name":"LYON 7\u00b0 : Les manifestations et r\u00e9unions pr\u00e9vues du 9 au 28 janvier","isPartOf":{"@id":"https:\/\/newsestlyonnais.fr\/site\/#website"},"primaryImageOfPage":{"@id":"https:\/\/newsestlyonnais.fr\/site\/2018\/01\/10\/lyon-7-les-manifestations-et-reunions-prevues-du-9-au-28-janvier\/#primaryimage"},"image":{"@id":"https:\/\/newsestlyonnais.fr\/site\/2018\/01\/10\/lyon-7-les-manifestations-et-reunions-prevues-du-9-au-28-janvier\/#primaryimage"},"thumbnailUrl":"https:\/\/newsestlyonnais.fr\/site\/wp-content\/uploads\/2016\/06\/NEWSESTLYONNAIS-LYON-PANNEAUP1100180.jpg","datePublished":"2018-01-10T05:32:46+00:00","dateModified":"2020-10-24T10:11:40+00:00","description":"LYON 7\u00b0 : Les manifestations et r\u00e9unions pr\u00e9vues du 9 au 28 janvier","breadcrumb":{"@id":"https:\/\/newsestlyonnais.fr\/site\/2018\/01\/10\/lyon-7-les-manifestations-et-reunions-prevues-du-9-au-28-janvier\/#breadcrumb"},"inLanguage":"fr-FR","potentialAction":[{"@type":"ReadAction","target":["https:\/\/newsestlyonnais.fr\/site\/2018\/01\/10\/lyon-7-les-manifestations-et-reunions-prevues-du-9-au-28-janvier\/"]}]},{"@type":"ImageObject","inLanguage":"fr-FR","@id":"https:\/\/newsestlyonnais.fr\/site\/2018\/01\/10\/lyon-7-les-manifestations-et-reunions-prevues-du-9-au-28-janvier\/#primaryimage","url":"https:\/\/newsestlyonnais.fr\/site\/wp-content\/uploads\/2016\/06\/NEWSESTLYONNAIS-LYON-PANNEAUP1100180.jpg","contentUrl":"https:\/\/newsestlyonnais.fr\/site\/wp-content\/uploads\/2016\/06\/NEWSESTLYONNAIS-LYON-PANNEAUP1100180.jpg","width":1000,"height":750,"caption":"NEWSESTLYONNAIS - LYON PANNEAU"},{"@type":"BreadcrumbList","@id":"https:\/\/newsestlyonnais.fr\/site\/2018\/01\/10\/lyon-7-les-manifestations-et-reunions-prevues-du-9-au-28-janvier\/#breadcrumb","itemListElement":[{"@type":"ListItem","position":1,"name":"Accueil","item":"https:\/\/newsestlyonnais.fr\/site\/"},{"@type":"ListItem","position":2,"name":"LYON 7 | Manifestations du 9 au 28 janvier"}]},{"@type":"WebSite","@id":"https:\/\/newsestlyonnais.fr\/site\/#website","url":"https:\/\/newsestlyonnais.fr\/site\/","name":"News Est Lyonnais","description":"L&#039;actualit\u00e9 au plus pr\u00e8s","publisher":{"@id":"https:\/\/newsestlyonnais.fr\/site\/#organization"},"potentialAction":[{"@type":"SearchAction","target":{"@type":"EntryPoint","urlTemplate":"https:\/\/newsestlyonnais.fr\/site\/?s={search_term_string}"},"query-input":{"@type":"PropertyValueSpecification","valueRequired":true,"valueName":"search_term_string"}}],"inLanguage":"fr-FR"},{"@type":"Organization","@id":"https:\/\/newsestlyonnais.fr\/site\/#organization","name":"News EST LYONNAIS","url":"https:\/\/newsestlyonnais.fr\/site\/","logo":{"@type":"ImageObject","inLanguage":"fr-FR","@id":"https:\/\/newsestlyonnais.fr\/site\/#\/schema\/logo\/image\/","url":"","contentUrl":"","caption":"News EST LYONNAIS"},"image":{"@id":"https:\/\/newsestlyonnais.fr\/site\/#\/schema\/logo\/image\/"}},{"@type":"Person","@id":"https:\/\/newsestlyonnais.fr\/site\/#\/schema\/person\/3230d5615f390bb808365d673001e887","name":"R\u00e9dac. NEWS","sameAs":["http:\/\/www.newsestlyonnais.fr","https:\/\/www.facebook.com\/pascal.oberson.1?fref=ts","https:\/\/fr.linkedin.com\/in\/pascal-oberson-b17045113"],"url":"https:\/\/newsestlyonnais.fr\/site\/author\/nel\/"}]}},"_links":{"self":[{"href":"https:\/\/newsestlyonnais.fr\/site\/wp-json\/wp\/v2\/posts\/41563","targetHints":{"allow":["GET"]}}],"collection":[{"href":"https:\/\/newsestlyonnais.fr\/site\/wp-json\/wp\/v2\/posts"}],"about":[{"href":"https:\/\/newsestlyonnais.fr\/site\/wp-json\/wp\/v2\/types\/post"}],"author":[{"embeddable":true,"href":"https:\/\/newsestlyonnais.fr\/site\/wp-json\/wp\/v2\/users\/4"}],"replies":[{"embeddable":true,"href":"https:\/\/newsestlyonnais.fr\/site\/wp-json\/wp\/v2\/comments?post=41563"}],"version-history":[{"count":0,"href":"https:\/\/newsestlyonnais.fr\/site\/wp-json\/wp\/v2\/posts\/41563\/revisions"}],"wp:featuredmedia":[{"embeddable":true,"href":"https:\/\/newsestlyonnais.fr\/site\/wp-json\/wp\/v2\/media\/8840"}],"wp:attachment":[{"href":"https:\/\/newsestlyonnais.fr\/site\/wp-json\/wp\/v2\/media?parent=41563"}],"wp:term":[{"taxonomy":"category","embeddable":true,"href":"https:\/\/newsestlyonnais.fr\/site\/wp-json\/wp\/v2\/categories?post=41563"},{"taxonomy":"post_tag","embeddable":true,"href":"https:\/\/newsestlyonnais.fr\/site\/wp-json\/wp\/v2\/tags?post=41563"}],"curies":[{"name":"wp","href":"https:\/\/api.w.org\/{rel}","templated":true}]}}