{"id":41708,"date":"2018-01-13T09:22:36","date_gmt":"2018-01-13T08:22:36","guid":{"rendered":"http:\/\/newsestlyonnais.fr\/site\/?p=41708"},"modified":"2020-11-09T06:38:58","modified_gmt":"2020-11-09T05:38:58","slug":"genas-voeux-et-galette-des-rois-a-la-residence-du-verger","status":"publish","type":"post","link":"https:\/\/newsestlyonnais.fr\/site\/2018\/01\/13\/genas-voeux-et-galette-des-rois-a-la-residence-du-verger\/","title":{"rendered":"GENAS | Voeux et galette des rois \u00e0 la r\u00e9sidence du Verger"},"content":{"rendered":"<h4>Repas festif jeudi midi au sein de la r\u00e9sidence autonomie du Verger avec les traditionnels voeux suivis du partage de la galette des rois.<\/h4>\n<p>Des voeux formul\u00e9s par Daniel Val\u00e9ro (pr\u00e9sident du Syndicat Intercommunal (S.I.) du Verger et maire de Genas) en pr\u00e9sence d&rsquo;Anita Di Murro &amp; Andr\u00e9 Bouttevillain (vice-pr\u00e9sidents), d&rsquo;Aur\u00e9lie Molle-Garcin (directrice de l&rsquo;\u00e9tablissement) et toute l&rsquo;\u00e9quipe salari\u00e9e compos\u00e9e d&rsquo;Arlette, Murielle, Gra\u00e7a, Hosni, Anly &amp; Jean-Michel.<\/p>\n<p>Pr\u00e8s de 80 convives, r\u00e9sident(e)s du Verger \u00e9taient pr\u00e9sents pour ce convivial d\u00e9jeuner de d\u00e9but d&rsquo;ann\u00e9e, conclu par le partage de la galette des rois et une animation musicale parachevant un moment tr\u00e8s convivial !<\/p>\n<p>______________________________________________________________________________________<\/p>\n<ul>\n<li>Retour en images sur cet \u00e9v\u00e8nement festif !<\/li>\n<\/ul>\n<div id='gallery-1' class='gallery galleryid-41708 gallery-columns-3 gallery-size-thumbnail'><figure class='gallery-item'>\n\t\t\t<div class='gallery-icon landscape'>\n\t\t\t\t<a href='https:\/\/newsestlyonnais.fr\/site\/2018\/01\/13\/genas-voeux-et-galette-des-rois-a-la-residence-du-verger\/newsestlyonnais-vereger-galette\/'><img loading=\"lazy\" decoding=\"async\" width=\"150\" height=\"150\" src=\"https:\/\/newsestlyonnais.fr\/site\/wp-content\/uploads\/2018\/01\/NEWSESTLYONNAIS-VEREGER-GALETTE--150x150.jpg\" class=\"attachment-thumbnail size-thumbnail\" alt=\"NEWSESTLYONNAIS - VERGER GALETTE\" aria-describedby=\"gallery-1-41721\" \/><\/a>\n\t\t\t<\/div>\n\t\t\t\t<figcaption class='wp-caption-text gallery-caption' id='gallery-1-41721'>\n\t\t\t\tLe pr\u00e9sident Andr\u00e9 Bouttevillain apportant la galette des rois \n\t\t\t\t<\/figcaption><\/figure><figure class='gallery-item'>\n\t\t\t<div class='gallery-icon landscape'>\n\t\t\t\t<a href='https:\/\/newsestlyonnais.fr\/site\/2018\/01\/13\/genas-voeux-et-galette-des-rois-a-la-residence-du-verger\/newsestlyonnais-repas-verger-02-2\/'><img loading=\"lazy\" decoding=\"async\" width=\"150\" height=\"150\" src=\"https:\/\/newsestlyonnais.fr\/site\/wp-content\/uploads\/2018\/01\/NEWSESTLYONNAIS-REPAS-VERGER-02-150x150.jpg\" class=\"attachment-thumbnail size-thumbnail\" alt=\"NEWSESTLYONNAIS REPAS VERGER 02\" \/><\/a>\n\t\t\t<\/div><\/figure><figure class='gallery-item'>\n\t\t\t<div class='gallery-icon landscape'>\n\t\t\t\t<a href='https:\/\/newsestlyonnais.fr\/site\/2018\/01\/13\/genas-voeux-et-galette-des-rois-a-la-residence-du-verger\/newsestlyonnais-verger-galette\/'><img loading=\"lazy\" decoding=\"async\" width=\"150\" height=\"150\" src=\"https:\/\/newsestlyonnais.fr\/site\/wp-content\/uploads\/2018\/01\/NEWSESTLYONNAIS-verger-galette--150x150.jpg\" class=\"attachment-thumbnail size-thumbnail\" alt=\"NEWSESTLYONNAIS - verger galette\" \/><\/a>\n\t\t\t<\/div><\/figure><figure class='gallery-item'>\n\t\t\t<div class='gallery-icon landscape'>\n\t\t\t\t<a href='https:\/\/newsestlyonnais.fr\/site\/2018\/01\/13\/genas-voeux-et-galette-des-rois-a-la-residence-du-verger\/newsestlyonnais-repas-verger-03-2\/'><img loading=\"lazy\" decoding=\"async\" width=\"150\" height=\"150\" src=\"https:\/\/newsestlyonnais.fr\/site\/wp-content\/uploads\/2018\/01\/NEWSESTLYONNAIS-REPAS-VERGER-03-2-150x150.jpg\" class=\"attachment-thumbnail size-thumbnail\" alt=\"NEWSESTLYONNAIS - REPAS VERGER 03 (2)\" \/><\/a>\n\t\t\t<\/div><\/figure><figure class='gallery-item'>\n\t\t\t<div class='gallery-icon landscape'>\n\t\t\t\t<a href='https:\/\/newsestlyonnais.fr\/site\/2018\/01\/13\/genas-voeux-et-galette-des-rois-a-la-residence-du-verger\/newsestlyonnais-repas-verger-voeux\/'><img loading=\"lazy\" decoding=\"async\" width=\"150\" height=\"150\" src=\"https:\/\/newsestlyonnais.fr\/site\/wp-content\/uploads\/2018\/01\/NEWSESTLYONNAIS-REPAS-VERGER-VOEUX-150x150.jpg\" class=\"attachment-thumbnail size-thumbnail\" alt=\"NEWSESTLYONNAIS - REPAS VERGER VOEUX\" \/><\/a>\n\t\t\t<\/div><\/figure><figure class='gallery-item'>\n\t\t\t<div class='gallery-icon landscape'>\n\t\t\t\t<a href='https:\/\/newsestlyonnais.fr\/site\/2018\/01\/13\/genas-voeux-et-galette-des-rois-a-la-residence-du-verger\/newsestlyonnais-galette-et-reines\/'><img loading=\"lazy\" decoding=\"async\" width=\"150\" height=\"150\" src=\"https:\/\/newsestlyonnais.fr\/site\/wp-content\/uploads\/2018\/01\/NEWSESTLYONNAIS-GALETTE-ET-REINES-150x150.jpg\" class=\"attachment-thumbnail size-thumbnail\" alt=\"NEWSESTLYONNAIS - GALETTE ET REINES\" \/><\/a>\n\t\t\t<\/div><\/figure>\n\t\t<\/div>\n\n","protected":false},"excerpt":{"rendered":"<p>Repas festif jeudi midi au sein de la r\u00e9sidence autonomie du Verger avec les traditionnels voeux suivis du partage de la galette des rois. Des voeux formul\u00e9s par Daniel Val\u00e9ro (pr\u00e9sident du Syndicat Intercommunal (S.I.) du Verger et maire de Genas) en pr\u00e9sence d&rsquo;Anita Di Murro &amp; Andr\u00e9 Bouttevillain (vice-pr\u00e9sidents), d&rsquo;Aur\u00e9lie Molle-Garcin (directrice de l&rsquo;\u00e9tablissement) [&hellip;]<\/p>\n","protected":false},"author":4,"featured_media":41709,"comment_status":"open","ping_status":"open","sticky":false,"template":"","format":"standard","meta":{"footnotes":""},"categories":[270,3334,1598,1219,18],"tags":[],"class_list":["post-41708","post","type-post","status-publish","format-standard","has-post-thumbnail","hentry","category-cte-de-communes-c-c-e-l","category-conseils-municipaux-elections-voeux","category-genas","category-religion-seniors-souvenir","category-sante-bien-etre-solidarite"],"yoast_head":"<!-- This site is optimized with the Yoast SEO plugin v27.2 - https:\/\/yoast.com\/product\/yoast-seo-wordpress\/ -->\n<title>GENAS | Voeux et galette des rois \u00e0 la r\u00e9sidence du Verger<\/title>\n<meta name=\"description\" content=\"GENAS | Voeux et galette des rois \u00e0 la r\u00e9sidence du Verger\" \/>\n<meta name=\"robots\" content=\"index, follow, max-snippet:-1, max-image-preview:large, max-video-preview:-1\" \/>\n<link rel=\"canonical\" href=\"https:\/\/newsestlyonnais.fr\/site\/2018\/01\/13\/genas-voeux-et-galette-des-rois-a-la-residence-du-verger\/\" \/>\n<meta property=\"og:locale\" content=\"fr_FR\" \/>\n<meta property=\"og:type\" content=\"article\" \/>\n<meta property=\"og:title\" content=\"GENAS | Voeux et galette des rois \u00e0 la r\u00e9sidence du Verger\" \/>\n<meta property=\"og:description\" content=\"GENAS | Voeux et galette des rois \u00e0 la r\u00e9sidence du Verger\" \/>\n<meta property=\"og:url\" content=\"https:\/\/newsestlyonnais.fr\/site\/2018\/01\/13\/genas-voeux-et-galette-des-rois-a-la-residence-du-verger\/\" \/>\n<meta property=\"og:site_name\" content=\"News Est Lyonnais\" \/>\n<meta property=\"article:author\" content=\"https:\/\/www.facebook.com\/pascal.oberson.1?fref=ts\" \/>\n<meta property=\"article:published_time\" content=\"2018-01-13T08:22:36+00:00\" \/>\n<meta property=\"article:modified_time\" content=\"2020-11-09T05:38:58+00:00\" \/>\n<meta property=\"og:image\" content=\"https:\/\/i2.wp.com\/newsestlyonnais.fr\/site\/wp-content\/uploads\/2018\/01\/NEWSESTLYONNAIS-6-verger-fete-rois.jpg?fit=2048%2C1536&ssl=1\" \/>\n\t<meta property=\"og:image:width\" content=\"2048\" \/>\n\t<meta property=\"og:image:height\" content=\"1536\" \/>\n\t<meta property=\"og:image:type\" content=\"image\/jpeg\" \/>\n<meta name=\"author\" content=\"R\u00e9dac. NEWS\" \/>\n<meta name=\"twitter:card\" content=\"summary_large_image\" \/>\n<meta name=\"twitter:label1\" content=\"\u00c9crit par\" \/>\n\t<meta name=\"twitter:data1\" content=\"R\u00e9dac. NEWS\" \/>\n\t<meta name=\"twitter:label2\" content=\"Dur\u00e9e de lecture estim\u00e9e\" \/>\n\t<meta name=\"twitter:data2\" content=\"1 minute\" \/>\n<script type=\"application\/ld+json\" class=\"yoast-schema-graph\">{\"@context\":\"https:\/\/schema.org\",\"@graph\":[{\"@type\":\"Article\",\"@id\":\"https:\/\/newsestlyonnais.fr\/site\/2018\/01\/13\/genas-voeux-et-galette-des-rois-a-la-residence-du-verger\/#article\",\"isPartOf\":{\"@id\":\"https:\/\/newsestlyonnais.fr\/site\/2018\/01\/13\/genas-voeux-et-galette-des-rois-a-la-residence-du-verger\/\"},\"author\":{\"name\":\"R\u00e9dac. NEWS\",\"@id\":\"https:\/\/newsestlyonnais.fr\/site\/#\/schema\/person\/3230d5615f390bb808365d673001e887\"},\"headline\":\"GENAS | Voeux et galette des rois \u00e0 la r\u00e9sidence du Verger\",\"datePublished\":\"2018-01-13T08:22:36+00:00\",\"dateModified\":\"2020-11-09T05:38:58+00:00\",\"mainEntityOfPage\":{\"@id\":\"https:\/\/newsestlyonnais.fr\/site\/2018\/01\/13\/genas-voeux-et-galette-des-rois-a-la-residence-du-verger\/\"},\"wordCount\":149,\"commentCount\":0,\"publisher\":{\"@id\":\"https:\/\/newsestlyonnais.fr\/site\/#organization\"},\"image\":{\"@id\":\"https:\/\/newsestlyonnais.fr\/site\/2018\/01\/13\/genas-voeux-et-galette-des-rois-a-la-residence-du-verger\/#primaryimage\"},\"thumbnailUrl\":\"https:\/\/newsestlyonnais.fr\/site\/wp-content\/uploads\/2018\/01\/NEWSESTLYONNAIS-6-verger-fete-rois.jpg\",\"articleSection\":[\"CCEL | Communes\",\"Conseils Municipaux | Elections | Voeux\",\"Genas\",\"Religion | Seniors | Souvenir\",\"Sant\u00e9 | Bien Etre | Solidarit\u00e9\"],\"inLanguage\":\"fr-FR\",\"potentialAction\":[{\"@type\":\"CommentAction\",\"name\":\"Comment\",\"target\":[\"https:\/\/newsestlyonnais.fr\/site\/2018\/01\/13\/genas-voeux-et-galette-des-rois-a-la-residence-du-verger\/#respond\"]}]},{\"@type\":\"WebPage\",\"@id\":\"https:\/\/newsestlyonnais.fr\/site\/2018\/01\/13\/genas-voeux-et-galette-des-rois-a-la-residence-du-verger\/\",\"url\":\"https:\/\/newsestlyonnais.fr\/site\/2018\/01\/13\/genas-voeux-et-galette-des-rois-a-la-residence-du-verger\/\",\"name\":\"GENAS | Voeux et galette des rois \u00e0 la r\u00e9sidence du Verger\",\"isPartOf\":{\"@id\":\"https:\/\/newsestlyonnais.fr\/site\/#website\"},\"primaryImageOfPage\":{\"@id\":\"https:\/\/newsestlyonnais.fr\/site\/2018\/01\/13\/genas-voeux-et-galette-des-rois-a-la-residence-du-verger\/#primaryimage\"},\"image\":{\"@id\":\"https:\/\/newsestlyonnais.fr\/site\/2018\/01\/13\/genas-voeux-et-galette-des-rois-a-la-residence-du-verger\/#primaryimage\"},\"thumbnailUrl\":\"https:\/\/newsestlyonnais.fr\/site\/wp-content\/uploads\/2018\/01\/NEWSESTLYONNAIS-6-verger-fete-rois.jpg\",\"datePublished\":\"2018-01-13T08:22:36+00:00\",\"dateModified\":\"2020-11-09T05:38:58+00:00\",\"description\":\"GENAS | Voeux et galette des rois \u00e0 la r\u00e9sidence du Verger\",\"breadcrumb\":{\"@id\":\"https:\/\/newsestlyonnais.fr\/site\/2018\/01\/13\/genas-voeux-et-galette-des-rois-a-la-residence-du-verger\/#breadcrumb\"},\"inLanguage\":\"fr-FR\",\"potentialAction\":[{\"@type\":\"ReadAction\",\"target\":[\"https:\/\/newsestlyonnais.fr\/site\/2018\/01\/13\/genas-voeux-et-galette-des-rois-a-la-residence-du-verger\/\"]}]},{\"@type\":\"ImageObject\",\"inLanguage\":\"fr-FR\",\"@id\":\"https:\/\/newsestlyonnais.fr\/site\/2018\/01\/13\/genas-voeux-et-galette-des-rois-a-la-residence-du-verger\/#primaryimage\",\"url\":\"https:\/\/newsestlyonnais.fr\/site\/wp-content\/uploads\/2018\/01\/NEWSESTLYONNAIS-6-verger-fete-rois.jpg\",\"contentUrl\":\"https:\/\/newsestlyonnais.fr\/site\/wp-content\/uploads\/2018\/01\/NEWSESTLYONNAIS-6-verger-fete-rois.jpg\",\"width\":2048,\"height\":1536,\"caption\":\"NEWSESTLYONNAIS 6 verger fete rois\"},{\"@type\":\"BreadcrumbList\",\"@id\":\"https:\/\/newsestlyonnais.fr\/site\/2018\/01\/13\/genas-voeux-et-galette-des-rois-a-la-residence-du-verger\/#breadcrumb\",\"itemListElement\":[{\"@type\":\"ListItem\",\"position\":1,\"name\":\"Accueil\",\"item\":\"https:\/\/newsestlyonnais.fr\/site\/\"},{\"@type\":\"ListItem\",\"position\":2,\"name\":\"GENAS | Voeux et galette des rois \u00e0 la r\u00e9sidence du Verger\"}]},{\"@type\":\"WebSite\",\"@id\":\"https:\/\/newsestlyonnais.fr\/site\/#website\",\"url\":\"https:\/\/newsestlyonnais.fr\/site\/\",\"name\":\"News Est Lyonnais\",\"description\":\"L&#039;actualit\u00e9 au plus pr\u00e8s\",\"publisher\":{\"@id\":\"https:\/\/newsestlyonnais.fr\/site\/#organization\"},\"potentialAction\":[{\"@type\":\"SearchAction\",\"target\":{\"@type\":\"EntryPoint\",\"urlTemplate\":\"https:\/\/newsestlyonnais.fr\/site\/?s={search_term_string}\"},\"query-input\":{\"@type\":\"PropertyValueSpecification\",\"valueRequired\":true,\"valueName\":\"search_term_string\"}}],\"inLanguage\":\"fr-FR\"},{\"@type\":\"Organization\",\"@id\":\"https:\/\/newsestlyonnais.fr\/site\/#organization\",\"name\":\"News EST LYONNAIS\",\"url\":\"https:\/\/newsestlyonnais.fr\/site\/\",\"logo\":{\"@type\":\"ImageObject\",\"inLanguage\":\"fr-FR\",\"@id\":\"https:\/\/newsestlyonnais.fr\/site\/#\/schema\/logo\/image\/\",\"url\":\"\",\"contentUrl\":\"\",\"caption\":\"News EST LYONNAIS\"},\"image\":{\"@id\":\"https:\/\/newsestlyonnais.fr\/site\/#\/schema\/logo\/image\/\"}},{\"@type\":\"Person\",\"@id\":\"https:\/\/newsestlyonnais.fr\/site\/#\/schema\/person\/3230d5615f390bb808365d673001e887\",\"name\":\"R\u00e9dac. NEWS\",\"sameAs\":[\"http:\/\/www.newsestlyonnais.fr\",\"https:\/\/www.facebook.com\/pascal.oberson.1?fref=ts\",\"https:\/\/fr.linkedin.com\/in\/pascal-oberson-b17045113\"],\"url\":\"https:\/\/newsestlyonnais.fr\/site\/author\/nel\/\"}]}<\/script>\n<!-- \/ Yoast SEO plugin. -->","yoast_head_json":{"title":"GENAS | Voeux et galette des rois \u00e0 la r\u00e9sidence du Verger","description":"GENAS | Voeux et galette des rois \u00e0 la r\u00e9sidence du Verger","robots":{"index":"index","follow":"follow","max-snippet":"max-snippet:-1","max-image-preview":"max-image-preview:large","max-video-preview":"max-video-preview:-1"},"canonical":"https:\/\/newsestlyonnais.fr\/site\/2018\/01\/13\/genas-voeux-et-galette-des-rois-a-la-residence-du-verger\/","og_locale":"fr_FR","og_type":"article","og_title":"GENAS | Voeux et galette des rois \u00e0 la r\u00e9sidence du Verger","og_description":"GENAS | Voeux et galette des rois \u00e0 la r\u00e9sidence du Verger","og_url":"https:\/\/newsestlyonnais.fr\/site\/2018\/01\/13\/genas-voeux-et-galette-des-rois-a-la-residence-du-verger\/","og_site_name":"News Est Lyonnais","article_author":"https:\/\/www.facebook.com\/pascal.oberson.1?fref=ts","article_published_time":"2018-01-13T08:22:36+00:00","article_modified_time":"2020-11-09T05:38:58+00:00","og_image":[{"width":2048,"height":1536,"url":"https:\/\/i2.wp.com\/newsestlyonnais.fr\/site\/wp-content\/uploads\/2018\/01\/NEWSESTLYONNAIS-6-verger-fete-rois.jpg?fit=2048%2C1536&ssl=1","type":"image\/jpeg"}],"author":"R\u00e9dac. NEWS","twitter_card":"summary_large_image","twitter_misc":{"\u00c9crit par":"R\u00e9dac. NEWS","Dur\u00e9e de lecture estim\u00e9e":"1 minute"},"schema":{"@context":"https:\/\/schema.org","@graph":[{"@type":"Article","@id":"https:\/\/newsestlyonnais.fr\/site\/2018\/01\/13\/genas-voeux-et-galette-des-rois-a-la-residence-du-verger\/#article","isPartOf":{"@id":"https:\/\/newsestlyonnais.fr\/site\/2018\/01\/13\/genas-voeux-et-galette-des-rois-a-la-residence-du-verger\/"},"author":{"name":"R\u00e9dac. NEWS","@id":"https:\/\/newsestlyonnais.fr\/site\/#\/schema\/person\/3230d5615f390bb808365d673001e887"},"headline":"GENAS | Voeux et galette des rois \u00e0 la r\u00e9sidence du Verger","datePublished":"2018-01-13T08:22:36+00:00","dateModified":"2020-11-09T05:38:58+00:00","mainEntityOfPage":{"@id":"https:\/\/newsestlyonnais.fr\/site\/2018\/01\/13\/genas-voeux-et-galette-des-rois-a-la-residence-du-verger\/"},"wordCount":149,"commentCount":0,"publisher":{"@id":"https:\/\/newsestlyonnais.fr\/site\/#organization"},"image":{"@id":"https:\/\/newsestlyonnais.fr\/site\/2018\/01\/13\/genas-voeux-et-galette-des-rois-a-la-residence-du-verger\/#primaryimage"},"thumbnailUrl":"https:\/\/newsestlyonnais.fr\/site\/wp-content\/uploads\/2018\/01\/NEWSESTLYONNAIS-6-verger-fete-rois.jpg","articleSection":["CCEL | Communes","Conseils Municipaux | Elections | Voeux","Genas","Religion | Seniors | Souvenir","Sant\u00e9 | Bien Etre | Solidarit\u00e9"],"inLanguage":"fr-FR","potentialAction":[{"@type":"CommentAction","name":"Comment","target":["https:\/\/newsestlyonnais.fr\/site\/2018\/01\/13\/genas-voeux-et-galette-des-rois-a-la-residence-du-verger\/#respond"]}]},{"@type":"WebPage","@id":"https:\/\/newsestlyonnais.fr\/site\/2018\/01\/13\/genas-voeux-et-galette-des-rois-a-la-residence-du-verger\/","url":"https:\/\/newsestlyonnais.fr\/site\/2018\/01\/13\/genas-voeux-et-galette-des-rois-a-la-residence-du-verger\/","name":"GENAS | Voeux et galette des rois \u00e0 la r\u00e9sidence du Verger","isPartOf":{"@id":"https:\/\/newsestlyonnais.fr\/site\/#website"},"primaryImageOfPage":{"@id":"https:\/\/newsestlyonnais.fr\/site\/2018\/01\/13\/genas-voeux-et-galette-des-rois-a-la-residence-du-verger\/#primaryimage"},"image":{"@id":"https:\/\/newsestlyonnais.fr\/site\/2018\/01\/13\/genas-voeux-et-galette-des-rois-a-la-residence-du-verger\/#primaryimage"},"thumbnailUrl":"https:\/\/newsestlyonnais.fr\/site\/wp-content\/uploads\/2018\/01\/NEWSESTLYONNAIS-6-verger-fete-rois.jpg","datePublished":"2018-01-13T08:22:36+00:00","dateModified":"2020-11-09T05:38:58+00:00","description":"GENAS | Voeux et galette des rois \u00e0 la r\u00e9sidence du Verger","breadcrumb":{"@id":"https:\/\/newsestlyonnais.fr\/site\/2018\/01\/13\/genas-voeux-et-galette-des-rois-a-la-residence-du-verger\/#breadcrumb"},"inLanguage":"fr-FR","potentialAction":[{"@type":"ReadAction","target":["https:\/\/newsestlyonnais.fr\/site\/2018\/01\/13\/genas-voeux-et-galette-des-rois-a-la-residence-du-verger\/"]}]},{"@type":"ImageObject","inLanguage":"fr-FR","@id":"https:\/\/newsestlyonnais.fr\/site\/2018\/01\/13\/genas-voeux-et-galette-des-rois-a-la-residence-du-verger\/#primaryimage","url":"https:\/\/newsestlyonnais.fr\/site\/wp-content\/uploads\/2018\/01\/NEWSESTLYONNAIS-6-verger-fete-rois.jpg","contentUrl":"https:\/\/newsestlyonnais.fr\/site\/wp-content\/uploads\/2018\/01\/NEWSESTLYONNAIS-6-verger-fete-rois.jpg","width":2048,"height":1536,"caption":"NEWSESTLYONNAIS 6 verger fete rois"},{"@type":"BreadcrumbList","@id":"https:\/\/newsestlyonnais.fr\/site\/2018\/01\/13\/genas-voeux-et-galette-des-rois-a-la-residence-du-verger\/#breadcrumb","itemListElement":[{"@type":"ListItem","position":1,"name":"Accueil","item":"https:\/\/newsestlyonnais.fr\/site\/"},{"@type":"ListItem","position":2,"name":"GENAS | Voeux et galette des rois \u00e0 la r\u00e9sidence du Verger"}]},{"@type":"WebSite","@id":"https:\/\/newsestlyonnais.fr\/site\/#website","url":"https:\/\/newsestlyonnais.fr\/site\/","name":"News Est Lyonnais","description":"L&#039;actualit\u00e9 au plus pr\u00e8s","publisher":{"@id":"https:\/\/newsestlyonnais.fr\/site\/#organization"},"potentialAction":[{"@type":"SearchAction","target":{"@type":"EntryPoint","urlTemplate":"https:\/\/newsestlyonnais.fr\/site\/?s={search_term_string}"},"query-input":{"@type":"PropertyValueSpecification","valueRequired":true,"valueName":"search_term_string"}}],"inLanguage":"fr-FR"},{"@type":"Organization","@id":"https:\/\/newsestlyonnais.fr\/site\/#organization","name":"News EST LYONNAIS","url":"https:\/\/newsestlyonnais.fr\/site\/","logo":{"@type":"ImageObject","inLanguage":"fr-FR","@id":"https:\/\/newsestlyonnais.fr\/site\/#\/schema\/logo\/image\/","url":"","contentUrl":"","caption":"News EST LYONNAIS"},"image":{"@id":"https:\/\/newsestlyonnais.fr\/site\/#\/schema\/logo\/image\/"}},{"@type":"Person","@id":"https:\/\/newsestlyonnais.fr\/site\/#\/schema\/person\/3230d5615f390bb808365d673001e887","name":"R\u00e9dac. NEWS","sameAs":["http:\/\/www.newsestlyonnais.fr","https:\/\/www.facebook.com\/pascal.oberson.1?fref=ts","https:\/\/fr.linkedin.com\/in\/pascal-oberson-b17045113"],"url":"https:\/\/newsestlyonnais.fr\/site\/author\/nel\/"}]}},"_links":{"self":[{"href":"https:\/\/newsestlyonnais.fr\/site\/wp-json\/wp\/v2\/posts\/41708","targetHints":{"allow":["GET"]}}],"collection":[{"href":"https:\/\/newsestlyonnais.fr\/site\/wp-json\/wp\/v2\/posts"}],"about":[{"href":"https:\/\/newsestlyonnais.fr\/site\/wp-json\/wp\/v2\/types\/post"}],"author":[{"embeddable":true,"href":"https:\/\/newsestlyonnais.fr\/site\/wp-json\/wp\/v2\/users\/4"}],"replies":[{"embeddable":true,"href":"https:\/\/newsestlyonnais.fr\/site\/wp-json\/wp\/v2\/comments?post=41708"}],"version-history":[{"count":0,"href":"https:\/\/newsestlyonnais.fr\/site\/wp-json\/wp\/v2\/posts\/41708\/revisions"}],"wp:featuredmedia":[{"embeddable":true,"href":"https:\/\/newsestlyonnais.fr\/site\/wp-json\/wp\/v2\/media\/41709"}],"wp:attachment":[{"href":"https:\/\/newsestlyonnais.fr\/site\/wp-json\/wp\/v2\/media?parent=41708"}],"wp:term":[{"taxonomy":"category","embeddable":true,"href":"https:\/\/newsestlyonnais.fr\/site\/wp-json\/wp\/v2\/categories?post=41708"},{"taxonomy":"post_tag","embeddable":true,"href":"https:\/\/newsestlyonnais.fr\/site\/wp-json\/wp\/v2\/tags?post=41708"}],"curies":[{"name":"wp","href":"https:\/\/api.w.org\/{rel}","templated":true}]}}