{"id":41862,"date":"2018-01-14T07:15:52","date_gmt":"2018-01-14T06:15:52","guid":{"rendered":"http:\/\/newsestlyonnais.fr\/site\/?p=41862"},"modified":"2020-11-06T15:58:38","modified_gmt":"2020-11-06T14:58:38","slug":"venissieux-le-sen-no-sen-karate-a-lhonneur-sur-plusieurs-fronts","status":"publish","type":"post","link":"https:\/\/newsestlyonnais.fr\/site\/2018\/01\/14\/venissieux-le-sen-no-sen-karate-a-lhonneur-sur-plusieurs-fronts\/","title":{"rendered":"VENISSIEUX | Le Sen No Sen Karat\u00e9 \u00e0 l&rsquo;honneur sur plusieurs fronts"},"content":{"rendered":"<div>\n<h4>Les couleurs du Sen No Sen Karat\u00e9 ont de nouveau particuli\u00e8rement brill\u00e9 lors de ce dernier week-end :<\/h4>\n<ul>\n<li><span style=\"text-decoration: underline\">samedi 13 janvier<\/span>, lors de la 1\u00b0 comp\u00e9tition nationale de karat\u00e9 de cette nouvelle ann\u00e9e\u00a0: <strong>l\u2019Open de France cadets et juniors, \u00e0 Amiens<\/strong>. Deux soci\u00e9taires du Sen No Sen Karat\u00e9 V\u00e9nissieux se sont illustr\u00e9s en juniors\u00a0: <strong>Anis Baizid (- 55 kg) et Kamil Merah (- 68 kg)<\/strong> remportent le bronze dans leurs cat\u00e9gories respectives. <strong>Idriss Bakhti<\/strong> (- 68 kg) se classe 7\u00b0.<\/li>\n<li><span style=\"text-decoration: underline\">dimanche 14 janvie<\/span>r, \u00e0 la Maison du Judo (Lyon 3<sup>e<\/sup>), se d\u00e9roulaient <strong>les coupes \u00e9lites Rh\u00f4ne-Alpes, katas et combats, pupilles, benjamin<\/strong>s. Les repr\u00e9sentants du Sen No Sen Karat\u00e9 V\u00e9nissieux remportent 9 m\u00e9dailles (2 en or, 2 en argent et 5 en bronze) et assurent <strong>5\u00a0 qualifications directes pour les Coupes de France<\/strong>. En kata, en pupilles f\u00e9minines, <strong>Shanyss Kermerchou<\/strong> se classe 3\u00b0 et se qualifie pour la Coupe de France. En combats, en pupilles f\u00e9minines (+ 40 kg), <strong>Lola Sala<\/strong> s\u2019impose devant <strong>L\u00e9na Lissy<\/strong> et <strong>Shanyss Kermerchou<\/strong> remporte le bronze, les 2 premi\u00e8res se qualifiant pour la Coupe de France. En &#8211; 25 kg, <strong>Sofia Taul\u00e8gne<\/strong> est 3\u00b0. En benjamine (- 30 kg), <strong>Estelle Longchambon<\/strong> remporte le bronze, tout comme <strong>Morgiane Nekoul<\/strong> en &#8211; 50 kg. Dans cette derni\u00e8re cat\u00e9gorie, en terminant 2\u00b0, <strong>Malak Raissouli<\/strong> se qualifie pour la Coupe de France. Chez les benjamins (- 35 kg), <strong>Mohamed Baizid<\/strong> l\u2019emporte et se qualifie \u00e9galement pour la Coupe de France.<\/li>\n<\/ul>\n<p><span style=\"text-decoration: underline\"><strong>PHOTO A LA UNE<\/strong><\/span> : De gauche \u00e0 droite\u00a0: Djamel Bezriche, Anis Baizid, Kamil Merah et St\u00e9phane Gothuey.<\/p>\n<ul>\n<li>\n<h4>Retrouvez l&rsquo;ACTU du club sur : <a href=\"http:\/\/sennosen.e-monsite.com\" target=\"_blank\" rel=\"noopener noreferrer\">http:\/\/sennosen.e-monsite.com<\/a><\/h4>\n<\/li>\n<\/ul>\n<\/div>\n<div class=\"ox-39353d8180-gmail-m_3309661944056378966gmail_signature\">\n<div dir=\"ltr\">\n<div><\/div>\n<\/div>\n<\/div>\n","protected":false},"excerpt":{"rendered":"<p>Les couleurs du Sen No Sen Karat\u00e9 ont de nouveau particuli\u00e8rement brill\u00e9 lors de ce dernier week-end : samedi 13 janvier, lors de la 1\u00b0 comp\u00e9tition nationale de karat\u00e9 de cette nouvelle ann\u00e9e\u00a0: l\u2019Open de France cadets et juniors, \u00e0 Amiens. Deux soci\u00e9taires du Sen No Sen Karat\u00e9 V\u00e9nissieux se sont illustr\u00e9s en juniors\u00a0: Anis [&hellip;]<\/p>\n","protected":false},"author":4,"featured_media":41871,"comment_status":"open","ping_status":"open","sticky":false,"template":"","format":"standard","meta":{"footnotes":""},"categories":[2994,1353,1298],"tags":[],"class_list":["post-41862","post","type-post","status-publish","format-standard","has-post-thumbnail","hentry","category-judo-karate-taekwondo-sports","category-karate","category-venissieux"],"yoast_head":"<!-- This site is optimized with the Yoast SEO plugin v27.2 - https:\/\/yoast.com\/product\/yoast-seo-wordpress\/ -->\n<title>VENISSIEUX : Le Sen No Sen Karat\u00e9 \u00e0 l&#039;honneur sur plusieurs fronts<\/title>\n<meta name=\"description\" content=\"VENISSIEUX : Le Sen No Sen Karat\u00e9 \u00e0 l&#039;honneur sur plusieurs fronts\" \/>\n<meta name=\"robots\" content=\"index, follow, max-snippet:-1, max-image-preview:large, max-video-preview:-1\" \/>\n<link rel=\"canonical\" href=\"https:\/\/newsestlyonnais.fr\/site\/2018\/01\/14\/venissieux-le-sen-no-sen-karate-a-lhonneur-sur-plusieurs-fronts\/\" \/>\n<meta property=\"og:locale\" content=\"fr_FR\" \/>\n<meta property=\"og:type\" content=\"article\" \/>\n<meta property=\"og:title\" content=\"VENISSIEUX : Le Sen No Sen Karat\u00e9 \u00e0 l&#039;honneur sur plusieurs fronts\" \/>\n<meta property=\"og:description\" content=\"VENISSIEUX : Le Sen No Sen Karat\u00e9 \u00e0 l&#039;honneur sur plusieurs fronts\" \/>\n<meta property=\"og:url\" content=\"https:\/\/newsestlyonnais.fr\/site\/2018\/01\/14\/venissieux-le-sen-no-sen-karate-a-lhonneur-sur-plusieurs-fronts\/\" \/>\n<meta property=\"og:site_name\" content=\"News Est Lyonnais\" \/>\n<meta property=\"article:author\" content=\"https:\/\/www.facebook.com\/pascal.oberson.1?fref=ts\" \/>\n<meta property=\"article:published_time\" content=\"2018-01-14T06:15:52+00:00\" \/>\n<meta property=\"article:modified_time\" content=\"2020-11-06T14:58:38+00:00\" \/>\n<meta property=\"og:image\" content=\"https:\/\/i0.wp.com\/newsestlyonnais.fr\/site\/wp-content\/uploads\/2018\/01\/NEWSESTLYONNAIS-SEN-NO-SEN-VX-JANVIER.jpg?fit=795%2C596&ssl=1\" \/>\n\t<meta property=\"og:image:width\" content=\"795\" \/>\n\t<meta property=\"og:image:height\" content=\"596\" \/>\n\t<meta property=\"og:image:type\" content=\"image\/jpeg\" \/>\n<meta name=\"author\" content=\"R\u00e9dac. NEWS\" \/>\n<meta name=\"twitter:card\" content=\"summary_large_image\" \/>\n<meta name=\"twitter:label1\" content=\"\u00c9crit par\" \/>\n\t<meta name=\"twitter:data1\" content=\"R\u00e9dac. NEWS\" \/>\n\t<meta name=\"twitter:label2\" content=\"Dur\u00e9e de lecture estim\u00e9e\" \/>\n\t<meta name=\"twitter:data2\" content=\"1 minute\" \/>\n<script type=\"application\/ld+json\" class=\"yoast-schema-graph\">{\"@context\":\"https:\/\/schema.org\",\"@graph\":[{\"@type\":\"Article\",\"@id\":\"https:\/\/newsestlyonnais.fr\/site\/2018\/01\/14\/venissieux-le-sen-no-sen-karate-a-lhonneur-sur-plusieurs-fronts\/#article\",\"isPartOf\":{\"@id\":\"https:\/\/newsestlyonnais.fr\/site\/2018\/01\/14\/venissieux-le-sen-no-sen-karate-a-lhonneur-sur-plusieurs-fronts\/\"},\"author\":{\"name\":\"R\u00e9dac. NEWS\",\"@id\":\"https:\/\/newsestlyonnais.fr\/site\/#\/schema\/person\/3230d5615f390bb808365d673001e887\"},\"headline\":\"VENISSIEUX | Le Sen No Sen Karat\u00e9 \u00e0 l&rsquo;honneur sur plusieurs fronts\",\"datePublished\":\"2018-01-14T06:15:52+00:00\",\"dateModified\":\"2020-11-06T14:58:38+00:00\",\"mainEntityOfPage\":{\"@id\":\"https:\/\/newsestlyonnais.fr\/site\/2018\/01\/14\/venissieux-le-sen-no-sen-karate-a-lhonneur-sur-plusieurs-fronts\/\"},\"wordCount\":275,\"commentCount\":0,\"publisher\":{\"@id\":\"https:\/\/newsestlyonnais.fr\/site\/#organization\"},\"image\":{\"@id\":\"https:\/\/newsestlyonnais.fr\/site\/2018\/01\/14\/venissieux-le-sen-no-sen-karate-a-lhonneur-sur-plusieurs-fronts\/#primaryimage\"},\"thumbnailUrl\":\"https:\/\/newsestlyonnais.fr\/site\/wp-content\/uploads\/2018\/01\/NEWSESTLYONNAIS-SEN-NO-SEN-VX-JANVIER.jpg\",\"articleSection\":[\"Judo| Karat\u00e9| Taekwondo\",\"Karat\u00e9\",\"V\u00e9nissieux\"],\"inLanguage\":\"fr-FR\",\"potentialAction\":[{\"@type\":\"CommentAction\",\"name\":\"Comment\",\"target\":[\"https:\/\/newsestlyonnais.fr\/site\/2018\/01\/14\/venissieux-le-sen-no-sen-karate-a-lhonneur-sur-plusieurs-fronts\/#respond\"]}]},{\"@type\":\"WebPage\",\"@id\":\"https:\/\/newsestlyonnais.fr\/site\/2018\/01\/14\/venissieux-le-sen-no-sen-karate-a-lhonneur-sur-plusieurs-fronts\/\",\"url\":\"https:\/\/newsestlyonnais.fr\/site\/2018\/01\/14\/venissieux-le-sen-no-sen-karate-a-lhonneur-sur-plusieurs-fronts\/\",\"name\":\"VENISSIEUX : Le Sen No Sen Karat\u00e9 \u00e0 l'honneur sur plusieurs fronts\",\"isPartOf\":{\"@id\":\"https:\/\/newsestlyonnais.fr\/site\/#website\"},\"primaryImageOfPage\":{\"@id\":\"https:\/\/newsestlyonnais.fr\/site\/2018\/01\/14\/venissieux-le-sen-no-sen-karate-a-lhonneur-sur-plusieurs-fronts\/#primaryimage\"},\"image\":{\"@id\":\"https:\/\/newsestlyonnais.fr\/site\/2018\/01\/14\/venissieux-le-sen-no-sen-karate-a-lhonneur-sur-plusieurs-fronts\/#primaryimage\"},\"thumbnailUrl\":\"https:\/\/newsestlyonnais.fr\/site\/wp-content\/uploads\/2018\/01\/NEWSESTLYONNAIS-SEN-NO-SEN-VX-JANVIER.jpg\",\"datePublished\":\"2018-01-14T06:15:52+00:00\",\"dateModified\":\"2020-11-06T14:58:38+00:00\",\"description\":\"VENISSIEUX : Le Sen No Sen Karat\u00e9 \u00e0 l'honneur sur plusieurs fronts\",\"breadcrumb\":{\"@id\":\"https:\/\/newsestlyonnais.fr\/site\/2018\/01\/14\/venissieux-le-sen-no-sen-karate-a-lhonneur-sur-plusieurs-fronts\/#breadcrumb\"},\"inLanguage\":\"fr-FR\",\"potentialAction\":[{\"@type\":\"ReadAction\",\"target\":[\"https:\/\/newsestlyonnais.fr\/site\/2018\/01\/14\/venissieux-le-sen-no-sen-karate-a-lhonneur-sur-plusieurs-fronts\/\"]}]},{\"@type\":\"ImageObject\",\"inLanguage\":\"fr-FR\",\"@id\":\"https:\/\/newsestlyonnais.fr\/site\/2018\/01\/14\/venissieux-le-sen-no-sen-karate-a-lhonneur-sur-plusieurs-fronts\/#primaryimage\",\"url\":\"https:\/\/newsestlyonnais.fr\/site\/wp-content\/uploads\/2018\/01\/NEWSESTLYONNAIS-SEN-NO-SEN-VX-JANVIER.jpg\",\"contentUrl\":\"https:\/\/newsestlyonnais.fr\/site\/wp-content\/uploads\/2018\/01\/NEWSESTLYONNAIS-SEN-NO-SEN-VX-JANVIER.jpg\",\"width\":795,\"height\":596,\"caption\":\"NEWSESTLYONNAIS - SEN NO SEN VX JANVIER\"},{\"@type\":\"BreadcrumbList\",\"@id\":\"https:\/\/newsestlyonnais.fr\/site\/2018\/01\/14\/venissieux-le-sen-no-sen-karate-a-lhonneur-sur-plusieurs-fronts\/#breadcrumb\",\"itemListElement\":[{\"@type\":\"ListItem\",\"position\":1,\"name\":\"Accueil\",\"item\":\"https:\/\/newsestlyonnais.fr\/site\/\"},{\"@type\":\"ListItem\",\"position\":2,\"name\":\"VENISSIEUX | Le Sen No Sen Karat\u00e9 \u00e0 l&rsquo;honneur sur plusieurs fronts\"}]},{\"@type\":\"WebSite\",\"@id\":\"https:\/\/newsestlyonnais.fr\/site\/#website\",\"url\":\"https:\/\/newsestlyonnais.fr\/site\/\",\"name\":\"News Est Lyonnais\",\"description\":\"L&#039;actualit\u00e9 au plus pr\u00e8s\",\"publisher\":{\"@id\":\"https:\/\/newsestlyonnais.fr\/site\/#organization\"},\"potentialAction\":[{\"@type\":\"SearchAction\",\"target\":{\"@type\":\"EntryPoint\",\"urlTemplate\":\"https:\/\/newsestlyonnais.fr\/site\/?s={search_term_string}\"},\"query-input\":{\"@type\":\"PropertyValueSpecification\",\"valueRequired\":true,\"valueName\":\"search_term_string\"}}],\"inLanguage\":\"fr-FR\"},{\"@type\":\"Organization\",\"@id\":\"https:\/\/newsestlyonnais.fr\/site\/#organization\",\"name\":\"News EST LYONNAIS\",\"url\":\"https:\/\/newsestlyonnais.fr\/site\/\",\"logo\":{\"@type\":\"ImageObject\",\"inLanguage\":\"fr-FR\",\"@id\":\"https:\/\/newsestlyonnais.fr\/site\/#\/schema\/logo\/image\/\",\"url\":\"\",\"contentUrl\":\"\",\"caption\":\"News EST LYONNAIS\"},\"image\":{\"@id\":\"https:\/\/newsestlyonnais.fr\/site\/#\/schema\/logo\/image\/\"}},{\"@type\":\"Person\",\"@id\":\"https:\/\/newsestlyonnais.fr\/site\/#\/schema\/person\/3230d5615f390bb808365d673001e887\",\"name\":\"R\u00e9dac. NEWS\",\"sameAs\":[\"http:\/\/www.newsestlyonnais.fr\",\"https:\/\/www.facebook.com\/pascal.oberson.1?fref=ts\",\"https:\/\/fr.linkedin.com\/in\/pascal-oberson-b17045113\"],\"url\":\"https:\/\/newsestlyonnais.fr\/site\/author\/nel\/\"}]}<\/script>\n<!-- \/ Yoast SEO plugin. -->","yoast_head_json":{"title":"VENISSIEUX : Le Sen No Sen Karat\u00e9 \u00e0 l'honneur sur plusieurs fronts","description":"VENISSIEUX : Le Sen No Sen Karat\u00e9 \u00e0 l'honneur sur plusieurs fronts","robots":{"index":"index","follow":"follow","max-snippet":"max-snippet:-1","max-image-preview":"max-image-preview:large","max-video-preview":"max-video-preview:-1"},"canonical":"https:\/\/newsestlyonnais.fr\/site\/2018\/01\/14\/venissieux-le-sen-no-sen-karate-a-lhonneur-sur-plusieurs-fronts\/","og_locale":"fr_FR","og_type":"article","og_title":"VENISSIEUX : Le Sen No Sen Karat\u00e9 \u00e0 l'honneur sur plusieurs fronts","og_description":"VENISSIEUX : Le Sen No Sen Karat\u00e9 \u00e0 l'honneur sur plusieurs fronts","og_url":"https:\/\/newsestlyonnais.fr\/site\/2018\/01\/14\/venissieux-le-sen-no-sen-karate-a-lhonneur-sur-plusieurs-fronts\/","og_site_name":"News Est Lyonnais","article_author":"https:\/\/www.facebook.com\/pascal.oberson.1?fref=ts","article_published_time":"2018-01-14T06:15:52+00:00","article_modified_time":"2020-11-06T14:58:38+00:00","og_image":[{"width":795,"height":596,"url":"https:\/\/i0.wp.com\/newsestlyonnais.fr\/site\/wp-content\/uploads\/2018\/01\/NEWSESTLYONNAIS-SEN-NO-SEN-VX-JANVIER.jpg?fit=795%2C596&ssl=1","type":"image\/jpeg"}],"author":"R\u00e9dac. NEWS","twitter_card":"summary_large_image","twitter_misc":{"\u00c9crit par":"R\u00e9dac. NEWS","Dur\u00e9e de lecture estim\u00e9e":"1 minute"},"schema":{"@context":"https:\/\/schema.org","@graph":[{"@type":"Article","@id":"https:\/\/newsestlyonnais.fr\/site\/2018\/01\/14\/venissieux-le-sen-no-sen-karate-a-lhonneur-sur-plusieurs-fronts\/#article","isPartOf":{"@id":"https:\/\/newsestlyonnais.fr\/site\/2018\/01\/14\/venissieux-le-sen-no-sen-karate-a-lhonneur-sur-plusieurs-fronts\/"},"author":{"name":"R\u00e9dac. NEWS","@id":"https:\/\/newsestlyonnais.fr\/site\/#\/schema\/person\/3230d5615f390bb808365d673001e887"},"headline":"VENISSIEUX | Le Sen No Sen Karat\u00e9 \u00e0 l&rsquo;honneur sur plusieurs fronts","datePublished":"2018-01-14T06:15:52+00:00","dateModified":"2020-11-06T14:58:38+00:00","mainEntityOfPage":{"@id":"https:\/\/newsestlyonnais.fr\/site\/2018\/01\/14\/venissieux-le-sen-no-sen-karate-a-lhonneur-sur-plusieurs-fronts\/"},"wordCount":275,"commentCount":0,"publisher":{"@id":"https:\/\/newsestlyonnais.fr\/site\/#organization"},"image":{"@id":"https:\/\/newsestlyonnais.fr\/site\/2018\/01\/14\/venissieux-le-sen-no-sen-karate-a-lhonneur-sur-plusieurs-fronts\/#primaryimage"},"thumbnailUrl":"https:\/\/newsestlyonnais.fr\/site\/wp-content\/uploads\/2018\/01\/NEWSESTLYONNAIS-SEN-NO-SEN-VX-JANVIER.jpg","articleSection":["Judo| Karat\u00e9| Taekwondo","Karat\u00e9","V\u00e9nissieux"],"inLanguage":"fr-FR","potentialAction":[{"@type":"CommentAction","name":"Comment","target":["https:\/\/newsestlyonnais.fr\/site\/2018\/01\/14\/venissieux-le-sen-no-sen-karate-a-lhonneur-sur-plusieurs-fronts\/#respond"]}]},{"@type":"WebPage","@id":"https:\/\/newsestlyonnais.fr\/site\/2018\/01\/14\/venissieux-le-sen-no-sen-karate-a-lhonneur-sur-plusieurs-fronts\/","url":"https:\/\/newsestlyonnais.fr\/site\/2018\/01\/14\/venissieux-le-sen-no-sen-karate-a-lhonneur-sur-plusieurs-fronts\/","name":"VENISSIEUX : Le Sen No Sen Karat\u00e9 \u00e0 l'honneur sur plusieurs fronts","isPartOf":{"@id":"https:\/\/newsestlyonnais.fr\/site\/#website"},"primaryImageOfPage":{"@id":"https:\/\/newsestlyonnais.fr\/site\/2018\/01\/14\/venissieux-le-sen-no-sen-karate-a-lhonneur-sur-plusieurs-fronts\/#primaryimage"},"image":{"@id":"https:\/\/newsestlyonnais.fr\/site\/2018\/01\/14\/venissieux-le-sen-no-sen-karate-a-lhonneur-sur-plusieurs-fronts\/#primaryimage"},"thumbnailUrl":"https:\/\/newsestlyonnais.fr\/site\/wp-content\/uploads\/2018\/01\/NEWSESTLYONNAIS-SEN-NO-SEN-VX-JANVIER.jpg","datePublished":"2018-01-14T06:15:52+00:00","dateModified":"2020-11-06T14:58:38+00:00","description":"VENISSIEUX : Le Sen No Sen Karat\u00e9 \u00e0 l'honneur sur plusieurs fronts","breadcrumb":{"@id":"https:\/\/newsestlyonnais.fr\/site\/2018\/01\/14\/venissieux-le-sen-no-sen-karate-a-lhonneur-sur-plusieurs-fronts\/#breadcrumb"},"inLanguage":"fr-FR","potentialAction":[{"@type":"ReadAction","target":["https:\/\/newsestlyonnais.fr\/site\/2018\/01\/14\/venissieux-le-sen-no-sen-karate-a-lhonneur-sur-plusieurs-fronts\/"]}]},{"@type":"ImageObject","inLanguage":"fr-FR","@id":"https:\/\/newsestlyonnais.fr\/site\/2018\/01\/14\/venissieux-le-sen-no-sen-karate-a-lhonneur-sur-plusieurs-fronts\/#primaryimage","url":"https:\/\/newsestlyonnais.fr\/site\/wp-content\/uploads\/2018\/01\/NEWSESTLYONNAIS-SEN-NO-SEN-VX-JANVIER.jpg","contentUrl":"https:\/\/newsestlyonnais.fr\/site\/wp-content\/uploads\/2018\/01\/NEWSESTLYONNAIS-SEN-NO-SEN-VX-JANVIER.jpg","width":795,"height":596,"caption":"NEWSESTLYONNAIS - SEN NO SEN VX JANVIER"},{"@type":"BreadcrumbList","@id":"https:\/\/newsestlyonnais.fr\/site\/2018\/01\/14\/venissieux-le-sen-no-sen-karate-a-lhonneur-sur-plusieurs-fronts\/#breadcrumb","itemListElement":[{"@type":"ListItem","position":1,"name":"Accueil","item":"https:\/\/newsestlyonnais.fr\/site\/"},{"@type":"ListItem","position":2,"name":"VENISSIEUX | Le Sen No Sen Karat\u00e9 \u00e0 l&rsquo;honneur sur plusieurs fronts"}]},{"@type":"WebSite","@id":"https:\/\/newsestlyonnais.fr\/site\/#website","url":"https:\/\/newsestlyonnais.fr\/site\/","name":"News Est Lyonnais","description":"L&#039;actualit\u00e9 au plus pr\u00e8s","publisher":{"@id":"https:\/\/newsestlyonnais.fr\/site\/#organization"},"potentialAction":[{"@type":"SearchAction","target":{"@type":"EntryPoint","urlTemplate":"https:\/\/newsestlyonnais.fr\/site\/?s={search_term_string}"},"query-input":{"@type":"PropertyValueSpecification","valueRequired":true,"valueName":"search_term_string"}}],"inLanguage":"fr-FR"},{"@type":"Organization","@id":"https:\/\/newsestlyonnais.fr\/site\/#organization","name":"News EST LYONNAIS","url":"https:\/\/newsestlyonnais.fr\/site\/","logo":{"@type":"ImageObject","inLanguage":"fr-FR","@id":"https:\/\/newsestlyonnais.fr\/site\/#\/schema\/logo\/image\/","url":"","contentUrl":"","caption":"News EST LYONNAIS"},"image":{"@id":"https:\/\/newsestlyonnais.fr\/site\/#\/schema\/logo\/image\/"}},{"@type":"Person","@id":"https:\/\/newsestlyonnais.fr\/site\/#\/schema\/person\/3230d5615f390bb808365d673001e887","name":"R\u00e9dac. NEWS","sameAs":["http:\/\/www.newsestlyonnais.fr","https:\/\/www.facebook.com\/pascal.oberson.1?fref=ts","https:\/\/fr.linkedin.com\/in\/pascal-oberson-b17045113"],"url":"https:\/\/newsestlyonnais.fr\/site\/author\/nel\/"}]}},"_links":{"self":[{"href":"https:\/\/newsestlyonnais.fr\/site\/wp-json\/wp\/v2\/posts\/41862","targetHints":{"allow":["GET"]}}],"collection":[{"href":"https:\/\/newsestlyonnais.fr\/site\/wp-json\/wp\/v2\/posts"}],"about":[{"href":"https:\/\/newsestlyonnais.fr\/site\/wp-json\/wp\/v2\/types\/post"}],"author":[{"embeddable":true,"href":"https:\/\/newsestlyonnais.fr\/site\/wp-json\/wp\/v2\/users\/4"}],"replies":[{"embeddable":true,"href":"https:\/\/newsestlyonnais.fr\/site\/wp-json\/wp\/v2\/comments?post=41862"}],"version-history":[{"count":0,"href":"https:\/\/newsestlyonnais.fr\/site\/wp-json\/wp\/v2\/posts\/41862\/revisions"}],"wp:featuredmedia":[{"embeddable":true,"href":"https:\/\/newsestlyonnais.fr\/site\/wp-json\/wp\/v2\/media\/41871"}],"wp:attachment":[{"href":"https:\/\/newsestlyonnais.fr\/site\/wp-json\/wp\/v2\/media?parent=41862"}],"wp:term":[{"taxonomy":"category","embeddable":true,"href":"https:\/\/newsestlyonnais.fr\/site\/wp-json\/wp\/v2\/categories?post=41862"},{"taxonomy":"post_tag","embeddable":true,"href":"https:\/\/newsestlyonnais.fr\/site\/wp-json\/wp\/v2\/tags?post=41862"}],"curies":[{"name":"wp","href":"https:\/\/api.w.org\/{rel}","templated":true}]}}