{"id":42077,"date":"2018-01-15T13:37:48","date_gmt":"2018-01-15T12:37:48","guid":{"rendered":"http:\/\/newsestlyonnais.fr\/site\/?p=42077"},"modified":"2020-11-09T06:49:09","modified_gmt":"2020-11-09T05:49:09","slug":"genas-recensement-de-la-population","status":"publish","type":"post","link":"https:\/\/newsestlyonnais.fr\/site\/2018\/01\/15\/genas-recensement-de-la-population\/","title":{"rendered":"GENAS | Recensement de la population"},"content":{"rendered":"<p>&#8211; <strong>Le recensement, comment \u00e7a marche ?<\/strong> L\u2019un des deux agents de la Ville de Genas, muni d\u2019une carte tricolore avec photo, sign\u00e9e par le maire, remettra une notice d\u2019information avec des identifiants pour le recensement en ligne.<\/p>\n<div>Les personnes qui ne peuvent pas r\u00e9pondre en ligne auront <strong>un questionnaire papier<\/strong> que l\u2019agent recenseur viendra r\u00e9cup\u00e9rer. En cas d\u2019absence, il\u00a0 laissera un avis de passage.<\/div>\n<div>&#8211; <strong>Le recensement, c\u2019est s\u00fbr<\/strong> : <strong>Les r\u00e9ponses sont confidentielles<\/strong> et les statistiques produites anonymes. Le recensement se d\u00e9roule selon des proc\u00e9dures approuv\u00e9es par la Commission nationale de l\u2019informatique et des libert\u00e9s (Cnil).<\/div>\n<div><strong>L\u2019Insee<\/strong> est le seul organisme habilit\u00e9 \u00e0 exploiter les questionnaires, et cela de fa\u00e7on anonyme. Ils ne peuvent donc donner lieu \u00e0 aucun contr\u00f4le administratif ou fiscal.\u00a0 Le nom et l\u2019adresse sont n\u00e9anmoins n\u00e9cessaires pour \u00eatre s\u00fbr de ne pas compter deux fois la m\u00eame personne.<\/div>\n<div>Ces informations ne sont pas enregistr\u00e9es dans les bases de donn\u00e9es. Toutes les<\/div>\n<div>personnes ayant acc\u00e8s aux questionnaires (dont les agents recenseurs) sont tenues au secret professionnel.<\/div>\n<div><strong>A quoi sert le recensement ?<\/strong> Le recensement permet de savoir combien de personnes vivent en France et d\u2019\u00e9tablir la population officielle de chaque commune. Il fournit \u00e9galement des informations sur les caract\u00e9ristiques de la population: \u00e2ge, profession, moyens de transport utilis\u00e9s, conditions de logement.<\/div>\n<div>La connaissance de ces statistiques est un des \u00e9l\u00e9ments qui permettent de d\u00e9finir les politiques publiques nationales.<\/div>\n<div><strong>Au niveau local<\/strong>, le recensement sert notamment \u00e0 pr\u00e9voir des \u00e9quipements collectifs n\u00e9cessaires (\u00e9coles,cr\u00e8ches).<\/div>\n<div><\/div>\n<div>__________________________________________________________________________________<\/div>\n<h4>&#8211; Plus d\u2019infos sur : <a href=\"http:\/\/www.genas.fr\" target=\"_blank\" rel=\"noopener noreferrer\">http:\/\/www.genas.fr<\/a><\/h4>\n<h4><\/h4>\n","protected":false},"excerpt":{"rendered":"<p>8% des habitants de la ville, tir\u00e9s au sort, feront l&rsquo;objet du recensement de la population organis\u00e9 par l&rsquo;INSEE.<\/p>\n","protected":false},"author":4,"featured_media":8137,"comment_status":"open","ping_status":"open","sticky":false,"template":"","format":"standard","meta":{"footnotes":""},"categories":[270,3336,4,1598,787,309],"tags":[],"class_list":["post-42077","post","type-post","status-publish","format-standard","has-post-thumbnail","hentry","category-cte-de-communes-c-c-e-l","category-citoyennete-recensement","category-evenements-divers","category-genas","category-ptites-news","category-pratique"],"yoast_head":"<!-- This site is optimized with the Yoast SEO plugin v27.2 - https:\/\/yoast.com\/product\/yoast-seo-wordpress\/ -->\n<title>GENAS : Recensement de la population du 18 janvier au 24 f\u00e9vrier<\/title>\n<meta name=\"description\" content=\"GENAS : Recensement de la population du 18 janvier au 24 f\u00e9vrier\" \/>\n<meta name=\"robots\" content=\"index, follow, max-snippet:-1, max-image-preview:large, max-video-preview:-1\" \/>\n<link rel=\"canonical\" href=\"https:\/\/newsestlyonnais.fr\/site\/2018\/01\/15\/genas-recensement-de-la-population\/\" \/>\n<meta property=\"og:locale\" content=\"fr_FR\" \/>\n<meta property=\"og:type\" content=\"article\" \/>\n<meta property=\"og:title\" content=\"GENAS : Recensement de la population du 18 janvier au 24 f\u00e9vrier\" \/>\n<meta property=\"og:description\" content=\"GENAS : Recensement de la population du 18 janvier au 24 f\u00e9vrier\" \/>\n<meta property=\"og:url\" content=\"https:\/\/newsestlyonnais.fr\/site\/2018\/01\/15\/genas-recensement-de-la-population\/\" \/>\n<meta property=\"og:site_name\" content=\"News Est Lyonnais\" \/>\n<meta property=\"article:author\" content=\"https:\/\/www.facebook.com\/pascal.oberson.1?fref=ts\" \/>\n<meta property=\"article:published_time\" content=\"2018-01-15T12:37:48+00:00\" \/>\n<meta property=\"article:modified_time\" content=\"2020-11-09T05:49:09+00:00\" \/>\n<meta property=\"og:image\" content=\"https:\/\/i0.wp.com\/newsestlyonnais.fr\/site\/wp-content\/uploads\/2016\/05\/NEWSESTLYONNAISPANNEAUGENAS-1.jpg?fit=1000%2C750&ssl=1\" \/>\n\t<meta property=\"og:image:width\" content=\"1000\" \/>\n\t<meta property=\"og:image:height\" content=\"750\" \/>\n\t<meta property=\"og:image:type\" content=\"image\/jpeg\" \/>\n<meta name=\"author\" content=\"R\u00e9dac. NEWS\" \/>\n<meta name=\"twitter:card\" content=\"summary_large_image\" \/>\n<meta name=\"twitter:label1\" content=\"\u00c9crit par\" \/>\n\t<meta name=\"twitter:data1\" content=\"R\u00e9dac. NEWS\" \/>\n\t<meta name=\"twitter:label2\" content=\"Dur\u00e9e de lecture estim\u00e9e\" \/>\n\t<meta name=\"twitter:data2\" content=\"1 minute\" \/>\n<script type=\"application\/ld+json\" class=\"yoast-schema-graph\">{\"@context\":\"https:\/\/schema.org\",\"@graph\":[{\"@type\":\"Article\",\"@id\":\"https:\/\/newsestlyonnais.fr\/site\/2018\/01\/15\/genas-recensement-de-la-population\/#article\",\"isPartOf\":{\"@id\":\"https:\/\/newsestlyonnais.fr\/site\/2018\/01\/15\/genas-recensement-de-la-population\/\"},\"author\":{\"name\":\"R\u00e9dac. NEWS\",\"@id\":\"https:\/\/newsestlyonnais.fr\/site\/#\/schema\/person\/3230d5615f390bb808365d673001e887\"},\"headline\":\"GENAS | Recensement de la population\",\"datePublished\":\"2018-01-15T12:37:48+00:00\",\"dateModified\":\"2020-11-09T05:49:09+00:00\",\"mainEntityOfPage\":{\"@id\":\"https:\/\/newsestlyonnais.fr\/site\/2018\/01\/15\/genas-recensement-de-la-population\/\"},\"wordCount\":292,\"commentCount\":0,\"publisher\":{\"@id\":\"https:\/\/newsestlyonnais.fr\/site\/#organization\"},\"image\":{\"@id\":\"https:\/\/newsestlyonnais.fr\/site\/2018\/01\/15\/genas-recensement-de-la-population\/#primaryimage\"},\"thumbnailUrl\":\"https:\/\/newsestlyonnais.fr\/site\/wp-content\/uploads\/2016\/05\/NEWSESTLYONNAISPANNEAUGENAS-1.jpg\",\"articleSection\":[\"CCEL | Communes\",\"Citoyennet\u00e9 | Recensement\",\"Ev\u00e8nements divers\",\"Genas\",\"P'tites News\",\"Pratique\"],\"inLanguage\":\"fr-FR\",\"potentialAction\":[{\"@type\":\"CommentAction\",\"name\":\"Comment\",\"target\":[\"https:\/\/newsestlyonnais.fr\/site\/2018\/01\/15\/genas-recensement-de-la-population\/#respond\"]}]},{\"@type\":\"WebPage\",\"@id\":\"https:\/\/newsestlyonnais.fr\/site\/2018\/01\/15\/genas-recensement-de-la-population\/\",\"url\":\"https:\/\/newsestlyonnais.fr\/site\/2018\/01\/15\/genas-recensement-de-la-population\/\",\"name\":\"GENAS : Recensement de la population du 18 janvier au 24 f\u00e9vrier\",\"isPartOf\":{\"@id\":\"https:\/\/newsestlyonnais.fr\/site\/#website\"},\"primaryImageOfPage\":{\"@id\":\"https:\/\/newsestlyonnais.fr\/site\/2018\/01\/15\/genas-recensement-de-la-population\/#primaryimage\"},\"image\":{\"@id\":\"https:\/\/newsestlyonnais.fr\/site\/2018\/01\/15\/genas-recensement-de-la-population\/#primaryimage\"},\"thumbnailUrl\":\"https:\/\/newsestlyonnais.fr\/site\/wp-content\/uploads\/2016\/05\/NEWSESTLYONNAISPANNEAUGENAS-1.jpg\",\"datePublished\":\"2018-01-15T12:37:48+00:00\",\"dateModified\":\"2020-11-09T05:49:09+00:00\",\"description\":\"GENAS : Recensement de la population du 18 janvier au 24 f\u00e9vrier\",\"breadcrumb\":{\"@id\":\"https:\/\/newsestlyonnais.fr\/site\/2018\/01\/15\/genas-recensement-de-la-population\/#breadcrumb\"},\"inLanguage\":\"fr-FR\",\"potentialAction\":[{\"@type\":\"ReadAction\",\"target\":[\"https:\/\/newsestlyonnais.fr\/site\/2018\/01\/15\/genas-recensement-de-la-population\/\"]}]},{\"@type\":\"ImageObject\",\"inLanguage\":\"fr-FR\",\"@id\":\"https:\/\/newsestlyonnais.fr\/site\/2018\/01\/15\/genas-recensement-de-la-population\/#primaryimage\",\"url\":\"https:\/\/newsestlyonnais.fr\/site\/wp-content\/uploads\/2016\/05\/NEWSESTLYONNAISPANNEAUGENAS-1.jpg\",\"contentUrl\":\"https:\/\/newsestlyonnais.fr\/site\/wp-content\/uploads\/2016\/05\/NEWSESTLYONNAISPANNEAUGENAS-1.jpg\",\"width\":1000,\"height\":750,\"caption\":\"NEWSESTLYONNAISPANNEAUGENAS\"},{\"@type\":\"BreadcrumbList\",\"@id\":\"https:\/\/newsestlyonnais.fr\/site\/2018\/01\/15\/genas-recensement-de-la-population\/#breadcrumb\",\"itemListElement\":[{\"@type\":\"ListItem\",\"position\":1,\"name\":\"Accueil\",\"item\":\"https:\/\/newsestlyonnais.fr\/site\/\"},{\"@type\":\"ListItem\",\"position\":2,\"name\":\"GENAS | Recensement de la population\"}]},{\"@type\":\"WebSite\",\"@id\":\"https:\/\/newsestlyonnais.fr\/site\/#website\",\"url\":\"https:\/\/newsestlyonnais.fr\/site\/\",\"name\":\"News Est Lyonnais\",\"description\":\"L&#039;actualit\u00e9 au plus pr\u00e8s\",\"publisher\":{\"@id\":\"https:\/\/newsestlyonnais.fr\/site\/#organization\"},\"potentialAction\":[{\"@type\":\"SearchAction\",\"target\":{\"@type\":\"EntryPoint\",\"urlTemplate\":\"https:\/\/newsestlyonnais.fr\/site\/?s={search_term_string}\"},\"query-input\":{\"@type\":\"PropertyValueSpecification\",\"valueRequired\":true,\"valueName\":\"search_term_string\"}}],\"inLanguage\":\"fr-FR\"},{\"@type\":\"Organization\",\"@id\":\"https:\/\/newsestlyonnais.fr\/site\/#organization\",\"name\":\"News EST LYONNAIS\",\"url\":\"https:\/\/newsestlyonnais.fr\/site\/\",\"logo\":{\"@type\":\"ImageObject\",\"inLanguage\":\"fr-FR\",\"@id\":\"https:\/\/newsestlyonnais.fr\/site\/#\/schema\/logo\/image\/\",\"url\":\"\",\"contentUrl\":\"\",\"caption\":\"News EST LYONNAIS\"},\"image\":{\"@id\":\"https:\/\/newsestlyonnais.fr\/site\/#\/schema\/logo\/image\/\"}},{\"@type\":\"Person\",\"@id\":\"https:\/\/newsestlyonnais.fr\/site\/#\/schema\/person\/3230d5615f390bb808365d673001e887\",\"name\":\"R\u00e9dac. NEWS\",\"sameAs\":[\"http:\/\/www.newsestlyonnais.fr\",\"https:\/\/www.facebook.com\/pascal.oberson.1?fref=ts\",\"https:\/\/fr.linkedin.com\/in\/pascal-oberson-b17045113\"],\"url\":\"https:\/\/newsestlyonnais.fr\/site\/author\/nel\/\"}]}<\/script>\n<!-- \/ Yoast SEO plugin. -->","yoast_head_json":{"title":"GENAS : Recensement de la population du 18 janvier au 24 f\u00e9vrier","description":"GENAS : Recensement de la population du 18 janvier au 24 f\u00e9vrier","robots":{"index":"index","follow":"follow","max-snippet":"max-snippet:-1","max-image-preview":"max-image-preview:large","max-video-preview":"max-video-preview:-1"},"canonical":"https:\/\/newsestlyonnais.fr\/site\/2018\/01\/15\/genas-recensement-de-la-population\/","og_locale":"fr_FR","og_type":"article","og_title":"GENAS : Recensement de la population du 18 janvier au 24 f\u00e9vrier","og_description":"GENAS : Recensement de la population du 18 janvier au 24 f\u00e9vrier","og_url":"https:\/\/newsestlyonnais.fr\/site\/2018\/01\/15\/genas-recensement-de-la-population\/","og_site_name":"News Est Lyonnais","article_author":"https:\/\/www.facebook.com\/pascal.oberson.1?fref=ts","article_published_time":"2018-01-15T12:37:48+00:00","article_modified_time":"2020-11-09T05:49:09+00:00","og_image":[{"width":1000,"height":750,"url":"https:\/\/i0.wp.com\/newsestlyonnais.fr\/site\/wp-content\/uploads\/2016\/05\/NEWSESTLYONNAISPANNEAUGENAS-1.jpg?fit=1000%2C750&ssl=1","type":"image\/jpeg"}],"author":"R\u00e9dac. NEWS","twitter_card":"summary_large_image","twitter_misc":{"\u00c9crit par":"R\u00e9dac. NEWS","Dur\u00e9e de lecture estim\u00e9e":"1 minute"},"schema":{"@context":"https:\/\/schema.org","@graph":[{"@type":"Article","@id":"https:\/\/newsestlyonnais.fr\/site\/2018\/01\/15\/genas-recensement-de-la-population\/#article","isPartOf":{"@id":"https:\/\/newsestlyonnais.fr\/site\/2018\/01\/15\/genas-recensement-de-la-population\/"},"author":{"name":"R\u00e9dac. NEWS","@id":"https:\/\/newsestlyonnais.fr\/site\/#\/schema\/person\/3230d5615f390bb808365d673001e887"},"headline":"GENAS | Recensement de la population","datePublished":"2018-01-15T12:37:48+00:00","dateModified":"2020-11-09T05:49:09+00:00","mainEntityOfPage":{"@id":"https:\/\/newsestlyonnais.fr\/site\/2018\/01\/15\/genas-recensement-de-la-population\/"},"wordCount":292,"commentCount":0,"publisher":{"@id":"https:\/\/newsestlyonnais.fr\/site\/#organization"},"image":{"@id":"https:\/\/newsestlyonnais.fr\/site\/2018\/01\/15\/genas-recensement-de-la-population\/#primaryimage"},"thumbnailUrl":"https:\/\/newsestlyonnais.fr\/site\/wp-content\/uploads\/2016\/05\/NEWSESTLYONNAISPANNEAUGENAS-1.jpg","articleSection":["CCEL | Communes","Citoyennet\u00e9 | Recensement","Ev\u00e8nements divers","Genas","P'tites News","Pratique"],"inLanguage":"fr-FR","potentialAction":[{"@type":"CommentAction","name":"Comment","target":["https:\/\/newsestlyonnais.fr\/site\/2018\/01\/15\/genas-recensement-de-la-population\/#respond"]}]},{"@type":"WebPage","@id":"https:\/\/newsestlyonnais.fr\/site\/2018\/01\/15\/genas-recensement-de-la-population\/","url":"https:\/\/newsestlyonnais.fr\/site\/2018\/01\/15\/genas-recensement-de-la-population\/","name":"GENAS : Recensement de la population du 18 janvier au 24 f\u00e9vrier","isPartOf":{"@id":"https:\/\/newsestlyonnais.fr\/site\/#website"},"primaryImageOfPage":{"@id":"https:\/\/newsestlyonnais.fr\/site\/2018\/01\/15\/genas-recensement-de-la-population\/#primaryimage"},"image":{"@id":"https:\/\/newsestlyonnais.fr\/site\/2018\/01\/15\/genas-recensement-de-la-population\/#primaryimage"},"thumbnailUrl":"https:\/\/newsestlyonnais.fr\/site\/wp-content\/uploads\/2016\/05\/NEWSESTLYONNAISPANNEAUGENAS-1.jpg","datePublished":"2018-01-15T12:37:48+00:00","dateModified":"2020-11-09T05:49:09+00:00","description":"GENAS : Recensement de la population du 18 janvier au 24 f\u00e9vrier","breadcrumb":{"@id":"https:\/\/newsestlyonnais.fr\/site\/2018\/01\/15\/genas-recensement-de-la-population\/#breadcrumb"},"inLanguage":"fr-FR","potentialAction":[{"@type":"ReadAction","target":["https:\/\/newsestlyonnais.fr\/site\/2018\/01\/15\/genas-recensement-de-la-population\/"]}]},{"@type":"ImageObject","inLanguage":"fr-FR","@id":"https:\/\/newsestlyonnais.fr\/site\/2018\/01\/15\/genas-recensement-de-la-population\/#primaryimage","url":"https:\/\/newsestlyonnais.fr\/site\/wp-content\/uploads\/2016\/05\/NEWSESTLYONNAISPANNEAUGENAS-1.jpg","contentUrl":"https:\/\/newsestlyonnais.fr\/site\/wp-content\/uploads\/2016\/05\/NEWSESTLYONNAISPANNEAUGENAS-1.jpg","width":1000,"height":750,"caption":"NEWSESTLYONNAISPANNEAUGENAS"},{"@type":"BreadcrumbList","@id":"https:\/\/newsestlyonnais.fr\/site\/2018\/01\/15\/genas-recensement-de-la-population\/#breadcrumb","itemListElement":[{"@type":"ListItem","position":1,"name":"Accueil","item":"https:\/\/newsestlyonnais.fr\/site\/"},{"@type":"ListItem","position":2,"name":"GENAS | Recensement de la population"}]},{"@type":"WebSite","@id":"https:\/\/newsestlyonnais.fr\/site\/#website","url":"https:\/\/newsestlyonnais.fr\/site\/","name":"News Est Lyonnais","description":"L&#039;actualit\u00e9 au plus pr\u00e8s","publisher":{"@id":"https:\/\/newsestlyonnais.fr\/site\/#organization"},"potentialAction":[{"@type":"SearchAction","target":{"@type":"EntryPoint","urlTemplate":"https:\/\/newsestlyonnais.fr\/site\/?s={search_term_string}"},"query-input":{"@type":"PropertyValueSpecification","valueRequired":true,"valueName":"search_term_string"}}],"inLanguage":"fr-FR"},{"@type":"Organization","@id":"https:\/\/newsestlyonnais.fr\/site\/#organization","name":"News EST LYONNAIS","url":"https:\/\/newsestlyonnais.fr\/site\/","logo":{"@type":"ImageObject","inLanguage":"fr-FR","@id":"https:\/\/newsestlyonnais.fr\/site\/#\/schema\/logo\/image\/","url":"","contentUrl":"","caption":"News EST LYONNAIS"},"image":{"@id":"https:\/\/newsestlyonnais.fr\/site\/#\/schema\/logo\/image\/"}},{"@type":"Person","@id":"https:\/\/newsestlyonnais.fr\/site\/#\/schema\/person\/3230d5615f390bb808365d673001e887","name":"R\u00e9dac. NEWS","sameAs":["http:\/\/www.newsestlyonnais.fr","https:\/\/www.facebook.com\/pascal.oberson.1?fref=ts","https:\/\/fr.linkedin.com\/in\/pascal-oberson-b17045113"],"url":"https:\/\/newsestlyonnais.fr\/site\/author\/nel\/"}]}},"_links":{"self":[{"href":"https:\/\/newsestlyonnais.fr\/site\/wp-json\/wp\/v2\/posts\/42077","targetHints":{"allow":["GET"]}}],"collection":[{"href":"https:\/\/newsestlyonnais.fr\/site\/wp-json\/wp\/v2\/posts"}],"about":[{"href":"https:\/\/newsestlyonnais.fr\/site\/wp-json\/wp\/v2\/types\/post"}],"author":[{"embeddable":true,"href":"https:\/\/newsestlyonnais.fr\/site\/wp-json\/wp\/v2\/users\/4"}],"replies":[{"embeddable":true,"href":"https:\/\/newsestlyonnais.fr\/site\/wp-json\/wp\/v2\/comments?post=42077"}],"version-history":[{"count":0,"href":"https:\/\/newsestlyonnais.fr\/site\/wp-json\/wp\/v2\/posts\/42077\/revisions"}],"wp:featuredmedia":[{"embeddable":true,"href":"https:\/\/newsestlyonnais.fr\/site\/wp-json\/wp\/v2\/media\/8137"}],"wp:attachment":[{"href":"https:\/\/newsestlyonnais.fr\/site\/wp-json\/wp\/v2\/media?parent=42077"}],"wp:term":[{"taxonomy":"category","embeddable":true,"href":"https:\/\/newsestlyonnais.fr\/site\/wp-json\/wp\/v2\/categories?post=42077"},{"taxonomy":"post_tag","embeddable":true,"href":"https:\/\/newsestlyonnais.fr\/site\/wp-json\/wp\/v2\/tags?post=42077"}],"curies":[{"name":"wp","href":"https:\/\/api.w.org\/{rel}","templated":true}]}}