{"id":42091,"date":"2018-01-17T07:12:37","date_gmt":"2018-01-17T06:12:37","guid":{"rendered":"http:\/\/newsestlyonnais.fr\/site\/?p=42091"},"modified":"2020-11-09T20:48:41","modified_gmt":"2020-11-09T19:48:41","slug":"meyzieu-tennis-resultats-de-mardi-tournoi-veterans-france-escudier","status":"publish","type":"post","link":"https:\/\/newsestlyonnais.fr\/site\/2018\/01\/17\/meyzieu-tennis-resultats-de-mardi-tournoi-veterans-france-escudier\/","title":{"rendered":"MEYZIEU | Tennis > r\u00e9sultats de mardi du tournoi v\u00e9t\u00e9rans \u00ab France Escudier \u00bb"},"content":{"rendered":"<h4>Retrouvez AU QUOTIDIEN les r\u00e9sultats du tournoi v\u00e9t\u00e9rans \u00a0\u00bb France Escudier\u00a0\u00bb organis\u00e9 par Meyzieu Tennis.<\/h4>\n<p>Dix rencontres se sont d\u00e9roul\u00e9es ce mardi, voici les r\u00e9sultats des matchs :-<\/p>\n<ul>\n<li><span style=\"text-decoration: underline\"><strong> + 45 ans dames <\/strong><\/span>: <strong>Anne Corail<\/strong> (Chassieu Tennis, 30\/2) bat Marie-Isabelle Ponsson (Meyzieu Tennis, 30\/2) 6\/3, 6\/1.<\/li>\n<li><strong><span style=\"text-decoration: underline\">+ 45 ans hommes<\/span> : Christian Coelho <\/strong>(TC Brignais-Chaponost, 15\/5) bat Laurent Petezki (Meyzieu Tennis, 30\/1) 7\/5, 4\/6, 6\/2. <strong>Bertrand Sourdain<\/strong> (TC Mionnay, 30) bat Bruno Martin (St Maurice Tennis, 15\/4) 2\/6, 6\/3, 6\/3. <strong>Ludovic Jacob<\/strong> (TC Dardilly-Champagne, 15\/5) bat Christophe Chapel (Meyzieu Tennis, 30\/2)\u00a06\/0, 6\/0.<\/li>\n<li><span style=\"text-decoration: underline\"><strong>+ 55 ans hommes<\/strong><\/span> : <strong>Jean Louis Reynes<\/strong> (TC D\u00e9cines, 30) bat Roberto Giuliani ((Lyon Sport M\u00e9tropole Tennis, 15\/5) 6\/1, 7\/5.<\/li>\n<li><strong><span style=\"text-decoration: underline\">+ 65 ans hommes<\/span> : <a class=\"pl\"><b>Jean Claude<\/b><\/a> Possety <\/strong>(Charvieu TC, 30\/2) bat Guy Montlahuc (TC Charbonni\u00e8res, 30\/2) 6\/4, 6\/3. <strong>G\u00e9rard Bline<\/strong> (TC D\u00e9cines, 30\/1) bat Eric Micha (AS Caluire, 30\/1) 6\/1, 6\/3. <strong>Herv\u00e9 Nicoloso<\/strong> (Meyzieu Tennis, 30\/1) bat G\u00e9rard Eyraud (ASPTT Gd Lyon, 30\/1) 6\/3, 6\/3.<strong> Alain Deweertd<\/strong> (TC Soucieu en Jarrest,30\/1) bat Marc Sitbon (TC Vernaisonnais, 30\/1) 6\/2, 4\/6, 1\/0. <strong>Andr\u00e9 Peguet<\/strong> (St Maurice Tennis, 30\/2) bat Jean-Claude Marie (TC Charbonni\u00e8res, 30\/3) 6\/1, 6\/0.<\/li>\n<\/ul>\n<p><strong>NOTA<\/strong>:\u00a0\u00a0 Cinq rencontres sont d\u2019autre part programm\u00e9es pour cette journ\u00e9e de mercredi.<\/p>\n<ul>\n<li><strong>Retrouvez l\u2019ACTU du club sur : <a href=\"http:\/\/www.meyzieutennis.com\" target=\"_blank\" rel=\"noopener noreferrer\">http:\/\/www.meyzieutennis.com<\/a><\/strong><\/li>\n<\/ul>\n","protected":false},"excerpt":{"rendered":"<p>Retrouvez AU QUOTIDIEN les r\u00e9sultats du tournoi v\u00e9t\u00e9rans \u00a0\u00bb France Escudier\u00a0\u00bb organis\u00e9 par Meyzieu Tennis. Dix rencontres se sont d\u00e9roul\u00e9es ce mardi, voici les r\u00e9sultats des matchs :- + 45 ans dames : Anne Corail (Chassieu Tennis, 30\/2) bat Marie-Isabelle Ponsson (Meyzieu Tennis, 30\/2) 6\/3, 6\/1. + 45 ans hommes : Christian Coelho (TC Brignais-Chaponost, [&hellip;]<\/p>\n","protected":false},"author":4,"featured_media":10856,"comment_status":"open","ping_status":"open","sticky":false,"template":"","format":"standard","meta":{"footnotes":""},"categories":[24,2992,2991],"tags":[],"class_list":["post-42091","post","type-post","status-publish","format-standard","has-post-thumbnail","hentry","category-meyzieu","category-tennis-padel","category-tennis-tennis-table-sports"],"yoast_head":"<!-- This site is optimized with the Yoast SEO plugin v27.2 - https:\/\/yoast.com\/product\/yoast-seo-wordpress\/ -->\n<title>MEYZIEU : Tennis : les r\u00e9sultats de mardi du tournoi v\u00e9t\u00e9rans \u00ab France Escudier \u00bb<\/title>\n<meta name=\"description\" content=\"MEYZIEU : Tennis : les r\u00e9sultats de mardi du tournoi v\u00e9t\u00e9rans \u00ab France Escudier \u00bb\" \/>\n<meta name=\"robots\" content=\"index, follow, max-snippet:-1, max-image-preview:large, max-video-preview:-1\" \/>\n<link rel=\"canonical\" href=\"https:\/\/newsestlyonnais.fr\/site\/2018\/01\/17\/meyzieu-tennis-resultats-de-mardi-tournoi-veterans-france-escudier\/\" \/>\n<meta property=\"og:locale\" content=\"fr_FR\" \/>\n<meta property=\"og:type\" content=\"article\" \/>\n<meta property=\"og:title\" content=\"MEYZIEU : Tennis : les r\u00e9sultats de mardi du tournoi v\u00e9t\u00e9rans \u00ab France Escudier \u00bb\" \/>\n<meta property=\"og:description\" content=\"MEYZIEU : Tennis : les r\u00e9sultats de mardi du tournoi v\u00e9t\u00e9rans \u00ab France Escudier \u00bb\" \/>\n<meta property=\"og:url\" content=\"https:\/\/newsestlyonnais.fr\/site\/2018\/01\/17\/meyzieu-tennis-resultats-de-mardi-tournoi-veterans-france-escudier\/\" \/>\n<meta property=\"og:site_name\" content=\"News Est Lyonnais\" \/>\n<meta property=\"article:author\" content=\"https:\/\/www.facebook.com\/pascal.oberson.1?fref=ts\" \/>\n<meta property=\"article:published_time\" content=\"2018-01-17T06:12:37+00:00\" \/>\n<meta property=\"article:modified_time\" content=\"2020-11-09T19:48:41+00:00\" \/>\n<meta property=\"og:image\" content=\"https:\/\/i1.wp.com\/newsestlyonnais.fr\/site\/wp-content\/uploads\/2016\/07\/NEWSESTLYONNAIS-LOGO-TENNIS.png?fit=1000%2C750&ssl=1\" \/>\n\t<meta property=\"og:image:width\" content=\"1000\" \/>\n\t<meta property=\"og:image:height\" content=\"750\" \/>\n\t<meta property=\"og:image:type\" content=\"image\/png\" \/>\n<meta name=\"author\" content=\"R\u00e9dac. NEWS\" \/>\n<meta name=\"twitter:card\" content=\"summary_large_image\" \/>\n<meta name=\"twitter:label1\" content=\"\u00c9crit par\" \/>\n\t<meta name=\"twitter:data1\" content=\"R\u00e9dac. NEWS\" \/>\n\t<meta name=\"twitter:label2\" content=\"Dur\u00e9e de lecture estim\u00e9e\" \/>\n\t<meta name=\"twitter:data2\" content=\"1 minute\" \/>\n<script type=\"application\/ld+json\" class=\"yoast-schema-graph\">{\"@context\":\"https:\/\/schema.org\",\"@graph\":[{\"@type\":\"Article\",\"@id\":\"https:\/\/newsestlyonnais.fr\/site\/2018\/01\/17\/meyzieu-tennis-resultats-de-mardi-tournoi-veterans-france-escudier\/#article\",\"isPartOf\":{\"@id\":\"https:\/\/newsestlyonnais.fr\/site\/2018\/01\/17\/meyzieu-tennis-resultats-de-mardi-tournoi-veterans-france-escudier\/\"},\"author\":{\"name\":\"R\u00e9dac. NEWS\",\"@id\":\"https:\/\/newsestlyonnais.fr\/site\/#\/schema\/person\/3230d5615f390bb808365d673001e887\"},\"headline\":\"MEYZIEU | Tennis > r\u00e9sultats de mardi du tournoi v\u00e9t\u00e9rans \u00ab France Escudier \u00bb\",\"datePublished\":\"2018-01-17T06:12:37+00:00\",\"dateModified\":\"2020-11-09T19:48:41+00:00\",\"mainEntityOfPage\":{\"@id\":\"https:\/\/newsestlyonnais.fr\/site\/2018\/01\/17\/meyzieu-tennis-resultats-de-mardi-tournoi-veterans-france-escudier\/\"},\"wordCount\":185,\"commentCount\":0,\"publisher\":{\"@id\":\"https:\/\/newsestlyonnais.fr\/site\/#organization\"},\"image\":{\"@id\":\"https:\/\/newsestlyonnais.fr\/site\/2018\/01\/17\/meyzieu-tennis-resultats-de-mardi-tournoi-veterans-france-escudier\/#primaryimage\"},\"thumbnailUrl\":\"https:\/\/newsestlyonnais.fr\/site\/wp-content\/uploads\/2016\/07\/NEWSESTLYONNAIS-LOGO-TENNIS.png\",\"articleSection\":[\"Meyzieu\",\"Tennis | Padel\",\"Tennis | Tennis de table\"],\"inLanguage\":\"fr-FR\",\"potentialAction\":[{\"@type\":\"CommentAction\",\"name\":\"Comment\",\"target\":[\"https:\/\/newsestlyonnais.fr\/site\/2018\/01\/17\/meyzieu-tennis-resultats-de-mardi-tournoi-veterans-france-escudier\/#respond\"]}]},{\"@type\":\"WebPage\",\"@id\":\"https:\/\/newsestlyonnais.fr\/site\/2018\/01\/17\/meyzieu-tennis-resultats-de-mardi-tournoi-veterans-france-escudier\/\",\"url\":\"https:\/\/newsestlyonnais.fr\/site\/2018\/01\/17\/meyzieu-tennis-resultats-de-mardi-tournoi-veterans-france-escudier\/\",\"name\":\"MEYZIEU : Tennis : les r\u00e9sultats de mardi du tournoi v\u00e9t\u00e9rans \u00ab France Escudier \u00bb\",\"isPartOf\":{\"@id\":\"https:\/\/newsestlyonnais.fr\/site\/#website\"},\"primaryImageOfPage\":{\"@id\":\"https:\/\/newsestlyonnais.fr\/site\/2018\/01\/17\/meyzieu-tennis-resultats-de-mardi-tournoi-veterans-france-escudier\/#primaryimage\"},\"image\":{\"@id\":\"https:\/\/newsestlyonnais.fr\/site\/2018\/01\/17\/meyzieu-tennis-resultats-de-mardi-tournoi-veterans-france-escudier\/#primaryimage\"},\"thumbnailUrl\":\"https:\/\/newsestlyonnais.fr\/site\/wp-content\/uploads\/2016\/07\/NEWSESTLYONNAIS-LOGO-TENNIS.png\",\"datePublished\":\"2018-01-17T06:12:37+00:00\",\"dateModified\":\"2020-11-09T19:48:41+00:00\",\"description\":\"MEYZIEU : Tennis : les r\u00e9sultats de mardi du tournoi v\u00e9t\u00e9rans \u00ab France Escudier \u00bb\",\"breadcrumb\":{\"@id\":\"https:\/\/newsestlyonnais.fr\/site\/2018\/01\/17\/meyzieu-tennis-resultats-de-mardi-tournoi-veterans-france-escudier\/#breadcrumb\"},\"inLanguage\":\"fr-FR\",\"potentialAction\":[{\"@type\":\"ReadAction\",\"target\":[\"https:\/\/newsestlyonnais.fr\/site\/2018\/01\/17\/meyzieu-tennis-resultats-de-mardi-tournoi-veterans-france-escudier\/\"]}]},{\"@type\":\"ImageObject\",\"inLanguage\":\"fr-FR\",\"@id\":\"https:\/\/newsestlyonnais.fr\/site\/2018\/01\/17\/meyzieu-tennis-resultats-de-mardi-tournoi-veterans-france-escudier\/#primaryimage\",\"url\":\"https:\/\/newsestlyonnais.fr\/site\/wp-content\/uploads\/2016\/07\/NEWSESTLYONNAIS-LOGO-TENNIS.png\",\"contentUrl\":\"https:\/\/newsestlyonnais.fr\/site\/wp-content\/uploads\/2016\/07\/NEWSESTLYONNAIS-LOGO-TENNIS.png\",\"width\":1000,\"height\":750,\"caption\":\"NEWSESTLYONNAIS - LOGO TENNIS\"},{\"@type\":\"BreadcrumbList\",\"@id\":\"https:\/\/newsestlyonnais.fr\/site\/2018\/01\/17\/meyzieu-tennis-resultats-de-mardi-tournoi-veterans-france-escudier\/#breadcrumb\",\"itemListElement\":[{\"@type\":\"ListItem\",\"position\":1,\"name\":\"Accueil\",\"item\":\"https:\/\/newsestlyonnais.fr\/site\/\"},{\"@type\":\"ListItem\",\"position\":2,\"name\":\"MEYZIEU | Tennis > r\u00e9sultats de mardi du tournoi v\u00e9t\u00e9rans \u00ab France Escudier \u00bb\"}]},{\"@type\":\"WebSite\",\"@id\":\"https:\/\/newsestlyonnais.fr\/site\/#website\",\"url\":\"https:\/\/newsestlyonnais.fr\/site\/\",\"name\":\"News Est Lyonnais\",\"description\":\"L&#039;actualit\u00e9 au plus pr\u00e8s\",\"publisher\":{\"@id\":\"https:\/\/newsestlyonnais.fr\/site\/#organization\"},\"potentialAction\":[{\"@type\":\"SearchAction\",\"target\":{\"@type\":\"EntryPoint\",\"urlTemplate\":\"https:\/\/newsestlyonnais.fr\/site\/?s={search_term_string}\"},\"query-input\":{\"@type\":\"PropertyValueSpecification\",\"valueRequired\":true,\"valueName\":\"search_term_string\"}}],\"inLanguage\":\"fr-FR\"},{\"@type\":\"Organization\",\"@id\":\"https:\/\/newsestlyonnais.fr\/site\/#organization\",\"name\":\"News EST LYONNAIS\",\"url\":\"https:\/\/newsestlyonnais.fr\/site\/\",\"logo\":{\"@type\":\"ImageObject\",\"inLanguage\":\"fr-FR\",\"@id\":\"https:\/\/newsestlyonnais.fr\/site\/#\/schema\/logo\/image\/\",\"url\":\"\",\"contentUrl\":\"\",\"caption\":\"News EST LYONNAIS\"},\"image\":{\"@id\":\"https:\/\/newsestlyonnais.fr\/site\/#\/schema\/logo\/image\/\"}},{\"@type\":\"Person\",\"@id\":\"https:\/\/newsestlyonnais.fr\/site\/#\/schema\/person\/3230d5615f390bb808365d673001e887\",\"name\":\"R\u00e9dac. NEWS\",\"sameAs\":[\"http:\/\/www.newsestlyonnais.fr\",\"https:\/\/www.facebook.com\/pascal.oberson.1?fref=ts\",\"https:\/\/fr.linkedin.com\/in\/pascal-oberson-b17045113\"],\"url\":\"https:\/\/newsestlyonnais.fr\/site\/author\/nel\/\"}]}<\/script>\n<!-- \/ Yoast SEO plugin. -->","yoast_head_json":{"title":"MEYZIEU : Tennis : les r\u00e9sultats de mardi du tournoi v\u00e9t\u00e9rans \u00ab France Escudier \u00bb","description":"MEYZIEU : Tennis : les r\u00e9sultats de mardi du tournoi v\u00e9t\u00e9rans \u00ab France Escudier \u00bb","robots":{"index":"index","follow":"follow","max-snippet":"max-snippet:-1","max-image-preview":"max-image-preview:large","max-video-preview":"max-video-preview:-1"},"canonical":"https:\/\/newsestlyonnais.fr\/site\/2018\/01\/17\/meyzieu-tennis-resultats-de-mardi-tournoi-veterans-france-escudier\/","og_locale":"fr_FR","og_type":"article","og_title":"MEYZIEU : Tennis : les r\u00e9sultats de mardi du tournoi v\u00e9t\u00e9rans \u00ab France Escudier \u00bb","og_description":"MEYZIEU : Tennis : les r\u00e9sultats de mardi du tournoi v\u00e9t\u00e9rans \u00ab France Escudier \u00bb","og_url":"https:\/\/newsestlyonnais.fr\/site\/2018\/01\/17\/meyzieu-tennis-resultats-de-mardi-tournoi-veterans-france-escudier\/","og_site_name":"News Est Lyonnais","article_author":"https:\/\/www.facebook.com\/pascal.oberson.1?fref=ts","article_published_time":"2018-01-17T06:12:37+00:00","article_modified_time":"2020-11-09T19:48:41+00:00","og_image":[{"width":1000,"height":750,"url":"https:\/\/i1.wp.com\/newsestlyonnais.fr\/site\/wp-content\/uploads\/2016\/07\/NEWSESTLYONNAIS-LOGO-TENNIS.png?fit=1000%2C750&ssl=1","type":"image\/png"}],"author":"R\u00e9dac. NEWS","twitter_card":"summary_large_image","twitter_misc":{"\u00c9crit par":"R\u00e9dac. NEWS","Dur\u00e9e de lecture estim\u00e9e":"1 minute"},"schema":{"@context":"https:\/\/schema.org","@graph":[{"@type":"Article","@id":"https:\/\/newsestlyonnais.fr\/site\/2018\/01\/17\/meyzieu-tennis-resultats-de-mardi-tournoi-veterans-france-escudier\/#article","isPartOf":{"@id":"https:\/\/newsestlyonnais.fr\/site\/2018\/01\/17\/meyzieu-tennis-resultats-de-mardi-tournoi-veterans-france-escudier\/"},"author":{"name":"R\u00e9dac. NEWS","@id":"https:\/\/newsestlyonnais.fr\/site\/#\/schema\/person\/3230d5615f390bb808365d673001e887"},"headline":"MEYZIEU | Tennis > r\u00e9sultats de mardi du tournoi v\u00e9t\u00e9rans \u00ab France Escudier \u00bb","datePublished":"2018-01-17T06:12:37+00:00","dateModified":"2020-11-09T19:48:41+00:00","mainEntityOfPage":{"@id":"https:\/\/newsestlyonnais.fr\/site\/2018\/01\/17\/meyzieu-tennis-resultats-de-mardi-tournoi-veterans-france-escudier\/"},"wordCount":185,"commentCount":0,"publisher":{"@id":"https:\/\/newsestlyonnais.fr\/site\/#organization"},"image":{"@id":"https:\/\/newsestlyonnais.fr\/site\/2018\/01\/17\/meyzieu-tennis-resultats-de-mardi-tournoi-veterans-france-escudier\/#primaryimage"},"thumbnailUrl":"https:\/\/newsestlyonnais.fr\/site\/wp-content\/uploads\/2016\/07\/NEWSESTLYONNAIS-LOGO-TENNIS.png","articleSection":["Meyzieu","Tennis | Padel","Tennis | Tennis de table"],"inLanguage":"fr-FR","potentialAction":[{"@type":"CommentAction","name":"Comment","target":["https:\/\/newsestlyonnais.fr\/site\/2018\/01\/17\/meyzieu-tennis-resultats-de-mardi-tournoi-veterans-france-escudier\/#respond"]}]},{"@type":"WebPage","@id":"https:\/\/newsestlyonnais.fr\/site\/2018\/01\/17\/meyzieu-tennis-resultats-de-mardi-tournoi-veterans-france-escudier\/","url":"https:\/\/newsestlyonnais.fr\/site\/2018\/01\/17\/meyzieu-tennis-resultats-de-mardi-tournoi-veterans-france-escudier\/","name":"MEYZIEU : Tennis : les r\u00e9sultats de mardi du tournoi v\u00e9t\u00e9rans \u00ab France Escudier \u00bb","isPartOf":{"@id":"https:\/\/newsestlyonnais.fr\/site\/#website"},"primaryImageOfPage":{"@id":"https:\/\/newsestlyonnais.fr\/site\/2018\/01\/17\/meyzieu-tennis-resultats-de-mardi-tournoi-veterans-france-escudier\/#primaryimage"},"image":{"@id":"https:\/\/newsestlyonnais.fr\/site\/2018\/01\/17\/meyzieu-tennis-resultats-de-mardi-tournoi-veterans-france-escudier\/#primaryimage"},"thumbnailUrl":"https:\/\/newsestlyonnais.fr\/site\/wp-content\/uploads\/2016\/07\/NEWSESTLYONNAIS-LOGO-TENNIS.png","datePublished":"2018-01-17T06:12:37+00:00","dateModified":"2020-11-09T19:48:41+00:00","description":"MEYZIEU : Tennis : les r\u00e9sultats de mardi du tournoi v\u00e9t\u00e9rans \u00ab France Escudier \u00bb","breadcrumb":{"@id":"https:\/\/newsestlyonnais.fr\/site\/2018\/01\/17\/meyzieu-tennis-resultats-de-mardi-tournoi-veterans-france-escudier\/#breadcrumb"},"inLanguage":"fr-FR","potentialAction":[{"@type":"ReadAction","target":["https:\/\/newsestlyonnais.fr\/site\/2018\/01\/17\/meyzieu-tennis-resultats-de-mardi-tournoi-veterans-france-escudier\/"]}]},{"@type":"ImageObject","inLanguage":"fr-FR","@id":"https:\/\/newsestlyonnais.fr\/site\/2018\/01\/17\/meyzieu-tennis-resultats-de-mardi-tournoi-veterans-france-escudier\/#primaryimage","url":"https:\/\/newsestlyonnais.fr\/site\/wp-content\/uploads\/2016\/07\/NEWSESTLYONNAIS-LOGO-TENNIS.png","contentUrl":"https:\/\/newsestlyonnais.fr\/site\/wp-content\/uploads\/2016\/07\/NEWSESTLYONNAIS-LOGO-TENNIS.png","width":1000,"height":750,"caption":"NEWSESTLYONNAIS - LOGO TENNIS"},{"@type":"BreadcrumbList","@id":"https:\/\/newsestlyonnais.fr\/site\/2018\/01\/17\/meyzieu-tennis-resultats-de-mardi-tournoi-veterans-france-escudier\/#breadcrumb","itemListElement":[{"@type":"ListItem","position":1,"name":"Accueil","item":"https:\/\/newsestlyonnais.fr\/site\/"},{"@type":"ListItem","position":2,"name":"MEYZIEU | Tennis > r\u00e9sultats de mardi du tournoi v\u00e9t\u00e9rans \u00ab France Escudier \u00bb"}]},{"@type":"WebSite","@id":"https:\/\/newsestlyonnais.fr\/site\/#website","url":"https:\/\/newsestlyonnais.fr\/site\/","name":"News Est Lyonnais","description":"L&#039;actualit\u00e9 au plus pr\u00e8s","publisher":{"@id":"https:\/\/newsestlyonnais.fr\/site\/#organization"},"potentialAction":[{"@type":"SearchAction","target":{"@type":"EntryPoint","urlTemplate":"https:\/\/newsestlyonnais.fr\/site\/?s={search_term_string}"},"query-input":{"@type":"PropertyValueSpecification","valueRequired":true,"valueName":"search_term_string"}}],"inLanguage":"fr-FR"},{"@type":"Organization","@id":"https:\/\/newsestlyonnais.fr\/site\/#organization","name":"News EST LYONNAIS","url":"https:\/\/newsestlyonnais.fr\/site\/","logo":{"@type":"ImageObject","inLanguage":"fr-FR","@id":"https:\/\/newsestlyonnais.fr\/site\/#\/schema\/logo\/image\/","url":"","contentUrl":"","caption":"News EST LYONNAIS"},"image":{"@id":"https:\/\/newsestlyonnais.fr\/site\/#\/schema\/logo\/image\/"}},{"@type":"Person","@id":"https:\/\/newsestlyonnais.fr\/site\/#\/schema\/person\/3230d5615f390bb808365d673001e887","name":"R\u00e9dac. NEWS","sameAs":["http:\/\/www.newsestlyonnais.fr","https:\/\/www.facebook.com\/pascal.oberson.1?fref=ts","https:\/\/fr.linkedin.com\/in\/pascal-oberson-b17045113"],"url":"https:\/\/newsestlyonnais.fr\/site\/author\/nel\/"}]}},"_links":{"self":[{"href":"https:\/\/newsestlyonnais.fr\/site\/wp-json\/wp\/v2\/posts\/42091","targetHints":{"allow":["GET"]}}],"collection":[{"href":"https:\/\/newsestlyonnais.fr\/site\/wp-json\/wp\/v2\/posts"}],"about":[{"href":"https:\/\/newsestlyonnais.fr\/site\/wp-json\/wp\/v2\/types\/post"}],"author":[{"embeddable":true,"href":"https:\/\/newsestlyonnais.fr\/site\/wp-json\/wp\/v2\/users\/4"}],"replies":[{"embeddable":true,"href":"https:\/\/newsestlyonnais.fr\/site\/wp-json\/wp\/v2\/comments?post=42091"}],"version-history":[{"count":0,"href":"https:\/\/newsestlyonnais.fr\/site\/wp-json\/wp\/v2\/posts\/42091\/revisions"}],"wp:featuredmedia":[{"embeddable":true,"href":"https:\/\/newsestlyonnais.fr\/site\/wp-json\/wp\/v2\/media\/10856"}],"wp:attachment":[{"href":"https:\/\/newsestlyonnais.fr\/site\/wp-json\/wp\/v2\/media?parent=42091"}],"wp:term":[{"taxonomy":"category","embeddable":true,"href":"https:\/\/newsestlyonnais.fr\/site\/wp-json\/wp\/v2\/categories?post=42091"},{"taxonomy":"post_tag","embeddable":true,"href":"https:\/\/newsestlyonnais.fr\/site\/wp-json\/wp\/v2\/tags?post=42091"}],"curies":[{"name":"wp","href":"https:\/\/api.w.org\/{rel}","templated":true}]}}