{"id":42129,"date":"2018-01-17T10:15:23","date_gmt":"2018-01-17T09:15:23","guid":{"rendered":"http:\/\/newsestlyonnais.fr\/site\/?p=42129"},"modified":"2020-11-12T18:31:54","modified_gmt":"2020-11-12T17:31:54","slug":"vaulx-en-velin-lequipe-halterophile-feminine-vice-championne-de-france","status":"publish","type":"post","link":"https:\/\/newsestlyonnais.fr\/site\/2018\/01\/17\/vaulx-en-velin-lequipe-halterophile-feminine-vice-championne-de-france\/","title":{"rendered":"VAULX-EN-VELIN | L&rsquo;\u00e9quipe halt\u00e9rophile f\u00e9minine vice-championne de France !"},"content":{"rendered":"<h4>La formation f\u00e9minine Nationale 1 du club Halt\u00e9rophile de Vaulx en Velin a cl\u00f4tur\u00e9 le championnat de France en d\u00e9crochant le titre de vice-champion.<\/h4>\n<p>Ceci avec une moyenne de 857, 77 points \u00e0 3 points derri\u00e8re les dijonnaises qui remportent le titre de championnes de France.<br \/>\nDeuxi\u00e8me \u00e0 l&rsquo;issue de la 3\u00b0 journ\u00e9e, les vaudaises se sont rendues \u00e0 Amiens o\u00f9 se d\u00e9roulait la 4\u00b0 et derni\u00e8re journ\u00e9e de ce championnat de France, pour affronter l&rsquo;\u00e9quipe locale et l&rsquo;\u00e9quipe du CHC Lille, dans l&rsquo;objectif de faire le maximum pour monter sur la premi\u00e8re marche du podium.<br \/>\nApr\u00e8s un match intense, les f\u00e9minines du club Halt\u00e9rophile de Vaulx en Velin remportent leurs matchs en terminant 1\u00b0 avec un total de 873,53 points mais doivent s&rsquo;incliner dans le duel \u00e0 distance qui les opposaient au club de Dijon.<br \/>\nLors de ce match, <strong>Clarisse Barbier<\/strong> a arrach\u00e9 68 Kg pour jeter 82 kg soit un total de 150 kg. <strong>Manon Angonese<\/strong> a r\u00e9ussi un total de 173 kg (arrach\u00e9 \u00e0 77 kg &amp; \u00e9paul\u00e9 jet\u00e9 \u00e0 96 kg). <strong>Sarah Saint Aim\u00e9<\/strong> a arrach\u00e9 74 kg pour jeter ensuite 96 kg soit un total de 170 kg et <strong>Jeanne Rossarie<\/strong> termine le plateau avec une tentative \u00e0 103 kg au jet\u00e9 apr\u00e8s une r\u00e9ussite \u00e0 100 kg qui avec son arrach\u00e9 \u00e0 77 kg lui permet de r\u00e9aliser un total de 177 kg.<\/p>\n<p><span style=\"text-decoration: underline\"><strong><em>PHOTO A LA UNE<\/em><\/strong><\/span> : de gauche \u00e0 droite : Manon Angonese, Sarah Saint Aim\u00e9, Clarisse Barbier &amp; Jeanne Rossarie.<\/p>\n<ul>\n<li><strong>L&rsquo;ACTU du club sur : <a href=\"http:\/\/clubhalterophilievaulxenvelin.fr\" target=\"_blank\" rel=\"noopener noreferrer\">http:\/\/clubhalterophilievaulxenvelin.fr<\/a><br \/>\n<\/strong><\/li>\n<\/ul>\n","protected":false},"excerpt":{"rendered":"<p>La formation f\u00e9minine Nationale 1 du club Halt\u00e9rophile de Vaulx en Velin a cl\u00f4tur\u00e9 le championnat de France en d\u00e9crochant le titre de vice-champion. Ceci avec une moyenne de 857, 77 points \u00e0 3 points derri\u00e8re les dijonnaises qui remportent le titre de championnes de France. Deuxi\u00e8me \u00e0 l&rsquo;issue de la 3\u00b0 journ\u00e9e, les vaudaises [&hellip;]<\/p>\n","protected":false},"author":4,"featured_media":42131,"comment_status":"open","ping_status":"open","sticky":false,"template":"","format":"standard","meta":{"footnotes":""},"categories":[574,166,3421,28],"tags":[],"class_list":["post-42129","post","type-post","status-publish","format-standard","has-post-thumbnail","hentry","category-autres-sports","category-divers-sports","category-feminin-actu-au","category-vaulx-en-velin"],"yoast_head":"<!-- This site is optimized with the Yoast SEO plugin v27.2 - https:\/\/yoast.com\/product\/yoast-seo-wordpress\/ -->\n<title>VAULX EN VELIN : L&#039;\u00e9quipe halt\u00e9rophile f\u00e9minine vice-championne de France !<\/title>\n<meta name=\"description\" content=\"VAULX EN VELIN : L&#039;\u00e9quipe halt\u00e9rophile f\u00e9minine vice-championne de France !\" \/>\n<meta name=\"robots\" content=\"index, follow, max-snippet:-1, max-image-preview:large, max-video-preview:-1\" \/>\n<link rel=\"canonical\" href=\"https:\/\/newsestlyonnais.fr\/site\/2018\/01\/17\/vaulx-en-velin-lequipe-halterophile-feminine-vice-championne-de-france\/\" \/>\n<meta property=\"og:locale\" content=\"fr_FR\" \/>\n<meta property=\"og:type\" content=\"article\" \/>\n<meta property=\"og:title\" content=\"VAULX EN VELIN : L&#039;\u00e9quipe halt\u00e9rophile f\u00e9minine vice-championne de France !\" \/>\n<meta property=\"og:description\" content=\"VAULX EN VELIN : L&#039;\u00e9quipe halt\u00e9rophile f\u00e9minine vice-championne de France !\" \/>\n<meta property=\"og:url\" content=\"https:\/\/newsestlyonnais.fr\/site\/2018\/01\/17\/vaulx-en-velin-lequipe-halterophile-feminine-vice-championne-de-france\/\" \/>\n<meta property=\"og:site_name\" content=\"News Est Lyonnais\" \/>\n<meta property=\"article:author\" content=\"https:\/\/www.facebook.com\/pascal.oberson.1?fref=ts\" \/>\n<meta property=\"article:published_time\" content=\"2018-01-17T09:15:23+00:00\" \/>\n<meta property=\"article:modified_time\" content=\"2020-11-12T17:31:54+00:00\" \/>\n<meta property=\"og:image\" content=\"https:\/\/i1.wp.com\/newsestlyonnais.fr\/site\/wp-content\/uploads\/2018\/01\/NEWSESTLYONNAIS-CHVV-\u00e9quipe-fille.jpg?fit=794%2C596&ssl=1\" \/>\n\t<meta property=\"og:image:width\" content=\"794\" \/>\n\t<meta property=\"og:image:height\" content=\"596\" \/>\n\t<meta property=\"og:image:type\" content=\"image\/jpeg\" \/>\n<meta name=\"author\" content=\"R\u00e9dac. NEWS\" \/>\n<meta name=\"twitter:card\" content=\"summary_large_image\" \/>\n<meta name=\"twitter:label1\" content=\"\u00c9crit par\" \/>\n\t<meta name=\"twitter:data1\" content=\"R\u00e9dac. NEWS\" \/>\n\t<meta name=\"twitter:label2\" content=\"Dur\u00e9e de lecture estim\u00e9e\" \/>\n\t<meta name=\"twitter:data2\" content=\"1 minute\" \/>\n<script type=\"application\/ld+json\" class=\"yoast-schema-graph\">{\"@context\":\"https:\/\/schema.org\",\"@graph\":[{\"@type\":\"Article\",\"@id\":\"https:\/\/newsestlyonnais.fr\/site\/2018\/01\/17\/vaulx-en-velin-lequipe-halterophile-feminine-vice-championne-de-france\/#article\",\"isPartOf\":{\"@id\":\"https:\/\/newsestlyonnais.fr\/site\/2018\/01\/17\/vaulx-en-velin-lequipe-halterophile-feminine-vice-championne-de-france\/\"},\"author\":{\"name\":\"R\u00e9dac. NEWS\",\"@id\":\"https:\/\/newsestlyonnais.fr\/site\/#\/schema\/person\/3230d5615f390bb808365d673001e887\"},\"headline\":\"VAULX-EN-VELIN | L&rsquo;\u00e9quipe halt\u00e9rophile f\u00e9minine vice-championne de France !\",\"datePublished\":\"2018-01-17T09:15:23+00:00\",\"dateModified\":\"2020-11-12T17:31:54+00:00\",\"mainEntityOfPage\":{\"@id\":\"https:\/\/newsestlyonnais.fr\/site\/2018\/01\/17\/vaulx-en-velin-lequipe-halterophile-feminine-vice-championne-de-france\/\"},\"wordCount\":257,\"commentCount\":1,\"publisher\":{\"@id\":\"https:\/\/newsestlyonnais.fr\/site\/#organization\"},\"image\":{\"@id\":\"https:\/\/newsestlyonnais.fr\/site\/2018\/01\/17\/vaulx-en-velin-lequipe-halterophile-feminine-vice-championne-de-france\/#primaryimage\"},\"thumbnailUrl\":\"https:\/\/newsestlyonnais.fr\/site\/wp-content\/uploads\/2018\/01\/NEWSESTLYONNAIS-CHVV-\u00e9quipe-fille.jpg\",\"articleSection\":[\"Autres sports\",\"Divers Sports\",\"F\u00e9minin (Actu au)\",\"Vaulx-en-Velin\"],\"inLanguage\":\"fr-FR\",\"potentialAction\":[{\"@type\":\"CommentAction\",\"name\":\"Comment\",\"target\":[\"https:\/\/newsestlyonnais.fr\/site\/2018\/01\/17\/vaulx-en-velin-lequipe-halterophile-feminine-vice-championne-de-france\/#respond\"]}]},{\"@type\":\"WebPage\",\"@id\":\"https:\/\/newsestlyonnais.fr\/site\/2018\/01\/17\/vaulx-en-velin-lequipe-halterophile-feminine-vice-championne-de-france\/\",\"url\":\"https:\/\/newsestlyonnais.fr\/site\/2018\/01\/17\/vaulx-en-velin-lequipe-halterophile-feminine-vice-championne-de-france\/\",\"name\":\"VAULX EN VELIN : L'\u00e9quipe halt\u00e9rophile f\u00e9minine vice-championne de France !\",\"isPartOf\":{\"@id\":\"https:\/\/newsestlyonnais.fr\/site\/#website\"},\"primaryImageOfPage\":{\"@id\":\"https:\/\/newsestlyonnais.fr\/site\/2018\/01\/17\/vaulx-en-velin-lequipe-halterophile-feminine-vice-championne-de-france\/#primaryimage\"},\"image\":{\"@id\":\"https:\/\/newsestlyonnais.fr\/site\/2018\/01\/17\/vaulx-en-velin-lequipe-halterophile-feminine-vice-championne-de-france\/#primaryimage\"},\"thumbnailUrl\":\"https:\/\/newsestlyonnais.fr\/site\/wp-content\/uploads\/2018\/01\/NEWSESTLYONNAIS-CHVV-\u00e9quipe-fille.jpg\",\"datePublished\":\"2018-01-17T09:15:23+00:00\",\"dateModified\":\"2020-11-12T17:31:54+00:00\",\"description\":\"VAULX EN VELIN : L'\u00e9quipe halt\u00e9rophile f\u00e9minine vice-championne de France !\",\"breadcrumb\":{\"@id\":\"https:\/\/newsestlyonnais.fr\/site\/2018\/01\/17\/vaulx-en-velin-lequipe-halterophile-feminine-vice-championne-de-france\/#breadcrumb\"},\"inLanguage\":\"fr-FR\",\"potentialAction\":[{\"@type\":\"ReadAction\",\"target\":[\"https:\/\/newsestlyonnais.fr\/site\/2018\/01\/17\/vaulx-en-velin-lequipe-halterophile-feminine-vice-championne-de-france\/\"]}]},{\"@type\":\"ImageObject\",\"inLanguage\":\"fr-FR\",\"@id\":\"https:\/\/newsestlyonnais.fr\/site\/2018\/01\/17\/vaulx-en-velin-lequipe-halterophile-feminine-vice-championne-de-france\/#primaryimage\",\"url\":\"https:\/\/newsestlyonnais.fr\/site\/wp-content\/uploads\/2018\/01\/NEWSESTLYONNAIS-CHVV-\u00e9quipe-fille.jpg\",\"contentUrl\":\"https:\/\/newsestlyonnais.fr\/site\/wp-content\/uploads\/2018\/01\/NEWSESTLYONNAIS-CHVV-\u00e9quipe-fille.jpg\",\"width\":794,\"height\":596,\"caption\":\"NEWSESTLYONNAIS - CHVV \u00e9quipe fille\"},{\"@type\":\"BreadcrumbList\",\"@id\":\"https:\/\/newsestlyonnais.fr\/site\/2018\/01\/17\/vaulx-en-velin-lequipe-halterophile-feminine-vice-championne-de-france\/#breadcrumb\",\"itemListElement\":[{\"@type\":\"ListItem\",\"position\":1,\"name\":\"Accueil\",\"item\":\"https:\/\/newsestlyonnais.fr\/site\/\"},{\"@type\":\"ListItem\",\"position\":2,\"name\":\"VAULX-EN-VELIN | L&rsquo;\u00e9quipe halt\u00e9rophile f\u00e9minine vice-championne de France !\"}]},{\"@type\":\"WebSite\",\"@id\":\"https:\/\/newsestlyonnais.fr\/site\/#website\",\"url\":\"https:\/\/newsestlyonnais.fr\/site\/\",\"name\":\"News Est Lyonnais\",\"description\":\"L&#039;actualit\u00e9 au plus pr\u00e8s\",\"publisher\":{\"@id\":\"https:\/\/newsestlyonnais.fr\/site\/#organization\"},\"potentialAction\":[{\"@type\":\"SearchAction\",\"target\":{\"@type\":\"EntryPoint\",\"urlTemplate\":\"https:\/\/newsestlyonnais.fr\/site\/?s={search_term_string}\"},\"query-input\":{\"@type\":\"PropertyValueSpecification\",\"valueRequired\":true,\"valueName\":\"search_term_string\"}}],\"inLanguage\":\"fr-FR\"},{\"@type\":\"Organization\",\"@id\":\"https:\/\/newsestlyonnais.fr\/site\/#organization\",\"name\":\"News EST LYONNAIS\",\"url\":\"https:\/\/newsestlyonnais.fr\/site\/\",\"logo\":{\"@type\":\"ImageObject\",\"inLanguage\":\"fr-FR\",\"@id\":\"https:\/\/newsestlyonnais.fr\/site\/#\/schema\/logo\/image\/\",\"url\":\"\",\"contentUrl\":\"\",\"caption\":\"News EST LYONNAIS\"},\"image\":{\"@id\":\"https:\/\/newsestlyonnais.fr\/site\/#\/schema\/logo\/image\/\"}},{\"@type\":\"Person\",\"@id\":\"https:\/\/newsestlyonnais.fr\/site\/#\/schema\/person\/3230d5615f390bb808365d673001e887\",\"name\":\"R\u00e9dac. NEWS\",\"sameAs\":[\"http:\/\/www.newsestlyonnais.fr\",\"https:\/\/www.facebook.com\/pascal.oberson.1?fref=ts\",\"https:\/\/fr.linkedin.com\/in\/pascal-oberson-b17045113\"],\"url\":\"https:\/\/newsestlyonnais.fr\/site\/author\/nel\/\"}]}<\/script>\n<!-- \/ Yoast SEO plugin. -->","yoast_head_json":{"title":"VAULX EN VELIN : L'\u00e9quipe halt\u00e9rophile f\u00e9minine vice-championne de France !","description":"VAULX EN VELIN : L'\u00e9quipe halt\u00e9rophile f\u00e9minine vice-championne de France !","robots":{"index":"index","follow":"follow","max-snippet":"max-snippet:-1","max-image-preview":"max-image-preview:large","max-video-preview":"max-video-preview:-1"},"canonical":"https:\/\/newsestlyonnais.fr\/site\/2018\/01\/17\/vaulx-en-velin-lequipe-halterophile-feminine-vice-championne-de-france\/","og_locale":"fr_FR","og_type":"article","og_title":"VAULX EN VELIN : L'\u00e9quipe halt\u00e9rophile f\u00e9minine vice-championne de France !","og_description":"VAULX EN VELIN : L'\u00e9quipe halt\u00e9rophile f\u00e9minine vice-championne de France !","og_url":"https:\/\/newsestlyonnais.fr\/site\/2018\/01\/17\/vaulx-en-velin-lequipe-halterophile-feminine-vice-championne-de-france\/","og_site_name":"News Est Lyonnais","article_author":"https:\/\/www.facebook.com\/pascal.oberson.1?fref=ts","article_published_time":"2018-01-17T09:15:23+00:00","article_modified_time":"2020-11-12T17:31:54+00:00","og_image":[{"width":794,"height":596,"url":"https:\/\/i1.wp.com\/newsestlyonnais.fr\/site\/wp-content\/uploads\/2018\/01\/NEWSESTLYONNAIS-CHVV-\u00e9quipe-fille.jpg?fit=794%2C596&ssl=1","type":"image\/jpeg"}],"author":"R\u00e9dac. NEWS","twitter_card":"summary_large_image","twitter_misc":{"\u00c9crit par":"R\u00e9dac. NEWS","Dur\u00e9e de lecture estim\u00e9e":"1 minute"},"schema":{"@context":"https:\/\/schema.org","@graph":[{"@type":"Article","@id":"https:\/\/newsestlyonnais.fr\/site\/2018\/01\/17\/vaulx-en-velin-lequipe-halterophile-feminine-vice-championne-de-france\/#article","isPartOf":{"@id":"https:\/\/newsestlyonnais.fr\/site\/2018\/01\/17\/vaulx-en-velin-lequipe-halterophile-feminine-vice-championne-de-france\/"},"author":{"name":"R\u00e9dac. NEWS","@id":"https:\/\/newsestlyonnais.fr\/site\/#\/schema\/person\/3230d5615f390bb808365d673001e887"},"headline":"VAULX-EN-VELIN | L&rsquo;\u00e9quipe halt\u00e9rophile f\u00e9minine vice-championne de France !","datePublished":"2018-01-17T09:15:23+00:00","dateModified":"2020-11-12T17:31:54+00:00","mainEntityOfPage":{"@id":"https:\/\/newsestlyonnais.fr\/site\/2018\/01\/17\/vaulx-en-velin-lequipe-halterophile-feminine-vice-championne-de-france\/"},"wordCount":257,"commentCount":1,"publisher":{"@id":"https:\/\/newsestlyonnais.fr\/site\/#organization"},"image":{"@id":"https:\/\/newsestlyonnais.fr\/site\/2018\/01\/17\/vaulx-en-velin-lequipe-halterophile-feminine-vice-championne-de-france\/#primaryimage"},"thumbnailUrl":"https:\/\/newsestlyonnais.fr\/site\/wp-content\/uploads\/2018\/01\/NEWSESTLYONNAIS-CHVV-\u00e9quipe-fille.jpg","articleSection":["Autres sports","Divers Sports","F\u00e9minin (Actu au)","Vaulx-en-Velin"],"inLanguage":"fr-FR","potentialAction":[{"@type":"CommentAction","name":"Comment","target":["https:\/\/newsestlyonnais.fr\/site\/2018\/01\/17\/vaulx-en-velin-lequipe-halterophile-feminine-vice-championne-de-france\/#respond"]}]},{"@type":"WebPage","@id":"https:\/\/newsestlyonnais.fr\/site\/2018\/01\/17\/vaulx-en-velin-lequipe-halterophile-feminine-vice-championne-de-france\/","url":"https:\/\/newsestlyonnais.fr\/site\/2018\/01\/17\/vaulx-en-velin-lequipe-halterophile-feminine-vice-championne-de-france\/","name":"VAULX EN VELIN : L'\u00e9quipe halt\u00e9rophile f\u00e9minine vice-championne de France !","isPartOf":{"@id":"https:\/\/newsestlyonnais.fr\/site\/#website"},"primaryImageOfPage":{"@id":"https:\/\/newsestlyonnais.fr\/site\/2018\/01\/17\/vaulx-en-velin-lequipe-halterophile-feminine-vice-championne-de-france\/#primaryimage"},"image":{"@id":"https:\/\/newsestlyonnais.fr\/site\/2018\/01\/17\/vaulx-en-velin-lequipe-halterophile-feminine-vice-championne-de-france\/#primaryimage"},"thumbnailUrl":"https:\/\/newsestlyonnais.fr\/site\/wp-content\/uploads\/2018\/01\/NEWSESTLYONNAIS-CHVV-\u00e9quipe-fille.jpg","datePublished":"2018-01-17T09:15:23+00:00","dateModified":"2020-11-12T17:31:54+00:00","description":"VAULX EN VELIN : L'\u00e9quipe halt\u00e9rophile f\u00e9minine vice-championne de France !","breadcrumb":{"@id":"https:\/\/newsestlyonnais.fr\/site\/2018\/01\/17\/vaulx-en-velin-lequipe-halterophile-feminine-vice-championne-de-france\/#breadcrumb"},"inLanguage":"fr-FR","potentialAction":[{"@type":"ReadAction","target":["https:\/\/newsestlyonnais.fr\/site\/2018\/01\/17\/vaulx-en-velin-lequipe-halterophile-feminine-vice-championne-de-france\/"]}]},{"@type":"ImageObject","inLanguage":"fr-FR","@id":"https:\/\/newsestlyonnais.fr\/site\/2018\/01\/17\/vaulx-en-velin-lequipe-halterophile-feminine-vice-championne-de-france\/#primaryimage","url":"https:\/\/newsestlyonnais.fr\/site\/wp-content\/uploads\/2018\/01\/NEWSESTLYONNAIS-CHVV-\u00e9quipe-fille.jpg","contentUrl":"https:\/\/newsestlyonnais.fr\/site\/wp-content\/uploads\/2018\/01\/NEWSESTLYONNAIS-CHVV-\u00e9quipe-fille.jpg","width":794,"height":596,"caption":"NEWSESTLYONNAIS - CHVV \u00e9quipe fille"},{"@type":"BreadcrumbList","@id":"https:\/\/newsestlyonnais.fr\/site\/2018\/01\/17\/vaulx-en-velin-lequipe-halterophile-feminine-vice-championne-de-france\/#breadcrumb","itemListElement":[{"@type":"ListItem","position":1,"name":"Accueil","item":"https:\/\/newsestlyonnais.fr\/site\/"},{"@type":"ListItem","position":2,"name":"VAULX-EN-VELIN | L&rsquo;\u00e9quipe halt\u00e9rophile f\u00e9minine vice-championne de France !"}]},{"@type":"WebSite","@id":"https:\/\/newsestlyonnais.fr\/site\/#website","url":"https:\/\/newsestlyonnais.fr\/site\/","name":"News Est Lyonnais","description":"L&#039;actualit\u00e9 au plus pr\u00e8s","publisher":{"@id":"https:\/\/newsestlyonnais.fr\/site\/#organization"},"potentialAction":[{"@type":"SearchAction","target":{"@type":"EntryPoint","urlTemplate":"https:\/\/newsestlyonnais.fr\/site\/?s={search_term_string}"},"query-input":{"@type":"PropertyValueSpecification","valueRequired":true,"valueName":"search_term_string"}}],"inLanguage":"fr-FR"},{"@type":"Organization","@id":"https:\/\/newsestlyonnais.fr\/site\/#organization","name":"News EST LYONNAIS","url":"https:\/\/newsestlyonnais.fr\/site\/","logo":{"@type":"ImageObject","inLanguage":"fr-FR","@id":"https:\/\/newsestlyonnais.fr\/site\/#\/schema\/logo\/image\/","url":"","contentUrl":"","caption":"News EST LYONNAIS"},"image":{"@id":"https:\/\/newsestlyonnais.fr\/site\/#\/schema\/logo\/image\/"}},{"@type":"Person","@id":"https:\/\/newsestlyonnais.fr\/site\/#\/schema\/person\/3230d5615f390bb808365d673001e887","name":"R\u00e9dac. NEWS","sameAs":["http:\/\/www.newsestlyonnais.fr","https:\/\/www.facebook.com\/pascal.oberson.1?fref=ts","https:\/\/fr.linkedin.com\/in\/pascal-oberson-b17045113"],"url":"https:\/\/newsestlyonnais.fr\/site\/author\/nel\/"}]}},"_links":{"self":[{"href":"https:\/\/newsestlyonnais.fr\/site\/wp-json\/wp\/v2\/posts\/42129","targetHints":{"allow":["GET"]}}],"collection":[{"href":"https:\/\/newsestlyonnais.fr\/site\/wp-json\/wp\/v2\/posts"}],"about":[{"href":"https:\/\/newsestlyonnais.fr\/site\/wp-json\/wp\/v2\/types\/post"}],"author":[{"embeddable":true,"href":"https:\/\/newsestlyonnais.fr\/site\/wp-json\/wp\/v2\/users\/4"}],"replies":[{"embeddable":true,"href":"https:\/\/newsestlyonnais.fr\/site\/wp-json\/wp\/v2\/comments?post=42129"}],"version-history":[{"count":0,"href":"https:\/\/newsestlyonnais.fr\/site\/wp-json\/wp\/v2\/posts\/42129\/revisions"}],"wp:featuredmedia":[{"embeddable":true,"href":"https:\/\/newsestlyonnais.fr\/site\/wp-json\/wp\/v2\/media\/42131"}],"wp:attachment":[{"href":"https:\/\/newsestlyonnais.fr\/site\/wp-json\/wp\/v2\/media?parent=42129"}],"wp:term":[{"taxonomy":"category","embeddable":true,"href":"https:\/\/newsestlyonnais.fr\/site\/wp-json\/wp\/v2\/categories?post=42129"},{"taxonomy":"post_tag","embeddable":true,"href":"https:\/\/newsestlyonnais.fr\/site\/wp-json\/wp\/v2\/tags?post=42129"}],"curies":[{"name":"wp","href":"https:\/\/api.w.org\/{rel}","templated":true}]}}