{"id":42187,"date":"2018-01-17T19:01:50","date_gmt":"2018-01-17T18:01:50","guid":{"rendered":"http:\/\/newsestlyonnais.fr\/site\/?p=42187"},"modified":"2020-11-20T15:57:48","modified_gmt":"2020-11-20T14:57:48","slug":"bron-2-edition-de-nuit-de-lecture","status":"publish","type":"post","link":"https:\/\/newsestlyonnais.fr\/site\/2018\/01\/17\/bron-2-edition-de-nuit-de-lecture\/","title":{"rendered":"BRON | 2\u00b0 Edition de la Nuit de la Lecture"},"content":{"rendered":"<h4>D\u00e9crochez la lune samedi 20 janvier du coucher du soleil \u00e0 22 heures \u00e0 la M\u00e9diath\u00e8que Jean Pr\u00e9vost.<\/h4>\n<p>Pour cette <strong>seconde \u00e9dition nationale de la Nuit de la lecture<\/strong>, lanc\u00e9e par le Minist\u00e8re de la Culture et de la Communication, les lumi\u00e8res vont s&rsquo;allumer, la soupe mijoter, le public s&rsquo;installer&#8230; Bienvenue dans cette nuit lettr\u00e9e en compagnie de l&rsquo;auteur Pierre Ducrozet, en partageant avec lui des exp\u00e9riences inattendues autour des mots et des livres, et en finissant la soir\u00e9e par un bal pr\u00e9par\u00e9 avec l&rsquo;aide pr\u00e9cieuse de nos lecteurs complices.<\/p>\n<ul>\n<li>De 16 H \u00c0 18 H 30,\u00a0 toutes les 45 min &#8211; Le Caf\u00e9. <strong>ATELIERS DE PR\u00c9PARATION DE LA SOUPE, TOP D\u00c9PART !<\/strong> Tout public \u2013 Sur inscription.<\/li>\n<li>\n<div>De 16 H \u00c0 20 H, La Galerie. <strong>LE STUDIO PHOTO T&rsquo;AS VU TA T\u00caTE DE MONSTRE<\/strong> ! Pour tous, en famille.<\/div>\n<\/li>\n<li>\n<div>De 16 H \u00c0 18 H. Le Caf\u00e9 &amp; la Galerie. <strong>LECTURES IMPROMPTUE<\/strong>S. Tout public.<\/div>\n<\/li>\n<li>\n<div>\u00e0 17 H15. La Sc\u00e8ne. <strong>LIVRAISON D&rsquo;ID\u00c9ES&#8230; RE\u00c7UES ?<\/strong><\/div>\n<\/li>\n<li>\n<div>\u00e0 18 H. La Sc\u00e8ne. <strong>CARTE BLANCHE \u00c0 PIERRE DUCROZET &#8211; AUTEUR<\/strong>. Tout public &#8211; sur inscription.<\/div>\n<\/li>\n<li>\n<div>\u00e0 19 H- Le Kiosque. <strong>C&rsquo;EST DANS LA BOITE<\/strong> !<\/div>\n<\/li>\n<li>\n<div>\u00e0 19 H 30- Le Caf\u00e9. <strong>CA VA D\u00c9GUSTER<\/strong> !<\/div>\n<\/li>\n<li>\n<div>\u00e0 20 H- L&rsquo;Atrium. <strong>ENTREZ DANS LA DANSE ! BAL LITT\u00c9RAIRE<\/strong>.<\/div>\n<\/li>\n<\/ul>\n<ul>\n<li style=\"list-style-type: none\">\n<ul>\n<li>\n<div>Programme d\u00e9taill\u00e9 sur : <a href=\"http:\/\/www.mediathequebron.fr\" target=\"_blank\" rel=\"noopener noreferrer\">http:\/\/www.mediathequebron.fr<\/a>\u00a0 ou sur :<a href=\"http:\/\/www.nuitdelalecture.fr\" target=\"_blank\" rel=\"noopener noreferrer\">http:\/\/www.nuitdelalecture.fr<\/a><\/div>\n<\/li>\n<\/ul>\n<\/li>\n<\/ul>\n","protected":false},"excerpt":{"rendered":"<p>D\u00e9crochez la lune samedi 20 janvier du coucher du soleil \u00e0 22 heures \u00e0 la M\u00e9diath\u00e8que Jean Pr\u00e9vost. Pour cette seconde \u00e9dition nationale de la Nuit de la lecture, lanc\u00e9e par le Minist\u00e8re de la Culture et de la Communication, les lumi\u00e8res vont s&rsquo;allumer, la soupe mijoter, le public s&rsquo;installer&#8230; Bienvenue dans cette nuit lettr\u00e9e [&hellip;]<\/p>\n","protected":false},"author":4,"featured_media":6901,"comment_status":"open","ping_status":"open","sticky":false,"template":"","format":"standard","meta":{"footnotes":""},"categories":[19,2983],"tags":[],"class_list":["post-42187","post","type-post","status-publish","format-standard","has-post-thumbnail","hentry","category-bron","category-litterature-bd-mags-2"],"yoast_head":"<!-- This site is optimized with the Yoast SEO plugin v27.2 - https:\/\/yoast.com\/product\/yoast-seo-wordpress\/ -->\n<title>BRON : 2\u00b0 Edition de la NUIT DE LA LECTURE<\/title>\n<meta name=\"description\" content=\"BRON : 2\u00b0 Edition de la NUIT DE LA LECTURE\" \/>\n<meta name=\"robots\" content=\"index, follow, max-snippet:-1, max-image-preview:large, max-video-preview:-1\" \/>\n<link rel=\"canonical\" href=\"https:\/\/newsestlyonnais.fr\/site\/2018\/01\/17\/bron-2-edition-de-nuit-de-lecture\/\" \/>\n<meta property=\"og:locale\" content=\"fr_FR\" \/>\n<meta property=\"og:type\" content=\"article\" \/>\n<meta property=\"og:title\" content=\"BRON : 2\u00b0 Edition de la NUIT DE LA LECTURE\" \/>\n<meta property=\"og:description\" content=\"BRON : 2\u00b0 Edition de la NUIT DE LA LECTURE\" \/>\n<meta property=\"og:url\" content=\"https:\/\/newsestlyonnais.fr\/site\/2018\/01\/17\/bron-2-edition-de-nuit-de-lecture\/\" \/>\n<meta property=\"og:site_name\" content=\"News Est Lyonnais\" \/>\n<meta property=\"article:author\" content=\"https:\/\/www.facebook.com\/pascal.oberson.1?fref=ts\" \/>\n<meta property=\"article:published_time\" content=\"2018-01-17T18:01:50+00:00\" \/>\n<meta property=\"article:modified_time\" content=\"2020-11-20T14:57:48+00:00\" \/>\n<meta property=\"og:image\" content=\"https:\/\/i0.wp.com\/newsestlyonnais.fr\/site\/wp-content\/uploads\/2016\/04\/NEWSESTLYONNAIS-MEDIATHEQUE.jpg?fit=1000%2C750&ssl=1\" \/>\n\t<meta property=\"og:image:width\" content=\"1000\" \/>\n\t<meta property=\"og:image:height\" content=\"750\" \/>\n\t<meta property=\"og:image:type\" content=\"image\/jpeg\" \/>\n<meta name=\"author\" content=\"R\u00e9dac. NEWS\" \/>\n<meta name=\"twitter:card\" content=\"summary_large_image\" \/>\n<meta name=\"twitter:label1\" content=\"\u00c9crit par\" \/>\n\t<meta name=\"twitter:data1\" content=\"R\u00e9dac. NEWS\" \/>\n\t<meta name=\"twitter:label2\" content=\"Dur\u00e9e de lecture estim\u00e9e\" \/>\n\t<meta name=\"twitter:data2\" content=\"1 minute\" \/>\n<script type=\"application\/ld+json\" class=\"yoast-schema-graph\">{\"@context\":\"https:\/\/schema.org\",\"@graph\":[{\"@type\":\"Article\",\"@id\":\"https:\/\/newsestlyonnais.fr\/site\/2018\/01\/17\/bron-2-edition-de-nuit-de-lecture\/#article\",\"isPartOf\":{\"@id\":\"https:\/\/newsestlyonnais.fr\/site\/2018\/01\/17\/bron-2-edition-de-nuit-de-lecture\/\"},\"author\":{\"name\":\"R\u00e9dac. NEWS\",\"@id\":\"https:\/\/newsestlyonnais.fr\/site\/#\/schema\/person\/3230d5615f390bb808365d673001e887\"},\"headline\":\"BRON | 2\u00b0 Edition de la Nuit de la Lecture\",\"datePublished\":\"2018-01-17T18:01:50+00:00\",\"dateModified\":\"2020-11-20T14:57:48+00:00\",\"mainEntityOfPage\":{\"@id\":\"https:\/\/newsestlyonnais.fr\/site\/2018\/01\/17\/bron-2-edition-de-nuit-de-lecture\/\"},\"wordCount\":230,\"commentCount\":0,\"publisher\":{\"@id\":\"https:\/\/newsestlyonnais.fr\/site\/#organization\"},\"image\":{\"@id\":\"https:\/\/newsestlyonnais.fr\/site\/2018\/01\/17\/bron-2-edition-de-nuit-de-lecture\/#primaryimage\"},\"thumbnailUrl\":\"https:\/\/newsestlyonnais.fr\/site\/wp-content\/uploads\/2016\/04\/NEWSESTLYONNAIS-MEDIATHEQUE.jpg\",\"articleSection\":[\"Bron\",\"Litt\u00e9rature | Bd | Mags\"],\"inLanguage\":\"fr-FR\",\"potentialAction\":[{\"@type\":\"CommentAction\",\"name\":\"Comment\",\"target\":[\"https:\/\/newsestlyonnais.fr\/site\/2018\/01\/17\/bron-2-edition-de-nuit-de-lecture\/#respond\"]}]},{\"@type\":\"WebPage\",\"@id\":\"https:\/\/newsestlyonnais.fr\/site\/2018\/01\/17\/bron-2-edition-de-nuit-de-lecture\/\",\"url\":\"https:\/\/newsestlyonnais.fr\/site\/2018\/01\/17\/bron-2-edition-de-nuit-de-lecture\/\",\"name\":\"BRON : 2\u00b0 Edition de la NUIT DE LA LECTURE\",\"isPartOf\":{\"@id\":\"https:\/\/newsestlyonnais.fr\/site\/#website\"},\"primaryImageOfPage\":{\"@id\":\"https:\/\/newsestlyonnais.fr\/site\/2018\/01\/17\/bron-2-edition-de-nuit-de-lecture\/#primaryimage\"},\"image\":{\"@id\":\"https:\/\/newsestlyonnais.fr\/site\/2018\/01\/17\/bron-2-edition-de-nuit-de-lecture\/#primaryimage\"},\"thumbnailUrl\":\"https:\/\/newsestlyonnais.fr\/site\/wp-content\/uploads\/2016\/04\/NEWSESTLYONNAIS-MEDIATHEQUE.jpg\",\"datePublished\":\"2018-01-17T18:01:50+00:00\",\"dateModified\":\"2020-11-20T14:57:48+00:00\",\"description\":\"BRON : 2\u00b0 Edition de la NUIT DE LA LECTURE\",\"breadcrumb\":{\"@id\":\"https:\/\/newsestlyonnais.fr\/site\/2018\/01\/17\/bron-2-edition-de-nuit-de-lecture\/#breadcrumb\"},\"inLanguage\":\"fr-FR\",\"potentialAction\":[{\"@type\":\"ReadAction\",\"target\":[\"https:\/\/newsestlyonnais.fr\/site\/2018\/01\/17\/bron-2-edition-de-nuit-de-lecture\/\"]}]},{\"@type\":\"ImageObject\",\"inLanguage\":\"fr-FR\",\"@id\":\"https:\/\/newsestlyonnais.fr\/site\/2018\/01\/17\/bron-2-edition-de-nuit-de-lecture\/#primaryimage\",\"url\":\"https:\/\/newsestlyonnais.fr\/site\/wp-content\/uploads\/2016\/04\/NEWSESTLYONNAIS-MEDIATHEQUE.jpg\",\"contentUrl\":\"https:\/\/newsestlyonnais.fr\/site\/wp-content\/uploads\/2016\/04\/NEWSESTLYONNAIS-MEDIATHEQUE.jpg\",\"width\":1000,\"height\":750,\"caption\":\"\u00e0 BRON\"},{\"@type\":\"BreadcrumbList\",\"@id\":\"https:\/\/newsestlyonnais.fr\/site\/2018\/01\/17\/bron-2-edition-de-nuit-de-lecture\/#breadcrumb\",\"itemListElement\":[{\"@type\":\"ListItem\",\"position\":1,\"name\":\"Accueil\",\"item\":\"https:\/\/newsestlyonnais.fr\/site\/\"},{\"@type\":\"ListItem\",\"position\":2,\"name\":\"BRON | 2\u00b0 Edition de la Nuit de la Lecture\"}]},{\"@type\":\"WebSite\",\"@id\":\"https:\/\/newsestlyonnais.fr\/site\/#website\",\"url\":\"https:\/\/newsestlyonnais.fr\/site\/\",\"name\":\"News Est Lyonnais\",\"description\":\"L&#039;actualit\u00e9 au plus pr\u00e8s\",\"publisher\":{\"@id\":\"https:\/\/newsestlyonnais.fr\/site\/#organization\"},\"potentialAction\":[{\"@type\":\"SearchAction\",\"target\":{\"@type\":\"EntryPoint\",\"urlTemplate\":\"https:\/\/newsestlyonnais.fr\/site\/?s={search_term_string}\"},\"query-input\":{\"@type\":\"PropertyValueSpecification\",\"valueRequired\":true,\"valueName\":\"search_term_string\"}}],\"inLanguage\":\"fr-FR\"},{\"@type\":\"Organization\",\"@id\":\"https:\/\/newsestlyonnais.fr\/site\/#organization\",\"name\":\"News EST LYONNAIS\",\"url\":\"https:\/\/newsestlyonnais.fr\/site\/\",\"logo\":{\"@type\":\"ImageObject\",\"inLanguage\":\"fr-FR\",\"@id\":\"https:\/\/newsestlyonnais.fr\/site\/#\/schema\/logo\/image\/\",\"url\":\"\",\"contentUrl\":\"\",\"caption\":\"News EST LYONNAIS\"},\"image\":{\"@id\":\"https:\/\/newsestlyonnais.fr\/site\/#\/schema\/logo\/image\/\"}},{\"@type\":\"Person\",\"@id\":\"https:\/\/newsestlyonnais.fr\/site\/#\/schema\/person\/3230d5615f390bb808365d673001e887\",\"name\":\"R\u00e9dac. NEWS\",\"sameAs\":[\"http:\/\/www.newsestlyonnais.fr\",\"https:\/\/www.facebook.com\/pascal.oberson.1?fref=ts\",\"https:\/\/fr.linkedin.com\/in\/pascal-oberson-b17045113\"],\"url\":\"https:\/\/newsestlyonnais.fr\/site\/author\/nel\/\"}]}<\/script>\n<!-- \/ Yoast SEO plugin. -->","yoast_head_json":{"title":"BRON : 2\u00b0 Edition de la NUIT DE LA LECTURE","description":"BRON : 2\u00b0 Edition de la NUIT DE LA LECTURE","robots":{"index":"index","follow":"follow","max-snippet":"max-snippet:-1","max-image-preview":"max-image-preview:large","max-video-preview":"max-video-preview:-1"},"canonical":"https:\/\/newsestlyonnais.fr\/site\/2018\/01\/17\/bron-2-edition-de-nuit-de-lecture\/","og_locale":"fr_FR","og_type":"article","og_title":"BRON : 2\u00b0 Edition de la NUIT DE LA LECTURE","og_description":"BRON : 2\u00b0 Edition de la NUIT DE LA LECTURE","og_url":"https:\/\/newsestlyonnais.fr\/site\/2018\/01\/17\/bron-2-edition-de-nuit-de-lecture\/","og_site_name":"News Est Lyonnais","article_author":"https:\/\/www.facebook.com\/pascal.oberson.1?fref=ts","article_published_time":"2018-01-17T18:01:50+00:00","article_modified_time":"2020-11-20T14:57:48+00:00","og_image":[{"width":1000,"height":750,"url":"https:\/\/i0.wp.com\/newsestlyonnais.fr\/site\/wp-content\/uploads\/2016\/04\/NEWSESTLYONNAIS-MEDIATHEQUE.jpg?fit=1000%2C750&ssl=1","type":"image\/jpeg"}],"author":"R\u00e9dac. NEWS","twitter_card":"summary_large_image","twitter_misc":{"\u00c9crit par":"R\u00e9dac. NEWS","Dur\u00e9e de lecture estim\u00e9e":"1 minute"},"schema":{"@context":"https:\/\/schema.org","@graph":[{"@type":"Article","@id":"https:\/\/newsestlyonnais.fr\/site\/2018\/01\/17\/bron-2-edition-de-nuit-de-lecture\/#article","isPartOf":{"@id":"https:\/\/newsestlyonnais.fr\/site\/2018\/01\/17\/bron-2-edition-de-nuit-de-lecture\/"},"author":{"name":"R\u00e9dac. NEWS","@id":"https:\/\/newsestlyonnais.fr\/site\/#\/schema\/person\/3230d5615f390bb808365d673001e887"},"headline":"BRON | 2\u00b0 Edition de la Nuit de la Lecture","datePublished":"2018-01-17T18:01:50+00:00","dateModified":"2020-11-20T14:57:48+00:00","mainEntityOfPage":{"@id":"https:\/\/newsestlyonnais.fr\/site\/2018\/01\/17\/bron-2-edition-de-nuit-de-lecture\/"},"wordCount":230,"commentCount":0,"publisher":{"@id":"https:\/\/newsestlyonnais.fr\/site\/#organization"},"image":{"@id":"https:\/\/newsestlyonnais.fr\/site\/2018\/01\/17\/bron-2-edition-de-nuit-de-lecture\/#primaryimage"},"thumbnailUrl":"https:\/\/newsestlyonnais.fr\/site\/wp-content\/uploads\/2016\/04\/NEWSESTLYONNAIS-MEDIATHEQUE.jpg","articleSection":["Bron","Litt\u00e9rature | Bd | Mags"],"inLanguage":"fr-FR","potentialAction":[{"@type":"CommentAction","name":"Comment","target":["https:\/\/newsestlyonnais.fr\/site\/2018\/01\/17\/bron-2-edition-de-nuit-de-lecture\/#respond"]}]},{"@type":"WebPage","@id":"https:\/\/newsestlyonnais.fr\/site\/2018\/01\/17\/bron-2-edition-de-nuit-de-lecture\/","url":"https:\/\/newsestlyonnais.fr\/site\/2018\/01\/17\/bron-2-edition-de-nuit-de-lecture\/","name":"BRON : 2\u00b0 Edition de la NUIT DE LA LECTURE","isPartOf":{"@id":"https:\/\/newsestlyonnais.fr\/site\/#website"},"primaryImageOfPage":{"@id":"https:\/\/newsestlyonnais.fr\/site\/2018\/01\/17\/bron-2-edition-de-nuit-de-lecture\/#primaryimage"},"image":{"@id":"https:\/\/newsestlyonnais.fr\/site\/2018\/01\/17\/bron-2-edition-de-nuit-de-lecture\/#primaryimage"},"thumbnailUrl":"https:\/\/newsestlyonnais.fr\/site\/wp-content\/uploads\/2016\/04\/NEWSESTLYONNAIS-MEDIATHEQUE.jpg","datePublished":"2018-01-17T18:01:50+00:00","dateModified":"2020-11-20T14:57:48+00:00","description":"BRON : 2\u00b0 Edition de la NUIT DE LA LECTURE","breadcrumb":{"@id":"https:\/\/newsestlyonnais.fr\/site\/2018\/01\/17\/bron-2-edition-de-nuit-de-lecture\/#breadcrumb"},"inLanguage":"fr-FR","potentialAction":[{"@type":"ReadAction","target":["https:\/\/newsestlyonnais.fr\/site\/2018\/01\/17\/bron-2-edition-de-nuit-de-lecture\/"]}]},{"@type":"ImageObject","inLanguage":"fr-FR","@id":"https:\/\/newsestlyonnais.fr\/site\/2018\/01\/17\/bron-2-edition-de-nuit-de-lecture\/#primaryimage","url":"https:\/\/newsestlyonnais.fr\/site\/wp-content\/uploads\/2016\/04\/NEWSESTLYONNAIS-MEDIATHEQUE.jpg","contentUrl":"https:\/\/newsestlyonnais.fr\/site\/wp-content\/uploads\/2016\/04\/NEWSESTLYONNAIS-MEDIATHEQUE.jpg","width":1000,"height":750,"caption":"\u00e0 BRON"},{"@type":"BreadcrumbList","@id":"https:\/\/newsestlyonnais.fr\/site\/2018\/01\/17\/bron-2-edition-de-nuit-de-lecture\/#breadcrumb","itemListElement":[{"@type":"ListItem","position":1,"name":"Accueil","item":"https:\/\/newsestlyonnais.fr\/site\/"},{"@type":"ListItem","position":2,"name":"BRON | 2\u00b0 Edition de la Nuit de la Lecture"}]},{"@type":"WebSite","@id":"https:\/\/newsestlyonnais.fr\/site\/#website","url":"https:\/\/newsestlyonnais.fr\/site\/","name":"News Est Lyonnais","description":"L&#039;actualit\u00e9 au plus pr\u00e8s","publisher":{"@id":"https:\/\/newsestlyonnais.fr\/site\/#organization"},"potentialAction":[{"@type":"SearchAction","target":{"@type":"EntryPoint","urlTemplate":"https:\/\/newsestlyonnais.fr\/site\/?s={search_term_string}"},"query-input":{"@type":"PropertyValueSpecification","valueRequired":true,"valueName":"search_term_string"}}],"inLanguage":"fr-FR"},{"@type":"Organization","@id":"https:\/\/newsestlyonnais.fr\/site\/#organization","name":"News EST LYONNAIS","url":"https:\/\/newsestlyonnais.fr\/site\/","logo":{"@type":"ImageObject","inLanguage":"fr-FR","@id":"https:\/\/newsestlyonnais.fr\/site\/#\/schema\/logo\/image\/","url":"","contentUrl":"","caption":"News EST LYONNAIS"},"image":{"@id":"https:\/\/newsestlyonnais.fr\/site\/#\/schema\/logo\/image\/"}},{"@type":"Person","@id":"https:\/\/newsestlyonnais.fr\/site\/#\/schema\/person\/3230d5615f390bb808365d673001e887","name":"R\u00e9dac. NEWS","sameAs":["http:\/\/www.newsestlyonnais.fr","https:\/\/www.facebook.com\/pascal.oberson.1?fref=ts","https:\/\/fr.linkedin.com\/in\/pascal-oberson-b17045113"],"url":"https:\/\/newsestlyonnais.fr\/site\/author\/nel\/"}]}},"_links":{"self":[{"href":"https:\/\/newsestlyonnais.fr\/site\/wp-json\/wp\/v2\/posts\/42187","targetHints":{"allow":["GET"]}}],"collection":[{"href":"https:\/\/newsestlyonnais.fr\/site\/wp-json\/wp\/v2\/posts"}],"about":[{"href":"https:\/\/newsestlyonnais.fr\/site\/wp-json\/wp\/v2\/types\/post"}],"author":[{"embeddable":true,"href":"https:\/\/newsestlyonnais.fr\/site\/wp-json\/wp\/v2\/users\/4"}],"replies":[{"embeddable":true,"href":"https:\/\/newsestlyonnais.fr\/site\/wp-json\/wp\/v2\/comments?post=42187"}],"version-history":[{"count":0,"href":"https:\/\/newsestlyonnais.fr\/site\/wp-json\/wp\/v2\/posts\/42187\/revisions"}],"wp:featuredmedia":[{"embeddable":true,"href":"https:\/\/newsestlyonnais.fr\/site\/wp-json\/wp\/v2\/media\/6901"}],"wp:attachment":[{"href":"https:\/\/newsestlyonnais.fr\/site\/wp-json\/wp\/v2\/media?parent=42187"}],"wp:term":[{"taxonomy":"category","embeddable":true,"href":"https:\/\/newsestlyonnais.fr\/site\/wp-json\/wp\/v2\/categories?post=42187"},{"taxonomy":"post_tag","embeddable":true,"href":"https:\/\/newsestlyonnais.fr\/site\/wp-json\/wp\/v2\/tags?post=42187"}],"curies":[{"name":"wp","href":"https:\/\/api.w.org\/{rel}","templated":true}]}}