{"id":42669,"date":"2018-01-23T08:47:52","date_gmt":"2018-01-23T07:47:52","guid":{"rendered":"http:\/\/newsestlyonnais.fr\/site\/?p=42669"},"modified":"2020-11-15T12:19:07","modified_gmt":"2020-11-15T11:19:07","slug":"genas-genas-mag-numero-40-est-sorti","status":"publish","type":"post","link":"https:\/\/newsestlyonnais.fr\/site\/2018\/01\/23\/genas-genas-mag-numero-40-est-sorti\/","title":{"rendered":"GENAS |  \u00ab\u00a0GENAS MAG\u00a0\u00bb num\u00e9ro 40 est sorti"},"content":{"rendered":"<p>Un num\u00e9ro 40, avec au sommaire le budget 2018 et les projets phares, mais aussi le point sur les travaux en cours (\u00e9glise St Barth\u00e9l\u00e9my, salle Le Gen\u00eat) et les prochains \u00e9v\u00e8nements pr\u00e9vus.<\/p>\n<p>20 pages en couleurs, \u00e0 consommer sans mod\u00e9ration !<\/p>\n<p>________________________________________________________________________<\/p>\n<ul>\n<li>Num\u00e9ro \u00e0 t\u00e9l\u00e9charger sur : <a href=\"http:\/\/genas.fr\/wp-content\/uploads\/2018\/01\/GenasMag_n40_web.pdf\" target=\"_blank\" rel=\"noopener noreferrer\">http:\/\/genas.fr\/wp-content\/uploads\/2018\/01\/GenasMag_n40_web.pdf<\/a><\/li>\n<\/ul>\n<p>________________________________________________________________________<\/p>\n<p><em><strong>Retrouvez l&rsquo;ACTU de la commune sur : <a href=\"http:\/\/genas.fr\" target=\"_blank\" rel=\"noopener noreferrer\">http:\/\/genas.fr<\/a><\/strong><\/em><\/p>\n","protected":false},"excerpt":{"rendered":"<p>Magazine municipal et trimestriel d&rsquo;informations locales, premier num\u00e9ro de l&rsquo;ann\u00e9e vient d&rsquo;\u00eatre publi\u00e9 et distribu\u00e9 en boite aux lettres.<\/p>\n","protected":false},"author":4,"featured_media":42672,"comment_status":"open","ping_status":"open","sticky":false,"template":"","format":"standard","meta":{"footnotes":""},"categories":[270,1598,2983],"tags":[],"class_list":["post-42669","post","type-post","status-publish","format-standard","has-post-thumbnail","hentry","category-cte-de-communes-c-c-e-l","category-genas","category-litterature-bd-mags-2"],"yoast_head":"<!-- This site is optimized with the Yoast SEO plugin v27.2 - https:\/\/yoast.com\/product\/yoast-seo-wordpress\/ -->\n<title>GENAS | &quot;GENAS MAG&quot; num\u00e9ro 40 est sorti - News Est Lyonnais<\/title>\n<meta name=\"description\" content=\"GENAS MAG&quot; n\u00b0 40 est sorti ! Magazine municipal, trimestriel d&#039;infos locales, le premier num\u00e9ro de 2018 vient d&#039;\u00eatre publi\u00e9\" \/>\n<meta name=\"robots\" content=\"index, follow, max-snippet:-1, max-image-preview:large, max-video-preview:-1\" \/>\n<link rel=\"canonical\" href=\"https:\/\/newsestlyonnais.fr\/site\/2018\/01\/23\/genas-genas-mag-numero-40-est-sorti\/\" \/>\n<meta property=\"og:locale\" content=\"fr_FR\" \/>\n<meta property=\"og:type\" content=\"article\" \/>\n<meta property=\"og:title\" content=\"GENAS | &quot;GENAS MAG&quot; num\u00e9ro 40 est sorti - News Est Lyonnais\" \/>\n<meta property=\"og:description\" content=\"GENAS MAG&quot; n\u00b0 40 est sorti ! Magazine municipal, trimestriel d&#039;infos locales, le premier num\u00e9ro de 2018 vient d&#039;\u00eatre publi\u00e9\" \/>\n<meta property=\"og:url\" content=\"https:\/\/newsestlyonnais.fr\/site\/2018\/01\/23\/genas-genas-mag-numero-40-est-sorti\/\" \/>\n<meta property=\"og:site_name\" content=\"News Est Lyonnais\" \/>\n<meta property=\"article:author\" content=\"https:\/\/www.facebook.com\/pascal.oberson.1?fref=ts\" \/>\n<meta property=\"article:published_time\" content=\"2018-01-23T07:47:52+00:00\" \/>\n<meta property=\"article:modified_time\" content=\"2020-11-15T11:19:07+00:00\" \/>\n<meta property=\"og:image\" content=\"https:\/\/i1.wp.com\/newsestlyonnais.fr\/site\/wp-content\/uploads\/2018\/01\/NEWSESTLYONNAIS-genas-mag-n40.jpg?fit=320%2C240&ssl=1\" \/>\n\t<meta property=\"og:image:width\" content=\"320\" \/>\n\t<meta property=\"og:image:height\" content=\"240\" \/>\n\t<meta property=\"og:image:type\" content=\"image\/jpeg\" \/>\n<meta name=\"author\" content=\"R\u00e9dac. NEWS\" \/>\n<meta name=\"twitter:card\" content=\"summary_large_image\" \/>\n<meta name=\"twitter:label1\" content=\"\u00c9crit par\" \/>\n\t<meta name=\"twitter:data1\" content=\"R\u00e9dac. NEWS\" \/>\n<script type=\"application\/ld+json\" class=\"yoast-schema-graph\">{\"@context\":\"https:\/\/schema.org\",\"@graph\":[{\"@type\":\"Article\",\"@id\":\"https:\/\/newsestlyonnais.fr\/site\/2018\/01\/23\/genas-genas-mag-numero-40-est-sorti\/#article\",\"isPartOf\":{\"@id\":\"https:\/\/newsestlyonnais.fr\/site\/2018\/01\/23\/genas-genas-mag-numero-40-est-sorti\/\"},\"author\":{\"name\":\"R\u00e9dac. NEWS\",\"@id\":\"https:\/\/newsestlyonnais.fr\/site\/#\/schema\/person\/3230d5615f390bb808365d673001e887\"},\"headline\":\"GENAS | \u00ab\u00a0GENAS MAG\u00a0\u00bb num\u00e9ro 40 est sorti\",\"datePublished\":\"2018-01-23T07:47:52+00:00\",\"dateModified\":\"2020-11-15T11:19:07+00:00\",\"mainEntityOfPage\":{\"@id\":\"https:\/\/newsestlyonnais.fr\/site\/2018\/01\/23\/genas-genas-mag-numero-40-est-sorti\/\"},\"wordCount\":76,\"commentCount\":0,\"publisher\":{\"@id\":\"https:\/\/newsestlyonnais.fr\/site\/#organization\"},\"image\":{\"@id\":\"https:\/\/newsestlyonnais.fr\/site\/2018\/01\/23\/genas-genas-mag-numero-40-est-sorti\/#primaryimage\"},\"thumbnailUrl\":\"https:\/\/newsestlyonnais.fr\/site\/wp-content\/uploads\/2018\/01\/NEWSESTLYONNAIS-genas-mag-n40.jpg\",\"articleSection\":[\"CCEL | Communes\",\"Genas\",\"Litt\u00e9rature | Bd | Mags\"],\"inLanguage\":\"fr-FR\",\"potentialAction\":[{\"@type\":\"CommentAction\",\"name\":\"Comment\",\"target\":[\"https:\/\/newsestlyonnais.fr\/site\/2018\/01\/23\/genas-genas-mag-numero-40-est-sorti\/#respond\"]}]},{\"@type\":\"WebPage\",\"@id\":\"https:\/\/newsestlyonnais.fr\/site\/2018\/01\/23\/genas-genas-mag-numero-40-est-sorti\/\",\"url\":\"https:\/\/newsestlyonnais.fr\/site\/2018\/01\/23\/genas-genas-mag-numero-40-est-sorti\/\",\"name\":\"GENAS | \\\"GENAS MAG\\\" num\u00e9ro 40 est sorti - News Est Lyonnais\",\"isPartOf\":{\"@id\":\"https:\/\/newsestlyonnais.fr\/site\/#website\"},\"primaryImageOfPage\":{\"@id\":\"https:\/\/newsestlyonnais.fr\/site\/2018\/01\/23\/genas-genas-mag-numero-40-est-sorti\/#primaryimage\"},\"image\":{\"@id\":\"https:\/\/newsestlyonnais.fr\/site\/2018\/01\/23\/genas-genas-mag-numero-40-est-sorti\/#primaryimage\"},\"thumbnailUrl\":\"https:\/\/newsestlyonnais.fr\/site\/wp-content\/uploads\/2018\/01\/NEWSESTLYONNAIS-genas-mag-n40.jpg\",\"datePublished\":\"2018-01-23T07:47:52+00:00\",\"dateModified\":\"2020-11-15T11:19:07+00:00\",\"description\":\"GENAS MAG\\\" n\u00b0 40 est sorti ! Magazine municipal, trimestriel d'infos locales, le premier num\u00e9ro de 2018 vient d'\u00eatre publi\u00e9\",\"breadcrumb\":{\"@id\":\"https:\/\/newsestlyonnais.fr\/site\/2018\/01\/23\/genas-genas-mag-numero-40-est-sorti\/#breadcrumb\"},\"inLanguage\":\"fr-FR\",\"potentialAction\":[{\"@type\":\"ReadAction\",\"target\":[\"https:\/\/newsestlyonnais.fr\/site\/2018\/01\/23\/genas-genas-mag-numero-40-est-sorti\/\"]}]},{\"@type\":\"ImageObject\",\"inLanguage\":\"fr-FR\",\"@id\":\"https:\/\/newsestlyonnais.fr\/site\/2018\/01\/23\/genas-genas-mag-numero-40-est-sorti\/#primaryimage\",\"url\":\"https:\/\/newsestlyonnais.fr\/site\/wp-content\/uploads\/2018\/01\/NEWSESTLYONNAIS-genas-mag-n40.jpg\",\"contentUrl\":\"https:\/\/newsestlyonnais.fr\/site\/wp-content\/uploads\/2018\/01\/NEWSESTLYONNAIS-genas-mag-n40.jpg\",\"width\":320,\"height\":240,\"caption\":\"NEWSESTLYONNAIS - genas mag n40\"},{\"@type\":\"BreadcrumbList\",\"@id\":\"https:\/\/newsestlyonnais.fr\/site\/2018\/01\/23\/genas-genas-mag-numero-40-est-sorti\/#breadcrumb\",\"itemListElement\":[{\"@type\":\"ListItem\",\"position\":1,\"name\":\"Accueil\",\"item\":\"https:\/\/newsestlyonnais.fr\/site\/\"},{\"@type\":\"ListItem\",\"position\":2,\"name\":\"GENAS | \u00ab\u00a0GENAS MAG\u00a0\u00bb num\u00e9ro 40 est sorti\"}]},{\"@type\":\"WebSite\",\"@id\":\"https:\/\/newsestlyonnais.fr\/site\/#website\",\"url\":\"https:\/\/newsestlyonnais.fr\/site\/\",\"name\":\"News Est Lyonnais\",\"description\":\"L&#039;actualit\u00e9 au plus pr\u00e8s\",\"publisher\":{\"@id\":\"https:\/\/newsestlyonnais.fr\/site\/#organization\"},\"potentialAction\":[{\"@type\":\"SearchAction\",\"target\":{\"@type\":\"EntryPoint\",\"urlTemplate\":\"https:\/\/newsestlyonnais.fr\/site\/?s={search_term_string}\"},\"query-input\":{\"@type\":\"PropertyValueSpecification\",\"valueRequired\":true,\"valueName\":\"search_term_string\"}}],\"inLanguage\":\"fr-FR\"},{\"@type\":\"Organization\",\"@id\":\"https:\/\/newsestlyonnais.fr\/site\/#organization\",\"name\":\"News EST LYONNAIS\",\"url\":\"https:\/\/newsestlyonnais.fr\/site\/\",\"logo\":{\"@type\":\"ImageObject\",\"inLanguage\":\"fr-FR\",\"@id\":\"https:\/\/newsestlyonnais.fr\/site\/#\/schema\/logo\/image\/\",\"url\":\"\",\"contentUrl\":\"\",\"caption\":\"News EST LYONNAIS\"},\"image\":{\"@id\":\"https:\/\/newsestlyonnais.fr\/site\/#\/schema\/logo\/image\/\"}},{\"@type\":\"Person\",\"@id\":\"https:\/\/newsestlyonnais.fr\/site\/#\/schema\/person\/3230d5615f390bb808365d673001e887\",\"name\":\"R\u00e9dac. NEWS\",\"sameAs\":[\"http:\/\/www.newsestlyonnais.fr\",\"https:\/\/www.facebook.com\/pascal.oberson.1?fref=ts\",\"https:\/\/fr.linkedin.com\/in\/pascal-oberson-b17045113\"],\"url\":\"https:\/\/newsestlyonnais.fr\/site\/author\/nel\/\"}]}<\/script>\n<!-- \/ Yoast SEO plugin. -->","yoast_head_json":{"title":"GENAS | \"GENAS MAG\" num\u00e9ro 40 est sorti - News Est Lyonnais","description":"GENAS MAG\" n\u00b0 40 est sorti ! Magazine municipal, trimestriel d'infos locales, le premier num\u00e9ro de 2018 vient d'\u00eatre publi\u00e9","robots":{"index":"index","follow":"follow","max-snippet":"max-snippet:-1","max-image-preview":"max-image-preview:large","max-video-preview":"max-video-preview:-1"},"canonical":"https:\/\/newsestlyonnais.fr\/site\/2018\/01\/23\/genas-genas-mag-numero-40-est-sorti\/","og_locale":"fr_FR","og_type":"article","og_title":"GENAS | \"GENAS MAG\" num\u00e9ro 40 est sorti - News Est Lyonnais","og_description":"GENAS MAG\" n\u00b0 40 est sorti ! Magazine municipal, trimestriel d'infos locales, le premier num\u00e9ro de 2018 vient d'\u00eatre publi\u00e9","og_url":"https:\/\/newsestlyonnais.fr\/site\/2018\/01\/23\/genas-genas-mag-numero-40-est-sorti\/","og_site_name":"News Est Lyonnais","article_author":"https:\/\/www.facebook.com\/pascal.oberson.1?fref=ts","article_published_time":"2018-01-23T07:47:52+00:00","article_modified_time":"2020-11-15T11:19:07+00:00","og_image":[{"width":320,"height":240,"url":"https:\/\/i1.wp.com\/newsestlyonnais.fr\/site\/wp-content\/uploads\/2018\/01\/NEWSESTLYONNAIS-genas-mag-n40.jpg?fit=320%2C240&ssl=1","type":"image\/jpeg"}],"author":"R\u00e9dac. NEWS","twitter_card":"summary_large_image","twitter_misc":{"\u00c9crit par":"R\u00e9dac. NEWS"},"schema":{"@context":"https:\/\/schema.org","@graph":[{"@type":"Article","@id":"https:\/\/newsestlyonnais.fr\/site\/2018\/01\/23\/genas-genas-mag-numero-40-est-sorti\/#article","isPartOf":{"@id":"https:\/\/newsestlyonnais.fr\/site\/2018\/01\/23\/genas-genas-mag-numero-40-est-sorti\/"},"author":{"name":"R\u00e9dac. NEWS","@id":"https:\/\/newsestlyonnais.fr\/site\/#\/schema\/person\/3230d5615f390bb808365d673001e887"},"headline":"GENAS | \u00ab\u00a0GENAS MAG\u00a0\u00bb num\u00e9ro 40 est sorti","datePublished":"2018-01-23T07:47:52+00:00","dateModified":"2020-11-15T11:19:07+00:00","mainEntityOfPage":{"@id":"https:\/\/newsestlyonnais.fr\/site\/2018\/01\/23\/genas-genas-mag-numero-40-est-sorti\/"},"wordCount":76,"commentCount":0,"publisher":{"@id":"https:\/\/newsestlyonnais.fr\/site\/#organization"},"image":{"@id":"https:\/\/newsestlyonnais.fr\/site\/2018\/01\/23\/genas-genas-mag-numero-40-est-sorti\/#primaryimage"},"thumbnailUrl":"https:\/\/newsestlyonnais.fr\/site\/wp-content\/uploads\/2018\/01\/NEWSESTLYONNAIS-genas-mag-n40.jpg","articleSection":["CCEL | Communes","Genas","Litt\u00e9rature | Bd | Mags"],"inLanguage":"fr-FR","potentialAction":[{"@type":"CommentAction","name":"Comment","target":["https:\/\/newsestlyonnais.fr\/site\/2018\/01\/23\/genas-genas-mag-numero-40-est-sorti\/#respond"]}]},{"@type":"WebPage","@id":"https:\/\/newsestlyonnais.fr\/site\/2018\/01\/23\/genas-genas-mag-numero-40-est-sorti\/","url":"https:\/\/newsestlyonnais.fr\/site\/2018\/01\/23\/genas-genas-mag-numero-40-est-sorti\/","name":"GENAS | \"GENAS MAG\" num\u00e9ro 40 est sorti - News Est Lyonnais","isPartOf":{"@id":"https:\/\/newsestlyonnais.fr\/site\/#website"},"primaryImageOfPage":{"@id":"https:\/\/newsestlyonnais.fr\/site\/2018\/01\/23\/genas-genas-mag-numero-40-est-sorti\/#primaryimage"},"image":{"@id":"https:\/\/newsestlyonnais.fr\/site\/2018\/01\/23\/genas-genas-mag-numero-40-est-sorti\/#primaryimage"},"thumbnailUrl":"https:\/\/newsestlyonnais.fr\/site\/wp-content\/uploads\/2018\/01\/NEWSESTLYONNAIS-genas-mag-n40.jpg","datePublished":"2018-01-23T07:47:52+00:00","dateModified":"2020-11-15T11:19:07+00:00","description":"GENAS MAG\" n\u00b0 40 est sorti ! Magazine municipal, trimestriel d'infos locales, le premier num\u00e9ro de 2018 vient d'\u00eatre publi\u00e9","breadcrumb":{"@id":"https:\/\/newsestlyonnais.fr\/site\/2018\/01\/23\/genas-genas-mag-numero-40-est-sorti\/#breadcrumb"},"inLanguage":"fr-FR","potentialAction":[{"@type":"ReadAction","target":["https:\/\/newsestlyonnais.fr\/site\/2018\/01\/23\/genas-genas-mag-numero-40-est-sorti\/"]}]},{"@type":"ImageObject","inLanguage":"fr-FR","@id":"https:\/\/newsestlyonnais.fr\/site\/2018\/01\/23\/genas-genas-mag-numero-40-est-sorti\/#primaryimage","url":"https:\/\/newsestlyonnais.fr\/site\/wp-content\/uploads\/2018\/01\/NEWSESTLYONNAIS-genas-mag-n40.jpg","contentUrl":"https:\/\/newsestlyonnais.fr\/site\/wp-content\/uploads\/2018\/01\/NEWSESTLYONNAIS-genas-mag-n40.jpg","width":320,"height":240,"caption":"NEWSESTLYONNAIS - genas mag n40"},{"@type":"BreadcrumbList","@id":"https:\/\/newsestlyonnais.fr\/site\/2018\/01\/23\/genas-genas-mag-numero-40-est-sorti\/#breadcrumb","itemListElement":[{"@type":"ListItem","position":1,"name":"Accueil","item":"https:\/\/newsestlyonnais.fr\/site\/"},{"@type":"ListItem","position":2,"name":"GENAS | \u00ab\u00a0GENAS MAG\u00a0\u00bb num\u00e9ro 40 est sorti"}]},{"@type":"WebSite","@id":"https:\/\/newsestlyonnais.fr\/site\/#website","url":"https:\/\/newsestlyonnais.fr\/site\/","name":"News Est Lyonnais","description":"L&#039;actualit\u00e9 au plus pr\u00e8s","publisher":{"@id":"https:\/\/newsestlyonnais.fr\/site\/#organization"},"potentialAction":[{"@type":"SearchAction","target":{"@type":"EntryPoint","urlTemplate":"https:\/\/newsestlyonnais.fr\/site\/?s={search_term_string}"},"query-input":{"@type":"PropertyValueSpecification","valueRequired":true,"valueName":"search_term_string"}}],"inLanguage":"fr-FR"},{"@type":"Organization","@id":"https:\/\/newsestlyonnais.fr\/site\/#organization","name":"News EST LYONNAIS","url":"https:\/\/newsestlyonnais.fr\/site\/","logo":{"@type":"ImageObject","inLanguage":"fr-FR","@id":"https:\/\/newsestlyonnais.fr\/site\/#\/schema\/logo\/image\/","url":"","contentUrl":"","caption":"News EST LYONNAIS"},"image":{"@id":"https:\/\/newsestlyonnais.fr\/site\/#\/schema\/logo\/image\/"}},{"@type":"Person","@id":"https:\/\/newsestlyonnais.fr\/site\/#\/schema\/person\/3230d5615f390bb808365d673001e887","name":"R\u00e9dac. NEWS","sameAs":["http:\/\/www.newsestlyonnais.fr","https:\/\/www.facebook.com\/pascal.oberson.1?fref=ts","https:\/\/fr.linkedin.com\/in\/pascal-oberson-b17045113"],"url":"https:\/\/newsestlyonnais.fr\/site\/author\/nel\/"}]}},"_links":{"self":[{"href":"https:\/\/newsestlyonnais.fr\/site\/wp-json\/wp\/v2\/posts\/42669","targetHints":{"allow":["GET"]}}],"collection":[{"href":"https:\/\/newsestlyonnais.fr\/site\/wp-json\/wp\/v2\/posts"}],"about":[{"href":"https:\/\/newsestlyonnais.fr\/site\/wp-json\/wp\/v2\/types\/post"}],"author":[{"embeddable":true,"href":"https:\/\/newsestlyonnais.fr\/site\/wp-json\/wp\/v2\/users\/4"}],"replies":[{"embeddable":true,"href":"https:\/\/newsestlyonnais.fr\/site\/wp-json\/wp\/v2\/comments?post=42669"}],"version-history":[{"count":0,"href":"https:\/\/newsestlyonnais.fr\/site\/wp-json\/wp\/v2\/posts\/42669\/revisions"}],"wp:featuredmedia":[{"embeddable":true,"href":"https:\/\/newsestlyonnais.fr\/site\/wp-json\/wp\/v2\/media\/42672"}],"wp:attachment":[{"href":"https:\/\/newsestlyonnais.fr\/site\/wp-json\/wp\/v2\/media?parent=42669"}],"wp:term":[{"taxonomy":"category","embeddable":true,"href":"https:\/\/newsestlyonnais.fr\/site\/wp-json\/wp\/v2\/categories?post=42669"},{"taxonomy":"post_tag","embeddable":true,"href":"https:\/\/newsestlyonnais.fr\/site\/wp-json\/wp\/v2\/tags?post=42669"}],"curies":[{"name":"wp","href":"https:\/\/api.w.org\/{rel}","templated":true}]}}