{"id":42715,"date":"2018-01-26T11:23:04","date_gmt":"2018-01-26T10:23:04","guid":{"rendered":"http:\/\/newsestlyonnais.fr\/site\/?p=42715"},"modified":"2020-11-12T14:22:53","modified_gmt":"2020-11-12T13:22:53","slug":"villeurbanne-la-nouvelle-directrice-de-loffice-du-sport-presentee-a-la-soiree-des-voeux","status":"publish","type":"post","link":"https:\/\/newsestlyonnais.fr\/site\/2018\/01\/26\/villeurbanne-la-nouvelle-directrice-de-loffice-du-sport-presentee-a-la-soiree-des-voeux\/","title":{"rendered":"VILLEURBANNE | La nouvelle directrice de l&rsquo;OSV pr\u00e9sent\u00e9e \u00e0 la soir\u00e9e des voeux"},"content":{"rendered":"<p>Un moment convivial d\u00e9roul\u00e9 en pr\u00e9sence du maire Jean-Paul Bret, de l&rsquo;adjoint aux sports <span class=\"coul05\">Ali Mohamed Ahamada et d&rsquo;autres \u00e9lus locaux au cours duquel <\/span><strong>P<\/strong><em><strong>atrick Pegoraro<\/strong> (pr\u00e9sident de l&rsquo;OSV) a annonc\u00e9 que 2017 aura \u00e9t\u00e9 une ann\u00e9e politiquement boulevers\u00e9e et plus particuli\u00e8rement pour l&rsquo;OSV.<\/em><\/p>\n<p><em>Il aura en effet succ\u00e9d\u00e9 \u00e0 la pr\u00e9sidence de cet office \u00e0 Gilbert-Luc Devinaz parti pour une mission s\u00e9natoriale. Du changement aussi \u00e0 la direction puisque Marianne Ducroux, a quitt\u00e9 un poste tenu durant 7 ans, pour devenir attach\u00e9e parlementaire. Son adjoint <strong>Marc Durieux<\/strong> a assur\u00e9 l&rsquo;int\u00e9rim avant que <strong>Marion Charbonnier <\/strong>(charg\u00e9e d&rsquo;actions sportives au cabinet du maire) ne prenne ses fonctions au 1\u00b0 f\u00e9vrier prochain. Une ann\u00e9e tristement conclue avec le d\u00e9c\u00e8s en d\u00e9cembre de <strong>Georges Darcy<\/strong>, pr\u00e9sident d&rsquo;honneur de l&rsquo;OSV , ce qui a constitu\u00e9 une grosse perte pour le monde sportif villeurbannais.<br \/>\n<\/em><\/p>\n<p>A noter que le club de Villeur&rsquo;bad a remis en d\u00e9but de soir\u00e9e, un ch\u00e8que de 400 \u20ac au centre lyonnais L\u00e9on B\u00e9rard, b\u00e9n\u00e9fice tir\u00e9 de la 5\u00b0 \u00e9dition en novembre 2017 du tournoi f\u00e9minin \u00ab\u00a0Villeur&rsquo;dames et demoiselles\u00a0\u00bb.<\/p>\n<p>________________________________________________________________________________<\/p>\n<p><em><strong><span style=\"text-decoration: underline\">PHOTO A LA UNE<\/span> :<\/strong><\/em><em> De gauche \u00e0 droite : Jean-Paul Bret (maire de Villeurbanne), Marion Charbonnier (directrice OSV) &amp; Patrick Pegoraro (pr\u00e9sident de l&rsquo;OSV).<strong><br \/>\n<\/strong><\/em><\/p>\n<p>________________________________________________________________________________<\/p>\n<ul>\n<li><em><strong>L&rsquo;ACTU de l&rsquo;OSV est sur : <a href=\"http:\/\/www.osvilleurbanne.com\" target=\"_blank\" rel=\"noopener noreferrer\">http:\/\/www.osvilleurbanne.com<\/a><\/strong><\/em><\/li>\n<\/ul>\n<div id='gallery-1' class='gallery galleryid-42715 gallery-columns-3 gallery-size-thumbnail'><figure class='gallery-item'>\n\t\t\t<div class='gallery-icon landscape'>\n\t\t\t\t<a href='https:\/\/newsestlyonnais.fr\/site\/2018\/01\/26\/villeurbanne-la-nouvelle-directrice-de-loffice-du-sport-presentee-a-la-soiree-des-voeux\/newsestlyonnais-osv-voeux\/'><img loading=\"lazy\" decoding=\"async\" width=\"150\" height=\"150\" src=\"https:\/\/newsestlyonnais.fr\/site\/wp-content\/uploads\/2018\/01\/NEWSESTLYONNAIS-OSV-VOEUX-150x150.jpg\" class=\"attachment-thumbnail size-thumbnail\" alt=\"NEWSESTLYONNAIS - OSV VOEUX\" aria-describedby=\"gallery-1-42887\" \/><\/a>\n\t\t\t<\/div>\n\t\t\t\t<figcaption class='wp-caption-text gallery-caption' id='gallery-1-42887'>\n\t\t\t\tUn ch\u00e8que de 400 \u20ac a \u00e9t\u00e9 remis au Centre L\u00e9on B\u00e9rard par le club de badminton\n\t\t\t\t<\/figcaption><\/figure><figure class='gallery-item'>\n\t\t\t<div class='gallery-icon landscape'>\n\t\t\t\t<a href='https:\/\/newsestlyonnais.fr\/site\/2018\/01\/26\/villeurbanne-la-nouvelle-directrice-de-loffice-du-sport-presentee-a-la-soiree-des-voeux\/newsestlyonnais-elus-osv\/'><img loading=\"lazy\" decoding=\"async\" width=\"150\" height=\"150\" src=\"https:\/\/newsestlyonnais.fr\/site\/wp-content\/uploads\/2018\/01\/NEWSESTLYONNAIS-ELUS-OSV--150x150.jpg\" class=\"attachment-thumbnail size-thumbnail\" alt=\"NEWSESTLYONNAIS - ELUS OSV\" aria-describedby=\"gallery-1-42898\" \/><\/a>\n\t\t\t<\/div>\n\t\t\t\t<figcaption class='wp-caption-text gallery-caption' id='gallery-1-42898'>\n\t\t\t\tDe nombreux \u00e9lus pr\u00e9sents \u00e0 cette soir\u00e9e\n\t\t\t\t<\/figcaption><\/figure>\n\t\t<\/div>\n\n<p>&nbsp;<\/p>\n","protected":false},"excerpt":{"rendered":"<p>Traditionnelle soir\u00e9e du tirage des rois de l&rsquo;Office des Sports de Villeurbanne, mardi \u00e0 la Maison des Sportifs.<\/p>\n","protected":false},"author":4,"featured_media":42882,"comment_status":"open","ping_status":"open","sticky":false,"template":"","format":"standard","meta":{"footnotes":""},"categories":[574,3334,166,3016,29],"tags":[],"class_list":["post-42715","post","type-post","status-publish","format-standard","has-post-thumbnail","hentry","category-autres-sports","category-conseils-municipaux-elections-voeux","category-divers-sports","category-institutions-trophees-jo","category-villeurbanne"],"yoast_head":"<!-- This site is optimized with the Yoast SEO plugin v27.2 - https:\/\/yoast.com\/product\/yoast-seo-wordpress\/ -->\n<title>VILLEURBANNE : La nouvelle directrice de l&#039;Office du Sport pr\u00e9sent\u00e9e \u00e0 la soir\u00e9e des voeux<\/title>\n<meta name=\"description\" content=\"VILLEURBANNE : La nouvelle directrice de l&#039;Office du Sport pr\u00e9sent\u00e9e \u00e0 la soir\u00e9e des voeux\" \/>\n<meta name=\"robots\" content=\"index, follow, max-snippet:-1, max-image-preview:large, max-video-preview:-1\" \/>\n<link rel=\"canonical\" href=\"https:\/\/newsestlyonnais.fr\/site\/2018\/01\/26\/villeurbanne-la-nouvelle-directrice-de-loffice-du-sport-presentee-a-la-soiree-des-voeux\/\" \/>\n<meta property=\"og:locale\" content=\"fr_FR\" \/>\n<meta property=\"og:type\" content=\"article\" \/>\n<meta property=\"og:title\" content=\"VILLEURBANNE : La nouvelle directrice de l&#039;Office du Sport pr\u00e9sent\u00e9e \u00e0 la soir\u00e9e des voeux\" \/>\n<meta property=\"og:description\" content=\"VILLEURBANNE : La nouvelle directrice de l&#039;Office du Sport pr\u00e9sent\u00e9e \u00e0 la soir\u00e9e des voeux\" \/>\n<meta property=\"og:url\" content=\"https:\/\/newsestlyonnais.fr\/site\/2018\/01\/26\/villeurbanne-la-nouvelle-directrice-de-loffice-du-sport-presentee-a-la-soiree-des-voeux\/\" \/>\n<meta property=\"og:site_name\" content=\"News Est Lyonnais\" \/>\n<meta property=\"article:author\" content=\"https:\/\/www.facebook.com\/pascal.oberson.1?fref=ts\" \/>\n<meta property=\"article:published_time\" content=\"2018-01-26T10:23:04+00:00\" \/>\n<meta property=\"article:modified_time\" content=\"2020-11-12T13:22:53+00:00\" \/>\n<meta property=\"og:image\" content=\"https:\/\/i1.wp.com\/newsestlyonnais.fr\/site\/wp-content\/uploads\/2018\/01\/NEWSESTLYONNAIS-OSV-VOEUX-2018.jpg?fit=2048%2C1536&ssl=1\" \/>\n\t<meta property=\"og:image:width\" content=\"2048\" \/>\n\t<meta property=\"og:image:height\" content=\"1536\" \/>\n\t<meta property=\"og:image:type\" content=\"image\/jpeg\" \/>\n<meta name=\"author\" content=\"R\u00e9dac. NEWS\" \/>\n<meta name=\"twitter:card\" content=\"summary_large_image\" \/>\n<meta name=\"twitter:label1\" content=\"\u00c9crit par\" \/>\n\t<meta name=\"twitter:data1\" content=\"R\u00e9dac. NEWS\" \/>\n\t<meta name=\"twitter:label2\" content=\"Dur\u00e9e de lecture estim\u00e9e\" \/>\n\t<meta name=\"twitter:data2\" content=\"1 minute\" \/>\n<script type=\"application\/ld+json\" class=\"yoast-schema-graph\">{\"@context\":\"https:\/\/schema.org\",\"@graph\":[{\"@type\":\"Article\",\"@id\":\"https:\/\/newsestlyonnais.fr\/site\/2018\/01\/26\/villeurbanne-la-nouvelle-directrice-de-loffice-du-sport-presentee-a-la-soiree-des-voeux\/#article\",\"isPartOf\":{\"@id\":\"https:\/\/newsestlyonnais.fr\/site\/2018\/01\/26\/villeurbanne-la-nouvelle-directrice-de-loffice-du-sport-presentee-a-la-soiree-des-voeux\/\"},\"author\":{\"name\":\"R\u00e9dac. NEWS\",\"@id\":\"https:\/\/newsestlyonnais.fr\/site\/#\/schema\/person\/3230d5615f390bb808365d673001e887\"},\"headline\":\"VILLEURBANNE | La nouvelle directrice de l&rsquo;OSV pr\u00e9sent\u00e9e \u00e0 la soir\u00e9e des voeux\",\"datePublished\":\"2018-01-26T10:23:04+00:00\",\"dateModified\":\"2020-11-12T13:22:53+00:00\",\"mainEntityOfPage\":{\"@id\":\"https:\/\/newsestlyonnais.fr\/site\/2018\/01\/26\/villeurbanne-la-nouvelle-directrice-de-loffice-du-sport-presentee-a-la-soiree-des-voeux\/\"},\"wordCount\":258,\"commentCount\":0,\"publisher\":{\"@id\":\"https:\/\/newsestlyonnais.fr\/site\/#organization\"},\"image\":{\"@id\":\"https:\/\/newsestlyonnais.fr\/site\/2018\/01\/26\/villeurbanne-la-nouvelle-directrice-de-loffice-du-sport-presentee-a-la-soiree-des-voeux\/#primaryimage\"},\"thumbnailUrl\":\"https:\/\/newsestlyonnais.fr\/site\/wp-content\/uploads\/2018\/01\/NEWSESTLYONNAIS-OSV-VOEUX-2018.jpg\",\"articleSection\":[\"Autres sports\",\"Conseils Municipaux | Elections | Voeux\",\"Divers Sports\",\"Institutions | Troph\u00e9es | J.O.\",\"Villeurbanne\"],\"inLanguage\":\"fr-FR\",\"potentialAction\":[{\"@type\":\"CommentAction\",\"name\":\"Comment\",\"target\":[\"https:\/\/newsestlyonnais.fr\/site\/2018\/01\/26\/villeurbanne-la-nouvelle-directrice-de-loffice-du-sport-presentee-a-la-soiree-des-voeux\/#respond\"]}]},{\"@type\":\"WebPage\",\"@id\":\"https:\/\/newsestlyonnais.fr\/site\/2018\/01\/26\/villeurbanne-la-nouvelle-directrice-de-loffice-du-sport-presentee-a-la-soiree-des-voeux\/\",\"url\":\"https:\/\/newsestlyonnais.fr\/site\/2018\/01\/26\/villeurbanne-la-nouvelle-directrice-de-loffice-du-sport-presentee-a-la-soiree-des-voeux\/\",\"name\":\"VILLEURBANNE : La nouvelle directrice de l'Office du Sport pr\u00e9sent\u00e9e \u00e0 la soir\u00e9e des voeux\",\"isPartOf\":{\"@id\":\"https:\/\/newsestlyonnais.fr\/site\/#website\"},\"primaryImageOfPage\":{\"@id\":\"https:\/\/newsestlyonnais.fr\/site\/2018\/01\/26\/villeurbanne-la-nouvelle-directrice-de-loffice-du-sport-presentee-a-la-soiree-des-voeux\/#primaryimage\"},\"image\":{\"@id\":\"https:\/\/newsestlyonnais.fr\/site\/2018\/01\/26\/villeurbanne-la-nouvelle-directrice-de-loffice-du-sport-presentee-a-la-soiree-des-voeux\/#primaryimage\"},\"thumbnailUrl\":\"https:\/\/newsestlyonnais.fr\/site\/wp-content\/uploads\/2018\/01\/NEWSESTLYONNAIS-OSV-VOEUX-2018.jpg\",\"datePublished\":\"2018-01-26T10:23:04+00:00\",\"dateModified\":\"2020-11-12T13:22:53+00:00\",\"description\":\"VILLEURBANNE : La nouvelle directrice de l'Office du Sport pr\u00e9sent\u00e9e \u00e0 la soir\u00e9e des voeux\",\"breadcrumb\":{\"@id\":\"https:\/\/newsestlyonnais.fr\/site\/2018\/01\/26\/villeurbanne-la-nouvelle-directrice-de-loffice-du-sport-presentee-a-la-soiree-des-voeux\/#breadcrumb\"},\"inLanguage\":\"fr-FR\",\"potentialAction\":[{\"@type\":\"ReadAction\",\"target\":[\"https:\/\/newsestlyonnais.fr\/site\/2018\/01\/26\/villeurbanne-la-nouvelle-directrice-de-loffice-du-sport-presentee-a-la-soiree-des-voeux\/\"]}]},{\"@type\":\"ImageObject\",\"inLanguage\":\"fr-FR\",\"@id\":\"https:\/\/newsestlyonnais.fr\/site\/2018\/01\/26\/villeurbanne-la-nouvelle-directrice-de-loffice-du-sport-presentee-a-la-soiree-des-voeux\/#primaryimage\",\"url\":\"https:\/\/newsestlyonnais.fr\/site\/wp-content\/uploads\/2018\/01\/NEWSESTLYONNAIS-OSV-VOEUX-2018.jpg\",\"contentUrl\":\"https:\/\/newsestlyonnais.fr\/site\/wp-content\/uploads\/2018\/01\/NEWSESTLYONNAIS-OSV-VOEUX-2018.jpg\",\"width\":2048,\"height\":1536,\"caption\":\"NEWSESTLYONNAIS - OSV VOEUX 2018\"},{\"@type\":\"BreadcrumbList\",\"@id\":\"https:\/\/newsestlyonnais.fr\/site\/2018\/01\/26\/villeurbanne-la-nouvelle-directrice-de-loffice-du-sport-presentee-a-la-soiree-des-voeux\/#breadcrumb\",\"itemListElement\":[{\"@type\":\"ListItem\",\"position\":1,\"name\":\"Accueil\",\"item\":\"https:\/\/newsestlyonnais.fr\/site\/\"},{\"@type\":\"ListItem\",\"position\":2,\"name\":\"VILLEURBANNE | La nouvelle directrice de l&rsquo;OSV pr\u00e9sent\u00e9e \u00e0 la soir\u00e9e des voeux\"}]},{\"@type\":\"WebSite\",\"@id\":\"https:\/\/newsestlyonnais.fr\/site\/#website\",\"url\":\"https:\/\/newsestlyonnais.fr\/site\/\",\"name\":\"News Est Lyonnais\",\"description\":\"L&#039;actualit\u00e9 au plus pr\u00e8s\",\"publisher\":{\"@id\":\"https:\/\/newsestlyonnais.fr\/site\/#organization\"},\"potentialAction\":[{\"@type\":\"SearchAction\",\"target\":{\"@type\":\"EntryPoint\",\"urlTemplate\":\"https:\/\/newsestlyonnais.fr\/site\/?s={search_term_string}\"},\"query-input\":{\"@type\":\"PropertyValueSpecification\",\"valueRequired\":true,\"valueName\":\"search_term_string\"}}],\"inLanguage\":\"fr-FR\"},{\"@type\":\"Organization\",\"@id\":\"https:\/\/newsestlyonnais.fr\/site\/#organization\",\"name\":\"News EST LYONNAIS\",\"url\":\"https:\/\/newsestlyonnais.fr\/site\/\",\"logo\":{\"@type\":\"ImageObject\",\"inLanguage\":\"fr-FR\",\"@id\":\"https:\/\/newsestlyonnais.fr\/site\/#\/schema\/logo\/image\/\",\"url\":\"\",\"contentUrl\":\"\",\"caption\":\"News EST LYONNAIS\"},\"image\":{\"@id\":\"https:\/\/newsestlyonnais.fr\/site\/#\/schema\/logo\/image\/\"}},{\"@type\":\"Person\",\"@id\":\"https:\/\/newsestlyonnais.fr\/site\/#\/schema\/person\/3230d5615f390bb808365d673001e887\",\"name\":\"R\u00e9dac. NEWS\",\"sameAs\":[\"http:\/\/www.newsestlyonnais.fr\",\"https:\/\/www.facebook.com\/pascal.oberson.1?fref=ts\",\"https:\/\/fr.linkedin.com\/in\/pascal-oberson-b17045113\"],\"url\":\"https:\/\/newsestlyonnais.fr\/site\/author\/nel\/\"}]}<\/script>\n<!-- \/ Yoast SEO plugin. -->","yoast_head_json":{"title":"VILLEURBANNE : La nouvelle directrice de l'Office du Sport pr\u00e9sent\u00e9e \u00e0 la soir\u00e9e des voeux","description":"VILLEURBANNE : La nouvelle directrice de l'Office du Sport pr\u00e9sent\u00e9e \u00e0 la soir\u00e9e des voeux","robots":{"index":"index","follow":"follow","max-snippet":"max-snippet:-1","max-image-preview":"max-image-preview:large","max-video-preview":"max-video-preview:-1"},"canonical":"https:\/\/newsestlyonnais.fr\/site\/2018\/01\/26\/villeurbanne-la-nouvelle-directrice-de-loffice-du-sport-presentee-a-la-soiree-des-voeux\/","og_locale":"fr_FR","og_type":"article","og_title":"VILLEURBANNE : La nouvelle directrice de l'Office du Sport pr\u00e9sent\u00e9e \u00e0 la soir\u00e9e des voeux","og_description":"VILLEURBANNE : La nouvelle directrice de l'Office du Sport pr\u00e9sent\u00e9e \u00e0 la soir\u00e9e des voeux","og_url":"https:\/\/newsestlyonnais.fr\/site\/2018\/01\/26\/villeurbanne-la-nouvelle-directrice-de-loffice-du-sport-presentee-a-la-soiree-des-voeux\/","og_site_name":"News Est Lyonnais","article_author":"https:\/\/www.facebook.com\/pascal.oberson.1?fref=ts","article_published_time":"2018-01-26T10:23:04+00:00","article_modified_time":"2020-11-12T13:22:53+00:00","og_image":[{"width":2048,"height":1536,"url":"https:\/\/i1.wp.com\/newsestlyonnais.fr\/site\/wp-content\/uploads\/2018\/01\/NEWSESTLYONNAIS-OSV-VOEUX-2018.jpg?fit=2048%2C1536&ssl=1","type":"image\/jpeg"}],"author":"R\u00e9dac. NEWS","twitter_card":"summary_large_image","twitter_misc":{"\u00c9crit par":"R\u00e9dac. NEWS","Dur\u00e9e de lecture estim\u00e9e":"1 minute"},"schema":{"@context":"https:\/\/schema.org","@graph":[{"@type":"Article","@id":"https:\/\/newsestlyonnais.fr\/site\/2018\/01\/26\/villeurbanne-la-nouvelle-directrice-de-loffice-du-sport-presentee-a-la-soiree-des-voeux\/#article","isPartOf":{"@id":"https:\/\/newsestlyonnais.fr\/site\/2018\/01\/26\/villeurbanne-la-nouvelle-directrice-de-loffice-du-sport-presentee-a-la-soiree-des-voeux\/"},"author":{"name":"R\u00e9dac. NEWS","@id":"https:\/\/newsestlyonnais.fr\/site\/#\/schema\/person\/3230d5615f390bb808365d673001e887"},"headline":"VILLEURBANNE | La nouvelle directrice de l&rsquo;OSV pr\u00e9sent\u00e9e \u00e0 la soir\u00e9e des voeux","datePublished":"2018-01-26T10:23:04+00:00","dateModified":"2020-11-12T13:22:53+00:00","mainEntityOfPage":{"@id":"https:\/\/newsestlyonnais.fr\/site\/2018\/01\/26\/villeurbanne-la-nouvelle-directrice-de-loffice-du-sport-presentee-a-la-soiree-des-voeux\/"},"wordCount":258,"commentCount":0,"publisher":{"@id":"https:\/\/newsestlyonnais.fr\/site\/#organization"},"image":{"@id":"https:\/\/newsestlyonnais.fr\/site\/2018\/01\/26\/villeurbanne-la-nouvelle-directrice-de-loffice-du-sport-presentee-a-la-soiree-des-voeux\/#primaryimage"},"thumbnailUrl":"https:\/\/newsestlyonnais.fr\/site\/wp-content\/uploads\/2018\/01\/NEWSESTLYONNAIS-OSV-VOEUX-2018.jpg","articleSection":["Autres sports","Conseils Municipaux | Elections | Voeux","Divers Sports","Institutions | Troph\u00e9es | J.O.","Villeurbanne"],"inLanguage":"fr-FR","potentialAction":[{"@type":"CommentAction","name":"Comment","target":["https:\/\/newsestlyonnais.fr\/site\/2018\/01\/26\/villeurbanne-la-nouvelle-directrice-de-loffice-du-sport-presentee-a-la-soiree-des-voeux\/#respond"]}]},{"@type":"WebPage","@id":"https:\/\/newsestlyonnais.fr\/site\/2018\/01\/26\/villeurbanne-la-nouvelle-directrice-de-loffice-du-sport-presentee-a-la-soiree-des-voeux\/","url":"https:\/\/newsestlyonnais.fr\/site\/2018\/01\/26\/villeurbanne-la-nouvelle-directrice-de-loffice-du-sport-presentee-a-la-soiree-des-voeux\/","name":"VILLEURBANNE : La nouvelle directrice de l'Office du Sport pr\u00e9sent\u00e9e \u00e0 la soir\u00e9e des voeux","isPartOf":{"@id":"https:\/\/newsestlyonnais.fr\/site\/#website"},"primaryImageOfPage":{"@id":"https:\/\/newsestlyonnais.fr\/site\/2018\/01\/26\/villeurbanne-la-nouvelle-directrice-de-loffice-du-sport-presentee-a-la-soiree-des-voeux\/#primaryimage"},"image":{"@id":"https:\/\/newsestlyonnais.fr\/site\/2018\/01\/26\/villeurbanne-la-nouvelle-directrice-de-loffice-du-sport-presentee-a-la-soiree-des-voeux\/#primaryimage"},"thumbnailUrl":"https:\/\/newsestlyonnais.fr\/site\/wp-content\/uploads\/2018\/01\/NEWSESTLYONNAIS-OSV-VOEUX-2018.jpg","datePublished":"2018-01-26T10:23:04+00:00","dateModified":"2020-11-12T13:22:53+00:00","description":"VILLEURBANNE : La nouvelle directrice de l'Office du Sport pr\u00e9sent\u00e9e \u00e0 la soir\u00e9e des voeux","breadcrumb":{"@id":"https:\/\/newsestlyonnais.fr\/site\/2018\/01\/26\/villeurbanne-la-nouvelle-directrice-de-loffice-du-sport-presentee-a-la-soiree-des-voeux\/#breadcrumb"},"inLanguage":"fr-FR","potentialAction":[{"@type":"ReadAction","target":["https:\/\/newsestlyonnais.fr\/site\/2018\/01\/26\/villeurbanne-la-nouvelle-directrice-de-loffice-du-sport-presentee-a-la-soiree-des-voeux\/"]}]},{"@type":"ImageObject","inLanguage":"fr-FR","@id":"https:\/\/newsestlyonnais.fr\/site\/2018\/01\/26\/villeurbanne-la-nouvelle-directrice-de-loffice-du-sport-presentee-a-la-soiree-des-voeux\/#primaryimage","url":"https:\/\/newsestlyonnais.fr\/site\/wp-content\/uploads\/2018\/01\/NEWSESTLYONNAIS-OSV-VOEUX-2018.jpg","contentUrl":"https:\/\/newsestlyonnais.fr\/site\/wp-content\/uploads\/2018\/01\/NEWSESTLYONNAIS-OSV-VOEUX-2018.jpg","width":2048,"height":1536,"caption":"NEWSESTLYONNAIS - OSV VOEUX 2018"},{"@type":"BreadcrumbList","@id":"https:\/\/newsestlyonnais.fr\/site\/2018\/01\/26\/villeurbanne-la-nouvelle-directrice-de-loffice-du-sport-presentee-a-la-soiree-des-voeux\/#breadcrumb","itemListElement":[{"@type":"ListItem","position":1,"name":"Accueil","item":"https:\/\/newsestlyonnais.fr\/site\/"},{"@type":"ListItem","position":2,"name":"VILLEURBANNE | La nouvelle directrice de l&rsquo;OSV pr\u00e9sent\u00e9e \u00e0 la soir\u00e9e des voeux"}]},{"@type":"WebSite","@id":"https:\/\/newsestlyonnais.fr\/site\/#website","url":"https:\/\/newsestlyonnais.fr\/site\/","name":"News Est Lyonnais","description":"L&#039;actualit\u00e9 au plus pr\u00e8s","publisher":{"@id":"https:\/\/newsestlyonnais.fr\/site\/#organization"},"potentialAction":[{"@type":"SearchAction","target":{"@type":"EntryPoint","urlTemplate":"https:\/\/newsestlyonnais.fr\/site\/?s={search_term_string}"},"query-input":{"@type":"PropertyValueSpecification","valueRequired":true,"valueName":"search_term_string"}}],"inLanguage":"fr-FR"},{"@type":"Organization","@id":"https:\/\/newsestlyonnais.fr\/site\/#organization","name":"News EST LYONNAIS","url":"https:\/\/newsestlyonnais.fr\/site\/","logo":{"@type":"ImageObject","inLanguage":"fr-FR","@id":"https:\/\/newsestlyonnais.fr\/site\/#\/schema\/logo\/image\/","url":"","contentUrl":"","caption":"News EST LYONNAIS"},"image":{"@id":"https:\/\/newsestlyonnais.fr\/site\/#\/schema\/logo\/image\/"}},{"@type":"Person","@id":"https:\/\/newsestlyonnais.fr\/site\/#\/schema\/person\/3230d5615f390bb808365d673001e887","name":"R\u00e9dac. NEWS","sameAs":["http:\/\/www.newsestlyonnais.fr","https:\/\/www.facebook.com\/pascal.oberson.1?fref=ts","https:\/\/fr.linkedin.com\/in\/pascal-oberson-b17045113"],"url":"https:\/\/newsestlyonnais.fr\/site\/author\/nel\/"}]}},"_links":{"self":[{"href":"https:\/\/newsestlyonnais.fr\/site\/wp-json\/wp\/v2\/posts\/42715","targetHints":{"allow":["GET"]}}],"collection":[{"href":"https:\/\/newsestlyonnais.fr\/site\/wp-json\/wp\/v2\/posts"}],"about":[{"href":"https:\/\/newsestlyonnais.fr\/site\/wp-json\/wp\/v2\/types\/post"}],"author":[{"embeddable":true,"href":"https:\/\/newsestlyonnais.fr\/site\/wp-json\/wp\/v2\/users\/4"}],"replies":[{"embeddable":true,"href":"https:\/\/newsestlyonnais.fr\/site\/wp-json\/wp\/v2\/comments?post=42715"}],"version-history":[{"count":0,"href":"https:\/\/newsestlyonnais.fr\/site\/wp-json\/wp\/v2\/posts\/42715\/revisions"}],"wp:featuredmedia":[{"embeddable":true,"href":"https:\/\/newsestlyonnais.fr\/site\/wp-json\/wp\/v2\/media\/42882"}],"wp:attachment":[{"href":"https:\/\/newsestlyonnais.fr\/site\/wp-json\/wp\/v2\/media?parent=42715"}],"wp:term":[{"taxonomy":"category","embeddable":true,"href":"https:\/\/newsestlyonnais.fr\/site\/wp-json\/wp\/v2\/categories?post=42715"},{"taxonomy":"post_tag","embeddable":true,"href":"https:\/\/newsestlyonnais.fr\/site\/wp-json\/wp\/v2\/tags?post=42715"}],"curies":[{"name":"wp","href":"https:\/\/api.w.org\/{rel}","templated":true}]}}