{"id":42966,"date":"2018-01-29T13:58:39","date_gmt":"2018-01-29T12:58:39","guid":{"rendered":"http:\/\/newsestlyonnais.fr\/site\/?p=42966"},"modified":"2020-11-11T14:29:11","modified_gmt":"2020-11-11T13:29:11","slug":"decines-le-cyclo-vtt-a-accueilli-la-soiree-des-trophees-de-la-fsgt-69","status":"publish","type":"post","link":"https:\/\/newsestlyonnais.fr\/site\/2018\/01\/29\/decines-le-cyclo-vtt-a-accueilli-la-soiree-des-trophees-de-la-fsgt-69\/","title":{"rendered":"DECINES | Le Cyclo VTT a accueilli la soir\u00e9e des troph\u00e9es de la FSGT 69"},"content":{"rendered":"<h4>C\u00e9r\u00e9monie de remise de r\u00e9compenses vendredi soir \u00e0 la salle des F\u00eates pour la commission v\u00e9lo de la FSGT 69, Comit\u00e9 du Rh\u00f4ne m\u00e9tropole de Lyon.<\/h4>\n<p>Cette soir\u00e9e des troph\u00e9es se d\u00e9roulant sur la commune suite \u00e0 la d\u00e9fection de derni\u00e8re minute d&rsquo;une autre municipalit\u00e9. La commission repr\u00e9sent\u00e9e par ses responsables Richard Alandry &amp; Yves Perusset a \u00e9t\u00e9 accueillie par toute l&rsquo;\u00e9quipe du club d\u00e9cinois du Cyvlo Vtt pr\u00e9sid\u00e9 par Guy Berland.<\/p>\n<p><em><strong>117 r\u00e9compenses<\/strong><\/em> (individuelles et aux clubs) ont \u00e9t\u00e9 d\u00e9cern\u00e9es par ce comit\u00e9 qui en 2017 recensait 1473 licenci\u00e9s (dont 65 femmes) r\u00e9partis dans 64 clubs. des r\u00e9cipiendaires honor\u00e9s \u00e0 l&rsquo;issue de diverses comp\u00e9titions organis\u00e9es en 2017 (coupe du Rh\u00f4ne, Challenge des Plates et des contre la montre, coupe de l&rsquo;amiti\u00e9 et de la fid\u00e9lit\u00e9) et en 2018 (challenge des cyclo-cross).<\/p>\n<p>La coupe des clubs a \u00e9t\u00e9 d&rsquo;autre part \u00e9t\u00e9 remise \u00e0 l&rsquo;Etoile Cycliste Duquesne-Oullins (pour la route) et \u00e0 l&rsquo;Amicale Sports et loisirs de Crottet (en cyclo).<\/p>\n<ul>\n<li><strong>L&rsquo;actu de la commission v\u00e9lo de la FSGT 69 est \u00e0 retrouver sur : http:\/\/www.cyclismerhonefsgt.fr<\/strong><\/li>\n<\/ul>\n<div id='gallery-1' class='gallery galleryid-42966 gallery-columns-3 gallery-size-thumbnail'><figure class='gallery-item'>\n\t\t\t<div class='gallery-icon landscape'>\n\t\t\t\t<a href='https:\/\/newsestlyonnais.fr\/site\/2018\/01\/29\/decines-le-cyclo-vtt-a-accueilli-la-soiree-des-trophees-de-la-fsgt-69\/newsestlyonnais-soiree-recompenses-decines\/'><img loading=\"lazy\" decoding=\"async\" width=\"150\" height=\"150\" src=\"https:\/\/newsestlyonnais.fr\/site\/wp-content\/uploads\/2018\/01\/NEWSESTLYONNAIS-SOIREE-RECOMPENSES-DECINES--150x150.jpg\" class=\"attachment-thumbnail size-thumbnail\" alt=\"NEWSESTLYONNAIS - SOIREE RECOMPENSES DECINES\" \/><\/a>\n\t\t\t<\/div><\/figure><figure class='gallery-item'>\n\t\t\t<div class='gallery-icon landscape'>\n\t\t\t\t<a href='https:\/\/newsestlyonnais.fr\/site\/2018\/01\/29\/decines-le-cyclo-vtt-a-accueilli-la-soiree-des-trophees-de-la-fsgt-69\/newsestlyonnais-6-cyclo-equipes\/'><img loading=\"lazy\" decoding=\"async\" width=\"150\" height=\"150\" src=\"https:\/\/newsestlyonnais.fr\/site\/wp-content\/uploads\/2018\/01\/NEWSESTLYONNAIS-6-cyclo-equipes-150x150.jpg\" class=\"attachment-thumbnail size-thumbnail\" alt=\"NEWSESTLYONNAIS - Cyclo equipes\" aria-describedby=\"gallery-1-43036\" \/><\/a>\n\t\t\t<\/div>\n\t\t\t\t<figcaption class='wp-caption-text gallery-caption' id='gallery-1-43036'>\n\t\t\t\tLe podium de la Coupe des clubs sur route\n\t\t\t\t<\/figcaption><\/figure><figure class='gallery-item'>\n\t\t\t<div class='gallery-icon landscape'>\n\t\t\t\t<a href='https:\/\/newsestlyonnais.fr\/site\/2018\/01\/29\/decines-le-cyclo-vtt-a-accueilli-la-soiree-des-trophees-de-la-fsgt-69\/newsestlyonnais-podium-equipes-cyclo\/'><img loading=\"lazy\" decoding=\"async\" width=\"150\" height=\"150\" src=\"https:\/\/newsestlyonnais.fr\/site\/wp-content\/uploads\/2018\/01\/NEWSESTLYONNAIS-PODIUM-EQUIPES-CYCLO-150x150.jpg\" class=\"attachment-thumbnail size-thumbnail\" alt=\"NEWSESTLYONNAIS - PODIUM EQUIPES CYCLO\" aria-describedby=\"gallery-1-43037\" \/><\/a>\n\t\t\t<\/div>\n\t\t\t\t<figcaption class='wp-caption-text gallery-caption' id='gallery-1-43037'>\n\t\t\t\tLe podium de la coupe des clubs cyclo\n\t\t\t\t<\/figcaption><\/figure><figure class='gallery-item'>\n\t\t\t<div class='gallery-icon landscape'>\n\t\t\t\t<a href='https:\/\/newsestlyonnais.fr\/site\/2018\/01\/29\/decines-le-cyclo-vtt-a-accueilli-la-soiree-des-trophees-de-la-fsgt-69\/newsestlyonnais-p1240291\/'><img loading=\"lazy\" decoding=\"async\" width=\"150\" height=\"150\" src=\"https:\/\/newsestlyonnais.fr\/site\/wp-content\/uploads\/2018\/01\/NEWSESTLYONNAIS-P1240291-150x150.jpg\" class=\"attachment-thumbnail size-thumbnail\" alt=\"NEWSESTLYONNAIS - PODIUM COUPE AMITIE\" aria-describedby=\"gallery-1-43038\" \/><\/a>\n\t\t\t<\/div>\n\t\t\t\t<figcaption class='wp-caption-text gallery-caption' id='gallery-1-43038'>\n\t\t\t\tLe podium de la coupe de l&rsquo;Amiti\u00e9 avec 2 d\u00e9cinois !\n\t\t\t\t<\/figcaption><\/figure><figure class='gallery-item'>\n\t\t\t<div class='gallery-icon landscape'>\n\t\t\t\t<a href='https:\/\/newsestlyonnais.fr\/site\/2018\/01\/29\/decines-le-cyclo-vtt-a-accueilli-la-soiree-des-trophees-de-la-fsgt-69\/newsestlyonnais-animation-vahine\/'><img loading=\"lazy\" decoding=\"async\" width=\"150\" height=\"150\" src=\"https:\/\/newsestlyonnais.fr\/site\/wp-content\/uploads\/2018\/01\/NEWSESTLYONNAIS-animation-vahine-150x150.jpg\" class=\"attachment-thumbnail size-thumbnail\" alt=\"NEWSESTLYONNAIS - animation vahine\" aria-describedby=\"gallery-1-43041\" \/><\/a>\n\t\t\t<\/div>\n\t\t\t\t<figcaption class='wp-caption-text gallery-caption' id='gallery-1-43041'>\n\t\t\t\tUne ambiance tahitienne avec groupe musical et danseuses \n\t\t\t\t<\/figcaption><\/figure>\n\t\t<\/div>\n\n","protected":false},"excerpt":{"rendered":"<p>C\u00e9r\u00e9monie de remise de r\u00e9compenses vendredi soir \u00e0 la salle des F\u00eates pour la commission v\u00e9lo de la FSGT 69, Comit\u00e9 du Rh\u00f4ne m\u00e9tropole de Lyon. Cette soir\u00e9e des troph\u00e9es se d\u00e9roulant sur la commune suite \u00e0 la d\u00e9fection de derni\u00e8re minute d&rsquo;une autre municipalit\u00e9. La commission repr\u00e9sent\u00e9e par ses responsables Richard Alandry &amp; Yves [&hellip;]<\/p>\n","protected":false},"author":4,"featured_media":42968,"comment_status":"open","ping_status":"open","sticky":false,"template":"","format":"standard","meta":{"footnotes":""},"categories":[2969,21,3016],"tags":[],"class_list":["post-42966","post","type-post","status-publish","format-standard","has-post-thumbnail","hentry","category-cyclisme-cyclo-vtt","category-decines-charpieu","category-institutions-trophees-jo"],"yoast_head":"<!-- This site is optimized with the Yoast SEO plugin v27.2 - https:\/\/yoast.com\/product\/yoast-seo-wordpress\/ -->\n<title>DECINES : Le Cyclo VTT a accueilli la soir\u00e9e des troph\u00e9es de la FSGT 69<\/title>\n<meta name=\"description\" content=\"DECINES : Le Cyclo VTT a accueilli la soir\u00e9e des troph\u00e9es de la FSGT 69\" \/>\n<meta name=\"robots\" content=\"index, follow, max-snippet:-1, max-image-preview:large, max-video-preview:-1\" \/>\n<link rel=\"canonical\" href=\"https:\/\/newsestlyonnais.fr\/site\/2018\/01\/29\/decines-le-cyclo-vtt-a-accueilli-la-soiree-des-trophees-de-la-fsgt-69\/\" \/>\n<meta property=\"og:locale\" content=\"fr_FR\" \/>\n<meta property=\"og:type\" content=\"article\" \/>\n<meta property=\"og:title\" content=\"DECINES : Le Cyclo VTT a accueilli la soir\u00e9e des troph\u00e9es de la FSGT 69\" \/>\n<meta property=\"og:description\" content=\"DECINES : Le Cyclo VTT a accueilli la soir\u00e9e des troph\u00e9es de la FSGT 69\" \/>\n<meta property=\"og:url\" content=\"https:\/\/newsestlyonnais.fr\/site\/2018\/01\/29\/decines-le-cyclo-vtt-a-accueilli-la-soiree-des-trophees-de-la-fsgt-69\/\" \/>\n<meta property=\"og:site_name\" content=\"News Est Lyonnais\" \/>\n<meta property=\"article:author\" content=\"https:\/\/www.facebook.com\/pascal.oberson.1?fref=ts\" \/>\n<meta property=\"article:published_time\" content=\"2018-01-29T12:58:39+00:00\" \/>\n<meta property=\"article:modified_time\" content=\"2020-11-11T13:29:11+00:00\" \/>\n<meta property=\"og:image\" content=\"https:\/\/i2.wp.com\/newsestlyonnais.fr\/site\/wp-content\/uploads\/2018\/01\/NEWSESTLYONNAIS-DECINES-CYCLO.jpg?fit=2048%2C1536&ssl=1\" \/>\n\t<meta property=\"og:image:width\" content=\"2048\" \/>\n\t<meta property=\"og:image:height\" content=\"1536\" \/>\n\t<meta property=\"og:image:type\" content=\"image\/jpeg\" \/>\n<meta name=\"author\" content=\"R\u00e9dac. NEWS\" \/>\n<meta name=\"twitter:card\" content=\"summary_large_image\" \/>\n<meta name=\"twitter:label1\" content=\"\u00c9crit par\" \/>\n\t<meta name=\"twitter:data1\" content=\"R\u00e9dac. NEWS\" \/>\n\t<meta name=\"twitter:label2\" content=\"Dur\u00e9e de lecture estim\u00e9e\" \/>\n\t<meta name=\"twitter:data2\" content=\"1 minute\" \/>\n<script type=\"application\/ld+json\" class=\"yoast-schema-graph\">{\"@context\":\"https:\/\/schema.org\",\"@graph\":[{\"@type\":\"Article\",\"@id\":\"https:\/\/newsestlyonnais.fr\/site\/2018\/01\/29\/decines-le-cyclo-vtt-a-accueilli-la-soiree-des-trophees-de-la-fsgt-69\/#article\",\"isPartOf\":{\"@id\":\"https:\/\/newsestlyonnais.fr\/site\/2018\/01\/29\/decines-le-cyclo-vtt-a-accueilli-la-soiree-des-trophees-de-la-fsgt-69\/\"},\"author\":{\"name\":\"R\u00e9dac. NEWS\",\"@id\":\"https:\/\/newsestlyonnais.fr\/site\/#\/schema\/person\/3230d5615f390bb808365d673001e887\"},\"headline\":\"DECINES | Le Cyclo VTT a accueilli la soir\u00e9e des troph\u00e9es de la FSGT 69\",\"datePublished\":\"2018-01-29T12:58:39+00:00\",\"dateModified\":\"2020-11-11T13:29:11+00:00\",\"mainEntityOfPage\":{\"@id\":\"https:\/\/newsestlyonnais.fr\/site\/2018\/01\/29\/decines-le-cyclo-vtt-a-accueilli-la-soiree-des-trophees-de-la-fsgt-69\/\"},\"wordCount\":216,\"commentCount\":0,\"publisher\":{\"@id\":\"https:\/\/newsestlyonnais.fr\/site\/#organization\"},\"image\":{\"@id\":\"https:\/\/newsestlyonnais.fr\/site\/2018\/01\/29\/decines-le-cyclo-vtt-a-accueilli-la-soiree-des-trophees-de-la-fsgt-69\/#primaryimage\"},\"thumbnailUrl\":\"https:\/\/newsestlyonnais.fr\/site\/wp-content\/uploads\/2018\/01\/NEWSESTLYONNAIS-DECINES-CYCLO.jpg\",\"articleSection\":[\"Cyclisme | Cyclo | Vtt\",\"D\u00e9cines-Charpieu\",\"Institutions | Troph\u00e9es | J.O.\"],\"inLanguage\":\"fr-FR\",\"potentialAction\":[{\"@type\":\"CommentAction\",\"name\":\"Comment\",\"target\":[\"https:\/\/newsestlyonnais.fr\/site\/2018\/01\/29\/decines-le-cyclo-vtt-a-accueilli-la-soiree-des-trophees-de-la-fsgt-69\/#respond\"]}]},{\"@type\":\"WebPage\",\"@id\":\"https:\/\/newsestlyonnais.fr\/site\/2018\/01\/29\/decines-le-cyclo-vtt-a-accueilli-la-soiree-des-trophees-de-la-fsgt-69\/\",\"url\":\"https:\/\/newsestlyonnais.fr\/site\/2018\/01\/29\/decines-le-cyclo-vtt-a-accueilli-la-soiree-des-trophees-de-la-fsgt-69\/\",\"name\":\"DECINES : Le Cyclo VTT a accueilli la soir\u00e9e des troph\u00e9es de la FSGT 69\",\"isPartOf\":{\"@id\":\"https:\/\/newsestlyonnais.fr\/site\/#website\"},\"primaryImageOfPage\":{\"@id\":\"https:\/\/newsestlyonnais.fr\/site\/2018\/01\/29\/decines-le-cyclo-vtt-a-accueilli-la-soiree-des-trophees-de-la-fsgt-69\/#primaryimage\"},\"image\":{\"@id\":\"https:\/\/newsestlyonnais.fr\/site\/2018\/01\/29\/decines-le-cyclo-vtt-a-accueilli-la-soiree-des-trophees-de-la-fsgt-69\/#primaryimage\"},\"thumbnailUrl\":\"https:\/\/newsestlyonnais.fr\/site\/wp-content\/uploads\/2018\/01\/NEWSESTLYONNAIS-DECINES-CYCLO.jpg\",\"datePublished\":\"2018-01-29T12:58:39+00:00\",\"dateModified\":\"2020-11-11T13:29:11+00:00\",\"description\":\"DECINES : Le Cyclo VTT a accueilli la soir\u00e9e des troph\u00e9es de la FSGT 69\",\"breadcrumb\":{\"@id\":\"https:\/\/newsestlyonnais.fr\/site\/2018\/01\/29\/decines-le-cyclo-vtt-a-accueilli-la-soiree-des-trophees-de-la-fsgt-69\/#breadcrumb\"},\"inLanguage\":\"fr-FR\",\"potentialAction\":[{\"@type\":\"ReadAction\",\"target\":[\"https:\/\/newsestlyonnais.fr\/site\/2018\/01\/29\/decines-le-cyclo-vtt-a-accueilli-la-soiree-des-trophees-de-la-fsgt-69\/\"]}]},{\"@type\":\"ImageObject\",\"inLanguage\":\"fr-FR\",\"@id\":\"https:\/\/newsestlyonnais.fr\/site\/2018\/01\/29\/decines-le-cyclo-vtt-a-accueilli-la-soiree-des-trophees-de-la-fsgt-69\/#primaryimage\",\"url\":\"https:\/\/newsestlyonnais.fr\/site\/wp-content\/uploads\/2018\/01\/NEWSESTLYONNAIS-DECINES-CYCLO.jpg\",\"contentUrl\":\"https:\/\/newsestlyonnais.fr\/site\/wp-content\/uploads\/2018\/01\/NEWSESTLYONNAIS-DECINES-CYCLO.jpg\",\"width\":2048,\"height\":1536,\"caption\":\"NEWSESTLYONNAIS - DECINES CYCLO\"},{\"@type\":\"BreadcrumbList\",\"@id\":\"https:\/\/newsestlyonnais.fr\/site\/2018\/01\/29\/decines-le-cyclo-vtt-a-accueilli-la-soiree-des-trophees-de-la-fsgt-69\/#breadcrumb\",\"itemListElement\":[{\"@type\":\"ListItem\",\"position\":1,\"name\":\"Accueil\",\"item\":\"https:\/\/newsestlyonnais.fr\/site\/\"},{\"@type\":\"ListItem\",\"position\":2,\"name\":\"DECINES | Le Cyclo VTT a accueilli la soir\u00e9e des troph\u00e9es de la FSGT 69\"}]},{\"@type\":\"WebSite\",\"@id\":\"https:\/\/newsestlyonnais.fr\/site\/#website\",\"url\":\"https:\/\/newsestlyonnais.fr\/site\/\",\"name\":\"News Est Lyonnais\",\"description\":\"L&#039;actualit\u00e9 au plus pr\u00e8s\",\"publisher\":{\"@id\":\"https:\/\/newsestlyonnais.fr\/site\/#organization\"},\"potentialAction\":[{\"@type\":\"SearchAction\",\"target\":{\"@type\":\"EntryPoint\",\"urlTemplate\":\"https:\/\/newsestlyonnais.fr\/site\/?s={search_term_string}\"},\"query-input\":{\"@type\":\"PropertyValueSpecification\",\"valueRequired\":true,\"valueName\":\"search_term_string\"}}],\"inLanguage\":\"fr-FR\"},{\"@type\":\"Organization\",\"@id\":\"https:\/\/newsestlyonnais.fr\/site\/#organization\",\"name\":\"News EST LYONNAIS\",\"url\":\"https:\/\/newsestlyonnais.fr\/site\/\",\"logo\":{\"@type\":\"ImageObject\",\"inLanguage\":\"fr-FR\",\"@id\":\"https:\/\/newsestlyonnais.fr\/site\/#\/schema\/logo\/image\/\",\"url\":\"\",\"contentUrl\":\"\",\"caption\":\"News EST LYONNAIS\"},\"image\":{\"@id\":\"https:\/\/newsestlyonnais.fr\/site\/#\/schema\/logo\/image\/\"}},{\"@type\":\"Person\",\"@id\":\"https:\/\/newsestlyonnais.fr\/site\/#\/schema\/person\/3230d5615f390bb808365d673001e887\",\"name\":\"R\u00e9dac. NEWS\",\"sameAs\":[\"http:\/\/www.newsestlyonnais.fr\",\"https:\/\/www.facebook.com\/pascal.oberson.1?fref=ts\",\"https:\/\/fr.linkedin.com\/in\/pascal-oberson-b17045113\"],\"url\":\"https:\/\/newsestlyonnais.fr\/site\/author\/nel\/\"}]}<\/script>\n<!-- \/ Yoast SEO plugin. -->","yoast_head_json":{"title":"DECINES : Le Cyclo VTT a accueilli la soir\u00e9e des troph\u00e9es de la FSGT 69","description":"DECINES : Le Cyclo VTT a accueilli la soir\u00e9e des troph\u00e9es de la FSGT 69","robots":{"index":"index","follow":"follow","max-snippet":"max-snippet:-1","max-image-preview":"max-image-preview:large","max-video-preview":"max-video-preview:-1"},"canonical":"https:\/\/newsestlyonnais.fr\/site\/2018\/01\/29\/decines-le-cyclo-vtt-a-accueilli-la-soiree-des-trophees-de-la-fsgt-69\/","og_locale":"fr_FR","og_type":"article","og_title":"DECINES : Le Cyclo VTT a accueilli la soir\u00e9e des troph\u00e9es de la FSGT 69","og_description":"DECINES : Le Cyclo VTT a accueilli la soir\u00e9e des troph\u00e9es de la FSGT 69","og_url":"https:\/\/newsestlyonnais.fr\/site\/2018\/01\/29\/decines-le-cyclo-vtt-a-accueilli-la-soiree-des-trophees-de-la-fsgt-69\/","og_site_name":"News Est Lyonnais","article_author":"https:\/\/www.facebook.com\/pascal.oberson.1?fref=ts","article_published_time":"2018-01-29T12:58:39+00:00","article_modified_time":"2020-11-11T13:29:11+00:00","og_image":[{"width":2048,"height":1536,"url":"https:\/\/i2.wp.com\/newsestlyonnais.fr\/site\/wp-content\/uploads\/2018\/01\/NEWSESTLYONNAIS-DECINES-CYCLO.jpg?fit=2048%2C1536&ssl=1","type":"image\/jpeg"}],"author":"R\u00e9dac. NEWS","twitter_card":"summary_large_image","twitter_misc":{"\u00c9crit par":"R\u00e9dac. NEWS","Dur\u00e9e de lecture estim\u00e9e":"1 minute"},"schema":{"@context":"https:\/\/schema.org","@graph":[{"@type":"Article","@id":"https:\/\/newsestlyonnais.fr\/site\/2018\/01\/29\/decines-le-cyclo-vtt-a-accueilli-la-soiree-des-trophees-de-la-fsgt-69\/#article","isPartOf":{"@id":"https:\/\/newsestlyonnais.fr\/site\/2018\/01\/29\/decines-le-cyclo-vtt-a-accueilli-la-soiree-des-trophees-de-la-fsgt-69\/"},"author":{"name":"R\u00e9dac. NEWS","@id":"https:\/\/newsestlyonnais.fr\/site\/#\/schema\/person\/3230d5615f390bb808365d673001e887"},"headline":"DECINES | Le Cyclo VTT a accueilli la soir\u00e9e des troph\u00e9es de la FSGT 69","datePublished":"2018-01-29T12:58:39+00:00","dateModified":"2020-11-11T13:29:11+00:00","mainEntityOfPage":{"@id":"https:\/\/newsestlyonnais.fr\/site\/2018\/01\/29\/decines-le-cyclo-vtt-a-accueilli-la-soiree-des-trophees-de-la-fsgt-69\/"},"wordCount":216,"commentCount":0,"publisher":{"@id":"https:\/\/newsestlyonnais.fr\/site\/#organization"},"image":{"@id":"https:\/\/newsestlyonnais.fr\/site\/2018\/01\/29\/decines-le-cyclo-vtt-a-accueilli-la-soiree-des-trophees-de-la-fsgt-69\/#primaryimage"},"thumbnailUrl":"https:\/\/newsestlyonnais.fr\/site\/wp-content\/uploads\/2018\/01\/NEWSESTLYONNAIS-DECINES-CYCLO.jpg","articleSection":["Cyclisme | Cyclo | Vtt","D\u00e9cines-Charpieu","Institutions | Troph\u00e9es | J.O."],"inLanguage":"fr-FR","potentialAction":[{"@type":"CommentAction","name":"Comment","target":["https:\/\/newsestlyonnais.fr\/site\/2018\/01\/29\/decines-le-cyclo-vtt-a-accueilli-la-soiree-des-trophees-de-la-fsgt-69\/#respond"]}]},{"@type":"WebPage","@id":"https:\/\/newsestlyonnais.fr\/site\/2018\/01\/29\/decines-le-cyclo-vtt-a-accueilli-la-soiree-des-trophees-de-la-fsgt-69\/","url":"https:\/\/newsestlyonnais.fr\/site\/2018\/01\/29\/decines-le-cyclo-vtt-a-accueilli-la-soiree-des-trophees-de-la-fsgt-69\/","name":"DECINES : Le Cyclo VTT a accueilli la soir\u00e9e des troph\u00e9es de la FSGT 69","isPartOf":{"@id":"https:\/\/newsestlyonnais.fr\/site\/#website"},"primaryImageOfPage":{"@id":"https:\/\/newsestlyonnais.fr\/site\/2018\/01\/29\/decines-le-cyclo-vtt-a-accueilli-la-soiree-des-trophees-de-la-fsgt-69\/#primaryimage"},"image":{"@id":"https:\/\/newsestlyonnais.fr\/site\/2018\/01\/29\/decines-le-cyclo-vtt-a-accueilli-la-soiree-des-trophees-de-la-fsgt-69\/#primaryimage"},"thumbnailUrl":"https:\/\/newsestlyonnais.fr\/site\/wp-content\/uploads\/2018\/01\/NEWSESTLYONNAIS-DECINES-CYCLO.jpg","datePublished":"2018-01-29T12:58:39+00:00","dateModified":"2020-11-11T13:29:11+00:00","description":"DECINES : Le Cyclo VTT a accueilli la soir\u00e9e des troph\u00e9es de la FSGT 69","breadcrumb":{"@id":"https:\/\/newsestlyonnais.fr\/site\/2018\/01\/29\/decines-le-cyclo-vtt-a-accueilli-la-soiree-des-trophees-de-la-fsgt-69\/#breadcrumb"},"inLanguage":"fr-FR","potentialAction":[{"@type":"ReadAction","target":["https:\/\/newsestlyonnais.fr\/site\/2018\/01\/29\/decines-le-cyclo-vtt-a-accueilli-la-soiree-des-trophees-de-la-fsgt-69\/"]}]},{"@type":"ImageObject","inLanguage":"fr-FR","@id":"https:\/\/newsestlyonnais.fr\/site\/2018\/01\/29\/decines-le-cyclo-vtt-a-accueilli-la-soiree-des-trophees-de-la-fsgt-69\/#primaryimage","url":"https:\/\/newsestlyonnais.fr\/site\/wp-content\/uploads\/2018\/01\/NEWSESTLYONNAIS-DECINES-CYCLO.jpg","contentUrl":"https:\/\/newsestlyonnais.fr\/site\/wp-content\/uploads\/2018\/01\/NEWSESTLYONNAIS-DECINES-CYCLO.jpg","width":2048,"height":1536,"caption":"NEWSESTLYONNAIS - DECINES CYCLO"},{"@type":"BreadcrumbList","@id":"https:\/\/newsestlyonnais.fr\/site\/2018\/01\/29\/decines-le-cyclo-vtt-a-accueilli-la-soiree-des-trophees-de-la-fsgt-69\/#breadcrumb","itemListElement":[{"@type":"ListItem","position":1,"name":"Accueil","item":"https:\/\/newsestlyonnais.fr\/site\/"},{"@type":"ListItem","position":2,"name":"DECINES | Le Cyclo VTT a accueilli la soir\u00e9e des troph\u00e9es de la FSGT 69"}]},{"@type":"WebSite","@id":"https:\/\/newsestlyonnais.fr\/site\/#website","url":"https:\/\/newsestlyonnais.fr\/site\/","name":"News Est Lyonnais","description":"L&#039;actualit\u00e9 au plus pr\u00e8s","publisher":{"@id":"https:\/\/newsestlyonnais.fr\/site\/#organization"},"potentialAction":[{"@type":"SearchAction","target":{"@type":"EntryPoint","urlTemplate":"https:\/\/newsestlyonnais.fr\/site\/?s={search_term_string}"},"query-input":{"@type":"PropertyValueSpecification","valueRequired":true,"valueName":"search_term_string"}}],"inLanguage":"fr-FR"},{"@type":"Organization","@id":"https:\/\/newsestlyonnais.fr\/site\/#organization","name":"News EST LYONNAIS","url":"https:\/\/newsestlyonnais.fr\/site\/","logo":{"@type":"ImageObject","inLanguage":"fr-FR","@id":"https:\/\/newsestlyonnais.fr\/site\/#\/schema\/logo\/image\/","url":"","contentUrl":"","caption":"News EST LYONNAIS"},"image":{"@id":"https:\/\/newsestlyonnais.fr\/site\/#\/schema\/logo\/image\/"}},{"@type":"Person","@id":"https:\/\/newsestlyonnais.fr\/site\/#\/schema\/person\/3230d5615f390bb808365d673001e887","name":"R\u00e9dac. NEWS","sameAs":["http:\/\/www.newsestlyonnais.fr","https:\/\/www.facebook.com\/pascal.oberson.1?fref=ts","https:\/\/fr.linkedin.com\/in\/pascal-oberson-b17045113"],"url":"https:\/\/newsestlyonnais.fr\/site\/author\/nel\/"}]}},"_links":{"self":[{"href":"https:\/\/newsestlyonnais.fr\/site\/wp-json\/wp\/v2\/posts\/42966","targetHints":{"allow":["GET"]}}],"collection":[{"href":"https:\/\/newsestlyonnais.fr\/site\/wp-json\/wp\/v2\/posts"}],"about":[{"href":"https:\/\/newsestlyonnais.fr\/site\/wp-json\/wp\/v2\/types\/post"}],"author":[{"embeddable":true,"href":"https:\/\/newsestlyonnais.fr\/site\/wp-json\/wp\/v2\/users\/4"}],"replies":[{"embeddable":true,"href":"https:\/\/newsestlyonnais.fr\/site\/wp-json\/wp\/v2\/comments?post=42966"}],"version-history":[{"count":0,"href":"https:\/\/newsestlyonnais.fr\/site\/wp-json\/wp\/v2\/posts\/42966\/revisions"}],"wp:featuredmedia":[{"embeddable":true,"href":"https:\/\/newsestlyonnais.fr\/site\/wp-json\/wp\/v2\/media\/42968"}],"wp:attachment":[{"href":"https:\/\/newsestlyonnais.fr\/site\/wp-json\/wp\/v2\/media?parent=42966"}],"wp:term":[{"taxonomy":"category","embeddable":true,"href":"https:\/\/newsestlyonnais.fr\/site\/wp-json\/wp\/v2\/categories?post=42966"},{"taxonomy":"post_tag","embeddable":true,"href":"https:\/\/newsestlyonnais.fr\/site\/wp-json\/wp\/v2\/tags?post=42966"}],"curies":[{"name":"wp","href":"https:\/\/api.w.org\/{rel}","templated":true}]}}