{"id":42969,"date":"2018-01-27T20:49:18","date_gmt":"2018-01-27T19:49:18","guid":{"rendered":"http:\/\/newsestlyonnais.fr\/site\/?p=42969"},"modified":"2020-11-17T11:12:06","modified_gmt":"2020-11-17T10:12:06","slug":"genas-une-page-se-tourne-aux-doigts-agiles","status":"publish","type":"post","link":"https:\/\/newsestlyonnais.fr\/site\/2018\/01\/27\/genas-une-page-se-tourne-aux-doigts-agiles\/","title":{"rendered":"GENAS | Une page se tourne aux \u00ab\u00a0Doigts Agiles\u00a0\u00bb"},"content":{"rendered":"<p>Cette association propose des activit\u00e9s manuelles et r\u00e9cr\u00e9atives, comme peinture (sur bois, porcelaine, soie) et poterie. Forte de 39 adh\u00e9rents, dont 3 enfants, elle tenait son annuelle assembl\u00e9e g\u00e9n\u00e9rale samedi apr\u00e8s-midi, dans son fief de l&rsquo;Espace Gandil. Lors de cette r\u00e9union il a \u00e9t\u00e9 act\u00e9 le d\u00e9part de sa pr\u00e9sidente Liliane Lamberton, \u00e0 la t\u00eate de l&rsquo;association depuis trois d\u00e9cennies et sa prise de fonction en novembre 1987. Souhaitant prendre du recul, elle poursuivra en tant qu&rsquo; animatrice en dispensant 4 cours (enfants &amp; adultes) par semaine.<\/p>\n<p>Sa succession n&rsquo; a pas encore \u00e9t\u00e9 officialis\u00e9e, puisque le nouveau conseil d&rsquo;administration compos\u00e9 de 4 personnes (PHOTO A LA UNE) : Marie-Claude Ardouin, Fran\u00e7oise Bottex, Laurence Guillot &amp; Christiane Peissel, proc\u00e9dera \u00e0 l&rsquo;attribution des nouveaux postes de dirigeants le vendredi 2 F\u00e9vrier. A l&rsquo;issue de cette premi\u00e8re r\u00e9union, la nouvelle pr\u00e9sidente sera d\u00e9sign\u00e9e ainsi que les autres fonctions principales.<\/p>\n<p><span style=\"text-decoration: underline\"><em><strong>NOTA :<\/strong> <\/em><\/span>L&rsquo;association organisera des stages les 13 f\u00e9vrier (vannerie) &amp; 17 mars (peinture d\u00e9corative sur soie) (affiches ci-dessous) et participera le 2 juin prochain \u00e0 la manifestation locale \u00ab\u00a0Ensemble partageons nos passions\u00a0\u00bb mise en place par la municipalit\u00e9.<\/p>\n<p><strong>&#8211; Contact \u00ab\u00a0Doigts Agiles\u00a0\u00bb<\/strong> : Espace Gandil, rue Danton Genas \/doigtsagiles@orange.fr<\/p>\n<div id='gallery-1' class='gallery galleryid-42969 gallery-columns-3 gallery-size-thumbnail'><figure class='gallery-item'>\n\t\t\t<div class='gallery-icon landscape'>\n\t\t\t\t<a href='https:\/\/newsestlyonnais.fr\/site\/2018\/01\/27\/genas-une-page-se-tourne-aux-doigts-agiles\/newsestlyonnais-depart-pte-doigts-agiles\/'><img loading=\"lazy\" decoding=\"async\" width=\"150\" height=\"150\" src=\"https:\/\/newsestlyonnais.fr\/site\/wp-content\/uploads\/2018\/01\/NEWSESTLYONNAIS-DEPART-PTE-DOIGTS-AGILES-150x150.jpg\" class=\"attachment-thumbnail size-thumbnail\" alt=\"NEWSESTLYONNAIS - DEPART PTE DOIGTS AGILES\" aria-describedby=\"gallery-1-42980\" \/><\/a>\n\t\t\t<\/div>\n\t\t\t\t<figcaption class='wp-caption-text gallery-caption' id='gallery-1-42980'>\n\t\t\t\tLiliane Lamberton (\u00e0 gauche) honor\u00e9e \u00e0 l&rsquo;occasion de son d\u00e9part de la pr\u00e9sidence \n\t\t\t\t<\/figcaption><\/figure><figure class='gallery-item'>\n\t\t\t<div class='gallery-icon portrait'>\n\t\t\t\t<a href='https:\/\/newsestlyonnais.fr\/site\/newsestlyonnais-stage-vannerie\/'><img loading=\"lazy\" decoding=\"async\" width=\"150\" height=\"150\" src=\"https:\/\/newsestlyonnais.fr\/site\/wp-content\/uploads\/2018\/01\/NEWSESTLYONNAIS-Stage-vannerie-150x150.jpg\" class=\"attachment-thumbnail size-thumbnail\" alt=\"NEWSESTLYONNAIS Stage vannerie\" aria-describedby=\"gallery-1-42983\" \/><\/a>\n\t\t\t<\/div>\n\t\t\t\t<figcaption class='wp-caption-text gallery-caption' id='gallery-1-42983'>\n\t\t\t\t      Stage de Vannerie\n\t\t\t\t<\/figcaption><\/figure><figure class='gallery-item'>\n\t\t\t<div class='gallery-icon portrait'>\n\t\t\t\t<a href='https:\/\/newsestlyonnais.fr\/site\/newsestlyonnais-stage-peinture-sur-soie\/'><img loading=\"lazy\" decoding=\"async\" width=\"150\" height=\"150\" src=\"https:\/\/newsestlyonnais.fr\/site\/wp-content\/uploads\/2018\/01\/NEWSESTLYONNAIS-Stage-peinture-sur-soie-150x150.jpg\" class=\"attachment-thumbnail size-thumbnail\" alt=\"NEWSESTLYONNAIS Stage peinture sur soie\" aria-describedby=\"gallery-1-42985\" \/><\/a>\n\t\t\t<\/div>\n\t\t\t\t<figcaption class='wp-caption-text gallery-caption' id='gallery-1-42985'>\n\t\t\t\tStage de peinture d\u00e9corative sur soie\n\t\t\t\t<\/figcaption><\/figure>\n\t\t<\/div>\n\n","protected":false},"excerpt":{"rendered":"<p>Cette journ\u00e9e du samedi 27 janvier 2018 restera \u00e0 jamais comme une date importante dans l&rsquo;historique des \u00ab\u00a0Doigts Agiles\u00a0\u00bb.<\/p>\n","protected":false},"author":4,"featured_media":42973,"comment_status":"open","ping_status":"open","sticky":false,"template":"","format":"standard","meta":{"footnotes":""},"categories":[3427,270,1598,3007],"tags":[],"class_list":["post-42969","post","type-post","status-publish","format-standard","has-post-thumbnail","hentry","category-arts-creatifs-dessin","category-cte-de-communes-c-c-e-l","category-genas","category-peinture-photo-sculpture"],"yoast_head":"<!-- This site is optimized with the Yoast SEO plugin v27.2 - https:\/\/yoast.com\/product\/yoast-seo-wordpress\/ -->\n<title>GENAS : Une page se tourne aux &quot;Doigts Agiles&quot;<\/title>\n<meta name=\"description\" content=\"GENAS : Une page se tourne aux &quot;Doigts Agiles&quot;\" \/>\n<meta name=\"robots\" content=\"index, follow, max-snippet:-1, max-image-preview:large, max-video-preview:-1\" \/>\n<link rel=\"canonical\" href=\"https:\/\/newsestlyonnais.fr\/site\/2018\/01\/27\/genas-une-page-se-tourne-aux-doigts-agiles\/\" \/>\n<meta property=\"og:locale\" content=\"fr_FR\" \/>\n<meta property=\"og:type\" content=\"article\" \/>\n<meta property=\"og:title\" content=\"GENAS : Une page se tourne aux &quot;Doigts Agiles&quot;\" \/>\n<meta property=\"og:description\" content=\"GENAS : Une page se tourne aux &quot;Doigts Agiles&quot;\" \/>\n<meta property=\"og:url\" content=\"https:\/\/newsestlyonnais.fr\/site\/2018\/01\/27\/genas-une-page-se-tourne-aux-doigts-agiles\/\" \/>\n<meta property=\"og:site_name\" content=\"News Est Lyonnais\" \/>\n<meta property=\"article:author\" content=\"https:\/\/www.facebook.com\/pascal.oberson.1?fref=ts\" \/>\n<meta property=\"article:published_time\" content=\"2018-01-27T19:49:18+00:00\" \/>\n<meta property=\"article:modified_time\" content=\"2020-11-17T10:12:06+00:00\" \/>\n<meta property=\"og:image\" content=\"https:\/\/i1.wp.com\/newsestlyonnais.fr\/site\/wp-content\/uploads\/2018\/01\/NEWSESTLYONNAIS-buro-doigts-agiles-1.jpg?fit=2048%2C1536&ssl=1\" \/>\n\t<meta property=\"og:image:width\" content=\"2048\" \/>\n\t<meta property=\"og:image:height\" content=\"1536\" \/>\n\t<meta property=\"og:image:type\" content=\"image\/jpeg\" \/>\n<meta name=\"author\" content=\"R\u00e9dac. NEWS\" \/>\n<meta name=\"twitter:card\" content=\"summary_large_image\" \/>\n<meta name=\"twitter:label1\" content=\"\u00c9crit par\" \/>\n\t<meta name=\"twitter:data1\" content=\"R\u00e9dac. NEWS\" \/>\n\t<meta name=\"twitter:label2\" content=\"Dur\u00e9e de lecture estim\u00e9e\" \/>\n\t<meta name=\"twitter:data2\" content=\"1 minute\" \/>\n<script type=\"application\/ld+json\" class=\"yoast-schema-graph\">{\"@context\":\"https:\/\/schema.org\",\"@graph\":[{\"@type\":\"Article\",\"@id\":\"https:\/\/newsestlyonnais.fr\/site\/2018\/01\/27\/genas-une-page-se-tourne-aux-doigts-agiles\/#article\",\"isPartOf\":{\"@id\":\"https:\/\/newsestlyonnais.fr\/site\/2018\/01\/27\/genas-une-page-se-tourne-aux-doigts-agiles\/\"},\"author\":{\"name\":\"R\u00e9dac. NEWS\",\"@id\":\"https:\/\/newsestlyonnais.fr\/site\/#\/schema\/person\/3230d5615f390bb808365d673001e887\"},\"headline\":\"GENAS | Une page se tourne aux \u00ab\u00a0Doigts Agiles\u00a0\u00bb\",\"datePublished\":\"2018-01-27T19:49:18+00:00\",\"dateModified\":\"2020-11-17T10:12:06+00:00\",\"mainEntityOfPage\":{\"@id\":\"https:\/\/newsestlyonnais.fr\/site\/2018\/01\/27\/genas-une-page-se-tourne-aux-doigts-agiles\/\"},\"wordCount\":226,\"commentCount\":0,\"publisher\":{\"@id\":\"https:\/\/newsestlyonnais.fr\/site\/#organization\"},\"image\":{\"@id\":\"https:\/\/newsestlyonnais.fr\/site\/2018\/01\/27\/genas-une-page-se-tourne-aux-doigts-agiles\/#primaryimage\"},\"thumbnailUrl\":\"https:\/\/newsestlyonnais.fr\/site\/wp-content\/uploads\/2018\/01\/NEWSESTLYONNAIS-buro-doigts-agiles-1.jpg\",\"articleSection\":[\"Arts cr\u00e9atifs | Dessin\",\"CCEL | Communes\",\"Genas\",\"Peinture | Photo | Sculpture\"],\"inLanguage\":\"fr-FR\",\"potentialAction\":[{\"@type\":\"CommentAction\",\"name\":\"Comment\",\"target\":[\"https:\/\/newsestlyonnais.fr\/site\/2018\/01\/27\/genas-une-page-se-tourne-aux-doigts-agiles\/#respond\"]}]},{\"@type\":\"WebPage\",\"@id\":\"https:\/\/newsestlyonnais.fr\/site\/2018\/01\/27\/genas-une-page-se-tourne-aux-doigts-agiles\/\",\"url\":\"https:\/\/newsestlyonnais.fr\/site\/2018\/01\/27\/genas-une-page-se-tourne-aux-doigts-agiles\/\",\"name\":\"GENAS : Une page se tourne aux \\\"Doigts Agiles\\\"\",\"isPartOf\":{\"@id\":\"https:\/\/newsestlyonnais.fr\/site\/#website\"},\"primaryImageOfPage\":{\"@id\":\"https:\/\/newsestlyonnais.fr\/site\/2018\/01\/27\/genas-une-page-se-tourne-aux-doigts-agiles\/#primaryimage\"},\"image\":{\"@id\":\"https:\/\/newsestlyonnais.fr\/site\/2018\/01\/27\/genas-une-page-se-tourne-aux-doigts-agiles\/#primaryimage\"},\"thumbnailUrl\":\"https:\/\/newsestlyonnais.fr\/site\/wp-content\/uploads\/2018\/01\/NEWSESTLYONNAIS-buro-doigts-agiles-1.jpg\",\"datePublished\":\"2018-01-27T19:49:18+00:00\",\"dateModified\":\"2020-11-17T10:12:06+00:00\",\"description\":\"GENAS : Une page se tourne aux \\\"Doigts Agiles\\\"\",\"breadcrumb\":{\"@id\":\"https:\/\/newsestlyonnais.fr\/site\/2018\/01\/27\/genas-une-page-se-tourne-aux-doigts-agiles\/#breadcrumb\"},\"inLanguage\":\"fr-FR\",\"potentialAction\":[{\"@type\":\"ReadAction\",\"target\":[\"https:\/\/newsestlyonnais.fr\/site\/2018\/01\/27\/genas-une-page-se-tourne-aux-doigts-agiles\/\"]}]},{\"@type\":\"ImageObject\",\"inLanguage\":\"fr-FR\",\"@id\":\"https:\/\/newsestlyonnais.fr\/site\/2018\/01\/27\/genas-une-page-se-tourne-aux-doigts-agiles\/#primaryimage\",\"url\":\"https:\/\/newsestlyonnais.fr\/site\/wp-content\/uploads\/2018\/01\/NEWSESTLYONNAIS-buro-doigts-agiles-1.jpg\",\"contentUrl\":\"https:\/\/newsestlyonnais.fr\/site\/wp-content\/uploads\/2018\/01\/NEWSESTLYONNAIS-buro-doigts-agiles-1.jpg\",\"width\":2048,\"height\":1536,\"caption\":\"NEWSESTLYONNAIS - buro doigts agiles\"},{\"@type\":\"BreadcrumbList\",\"@id\":\"https:\/\/newsestlyonnais.fr\/site\/2018\/01\/27\/genas-une-page-se-tourne-aux-doigts-agiles\/#breadcrumb\",\"itemListElement\":[{\"@type\":\"ListItem\",\"position\":1,\"name\":\"Accueil\",\"item\":\"https:\/\/newsestlyonnais.fr\/site\/\"},{\"@type\":\"ListItem\",\"position\":2,\"name\":\"GENAS | Une page se tourne aux \u00ab\u00a0Doigts Agiles\u00a0\u00bb\"}]},{\"@type\":\"WebSite\",\"@id\":\"https:\/\/newsestlyonnais.fr\/site\/#website\",\"url\":\"https:\/\/newsestlyonnais.fr\/site\/\",\"name\":\"News Est Lyonnais\",\"description\":\"L&#039;actualit\u00e9 au plus pr\u00e8s\",\"publisher\":{\"@id\":\"https:\/\/newsestlyonnais.fr\/site\/#organization\"},\"potentialAction\":[{\"@type\":\"SearchAction\",\"target\":{\"@type\":\"EntryPoint\",\"urlTemplate\":\"https:\/\/newsestlyonnais.fr\/site\/?s={search_term_string}\"},\"query-input\":{\"@type\":\"PropertyValueSpecification\",\"valueRequired\":true,\"valueName\":\"search_term_string\"}}],\"inLanguage\":\"fr-FR\"},{\"@type\":\"Organization\",\"@id\":\"https:\/\/newsestlyonnais.fr\/site\/#organization\",\"name\":\"News EST LYONNAIS\",\"url\":\"https:\/\/newsestlyonnais.fr\/site\/\",\"logo\":{\"@type\":\"ImageObject\",\"inLanguage\":\"fr-FR\",\"@id\":\"https:\/\/newsestlyonnais.fr\/site\/#\/schema\/logo\/image\/\",\"url\":\"\",\"contentUrl\":\"\",\"caption\":\"News EST LYONNAIS\"},\"image\":{\"@id\":\"https:\/\/newsestlyonnais.fr\/site\/#\/schema\/logo\/image\/\"}},{\"@type\":\"Person\",\"@id\":\"https:\/\/newsestlyonnais.fr\/site\/#\/schema\/person\/3230d5615f390bb808365d673001e887\",\"name\":\"R\u00e9dac. NEWS\",\"sameAs\":[\"http:\/\/www.newsestlyonnais.fr\",\"https:\/\/www.facebook.com\/pascal.oberson.1?fref=ts\",\"https:\/\/fr.linkedin.com\/in\/pascal-oberson-b17045113\"],\"url\":\"https:\/\/newsestlyonnais.fr\/site\/author\/nel\/\"}]}<\/script>\n<!-- \/ Yoast SEO plugin. -->","yoast_head_json":{"title":"GENAS : Une page se tourne aux \"Doigts Agiles\"","description":"GENAS : Une page se tourne aux \"Doigts Agiles\"","robots":{"index":"index","follow":"follow","max-snippet":"max-snippet:-1","max-image-preview":"max-image-preview:large","max-video-preview":"max-video-preview:-1"},"canonical":"https:\/\/newsestlyonnais.fr\/site\/2018\/01\/27\/genas-une-page-se-tourne-aux-doigts-agiles\/","og_locale":"fr_FR","og_type":"article","og_title":"GENAS : Une page se tourne aux \"Doigts Agiles\"","og_description":"GENAS : Une page se tourne aux \"Doigts Agiles\"","og_url":"https:\/\/newsestlyonnais.fr\/site\/2018\/01\/27\/genas-une-page-se-tourne-aux-doigts-agiles\/","og_site_name":"News Est Lyonnais","article_author":"https:\/\/www.facebook.com\/pascal.oberson.1?fref=ts","article_published_time":"2018-01-27T19:49:18+00:00","article_modified_time":"2020-11-17T10:12:06+00:00","og_image":[{"width":2048,"height":1536,"url":"https:\/\/i1.wp.com\/newsestlyonnais.fr\/site\/wp-content\/uploads\/2018\/01\/NEWSESTLYONNAIS-buro-doigts-agiles-1.jpg?fit=2048%2C1536&ssl=1","type":"image\/jpeg"}],"author":"R\u00e9dac. NEWS","twitter_card":"summary_large_image","twitter_misc":{"\u00c9crit par":"R\u00e9dac. NEWS","Dur\u00e9e de lecture estim\u00e9e":"1 minute"},"schema":{"@context":"https:\/\/schema.org","@graph":[{"@type":"Article","@id":"https:\/\/newsestlyonnais.fr\/site\/2018\/01\/27\/genas-une-page-se-tourne-aux-doigts-agiles\/#article","isPartOf":{"@id":"https:\/\/newsestlyonnais.fr\/site\/2018\/01\/27\/genas-une-page-se-tourne-aux-doigts-agiles\/"},"author":{"name":"R\u00e9dac. NEWS","@id":"https:\/\/newsestlyonnais.fr\/site\/#\/schema\/person\/3230d5615f390bb808365d673001e887"},"headline":"GENAS | Une page se tourne aux \u00ab\u00a0Doigts Agiles\u00a0\u00bb","datePublished":"2018-01-27T19:49:18+00:00","dateModified":"2020-11-17T10:12:06+00:00","mainEntityOfPage":{"@id":"https:\/\/newsestlyonnais.fr\/site\/2018\/01\/27\/genas-une-page-se-tourne-aux-doigts-agiles\/"},"wordCount":226,"commentCount":0,"publisher":{"@id":"https:\/\/newsestlyonnais.fr\/site\/#organization"},"image":{"@id":"https:\/\/newsestlyonnais.fr\/site\/2018\/01\/27\/genas-une-page-se-tourne-aux-doigts-agiles\/#primaryimage"},"thumbnailUrl":"https:\/\/newsestlyonnais.fr\/site\/wp-content\/uploads\/2018\/01\/NEWSESTLYONNAIS-buro-doigts-agiles-1.jpg","articleSection":["Arts cr\u00e9atifs | Dessin","CCEL | Communes","Genas","Peinture | Photo | Sculpture"],"inLanguage":"fr-FR","potentialAction":[{"@type":"CommentAction","name":"Comment","target":["https:\/\/newsestlyonnais.fr\/site\/2018\/01\/27\/genas-une-page-se-tourne-aux-doigts-agiles\/#respond"]}]},{"@type":"WebPage","@id":"https:\/\/newsestlyonnais.fr\/site\/2018\/01\/27\/genas-une-page-se-tourne-aux-doigts-agiles\/","url":"https:\/\/newsestlyonnais.fr\/site\/2018\/01\/27\/genas-une-page-se-tourne-aux-doigts-agiles\/","name":"GENAS : Une page se tourne aux \"Doigts Agiles\"","isPartOf":{"@id":"https:\/\/newsestlyonnais.fr\/site\/#website"},"primaryImageOfPage":{"@id":"https:\/\/newsestlyonnais.fr\/site\/2018\/01\/27\/genas-une-page-se-tourne-aux-doigts-agiles\/#primaryimage"},"image":{"@id":"https:\/\/newsestlyonnais.fr\/site\/2018\/01\/27\/genas-une-page-se-tourne-aux-doigts-agiles\/#primaryimage"},"thumbnailUrl":"https:\/\/newsestlyonnais.fr\/site\/wp-content\/uploads\/2018\/01\/NEWSESTLYONNAIS-buro-doigts-agiles-1.jpg","datePublished":"2018-01-27T19:49:18+00:00","dateModified":"2020-11-17T10:12:06+00:00","description":"GENAS : Une page se tourne aux \"Doigts Agiles\"","breadcrumb":{"@id":"https:\/\/newsestlyonnais.fr\/site\/2018\/01\/27\/genas-une-page-se-tourne-aux-doigts-agiles\/#breadcrumb"},"inLanguage":"fr-FR","potentialAction":[{"@type":"ReadAction","target":["https:\/\/newsestlyonnais.fr\/site\/2018\/01\/27\/genas-une-page-se-tourne-aux-doigts-agiles\/"]}]},{"@type":"ImageObject","inLanguage":"fr-FR","@id":"https:\/\/newsestlyonnais.fr\/site\/2018\/01\/27\/genas-une-page-se-tourne-aux-doigts-agiles\/#primaryimage","url":"https:\/\/newsestlyonnais.fr\/site\/wp-content\/uploads\/2018\/01\/NEWSESTLYONNAIS-buro-doigts-agiles-1.jpg","contentUrl":"https:\/\/newsestlyonnais.fr\/site\/wp-content\/uploads\/2018\/01\/NEWSESTLYONNAIS-buro-doigts-agiles-1.jpg","width":2048,"height":1536,"caption":"NEWSESTLYONNAIS - buro doigts agiles"},{"@type":"BreadcrumbList","@id":"https:\/\/newsestlyonnais.fr\/site\/2018\/01\/27\/genas-une-page-se-tourne-aux-doigts-agiles\/#breadcrumb","itemListElement":[{"@type":"ListItem","position":1,"name":"Accueil","item":"https:\/\/newsestlyonnais.fr\/site\/"},{"@type":"ListItem","position":2,"name":"GENAS | Une page se tourne aux \u00ab\u00a0Doigts Agiles\u00a0\u00bb"}]},{"@type":"WebSite","@id":"https:\/\/newsestlyonnais.fr\/site\/#website","url":"https:\/\/newsestlyonnais.fr\/site\/","name":"News Est Lyonnais","description":"L&#039;actualit\u00e9 au plus pr\u00e8s","publisher":{"@id":"https:\/\/newsestlyonnais.fr\/site\/#organization"},"potentialAction":[{"@type":"SearchAction","target":{"@type":"EntryPoint","urlTemplate":"https:\/\/newsestlyonnais.fr\/site\/?s={search_term_string}"},"query-input":{"@type":"PropertyValueSpecification","valueRequired":true,"valueName":"search_term_string"}}],"inLanguage":"fr-FR"},{"@type":"Organization","@id":"https:\/\/newsestlyonnais.fr\/site\/#organization","name":"News EST LYONNAIS","url":"https:\/\/newsestlyonnais.fr\/site\/","logo":{"@type":"ImageObject","inLanguage":"fr-FR","@id":"https:\/\/newsestlyonnais.fr\/site\/#\/schema\/logo\/image\/","url":"","contentUrl":"","caption":"News EST LYONNAIS"},"image":{"@id":"https:\/\/newsestlyonnais.fr\/site\/#\/schema\/logo\/image\/"}},{"@type":"Person","@id":"https:\/\/newsestlyonnais.fr\/site\/#\/schema\/person\/3230d5615f390bb808365d673001e887","name":"R\u00e9dac. NEWS","sameAs":["http:\/\/www.newsestlyonnais.fr","https:\/\/www.facebook.com\/pascal.oberson.1?fref=ts","https:\/\/fr.linkedin.com\/in\/pascal-oberson-b17045113"],"url":"https:\/\/newsestlyonnais.fr\/site\/author\/nel\/"}]}},"_links":{"self":[{"href":"https:\/\/newsestlyonnais.fr\/site\/wp-json\/wp\/v2\/posts\/42969","targetHints":{"allow":["GET"]}}],"collection":[{"href":"https:\/\/newsestlyonnais.fr\/site\/wp-json\/wp\/v2\/posts"}],"about":[{"href":"https:\/\/newsestlyonnais.fr\/site\/wp-json\/wp\/v2\/types\/post"}],"author":[{"embeddable":true,"href":"https:\/\/newsestlyonnais.fr\/site\/wp-json\/wp\/v2\/users\/4"}],"replies":[{"embeddable":true,"href":"https:\/\/newsestlyonnais.fr\/site\/wp-json\/wp\/v2\/comments?post=42969"}],"version-history":[{"count":0,"href":"https:\/\/newsestlyonnais.fr\/site\/wp-json\/wp\/v2\/posts\/42969\/revisions"}],"wp:featuredmedia":[{"embeddable":true,"href":"https:\/\/newsestlyonnais.fr\/site\/wp-json\/wp\/v2\/media\/42973"}],"wp:attachment":[{"href":"https:\/\/newsestlyonnais.fr\/site\/wp-json\/wp\/v2\/media?parent=42969"}],"wp:term":[{"taxonomy":"category","embeddable":true,"href":"https:\/\/newsestlyonnais.fr\/site\/wp-json\/wp\/v2\/categories?post=42969"},{"taxonomy":"post_tag","embeddable":true,"href":"https:\/\/newsestlyonnais.fr\/site\/wp-json\/wp\/v2\/tags?post=42969"}],"curies":[{"name":"wp","href":"https:\/\/api.w.org\/{rel}","templated":true}]}}