{"id":43056,"date":"2018-01-29T08:37:52","date_gmt":"2018-01-29T07:37:52","guid":{"rendered":"http:\/\/newsestlyonnais.fr\/site\/?p=43056"},"modified":"2020-10-30T10:33:37","modified_gmt":"2020-10-30T09:33:37","slug":"meyzieu-161-participants-a-lopen-de-tennis-veterans-france-escudier","status":"publish","type":"post","link":"https:\/\/newsestlyonnais.fr\/site\/2018\/01\/29\/meyzieu-161-participants-a-lopen-de-tennis-veterans-france-escudier\/","title":{"rendered":"MEYZIEU | 161 participants \u00e0 l&rsquo;Open de tennis v\u00e9t\u00e9rans \u00ab\u00a0France Escudier\u00a0\u00bb"},"content":{"rendered":"<h4>Epilogue dimanche apr\u00e8s-midi, apr\u00e8s 3 semaines de comp\u00e9tition, de l&rsquo;Open de tennis v\u00e9t\u00e9rans \u00ab\u00a0France Escudier\u00a0\u00bb organis\u00e9 par Meyzieu Tennis.<\/h4>\n<p>Un tournoi qui aura rassembl\u00e9 133 joueurs (en 3 tableaux) et 28 joueuses (en + 45 ans), soit une participation similaire \u00e0 l&rsquo;\u00e9dition 2017 et une certaine fid\u00e9lit\u00e9 constat\u00e9e par le pr\u00e9sident Robert Lassia et toute l&rsquo;\u00e9quipe mobilis\u00e9e pour ce\u00a0 tournoi.<\/p>\n<p>Ex-tournoi Robert Desbordes, il a \u00e9t\u00e9 <strong>rebaptis\u00e9 \u00ab\u00a0France Escudier\u00a0\u00bb<\/strong> pour rendre hommage \u00e0 l&rsquo;ancienne tr\u00e9sori\u00e8re du club, accidentellement d\u00e9c\u00e9d\u00e9e en 2017 et qui \u00e9tait une adh\u00e9rente et dirigeante active, pr\u00e9sente et tr\u00e8s estim\u00e9e.<\/p>\n<p>A noter que la finale + 45 ans messieurs a \u00e9t\u00e9 remport\u00e9e \u00e0 l&rsquo;issue d&rsquo;un match disput\u00e9 en 2 heures 45, par Franck Chanut, vainqueur pour la 4\u00b0 fois en 8 participations.<\/p>\n<ul>\n<li><span style=\"text-decoration: underline\"><strong>Les r\u00e9sultats des finales<\/strong><\/span> :<\/li>\n<li><span style=\"text-decoration: underline\"><strong>+ 45 ans dames :<\/strong><\/span> (28 joueuses) : <a class=\"pl\"><b>Val\u00e9rie<\/b><\/a> <strong>Guillerme<\/strong> (FC Lyon, 15\/3) bat <a class=\"pl\">Chrystelle<\/a> Colin (TC Corbas, 15\/4) 6\/1,6\/1.<\/li>\n<li><strong><span style=\"text-decoration: underline\">+ 45 ans hommes<\/span> : <\/strong>(54 joueurs) : <a class=\"pl\"><b>Franck<\/b><\/a> <strong>Chanut<\/strong> (TC Mionnay, 15) bat Philippe Defaye (Lyon Sport M\u00e9tropole, 15\/2)\u00a0 6\/1,6\/7,7\/5.<\/li>\n<li><strong><span style=\"text-decoration: underline\">+ 55 ans hommes<\/span> : <\/strong>(37 joueurs) :<strong> <a class=\"pl\"><b>Christophe<\/b><\/a> Guillot <\/strong>(TC Rhodia Vaise (15\/2) bat Henri Safrani (TC Seyssuel, 15\/3) 6\/4,7\/5.<\/li>\n<li><span style=\"text-decoration: underline\"><strong>+ 65 ans hommes : <\/strong><\/span>(42 joueurs) : <strong>Franck Senes<\/strong> (TC D\u00e9cines, 15\/5) bat Christian Clerc (TC Neuvillois, 15\/5)\u00a0 6\/3,7\/6, 1\/0 (tie-break).<span style=\"text-decoration: underline\"><strong><br \/>\n<\/strong><\/span><\/li>\n<\/ul>\n<p><span style=\"text-decoration: underline\">Meilleurs parcours pour des membres de Meyzieu Tennis<\/span> : Dominique Maire Pham (d\u00e9faite au 3\u00b0 tour) et Herv\u00e9 Nicoloso qui a pass\u00e9 4 tours. Pour les autres de Patrick Rouvier (TC Irigny) &amp; Ludovic Jacob (TC Dardilly-Champagne) qui ont chacun pass\u00e9 3 tours.<\/p>\n<p><span style=\"text-decoration: underline\"><em><strong>PHOTO A LA UNE<\/strong> <\/em><\/span>: Finalistes et juges-arbitres du 1\u00b0 tournoi \u00ab\u00a0France Escudier\u00a0\u00bb.<\/p>\n<ul>\n<li><strong>Toute l&rsquo;ACTU du club est sur : <a href=\"http:\/\/www.meyzieutennis.com\" target=\"_blank\" rel=\"noopener noreferrer\">http:\/\/www.meyzieutennis.com<\/a><\/strong><\/li>\n<\/ul>\n<div id='gallery-1' class='gallery galleryid-43056 gallery-columns-3 gallery-size-thumbnail'><figure class='gallery-item'>\n\t\t\t<div class='gallery-icon landscape'>\n\t\t\t\t<a href='https:\/\/newsestlyonnais.fr\/site\/2018\/01\/29\/meyzieu-161-participants-a-lopen-de-tennis-veterans-france-escudier\/newsestlyonnais-tournoi-f-escudier\/'><img loading=\"lazy\" decoding=\"async\" width=\"150\" height=\"140\" src=\"https:\/\/newsestlyonnais.fr\/site\/wp-content\/uploads\/2018\/01\/NEWSESTLYONNAIS-TOURNOI-F.-ESCUDIER-150x140.png\" class=\"attachment-thumbnail size-thumbnail\" alt=\"NEWSESTLYONNAIS - TOURNOI F. ESCUDIER\" \/><\/a>\n\t\t\t<\/div><\/figure><figure class='gallery-item'>\n\t\t\t<div class='gallery-icon landscape'>\n\t\t\t\t<a href='https:\/\/newsestlyonnais.fr\/site\/2018\/01\/29\/meyzieu-161-participants-a-lopen-de-tennis-veterans-france-escudier\/newsestlyonnais-_-finalistes-dames\/'><img loading=\"lazy\" decoding=\"async\" width=\"150\" height=\"150\" src=\"https:\/\/newsestlyonnais.fr\/site\/wp-content\/uploads\/2018\/01\/NEWSESTLYONNAIS-_-FINALISTES-DAMES-150x150.jpg\" class=\"attachment-thumbnail size-thumbnail\" alt=\"NEWSESTLYONNAIS _ FINALISTES DAMES\" aria-describedby=\"gallery-1-43085\" \/><\/a>\n\t\t\t<\/div>\n\t\t\t\t<figcaption class='wp-caption-text gallery-caption' id='gallery-1-43085'>\n\t\t\t\tV. Guillerme (vainqueur) et C. Colin (finaliste) du tableau f\u00e9minin\n\t\t\t\t<\/figcaption><\/figure><figure class='gallery-item'>\n\t\t\t<div class='gallery-icon landscape'>\n\t\t\t\t<a href='https:\/\/newsestlyonnais.fr\/site\/2018\/01\/29\/meyzieu-161-participants-a-lopen-de-tennis-veterans-france-escudier\/newsestlyonnais-45-ans-finale\/'><img loading=\"lazy\" decoding=\"async\" width=\"150\" height=\"150\" src=\"https:\/\/newsestlyonnais.fr\/site\/wp-content\/uploads\/2018\/01\/NEWSESTLYONNAIS-45-ANS-FINALE-150x150.jpg\" class=\"attachment-thumbnail size-thumbnail\" alt=\"NEWSESTLYONNAIS - + 45 ANS FINALE\" aria-describedby=\"gallery-1-43080\" \/><\/a>\n\t\t\t<\/div>\n\t\t\t\t<figcaption class='wp-caption-text gallery-caption' id='gallery-1-43080'>\n\t\t\t\tF. Chanut (vainqueur) et P. Defaye (finaliste) en + 45 ans \n\t\t\t\t<\/figcaption><\/figure><figure class='gallery-item'>\n\t\t\t<div class='gallery-icon landscape'>\n\t\t\t\t<a href='https:\/\/newsestlyonnais.fr\/site\/2018\/01\/29\/meyzieu-161-participants-a-lopen-de-tennis-veterans-france-escudier\/newsestlyonnais-55-ans\/'><img loading=\"lazy\" decoding=\"async\" width=\"150\" height=\"150\" src=\"https:\/\/newsestlyonnais.fr\/site\/wp-content\/uploads\/2018\/01\/NEWSESTLYONNAIS-55-ANS-150x150.jpg\" class=\"attachment-thumbnail size-thumbnail\" alt=\"NEWSESTLYONNAIS - + 55 ANS\" aria-describedby=\"gallery-1-43084\" \/><\/a>\n\t\t\t<\/div>\n\t\t\t\t<figcaption class='wp-caption-text gallery-caption' id='gallery-1-43084'>\n\t\t\t\tH. Safrani (finaliste) et C. Guillot (vainqueur) en + 55 ans  \n\t\t\t\t<\/figcaption><\/figure><figure class='gallery-item'>\n\t\t\t<div class='gallery-icon landscape'>\n\t\t\t\t<a href='https:\/\/newsestlyonnais.fr\/site\/2018\/01\/29\/meyzieu-161-participants-a-lopen-de-tennis-veterans-france-escudier\/newsestlyonnais-65-ans-finaliste\/'><img loading=\"lazy\" decoding=\"async\" width=\"150\" height=\"150\" src=\"https:\/\/newsestlyonnais.fr\/site\/wp-content\/uploads\/2018\/01\/NEWSESTLYONNAIS-65-ANS-FINALISTE-150x150.jpg\" class=\"attachment-thumbnail size-thumbnail\" alt=\"\" aria-describedby=\"gallery-1-43082\" \/><\/a>\n\t\t\t<\/div>\n\t\t\t\t<figcaption class='wp-caption-text gallery-caption' id='gallery-1-43082'>\n\t\t\t\tF. Senes (vainqueur) et C. Clerc (finaliste) en + 65 ans avec les juges-arbitres\n\t\t\t\t<\/figcaption><\/figure><figure class='gallery-item'>\n\t\t\t<div class='gallery-icon landscape'>\n\t\t\t\t<a href='https:\/\/newsestlyonnais.fr\/site\/2018\/01\/29\/meyzieu-161-participants-a-lopen-de-tennis-veterans-france-escudier\/newsestlyonnais-6-equipe-tournoi\/'><img loading=\"lazy\" decoding=\"async\" width=\"150\" height=\"150\" src=\"https:\/\/newsestlyonnais.fr\/site\/wp-content\/uploads\/2018\/01\/NEWSESTLYONNAIS-6-equipe-tournoi-150x150.jpg\" class=\"attachment-thumbnail size-thumbnail\" alt=\"NEWSESTLYONNAIS - equipe tournoi\" aria-describedby=\"gallery-1-43086\" \/><\/a>\n\t\t\t<\/div>\n\t\t\t\t<figcaption class='wp-caption-text gallery-caption' id='gallery-1-43086'>\n\t\t\t\tUne partie de l&rsquo;\u00e9quipe organisatrice du tournoi \n\t\t\t\t<\/figcaption><\/figure>\n\t\t<\/div>\n\n","protected":false},"excerpt":{"rendered":"<p>Epilogue dimanche apr\u00e8s-midi, apr\u00e8s 3 semaines de comp\u00e9tition, de l&rsquo;Open de tennis v\u00e9t\u00e9rans \u00ab\u00a0France Escudier\u00a0\u00bb organis\u00e9 par Meyzieu Tennis. Un tournoi qui aura rassembl\u00e9 133 joueurs (en 3 tableaux) et 28 joueuses (en + 45 ans), soit une participation similaire \u00e0 l&rsquo;\u00e9dition 2017 et une certaine fid\u00e9lit\u00e9 constat\u00e9e par le pr\u00e9sident Robert Lassia et toute [&hellip;]<\/p>\n","protected":false},"author":4,"featured_media":43058,"comment_status":"open","ping_status":"open","sticky":false,"template":"","format":"standard","meta":{"footnotes":""},"categories":[24,2992,2991],"tags":[],"class_list":["post-43056","post","type-post","status-publish","format-standard","has-post-thumbnail","hentry","category-meyzieu","category-tennis-padel","category-tennis-tennis-table-sports"],"yoast_head":"<!-- This site is optimized with the Yoast SEO plugin v27.2 - https:\/\/yoast.com\/product\/yoast-seo-wordpress\/ -->\n<title>MEYZIEU : 161 participants \u00e0 l&#039;Open de tennis v\u00e9t\u00e9rans &quot;France Escudier&quot;<\/title>\n<meta name=\"description\" content=\"MEYZIEU : 161 participants \u00e0 l&#039;Open de tennis v\u00e9t\u00e9rans &quot;France Escudier&quot;\" \/>\n<meta name=\"robots\" content=\"index, follow, max-snippet:-1, max-image-preview:large, max-video-preview:-1\" \/>\n<link rel=\"canonical\" href=\"https:\/\/newsestlyonnais.fr\/site\/2018\/01\/29\/meyzieu-161-participants-a-lopen-de-tennis-veterans-france-escudier\/\" \/>\n<meta property=\"og:locale\" content=\"fr_FR\" \/>\n<meta property=\"og:type\" content=\"article\" \/>\n<meta property=\"og:title\" content=\"MEYZIEU : 161 participants \u00e0 l&#039;Open de tennis v\u00e9t\u00e9rans &quot;France Escudier&quot;\" \/>\n<meta property=\"og:description\" content=\"MEYZIEU : 161 participants \u00e0 l&#039;Open de tennis v\u00e9t\u00e9rans &quot;France Escudier&quot;\" \/>\n<meta property=\"og:url\" content=\"https:\/\/newsestlyonnais.fr\/site\/2018\/01\/29\/meyzieu-161-participants-a-lopen-de-tennis-veterans-france-escudier\/\" \/>\n<meta property=\"og:site_name\" content=\"News Est Lyonnais\" \/>\n<meta property=\"article:author\" content=\"https:\/\/www.facebook.com\/pascal.oberson.1?fref=ts\" \/>\n<meta property=\"article:published_time\" content=\"2018-01-29T07:37:52+00:00\" \/>\n<meta property=\"article:modified_time\" content=\"2020-10-30T09:33:37+00:00\" \/>\n<meta property=\"og:image\" content=\"https:\/\/i0.wp.com\/newsestlyonnais.fr\/site\/wp-content\/uploads\/2018\/01\/NEWSESTLYONNAIS-MEYZIEU-TENNIS-FINALES.jpg?fit=2048%2C1536&ssl=1\" \/>\n\t<meta property=\"og:image:width\" content=\"2048\" \/>\n\t<meta property=\"og:image:height\" content=\"1536\" \/>\n\t<meta property=\"og:image:type\" content=\"image\/jpeg\" \/>\n<meta name=\"author\" content=\"R\u00e9dac. NEWS\" \/>\n<meta name=\"twitter:card\" content=\"summary_large_image\" \/>\n<meta name=\"twitter:label1\" content=\"\u00c9crit par\" \/>\n\t<meta name=\"twitter:data1\" content=\"R\u00e9dac. NEWS\" \/>\n\t<meta name=\"twitter:label2\" content=\"Dur\u00e9e de lecture estim\u00e9e\" \/>\n\t<meta name=\"twitter:data2\" content=\"1 minute\" \/>\n<script type=\"application\/ld+json\" class=\"yoast-schema-graph\">{\"@context\":\"https:\/\/schema.org\",\"@graph\":[{\"@type\":\"Article\",\"@id\":\"https:\/\/newsestlyonnais.fr\/site\/2018\/01\/29\/meyzieu-161-participants-a-lopen-de-tennis-veterans-france-escudier\/#article\",\"isPartOf\":{\"@id\":\"https:\/\/newsestlyonnais.fr\/site\/2018\/01\/29\/meyzieu-161-participants-a-lopen-de-tennis-veterans-france-escudier\/\"},\"author\":{\"name\":\"R\u00e9dac. NEWS\",\"@id\":\"https:\/\/newsestlyonnais.fr\/site\/#\/schema\/person\/3230d5615f390bb808365d673001e887\"},\"headline\":\"MEYZIEU | 161 participants \u00e0 l&rsquo;Open de tennis v\u00e9t\u00e9rans \u00ab\u00a0France Escudier\u00a0\u00bb\",\"datePublished\":\"2018-01-29T07:37:52+00:00\",\"dateModified\":\"2020-10-30T09:33:37+00:00\",\"mainEntityOfPage\":{\"@id\":\"https:\/\/newsestlyonnais.fr\/site\/2018\/01\/29\/meyzieu-161-participants-a-lopen-de-tennis-veterans-france-escudier\/\"},\"wordCount\":269,\"commentCount\":0,\"publisher\":{\"@id\":\"https:\/\/newsestlyonnais.fr\/site\/#organization\"},\"image\":{\"@id\":\"https:\/\/newsestlyonnais.fr\/site\/2018\/01\/29\/meyzieu-161-participants-a-lopen-de-tennis-veterans-france-escudier\/#primaryimage\"},\"thumbnailUrl\":\"https:\/\/newsestlyonnais.fr\/site\/wp-content\/uploads\/2018\/01\/NEWSESTLYONNAIS-MEYZIEU-TENNIS-FINALES.jpg\",\"articleSection\":[\"Meyzieu\",\"Tennis | Padel\",\"Tennis | Tennis de table\"],\"inLanguage\":\"fr-FR\",\"potentialAction\":[{\"@type\":\"CommentAction\",\"name\":\"Comment\",\"target\":[\"https:\/\/newsestlyonnais.fr\/site\/2018\/01\/29\/meyzieu-161-participants-a-lopen-de-tennis-veterans-france-escudier\/#respond\"]}]},{\"@type\":\"WebPage\",\"@id\":\"https:\/\/newsestlyonnais.fr\/site\/2018\/01\/29\/meyzieu-161-participants-a-lopen-de-tennis-veterans-france-escudier\/\",\"url\":\"https:\/\/newsestlyonnais.fr\/site\/2018\/01\/29\/meyzieu-161-participants-a-lopen-de-tennis-veterans-france-escudier\/\",\"name\":\"MEYZIEU : 161 participants \u00e0 l'Open de tennis v\u00e9t\u00e9rans \\\"France Escudier\\\"\",\"isPartOf\":{\"@id\":\"https:\/\/newsestlyonnais.fr\/site\/#website\"},\"primaryImageOfPage\":{\"@id\":\"https:\/\/newsestlyonnais.fr\/site\/2018\/01\/29\/meyzieu-161-participants-a-lopen-de-tennis-veterans-france-escudier\/#primaryimage\"},\"image\":{\"@id\":\"https:\/\/newsestlyonnais.fr\/site\/2018\/01\/29\/meyzieu-161-participants-a-lopen-de-tennis-veterans-france-escudier\/#primaryimage\"},\"thumbnailUrl\":\"https:\/\/newsestlyonnais.fr\/site\/wp-content\/uploads\/2018\/01\/NEWSESTLYONNAIS-MEYZIEU-TENNIS-FINALES.jpg\",\"datePublished\":\"2018-01-29T07:37:52+00:00\",\"dateModified\":\"2020-10-30T09:33:37+00:00\",\"description\":\"MEYZIEU : 161 participants \u00e0 l'Open de tennis v\u00e9t\u00e9rans \\\"France Escudier\\\"\",\"breadcrumb\":{\"@id\":\"https:\/\/newsestlyonnais.fr\/site\/2018\/01\/29\/meyzieu-161-participants-a-lopen-de-tennis-veterans-france-escudier\/#breadcrumb\"},\"inLanguage\":\"fr-FR\",\"potentialAction\":[{\"@type\":\"ReadAction\",\"target\":[\"https:\/\/newsestlyonnais.fr\/site\/2018\/01\/29\/meyzieu-161-participants-a-lopen-de-tennis-veterans-france-escudier\/\"]}]},{\"@type\":\"ImageObject\",\"inLanguage\":\"fr-FR\",\"@id\":\"https:\/\/newsestlyonnais.fr\/site\/2018\/01\/29\/meyzieu-161-participants-a-lopen-de-tennis-veterans-france-escudier\/#primaryimage\",\"url\":\"https:\/\/newsestlyonnais.fr\/site\/wp-content\/uploads\/2018\/01\/NEWSESTLYONNAIS-MEYZIEU-TENNIS-FINALES.jpg\",\"contentUrl\":\"https:\/\/newsestlyonnais.fr\/site\/wp-content\/uploads\/2018\/01\/NEWSESTLYONNAIS-MEYZIEU-TENNIS-FINALES.jpg\",\"width\":2048,\"height\":1536,\"caption\":\"NEWSESTLYONNAIS - MEYZIEU TENNIS FINALES\"},{\"@type\":\"BreadcrumbList\",\"@id\":\"https:\/\/newsestlyonnais.fr\/site\/2018\/01\/29\/meyzieu-161-participants-a-lopen-de-tennis-veterans-france-escudier\/#breadcrumb\",\"itemListElement\":[{\"@type\":\"ListItem\",\"position\":1,\"name\":\"Accueil\",\"item\":\"https:\/\/newsestlyonnais.fr\/site\/\"},{\"@type\":\"ListItem\",\"position\":2,\"name\":\"MEYZIEU | 161 participants \u00e0 l&rsquo;Open de tennis v\u00e9t\u00e9rans \u00ab\u00a0France Escudier\u00a0\u00bb\"}]},{\"@type\":\"WebSite\",\"@id\":\"https:\/\/newsestlyonnais.fr\/site\/#website\",\"url\":\"https:\/\/newsestlyonnais.fr\/site\/\",\"name\":\"News Est Lyonnais\",\"description\":\"L&#039;actualit\u00e9 au plus pr\u00e8s\",\"publisher\":{\"@id\":\"https:\/\/newsestlyonnais.fr\/site\/#organization\"},\"potentialAction\":[{\"@type\":\"SearchAction\",\"target\":{\"@type\":\"EntryPoint\",\"urlTemplate\":\"https:\/\/newsestlyonnais.fr\/site\/?s={search_term_string}\"},\"query-input\":{\"@type\":\"PropertyValueSpecification\",\"valueRequired\":true,\"valueName\":\"search_term_string\"}}],\"inLanguage\":\"fr-FR\"},{\"@type\":\"Organization\",\"@id\":\"https:\/\/newsestlyonnais.fr\/site\/#organization\",\"name\":\"News EST LYONNAIS\",\"url\":\"https:\/\/newsestlyonnais.fr\/site\/\",\"logo\":{\"@type\":\"ImageObject\",\"inLanguage\":\"fr-FR\",\"@id\":\"https:\/\/newsestlyonnais.fr\/site\/#\/schema\/logo\/image\/\",\"url\":\"\",\"contentUrl\":\"\",\"caption\":\"News EST LYONNAIS\"},\"image\":{\"@id\":\"https:\/\/newsestlyonnais.fr\/site\/#\/schema\/logo\/image\/\"}},{\"@type\":\"Person\",\"@id\":\"https:\/\/newsestlyonnais.fr\/site\/#\/schema\/person\/3230d5615f390bb808365d673001e887\",\"name\":\"R\u00e9dac. NEWS\",\"sameAs\":[\"http:\/\/www.newsestlyonnais.fr\",\"https:\/\/www.facebook.com\/pascal.oberson.1?fref=ts\",\"https:\/\/fr.linkedin.com\/in\/pascal-oberson-b17045113\"],\"url\":\"https:\/\/newsestlyonnais.fr\/site\/author\/nel\/\"}]}<\/script>\n<!-- \/ Yoast SEO plugin. -->","yoast_head_json":{"title":"MEYZIEU : 161 participants \u00e0 l'Open de tennis v\u00e9t\u00e9rans \"France Escudier\"","description":"MEYZIEU : 161 participants \u00e0 l'Open de tennis v\u00e9t\u00e9rans \"France Escudier\"","robots":{"index":"index","follow":"follow","max-snippet":"max-snippet:-1","max-image-preview":"max-image-preview:large","max-video-preview":"max-video-preview:-1"},"canonical":"https:\/\/newsestlyonnais.fr\/site\/2018\/01\/29\/meyzieu-161-participants-a-lopen-de-tennis-veterans-france-escudier\/","og_locale":"fr_FR","og_type":"article","og_title":"MEYZIEU : 161 participants \u00e0 l'Open de tennis v\u00e9t\u00e9rans \"France Escudier\"","og_description":"MEYZIEU : 161 participants \u00e0 l'Open de tennis v\u00e9t\u00e9rans \"France Escudier\"","og_url":"https:\/\/newsestlyonnais.fr\/site\/2018\/01\/29\/meyzieu-161-participants-a-lopen-de-tennis-veterans-france-escudier\/","og_site_name":"News Est Lyonnais","article_author":"https:\/\/www.facebook.com\/pascal.oberson.1?fref=ts","article_published_time":"2018-01-29T07:37:52+00:00","article_modified_time":"2020-10-30T09:33:37+00:00","og_image":[{"width":2048,"height":1536,"url":"https:\/\/i0.wp.com\/newsestlyonnais.fr\/site\/wp-content\/uploads\/2018\/01\/NEWSESTLYONNAIS-MEYZIEU-TENNIS-FINALES.jpg?fit=2048%2C1536&ssl=1","type":"image\/jpeg"}],"author":"R\u00e9dac. NEWS","twitter_card":"summary_large_image","twitter_misc":{"\u00c9crit par":"R\u00e9dac. NEWS","Dur\u00e9e de lecture estim\u00e9e":"1 minute"},"schema":{"@context":"https:\/\/schema.org","@graph":[{"@type":"Article","@id":"https:\/\/newsestlyonnais.fr\/site\/2018\/01\/29\/meyzieu-161-participants-a-lopen-de-tennis-veterans-france-escudier\/#article","isPartOf":{"@id":"https:\/\/newsestlyonnais.fr\/site\/2018\/01\/29\/meyzieu-161-participants-a-lopen-de-tennis-veterans-france-escudier\/"},"author":{"name":"R\u00e9dac. NEWS","@id":"https:\/\/newsestlyonnais.fr\/site\/#\/schema\/person\/3230d5615f390bb808365d673001e887"},"headline":"MEYZIEU | 161 participants \u00e0 l&rsquo;Open de tennis v\u00e9t\u00e9rans \u00ab\u00a0France Escudier\u00a0\u00bb","datePublished":"2018-01-29T07:37:52+00:00","dateModified":"2020-10-30T09:33:37+00:00","mainEntityOfPage":{"@id":"https:\/\/newsestlyonnais.fr\/site\/2018\/01\/29\/meyzieu-161-participants-a-lopen-de-tennis-veterans-france-escudier\/"},"wordCount":269,"commentCount":0,"publisher":{"@id":"https:\/\/newsestlyonnais.fr\/site\/#organization"},"image":{"@id":"https:\/\/newsestlyonnais.fr\/site\/2018\/01\/29\/meyzieu-161-participants-a-lopen-de-tennis-veterans-france-escudier\/#primaryimage"},"thumbnailUrl":"https:\/\/newsestlyonnais.fr\/site\/wp-content\/uploads\/2018\/01\/NEWSESTLYONNAIS-MEYZIEU-TENNIS-FINALES.jpg","articleSection":["Meyzieu","Tennis | Padel","Tennis | Tennis de table"],"inLanguage":"fr-FR","potentialAction":[{"@type":"CommentAction","name":"Comment","target":["https:\/\/newsestlyonnais.fr\/site\/2018\/01\/29\/meyzieu-161-participants-a-lopen-de-tennis-veterans-france-escudier\/#respond"]}]},{"@type":"WebPage","@id":"https:\/\/newsestlyonnais.fr\/site\/2018\/01\/29\/meyzieu-161-participants-a-lopen-de-tennis-veterans-france-escudier\/","url":"https:\/\/newsestlyonnais.fr\/site\/2018\/01\/29\/meyzieu-161-participants-a-lopen-de-tennis-veterans-france-escudier\/","name":"MEYZIEU : 161 participants \u00e0 l'Open de tennis v\u00e9t\u00e9rans \"France Escudier\"","isPartOf":{"@id":"https:\/\/newsestlyonnais.fr\/site\/#website"},"primaryImageOfPage":{"@id":"https:\/\/newsestlyonnais.fr\/site\/2018\/01\/29\/meyzieu-161-participants-a-lopen-de-tennis-veterans-france-escudier\/#primaryimage"},"image":{"@id":"https:\/\/newsestlyonnais.fr\/site\/2018\/01\/29\/meyzieu-161-participants-a-lopen-de-tennis-veterans-france-escudier\/#primaryimage"},"thumbnailUrl":"https:\/\/newsestlyonnais.fr\/site\/wp-content\/uploads\/2018\/01\/NEWSESTLYONNAIS-MEYZIEU-TENNIS-FINALES.jpg","datePublished":"2018-01-29T07:37:52+00:00","dateModified":"2020-10-30T09:33:37+00:00","description":"MEYZIEU : 161 participants \u00e0 l'Open de tennis v\u00e9t\u00e9rans \"France Escudier\"","breadcrumb":{"@id":"https:\/\/newsestlyonnais.fr\/site\/2018\/01\/29\/meyzieu-161-participants-a-lopen-de-tennis-veterans-france-escudier\/#breadcrumb"},"inLanguage":"fr-FR","potentialAction":[{"@type":"ReadAction","target":["https:\/\/newsestlyonnais.fr\/site\/2018\/01\/29\/meyzieu-161-participants-a-lopen-de-tennis-veterans-france-escudier\/"]}]},{"@type":"ImageObject","inLanguage":"fr-FR","@id":"https:\/\/newsestlyonnais.fr\/site\/2018\/01\/29\/meyzieu-161-participants-a-lopen-de-tennis-veterans-france-escudier\/#primaryimage","url":"https:\/\/newsestlyonnais.fr\/site\/wp-content\/uploads\/2018\/01\/NEWSESTLYONNAIS-MEYZIEU-TENNIS-FINALES.jpg","contentUrl":"https:\/\/newsestlyonnais.fr\/site\/wp-content\/uploads\/2018\/01\/NEWSESTLYONNAIS-MEYZIEU-TENNIS-FINALES.jpg","width":2048,"height":1536,"caption":"NEWSESTLYONNAIS - MEYZIEU TENNIS FINALES"},{"@type":"BreadcrumbList","@id":"https:\/\/newsestlyonnais.fr\/site\/2018\/01\/29\/meyzieu-161-participants-a-lopen-de-tennis-veterans-france-escudier\/#breadcrumb","itemListElement":[{"@type":"ListItem","position":1,"name":"Accueil","item":"https:\/\/newsestlyonnais.fr\/site\/"},{"@type":"ListItem","position":2,"name":"MEYZIEU | 161 participants \u00e0 l&rsquo;Open de tennis v\u00e9t\u00e9rans \u00ab\u00a0France Escudier\u00a0\u00bb"}]},{"@type":"WebSite","@id":"https:\/\/newsestlyonnais.fr\/site\/#website","url":"https:\/\/newsestlyonnais.fr\/site\/","name":"News Est Lyonnais","description":"L&#039;actualit\u00e9 au plus pr\u00e8s","publisher":{"@id":"https:\/\/newsestlyonnais.fr\/site\/#organization"},"potentialAction":[{"@type":"SearchAction","target":{"@type":"EntryPoint","urlTemplate":"https:\/\/newsestlyonnais.fr\/site\/?s={search_term_string}"},"query-input":{"@type":"PropertyValueSpecification","valueRequired":true,"valueName":"search_term_string"}}],"inLanguage":"fr-FR"},{"@type":"Organization","@id":"https:\/\/newsestlyonnais.fr\/site\/#organization","name":"News EST LYONNAIS","url":"https:\/\/newsestlyonnais.fr\/site\/","logo":{"@type":"ImageObject","inLanguage":"fr-FR","@id":"https:\/\/newsestlyonnais.fr\/site\/#\/schema\/logo\/image\/","url":"","contentUrl":"","caption":"News EST LYONNAIS"},"image":{"@id":"https:\/\/newsestlyonnais.fr\/site\/#\/schema\/logo\/image\/"}},{"@type":"Person","@id":"https:\/\/newsestlyonnais.fr\/site\/#\/schema\/person\/3230d5615f390bb808365d673001e887","name":"R\u00e9dac. NEWS","sameAs":["http:\/\/www.newsestlyonnais.fr","https:\/\/www.facebook.com\/pascal.oberson.1?fref=ts","https:\/\/fr.linkedin.com\/in\/pascal-oberson-b17045113"],"url":"https:\/\/newsestlyonnais.fr\/site\/author\/nel\/"}]}},"_links":{"self":[{"href":"https:\/\/newsestlyonnais.fr\/site\/wp-json\/wp\/v2\/posts\/43056","targetHints":{"allow":["GET"]}}],"collection":[{"href":"https:\/\/newsestlyonnais.fr\/site\/wp-json\/wp\/v2\/posts"}],"about":[{"href":"https:\/\/newsestlyonnais.fr\/site\/wp-json\/wp\/v2\/types\/post"}],"author":[{"embeddable":true,"href":"https:\/\/newsestlyonnais.fr\/site\/wp-json\/wp\/v2\/users\/4"}],"replies":[{"embeddable":true,"href":"https:\/\/newsestlyonnais.fr\/site\/wp-json\/wp\/v2\/comments?post=43056"}],"version-history":[{"count":0,"href":"https:\/\/newsestlyonnais.fr\/site\/wp-json\/wp\/v2\/posts\/43056\/revisions"}],"wp:featuredmedia":[{"embeddable":true,"href":"https:\/\/newsestlyonnais.fr\/site\/wp-json\/wp\/v2\/media\/43058"}],"wp:attachment":[{"href":"https:\/\/newsestlyonnais.fr\/site\/wp-json\/wp\/v2\/media?parent=43056"}],"wp:term":[{"taxonomy":"category","embeddable":true,"href":"https:\/\/newsestlyonnais.fr\/site\/wp-json\/wp\/v2\/categories?post=43056"},{"taxonomy":"post_tag","embeddable":true,"href":"https:\/\/newsestlyonnais.fr\/site\/wp-json\/wp\/v2\/tags?post=43056"}],"curies":[{"name":"wp","href":"https:\/\/api.w.org\/{rel}","templated":true}]}}