{"id":43090,"date":"2018-01-29T13:34:48","date_gmt":"2018-01-29T12:34:48","guid":{"rendered":"http:\/\/newsestlyonnais.fr\/site\/?p=43090"},"modified":"2020-11-06T15:57:19","modified_gmt":"2020-11-06T14:57:19","slug":"venissieux-bons-resultats-et-coup-de-colere-au-bunkai-karate-do","status":"publish","type":"post","link":"https:\/\/newsestlyonnais.fr\/site\/2018\/01\/29\/venissieux-bons-resultats-et-coup-de-colere-au-bunkai-karate-do\/","title":{"rendered":"VENISSIEUX | Bons r\u00e9sultats et coup de col\u00e8re au Bunka\u00ef Karat\u00e9 Do"},"content":{"rendered":"<div class=\"_3058 _ui9 _hh7 _s1- _52mr _3oh-\">\n<div class=\"_aok\"><span class=\"_3oh- _58nk\">De retour de comp\u00e9tition ce dimanche \u00e0 Aix les Bains, Philippe Del Rey, <span id=\"cch_f57a550c98e7a2\" class=\"_mh6 _wsc\">directeur du club et entra\u00eeneur du <\/span>Bunka\u00ef Karat\u00e9 Do\u00a0 explique les probl\u00e8mes rencontr\u00e9s par la section :<br \/>\n<\/span><\/div>\n<div>\u00a0\u00bb T<span class=\"_3oh- _58nk\">ous nos \u00e9l\u00e8ves n&rsquo; ont pu y participer, car pas assez de v\u00e9hicules, mais malgr\u00e9 cela 15 comp\u00e9titeurs pr\u00e9sent\u00e9s = 15 podiums !!! R\u00e9sultats tr\u00e8s positifs avant notre prochain d\u00e9part \u00e0 Nimes pour la Coupe de France karat\u00e9 contact. La derni\u00e8re fois, nous sommes partis en bus mais par manque de moyen flagrant, que la ville ne peut nier, nous avons besoin de finances pour nos futurs d\u00e9placements.<\/span><\/div>\n<div><span class=\"_3oh- _58nk\">Nous allons \u00e0 nouveau faire une demande exceptionnelle pour nos d\u00e9placements aux France en esp\u00e9rant cette fois ci que notre lettre ne restera sans r\u00e9ponse de la mairie ou plut\u00f4t la m\u00eame r\u00e9ponse hallucinante ! Vous \u00eates un club de loisir \u00e0 nos yeux ! Incroyable ! cette situation : on nous reproche d&rsquo;avoir des r\u00e9sultats ! J&rsquo;esp\u00e8re sinc\u00e8rement que les choses vont \u00e9voluer \u00e0 V\u00e9nissieux. Nous avons un potentiel de 40 comp\u00e9titeurs (filles et gar\u00e7ons) et tous, ont de l avenir. En tout cas, cartons pleins pour nos jeunes et moins jeunes et on peut s&rsquo; imaginer s&rsquo;ils \u00e9taient tous venus ! \u00ab\u00a0<\/span><\/div>\n<div class=\"_aok\"><span style=\"text-decoration: underline\"><em><span class=\"_3oh- _58nk\"> Les r\u00e9sultats :<\/span><\/em><\/span><\/div>\n<div class=\"_aok\"><span class=\"_3oh- _58nk\">&#8211; <strong>PUPILLES<\/strong>: Ali Ertekin (- 30 Kg, 2\u00b0), Romane Zerroug (- 25 Kg, 1\u00b0) <\/span><\/div>\n<div class=\"_aok\"><span class=\"_3oh- _58nk\">&#8211; <strong>BENJAMINS<\/strong> :Hamza Bouammar (-50 Kg, 2\u00b0), Cayda Uca (- 35 Kg, 2\u00b0)<br \/>\n<\/span><\/div>\n<div class=\"_aok\"><span class=\"_3oh- _58nk\">&#8211; <strong>MINIMES<\/strong> : Kossela Azzoug (- 55 Kg, 2\u00b0), Morjiane Zerroug (- 45 Kg, 2\u00b0) <\/span><\/div>\n<div class=\"_aok\"><span class=\"_3oh- _58nk\">&#8211; <strong>CADETS<\/strong> :\u00a0 Mouhamaid Azaoui (- 60 Kg), 3\u00b0, Loulman Cheguettine (- 50 Kg,\u00a0 3\u00b0), Hamza Kallek (- 45 Kg,\u00a0 2\u00b0) &amp; Chiara Lombardi Sadeletti (- 55 Kg, 1\u00b0). <\/span><\/div>\n<div class=\"_aok\"><span class=\"_3oh- _58nk\">&#8211; <strong>SENIORS<\/strong> : Alexandre Paquelier (- 68 k, 3\u00b0) , Adrien Borgnat (- 64 kg, 1\u00b0), M\u00e9lanie Safar (- 55 kg, 1\u00b0). <\/span><\/div>\n<div class=\"_aok\"><span class=\"_3oh- _58nk\">\u00a0\u00bb Un grand merci \u00e0 Benjamin, C\u00e9brail et Matthieu pour le coaching qui a tr\u00e8s bien fonctionn\u00e9, merci pour eux et \u00e0 tr\u00e8s bient\u00f4t\u00a0\u00bb poursuit l&rsquo;entraineur. <\/span><\/div>\n<div><span style=\"text-decoration: underline\"><em><strong>P<\/strong><\/em><\/span><span class=\"_3oh- _58nk\"><span style=\"text-decoration: underline\"><em><strong>rochaines comp\u00e9titions<\/strong><\/em><\/span> : <span style=\"text-decoration: underline\">Les 10 &amp; 11 f\u00e9vrier<\/span> : Coupe de France \u00e0 Nimes, <span style=\"text-decoration: underline\">les 16, 17 &amp; 18 mars<\/span> : Championnat de france karat\u00e9 contact \u00e0 Charlevilles-M\u00e9zieres, <span style=\"text-decoration: underline\">le 21 avril<\/span> : Championnat France karat\u00e9 mix \u00e0 Paris &amp; <span style=\"text-decoration: underline\">du 27 au 29 avril<\/span> : Championnat de France Full Contact \u00e0 Valenciennes.<\/span><\/div>\n<\/div>\n<div class=\"_3058 _ui9 _hh7 _s1- _52mr _3oh-\"><\/div>\n<p>&nbsp;<\/p>\n","protected":false},"excerpt":{"rendered":"<p>De retour de comp\u00e9tition ce dimanche \u00e0 Aix les Bains, Philippe Del Rey, directeur du club et entra\u00eeneur du Bunka\u00ef Karat\u00e9 Do\u00a0 explique les probl\u00e8mes rencontr\u00e9s par la section : \u00a0\u00bb Tous nos \u00e9l\u00e8ves n&rsquo; ont pu y participer, car pas assez de v\u00e9hicules, mais malgr\u00e9 cela 15 comp\u00e9titeurs pr\u00e9sent\u00e9s = 15 podiums !!! R\u00e9sultats [&hellip;]<\/p>\n","protected":false},"author":4,"featured_media":43112,"comment_status":"open","ping_status":"open","sticky":false,"template":"","format":"standard","meta":{"footnotes":""},"categories":[1352,2994,1353,1298],"tags":[],"class_list":["post-43090","post","type-post","status-publish","format-standard","has-post-thumbnail","hentry","category-judo","category-judo-karate-taekwondo-sports","category-karate","category-venissieux"],"yoast_head":"<!-- This site is optimized with the Yoast SEO plugin v27.2 - https:\/\/yoast.com\/product\/yoast-seo-wordpress\/ -->\n<title>VENISSIEUX : Bons r\u00e9sultats et coup de col\u00e8re au Bunka\u00ef Karat\u00e9 Do<\/title>\n<meta name=\"description\" content=\"VENISSIEUX : Bons r\u00e9sultats et coup de col\u00e8re au Bunka\u00ef Karat\u00e9 Do\" \/>\n<meta name=\"robots\" content=\"index, follow, max-snippet:-1, max-image-preview:large, max-video-preview:-1\" \/>\n<link rel=\"canonical\" href=\"https:\/\/newsestlyonnais.fr\/site\/2018\/01\/29\/venissieux-bons-resultats-et-coup-de-colere-au-bunkai-karate-do\/\" \/>\n<meta property=\"og:locale\" content=\"fr_FR\" \/>\n<meta property=\"og:type\" content=\"article\" \/>\n<meta property=\"og:title\" content=\"VENISSIEUX : Bons r\u00e9sultats et coup de col\u00e8re au Bunka\u00ef Karat\u00e9 Do\" \/>\n<meta property=\"og:description\" content=\"VENISSIEUX : Bons r\u00e9sultats et coup de col\u00e8re au Bunka\u00ef Karat\u00e9 Do\" \/>\n<meta property=\"og:url\" content=\"https:\/\/newsestlyonnais.fr\/site\/2018\/01\/29\/venissieux-bons-resultats-et-coup-de-colere-au-bunkai-karate-do\/\" \/>\n<meta property=\"og:site_name\" content=\"News Est Lyonnais\" \/>\n<meta property=\"article:author\" content=\"https:\/\/www.facebook.com\/pascal.oberson.1?fref=ts\" \/>\n<meta property=\"article:published_time\" content=\"2018-01-29T12:34:48+00:00\" \/>\n<meta property=\"article:modified_time\" content=\"2020-11-06T14:57:19+00:00\" \/>\n<meta property=\"og:image\" content=\"https:\/\/i1.wp.com\/newsestlyonnais.fr\/site\/wp-content\/uploads\/2018\/01\/NEWSESTLYONNAIS-NUNKAI-VENISSIEUX.jpg?fit=640%2C480&ssl=1\" \/>\n\t<meta property=\"og:image:width\" content=\"640\" \/>\n\t<meta property=\"og:image:height\" content=\"480\" \/>\n\t<meta property=\"og:image:type\" content=\"image\/jpeg\" \/>\n<meta name=\"author\" content=\"R\u00e9dac. NEWS\" \/>\n<meta name=\"twitter:card\" content=\"summary_large_image\" \/>\n<meta name=\"twitter:label1\" content=\"\u00c9crit par\" \/>\n\t<meta name=\"twitter:data1\" content=\"R\u00e9dac. NEWS\" \/>\n\t<meta name=\"twitter:label2\" content=\"Dur\u00e9e de lecture estim\u00e9e\" \/>\n\t<meta name=\"twitter:data2\" content=\"2 minutes\" \/>\n<script type=\"application\/ld+json\" class=\"yoast-schema-graph\">{\"@context\":\"https:\/\/schema.org\",\"@graph\":[{\"@type\":\"Article\",\"@id\":\"https:\/\/newsestlyonnais.fr\/site\/2018\/01\/29\/venissieux-bons-resultats-et-coup-de-colere-au-bunkai-karate-do\/#article\",\"isPartOf\":{\"@id\":\"https:\/\/newsestlyonnais.fr\/site\/2018\/01\/29\/venissieux-bons-resultats-et-coup-de-colere-au-bunkai-karate-do\/\"},\"author\":{\"name\":\"R\u00e9dac. NEWS\",\"@id\":\"https:\/\/newsestlyonnais.fr\/site\/#\/schema\/person\/3230d5615f390bb808365d673001e887\"},\"headline\":\"VENISSIEUX | Bons r\u00e9sultats et coup de col\u00e8re au Bunka\u00ef Karat\u00e9 Do\",\"datePublished\":\"2018-01-29T12:34:48+00:00\",\"dateModified\":\"2020-11-06T14:57:19+00:00\",\"mainEntityOfPage\":{\"@id\":\"https:\/\/newsestlyonnais.fr\/site\/2018\/01\/29\/venissieux-bons-resultats-et-coup-de-colere-au-bunkai-karate-do\/\"},\"wordCount\":362,\"commentCount\":0,\"publisher\":{\"@id\":\"https:\/\/newsestlyonnais.fr\/site\/#organization\"},\"image\":{\"@id\":\"https:\/\/newsestlyonnais.fr\/site\/2018\/01\/29\/venissieux-bons-resultats-et-coup-de-colere-au-bunkai-karate-do\/#primaryimage\"},\"thumbnailUrl\":\"https:\/\/newsestlyonnais.fr\/site\/wp-content\/uploads\/2018\/01\/NEWSESTLYONNAIS-NUNKAI-VENISSIEUX.jpg\",\"articleSection\":[\"Judo\",\"Judo| Karat\u00e9| Taekwondo\",\"Karat\u00e9\",\"V\u00e9nissieux\"],\"inLanguage\":\"fr-FR\",\"potentialAction\":[{\"@type\":\"CommentAction\",\"name\":\"Comment\",\"target\":[\"https:\/\/newsestlyonnais.fr\/site\/2018\/01\/29\/venissieux-bons-resultats-et-coup-de-colere-au-bunkai-karate-do\/#respond\"]}]},{\"@type\":\"WebPage\",\"@id\":\"https:\/\/newsestlyonnais.fr\/site\/2018\/01\/29\/venissieux-bons-resultats-et-coup-de-colere-au-bunkai-karate-do\/\",\"url\":\"https:\/\/newsestlyonnais.fr\/site\/2018\/01\/29\/venissieux-bons-resultats-et-coup-de-colere-au-bunkai-karate-do\/\",\"name\":\"VENISSIEUX : Bons r\u00e9sultats et coup de col\u00e8re au Bunka\u00ef Karat\u00e9 Do\",\"isPartOf\":{\"@id\":\"https:\/\/newsestlyonnais.fr\/site\/#website\"},\"primaryImageOfPage\":{\"@id\":\"https:\/\/newsestlyonnais.fr\/site\/2018\/01\/29\/venissieux-bons-resultats-et-coup-de-colere-au-bunkai-karate-do\/#primaryimage\"},\"image\":{\"@id\":\"https:\/\/newsestlyonnais.fr\/site\/2018\/01\/29\/venissieux-bons-resultats-et-coup-de-colere-au-bunkai-karate-do\/#primaryimage\"},\"thumbnailUrl\":\"https:\/\/newsestlyonnais.fr\/site\/wp-content\/uploads\/2018\/01\/NEWSESTLYONNAIS-NUNKAI-VENISSIEUX.jpg\",\"datePublished\":\"2018-01-29T12:34:48+00:00\",\"dateModified\":\"2020-11-06T14:57:19+00:00\",\"description\":\"VENISSIEUX : Bons r\u00e9sultats et coup de col\u00e8re au Bunka\u00ef Karat\u00e9 Do\",\"breadcrumb\":{\"@id\":\"https:\/\/newsestlyonnais.fr\/site\/2018\/01\/29\/venissieux-bons-resultats-et-coup-de-colere-au-bunkai-karate-do\/#breadcrumb\"},\"inLanguage\":\"fr-FR\",\"potentialAction\":[{\"@type\":\"ReadAction\",\"target\":[\"https:\/\/newsestlyonnais.fr\/site\/2018\/01\/29\/venissieux-bons-resultats-et-coup-de-colere-au-bunkai-karate-do\/\"]}]},{\"@type\":\"ImageObject\",\"inLanguage\":\"fr-FR\",\"@id\":\"https:\/\/newsestlyonnais.fr\/site\/2018\/01\/29\/venissieux-bons-resultats-et-coup-de-colere-au-bunkai-karate-do\/#primaryimage\",\"url\":\"https:\/\/newsestlyonnais.fr\/site\/wp-content\/uploads\/2018\/01\/NEWSESTLYONNAIS-NUNKAI-VENISSIEUX.jpg\",\"contentUrl\":\"https:\/\/newsestlyonnais.fr\/site\/wp-content\/uploads\/2018\/01\/NEWSESTLYONNAIS-NUNKAI-VENISSIEUX.jpg\",\"width\":640,\"height\":480,\"caption\":\"directeur du club et entra\u00eeneur\"},{\"@type\":\"BreadcrumbList\",\"@id\":\"https:\/\/newsestlyonnais.fr\/site\/2018\/01\/29\/venissieux-bons-resultats-et-coup-de-colere-au-bunkai-karate-do\/#breadcrumb\",\"itemListElement\":[{\"@type\":\"ListItem\",\"position\":1,\"name\":\"Accueil\",\"item\":\"https:\/\/newsestlyonnais.fr\/site\/\"},{\"@type\":\"ListItem\",\"position\":2,\"name\":\"VENISSIEUX | Bons r\u00e9sultats et coup de col\u00e8re au Bunka\u00ef Karat\u00e9 Do\"}]},{\"@type\":\"WebSite\",\"@id\":\"https:\/\/newsestlyonnais.fr\/site\/#website\",\"url\":\"https:\/\/newsestlyonnais.fr\/site\/\",\"name\":\"News Est Lyonnais\",\"description\":\"L&#039;actualit\u00e9 au plus pr\u00e8s\",\"publisher\":{\"@id\":\"https:\/\/newsestlyonnais.fr\/site\/#organization\"},\"potentialAction\":[{\"@type\":\"SearchAction\",\"target\":{\"@type\":\"EntryPoint\",\"urlTemplate\":\"https:\/\/newsestlyonnais.fr\/site\/?s={search_term_string}\"},\"query-input\":{\"@type\":\"PropertyValueSpecification\",\"valueRequired\":true,\"valueName\":\"search_term_string\"}}],\"inLanguage\":\"fr-FR\"},{\"@type\":\"Organization\",\"@id\":\"https:\/\/newsestlyonnais.fr\/site\/#organization\",\"name\":\"News EST LYONNAIS\",\"url\":\"https:\/\/newsestlyonnais.fr\/site\/\",\"logo\":{\"@type\":\"ImageObject\",\"inLanguage\":\"fr-FR\",\"@id\":\"https:\/\/newsestlyonnais.fr\/site\/#\/schema\/logo\/image\/\",\"url\":\"\",\"contentUrl\":\"\",\"caption\":\"News EST LYONNAIS\"},\"image\":{\"@id\":\"https:\/\/newsestlyonnais.fr\/site\/#\/schema\/logo\/image\/\"}},{\"@type\":\"Person\",\"@id\":\"https:\/\/newsestlyonnais.fr\/site\/#\/schema\/person\/3230d5615f390bb808365d673001e887\",\"name\":\"R\u00e9dac. NEWS\",\"sameAs\":[\"http:\/\/www.newsestlyonnais.fr\",\"https:\/\/www.facebook.com\/pascal.oberson.1?fref=ts\",\"https:\/\/fr.linkedin.com\/in\/pascal-oberson-b17045113\"],\"url\":\"https:\/\/newsestlyonnais.fr\/site\/author\/nel\/\"}]}<\/script>\n<!-- \/ Yoast SEO plugin. -->","yoast_head_json":{"title":"VENISSIEUX : Bons r\u00e9sultats et coup de col\u00e8re au Bunka\u00ef Karat\u00e9 Do","description":"VENISSIEUX : Bons r\u00e9sultats et coup de col\u00e8re au Bunka\u00ef Karat\u00e9 Do","robots":{"index":"index","follow":"follow","max-snippet":"max-snippet:-1","max-image-preview":"max-image-preview:large","max-video-preview":"max-video-preview:-1"},"canonical":"https:\/\/newsestlyonnais.fr\/site\/2018\/01\/29\/venissieux-bons-resultats-et-coup-de-colere-au-bunkai-karate-do\/","og_locale":"fr_FR","og_type":"article","og_title":"VENISSIEUX : Bons r\u00e9sultats et coup de col\u00e8re au Bunka\u00ef Karat\u00e9 Do","og_description":"VENISSIEUX : Bons r\u00e9sultats et coup de col\u00e8re au Bunka\u00ef Karat\u00e9 Do","og_url":"https:\/\/newsestlyonnais.fr\/site\/2018\/01\/29\/venissieux-bons-resultats-et-coup-de-colere-au-bunkai-karate-do\/","og_site_name":"News Est Lyonnais","article_author":"https:\/\/www.facebook.com\/pascal.oberson.1?fref=ts","article_published_time":"2018-01-29T12:34:48+00:00","article_modified_time":"2020-11-06T14:57:19+00:00","og_image":[{"width":640,"height":480,"url":"https:\/\/i1.wp.com\/newsestlyonnais.fr\/site\/wp-content\/uploads\/2018\/01\/NEWSESTLYONNAIS-NUNKAI-VENISSIEUX.jpg?fit=640%2C480&ssl=1","type":"image\/jpeg"}],"author":"R\u00e9dac. NEWS","twitter_card":"summary_large_image","twitter_misc":{"\u00c9crit par":"R\u00e9dac. NEWS","Dur\u00e9e de lecture estim\u00e9e":"2 minutes"},"schema":{"@context":"https:\/\/schema.org","@graph":[{"@type":"Article","@id":"https:\/\/newsestlyonnais.fr\/site\/2018\/01\/29\/venissieux-bons-resultats-et-coup-de-colere-au-bunkai-karate-do\/#article","isPartOf":{"@id":"https:\/\/newsestlyonnais.fr\/site\/2018\/01\/29\/venissieux-bons-resultats-et-coup-de-colere-au-bunkai-karate-do\/"},"author":{"name":"R\u00e9dac. NEWS","@id":"https:\/\/newsestlyonnais.fr\/site\/#\/schema\/person\/3230d5615f390bb808365d673001e887"},"headline":"VENISSIEUX | Bons r\u00e9sultats et coup de col\u00e8re au Bunka\u00ef Karat\u00e9 Do","datePublished":"2018-01-29T12:34:48+00:00","dateModified":"2020-11-06T14:57:19+00:00","mainEntityOfPage":{"@id":"https:\/\/newsestlyonnais.fr\/site\/2018\/01\/29\/venissieux-bons-resultats-et-coup-de-colere-au-bunkai-karate-do\/"},"wordCount":362,"commentCount":0,"publisher":{"@id":"https:\/\/newsestlyonnais.fr\/site\/#organization"},"image":{"@id":"https:\/\/newsestlyonnais.fr\/site\/2018\/01\/29\/venissieux-bons-resultats-et-coup-de-colere-au-bunkai-karate-do\/#primaryimage"},"thumbnailUrl":"https:\/\/newsestlyonnais.fr\/site\/wp-content\/uploads\/2018\/01\/NEWSESTLYONNAIS-NUNKAI-VENISSIEUX.jpg","articleSection":["Judo","Judo| Karat\u00e9| Taekwondo","Karat\u00e9","V\u00e9nissieux"],"inLanguage":"fr-FR","potentialAction":[{"@type":"CommentAction","name":"Comment","target":["https:\/\/newsestlyonnais.fr\/site\/2018\/01\/29\/venissieux-bons-resultats-et-coup-de-colere-au-bunkai-karate-do\/#respond"]}]},{"@type":"WebPage","@id":"https:\/\/newsestlyonnais.fr\/site\/2018\/01\/29\/venissieux-bons-resultats-et-coup-de-colere-au-bunkai-karate-do\/","url":"https:\/\/newsestlyonnais.fr\/site\/2018\/01\/29\/venissieux-bons-resultats-et-coup-de-colere-au-bunkai-karate-do\/","name":"VENISSIEUX : Bons r\u00e9sultats et coup de col\u00e8re au Bunka\u00ef Karat\u00e9 Do","isPartOf":{"@id":"https:\/\/newsestlyonnais.fr\/site\/#website"},"primaryImageOfPage":{"@id":"https:\/\/newsestlyonnais.fr\/site\/2018\/01\/29\/venissieux-bons-resultats-et-coup-de-colere-au-bunkai-karate-do\/#primaryimage"},"image":{"@id":"https:\/\/newsestlyonnais.fr\/site\/2018\/01\/29\/venissieux-bons-resultats-et-coup-de-colere-au-bunkai-karate-do\/#primaryimage"},"thumbnailUrl":"https:\/\/newsestlyonnais.fr\/site\/wp-content\/uploads\/2018\/01\/NEWSESTLYONNAIS-NUNKAI-VENISSIEUX.jpg","datePublished":"2018-01-29T12:34:48+00:00","dateModified":"2020-11-06T14:57:19+00:00","description":"VENISSIEUX : Bons r\u00e9sultats et coup de col\u00e8re au Bunka\u00ef Karat\u00e9 Do","breadcrumb":{"@id":"https:\/\/newsestlyonnais.fr\/site\/2018\/01\/29\/venissieux-bons-resultats-et-coup-de-colere-au-bunkai-karate-do\/#breadcrumb"},"inLanguage":"fr-FR","potentialAction":[{"@type":"ReadAction","target":["https:\/\/newsestlyonnais.fr\/site\/2018\/01\/29\/venissieux-bons-resultats-et-coup-de-colere-au-bunkai-karate-do\/"]}]},{"@type":"ImageObject","inLanguage":"fr-FR","@id":"https:\/\/newsestlyonnais.fr\/site\/2018\/01\/29\/venissieux-bons-resultats-et-coup-de-colere-au-bunkai-karate-do\/#primaryimage","url":"https:\/\/newsestlyonnais.fr\/site\/wp-content\/uploads\/2018\/01\/NEWSESTLYONNAIS-NUNKAI-VENISSIEUX.jpg","contentUrl":"https:\/\/newsestlyonnais.fr\/site\/wp-content\/uploads\/2018\/01\/NEWSESTLYONNAIS-NUNKAI-VENISSIEUX.jpg","width":640,"height":480,"caption":"directeur du club et entra\u00eeneur"},{"@type":"BreadcrumbList","@id":"https:\/\/newsestlyonnais.fr\/site\/2018\/01\/29\/venissieux-bons-resultats-et-coup-de-colere-au-bunkai-karate-do\/#breadcrumb","itemListElement":[{"@type":"ListItem","position":1,"name":"Accueil","item":"https:\/\/newsestlyonnais.fr\/site\/"},{"@type":"ListItem","position":2,"name":"VENISSIEUX | Bons r\u00e9sultats et coup de col\u00e8re au Bunka\u00ef Karat\u00e9 Do"}]},{"@type":"WebSite","@id":"https:\/\/newsestlyonnais.fr\/site\/#website","url":"https:\/\/newsestlyonnais.fr\/site\/","name":"News Est Lyonnais","description":"L&#039;actualit\u00e9 au plus pr\u00e8s","publisher":{"@id":"https:\/\/newsestlyonnais.fr\/site\/#organization"},"potentialAction":[{"@type":"SearchAction","target":{"@type":"EntryPoint","urlTemplate":"https:\/\/newsestlyonnais.fr\/site\/?s={search_term_string}"},"query-input":{"@type":"PropertyValueSpecification","valueRequired":true,"valueName":"search_term_string"}}],"inLanguage":"fr-FR"},{"@type":"Organization","@id":"https:\/\/newsestlyonnais.fr\/site\/#organization","name":"News EST LYONNAIS","url":"https:\/\/newsestlyonnais.fr\/site\/","logo":{"@type":"ImageObject","inLanguage":"fr-FR","@id":"https:\/\/newsestlyonnais.fr\/site\/#\/schema\/logo\/image\/","url":"","contentUrl":"","caption":"News EST LYONNAIS"},"image":{"@id":"https:\/\/newsestlyonnais.fr\/site\/#\/schema\/logo\/image\/"}},{"@type":"Person","@id":"https:\/\/newsestlyonnais.fr\/site\/#\/schema\/person\/3230d5615f390bb808365d673001e887","name":"R\u00e9dac. NEWS","sameAs":["http:\/\/www.newsestlyonnais.fr","https:\/\/www.facebook.com\/pascal.oberson.1?fref=ts","https:\/\/fr.linkedin.com\/in\/pascal-oberson-b17045113"],"url":"https:\/\/newsestlyonnais.fr\/site\/author\/nel\/"}]}},"_links":{"self":[{"href":"https:\/\/newsestlyonnais.fr\/site\/wp-json\/wp\/v2\/posts\/43090","targetHints":{"allow":["GET"]}}],"collection":[{"href":"https:\/\/newsestlyonnais.fr\/site\/wp-json\/wp\/v2\/posts"}],"about":[{"href":"https:\/\/newsestlyonnais.fr\/site\/wp-json\/wp\/v2\/types\/post"}],"author":[{"embeddable":true,"href":"https:\/\/newsestlyonnais.fr\/site\/wp-json\/wp\/v2\/users\/4"}],"replies":[{"embeddable":true,"href":"https:\/\/newsestlyonnais.fr\/site\/wp-json\/wp\/v2\/comments?post=43090"}],"version-history":[{"count":0,"href":"https:\/\/newsestlyonnais.fr\/site\/wp-json\/wp\/v2\/posts\/43090\/revisions"}],"wp:featuredmedia":[{"embeddable":true,"href":"https:\/\/newsestlyonnais.fr\/site\/wp-json\/wp\/v2\/media\/43112"}],"wp:attachment":[{"href":"https:\/\/newsestlyonnais.fr\/site\/wp-json\/wp\/v2\/media?parent=43090"}],"wp:term":[{"taxonomy":"category","embeddable":true,"href":"https:\/\/newsestlyonnais.fr\/site\/wp-json\/wp\/v2\/categories?post=43090"},{"taxonomy":"post_tag","embeddable":true,"href":"https:\/\/newsestlyonnais.fr\/site\/wp-json\/wp\/v2\/tags?post=43090"}],"curies":[{"name":"wp","href":"https:\/\/api.w.org\/{rel}","templated":true}]}}