{"id":43119,"date":"2018-01-31T11:28:58","date_gmt":"2018-01-31T10:28:58","guid":{"rendered":"http:\/\/newsestlyonnais.fr\/site\/?p=43119"},"modified":"2020-11-12T19:22:34","modified_gmt":"2020-11-12T18:22:34","slug":"bron-loffice-municipal-sports-assemblee-generale","status":"publish","type":"post","link":"https:\/\/newsestlyonnais.fr\/site\/2018\/01\/31\/bron-loffice-municipal-sports-assemblee-generale\/","title":{"rendered":"BRON | L&rsquo;Office Municipal des Sports en assembl\u00e9e g\u00e9n\u00e9rale"},"content":{"rendered":"<h4>C&rsquo;est dans la salle Guy Duboeuf du stade Pierre Duboeuf, que se tenait lundi soir l&rsquo;annuelle assembl\u00e9e g\u00e9n\u00e9rale de l&rsquo;Office Municipal du Sport (O.M.S.) de Bron.<\/h4>\n<p>Une soir\u00e9e lanc\u00e9e par la pr\u00e9sidente de l&rsquo;Office, <strong>Nathalie Georges<\/strong>, et d\u00e9marr\u00e9e par une assembl\u00e9e extraordinaire, dans le but de proc\u00e9der au vote du <strong>transfert du si\u00e8ge social de l&rsquo;OMS<\/strong>, actuellement bas\u00e9 \u00e0 la Halle des Sports. Une approbation \u00e0 l&rsquo;unanimit\u00e9 a ainsi valid\u00e9 un des nouveaux statuts d\u00e9signant la salle Pierre Duboeuf comme futur si\u00e8ge.<\/p>\n<p>Une grande majorit\u00e9 de la trentaine de clubs affili\u00e9s \u00e9tait repr\u00e9sent\u00e9e pour cette assembl\u00e9e, au cours de laquelle retour a \u00e9t\u00e9 fait sur les \u00e9v\u00e8nements &amp; r\u00e9sultats sportifs marquants de 2017, sans oublier l&rsquo;hommage rendu aux personnes (sportifs ou dirigeants) disparues.<\/p>\n<p>Parmi les points abord\u00e9s, on notera l&rsquo;int\u00e9gration d&rsquo;un nouveau club, l&rsquo;Ecole Lyonnaise de Sabre et l&rsquo;annonce du r\u00e9sultat positif du bilan financier de l&rsquo;exercice.<\/p>\n<p>Lors de son intervention, le maire <strong>Jean-Michel Longueval<\/strong> a indiqu\u00e9 que \u00ab\u00a0l&rsquo;OMS respirait le dynamisme sportif de la ville\u00a0\u00bb et n&rsquo;a pas manqu\u00e9 de revenir sur deux inaugurations (tribune Charles Tourdes &amp; boulodrome Henri Bayada) qui ont \u00e9t\u00e9 d&rsquo; importants moments locaux.<\/p>\n<p><strong>Djamel Boudebibah<\/strong>, adjoint aux sports a quand lui indiqu\u00e9 que 62 manifestations sportives, sur 52 semaines, avaient eu lieu l&rsquo;an dernier sur la commune, hors championnats. Rappelant \u00e9galement que la volont\u00e9 municipale avait \u00e9t\u00e9 depuis 3 ans, de ne pas baisser le budget allou\u00e9 aux sports. Il a d&rsquo;autre part annonc\u00e9 en exclusivit\u00e9 la <strong>fermeture estivale du Centre Nautique<\/strong>, durant un mois et demi (du 29 juillet au 15 septembre 2018). Ceci afin de proc\u00e9der au remplacement de tout le carrelage de l&rsquo;\u00e9tablissement.<\/p>\n<p>En fin de s\u00e9ance a \u00e9t\u00e9 abord\u00e9e la composition du nouveau comit\u00e9 directeur de l&rsquo;OMS. Le bureau dirigeant qui a enregistr\u00e9 un d\u00e9part pour une arriv\u00e9e sera toujours constitu\u00e9 de 11 personnes. Suivant les statuts, la pr\u00e9sidente a remis sa d\u00e9mission et en attendant lundi prochain, c&rsquo;est Jacques Champier, ancien pr\u00e9sident durant 4 ans, qui assure l&rsquo;int\u00e9rim. Le nouveau bureau qui ne devrait pas subir de modifications majeures sera alors form\u00e9.<\/p>\n<p><strong>&#8211;\u00a0 Retrouvez l&rsquo;ACTU de l&rsquo;OMS sur :\u00a0<a href=\"https:\/\/www.omsbron.com\" target=\"_blank\" rel=\"noopener noreferrer\">https:\/\/www.omsbron.com<\/a> <\/strong><\/p>\n<p><img loading=\"lazy\" decoding=\"async\" class=\"alignleft size-full wp-image-43213\" src=\"https:\/\/newsestlyonnais.fr\/site\/medias\/2018\/01\/NEWSESTLYONNAIS-AG-OMS-2018.jpg\" alt=\"NEWSESTLYONNAIS - AG OMS 2018\" width=\"2048\" height=\"1536\" srcset=\"https:\/\/newsestlyonnais.fr\/site\/wp-content\/uploads\/2018\/01\/NEWSESTLYONNAIS-AG-OMS-2018.jpg 2048w, https:\/\/newsestlyonnais.fr\/site\/wp-content\/uploads\/2018\/01\/NEWSESTLYONNAIS-AG-OMS-2018-400x300.jpg 400w, https:\/\/newsestlyonnais.fr\/site\/wp-content\/uploads\/2018\/01\/NEWSESTLYONNAIS-AG-OMS-2018-768x576.jpg 768w, https:\/\/newsestlyonnais.fr\/site\/wp-content\/uploads\/2018\/01\/NEWSESTLYONNAIS-AG-OMS-2018-1000x750.jpg 1000w, https:\/\/newsestlyonnais.fr\/site\/wp-content\/uploads\/2018\/01\/NEWSESTLYONNAIS-AG-OMS-2018-600x450.jpg 600w, https:\/\/newsestlyonnais.fr\/site\/wp-content\/uploads\/2018\/01\/NEWSESTLYONNAIS-AG-OMS-2018-100x75.jpg 100w\" sizes=\"auto, (max-width: 2048px) 100vw, 2048px\" \/><\/p>\n","protected":false},"excerpt":{"rendered":"<p>C&rsquo;est dans la salle Guy Duboeuf du stade Pierre Duboeuf, que se tenait lundi soir l&rsquo;annuelle assembl\u00e9e g\u00e9n\u00e9rale de l&rsquo;Office Municipal du Sport (O.M.S.) de Bron. Une soir\u00e9e lanc\u00e9e par la pr\u00e9sidente de l&rsquo;Office, Nathalie Georges, et d\u00e9marr\u00e9e par une assembl\u00e9e extraordinaire, dans le but de proc\u00e9der au vote du transfert du si\u00e8ge social de [&hellip;]<\/p>\n","protected":false},"author":4,"featured_media":43215,"comment_status":"open","ping_status":"open","sticky":false,"template":"","format":"standard","meta":{"footnotes":""},"categories":[574,19,166,3016],"tags":[],"class_list":["post-43119","post","type-post","status-publish","format-standard","has-post-thumbnail","hentry","category-autres-sports","category-bron","category-divers-sports","category-institutions-trophees-jo"],"yoast_head":"<!-- This site is optimized with the Yoast SEO plugin v27.2 - https:\/\/yoast.com\/product\/yoast-seo-wordpress\/ -->\n<title>BRON: L&#039;Office Municipal des Sports en assembl\u00e9e g\u00e9n\u00e9rale<\/title>\n<meta name=\"description\" content=\"BRON: L&#039;Office Municipal des Sports en assembl\u00e9e g\u00e9n\u00e9rale\" \/>\n<meta name=\"robots\" content=\"index, follow, max-snippet:-1, max-image-preview:large, max-video-preview:-1\" \/>\n<link rel=\"canonical\" href=\"https:\/\/newsestlyonnais.fr\/site\/2018\/01\/31\/bron-loffice-municipal-sports-assemblee-generale\/\" \/>\n<meta property=\"og:locale\" content=\"fr_FR\" \/>\n<meta property=\"og:type\" content=\"article\" \/>\n<meta property=\"og:title\" content=\"BRON: L&#039;Office Municipal des Sports en assembl\u00e9e g\u00e9n\u00e9rale\" \/>\n<meta property=\"og:description\" content=\"BRON: L&#039;Office Municipal des Sports en assembl\u00e9e g\u00e9n\u00e9rale\" \/>\n<meta property=\"og:url\" content=\"https:\/\/newsestlyonnais.fr\/site\/2018\/01\/31\/bron-loffice-municipal-sports-assemblee-generale\/\" \/>\n<meta property=\"og:site_name\" content=\"News Est Lyonnais\" \/>\n<meta property=\"article:author\" content=\"https:\/\/www.facebook.com\/pascal.oberson.1?fref=ts\" \/>\n<meta property=\"article:published_time\" content=\"2018-01-31T10:28:58+00:00\" \/>\n<meta property=\"article:modified_time\" content=\"2020-11-12T18:22:34+00:00\" \/>\n<meta property=\"og:image\" content=\"https:\/\/i0.wp.com\/newsestlyonnais.fr\/site\/wp-content\/uploads\/2018\/01\/NEWSESTLYONNAIS-6-AG-OMS-2018B..jpg?fit=2048%2C1536&ssl=1\" \/>\n\t<meta property=\"og:image:width\" content=\"2048\" \/>\n\t<meta property=\"og:image:height\" content=\"1536\" \/>\n\t<meta property=\"og:image:type\" content=\"image\/jpeg\" \/>\n<meta name=\"author\" content=\"R\u00e9dac. NEWS\" \/>\n<meta name=\"twitter:card\" content=\"summary_large_image\" \/>\n<meta name=\"twitter:label1\" content=\"\u00c9crit par\" \/>\n\t<meta name=\"twitter:data1\" content=\"R\u00e9dac. NEWS\" \/>\n\t<meta name=\"twitter:label2\" content=\"Dur\u00e9e de lecture estim\u00e9e\" \/>\n\t<meta name=\"twitter:data2\" content=\"2 minutes\" \/>\n<script type=\"application\/ld+json\" class=\"yoast-schema-graph\">{\"@context\":\"https:\/\/schema.org\",\"@graph\":[{\"@type\":\"Article\",\"@id\":\"https:\/\/newsestlyonnais.fr\/site\/2018\/01\/31\/bron-loffice-municipal-sports-assemblee-generale\/#article\",\"isPartOf\":{\"@id\":\"https:\/\/newsestlyonnais.fr\/site\/2018\/01\/31\/bron-loffice-municipal-sports-assemblee-generale\/\"},\"author\":{\"name\":\"R\u00e9dac. NEWS\",\"@id\":\"https:\/\/newsestlyonnais.fr\/site\/#\/schema\/person\/3230d5615f390bb808365d673001e887\"},\"headline\":\"BRON | L&rsquo;Office Municipal des Sports en assembl\u00e9e g\u00e9n\u00e9rale\",\"datePublished\":\"2018-01-31T10:28:58+00:00\",\"dateModified\":\"2020-11-12T18:22:34+00:00\",\"mainEntityOfPage\":{\"@id\":\"https:\/\/newsestlyonnais.fr\/site\/2018\/01\/31\/bron-loffice-municipal-sports-assemblee-generale\/\"},\"wordCount\":409,\"commentCount\":0,\"publisher\":{\"@id\":\"https:\/\/newsestlyonnais.fr\/site\/#organization\"},\"image\":{\"@id\":\"https:\/\/newsestlyonnais.fr\/site\/2018\/01\/31\/bron-loffice-municipal-sports-assemblee-generale\/#primaryimage\"},\"thumbnailUrl\":\"https:\/\/newsestlyonnais.fr\/site\/wp-content\/uploads\/2018\/01\/NEWSESTLYONNAIS-6-AG-OMS-2018B..jpg\",\"articleSection\":[\"Autres sports\",\"Bron\",\"Divers Sports\",\"Institutions | Troph\u00e9es | J.O.\"],\"inLanguage\":\"fr-FR\",\"potentialAction\":[{\"@type\":\"CommentAction\",\"name\":\"Comment\",\"target\":[\"https:\/\/newsestlyonnais.fr\/site\/2018\/01\/31\/bron-loffice-municipal-sports-assemblee-generale\/#respond\"]}]},{\"@type\":\"WebPage\",\"@id\":\"https:\/\/newsestlyonnais.fr\/site\/2018\/01\/31\/bron-loffice-municipal-sports-assemblee-generale\/\",\"url\":\"https:\/\/newsestlyonnais.fr\/site\/2018\/01\/31\/bron-loffice-municipal-sports-assemblee-generale\/\",\"name\":\"BRON: L'Office Municipal des Sports en assembl\u00e9e g\u00e9n\u00e9rale\",\"isPartOf\":{\"@id\":\"https:\/\/newsestlyonnais.fr\/site\/#website\"},\"primaryImageOfPage\":{\"@id\":\"https:\/\/newsestlyonnais.fr\/site\/2018\/01\/31\/bron-loffice-municipal-sports-assemblee-generale\/#primaryimage\"},\"image\":{\"@id\":\"https:\/\/newsestlyonnais.fr\/site\/2018\/01\/31\/bron-loffice-municipal-sports-assemblee-generale\/#primaryimage\"},\"thumbnailUrl\":\"https:\/\/newsestlyonnais.fr\/site\/wp-content\/uploads\/2018\/01\/NEWSESTLYONNAIS-6-AG-OMS-2018B..jpg\",\"datePublished\":\"2018-01-31T10:28:58+00:00\",\"dateModified\":\"2020-11-12T18:22:34+00:00\",\"description\":\"BRON: L'Office Municipal des Sports en assembl\u00e9e g\u00e9n\u00e9rale\",\"breadcrumb\":{\"@id\":\"https:\/\/newsestlyonnais.fr\/site\/2018\/01\/31\/bron-loffice-municipal-sports-assemblee-generale\/#breadcrumb\"},\"inLanguage\":\"fr-FR\",\"potentialAction\":[{\"@type\":\"ReadAction\",\"target\":[\"https:\/\/newsestlyonnais.fr\/site\/2018\/01\/31\/bron-loffice-municipal-sports-assemblee-generale\/\"]}]},{\"@type\":\"ImageObject\",\"inLanguage\":\"fr-FR\",\"@id\":\"https:\/\/newsestlyonnais.fr\/site\/2018\/01\/31\/bron-loffice-municipal-sports-assemblee-generale\/#primaryimage\",\"url\":\"https:\/\/newsestlyonnais.fr\/site\/wp-content\/uploads\/2018\/01\/NEWSESTLYONNAIS-6-AG-OMS-2018B..jpg\",\"contentUrl\":\"https:\/\/newsestlyonnais.fr\/site\/wp-content\/uploads\/2018\/01\/NEWSESTLYONNAIS-6-AG-OMS-2018B..jpg\",\"width\":2048,\"height\":1536,\"caption\":\"NEWSESTLYONNAIS 6 AG OMS 2018B.\"},{\"@type\":\"BreadcrumbList\",\"@id\":\"https:\/\/newsestlyonnais.fr\/site\/2018\/01\/31\/bron-loffice-municipal-sports-assemblee-generale\/#breadcrumb\",\"itemListElement\":[{\"@type\":\"ListItem\",\"position\":1,\"name\":\"Accueil\",\"item\":\"https:\/\/newsestlyonnais.fr\/site\/\"},{\"@type\":\"ListItem\",\"position\":2,\"name\":\"BRON | L&rsquo;Office Municipal des Sports en assembl\u00e9e g\u00e9n\u00e9rale\"}]},{\"@type\":\"WebSite\",\"@id\":\"https:\/\/newsestlyonnais.fr\/site\/#website\",\"url\":\"https:\/\/newsestlyonnais.fr\/site\/\",\"name\":\"News Est Lyonnais\",\"description\":\"L&#039;actualit\u00e9 au plus pr\u00e8s\",\"publisher\":{\"@id\":\"https:\/\/newsestlyonnais.fr\/site\/#organization\"},\"potentialAction\":[{\"@type\":\"SearchAction\",\"target\":{\"@type\":\"EntryPoint\",\"urlTemplate\":\"https:\/\/newsestlyonnais.fr\/site\/?s={search_term_string}\"},\"query-input\":{\"@type\":\"PropertyValueSpecification\",\"valueRequired\":true,\"valueName\":\"search_term_string\"}}],\"inLanguage\":\"fr-FR\"},{\"@type\":\"Organization\",\"@id\":\"https:\/\/newsestlyonnais.fr\/site\/#organization\",\"name\":\"News EST LYONNAIS\",\"url\":\"https:\/\/newsestlyonnais.fr\/site\/\",\"logo\":{\"@type\":\"ImageObject\",\"inLanguage\":\"fr-FR\",\"@id\":\"https:\/\/newsestlyonnais.fr\/site\/#\/schema\/logo\/image\/\",\"url\":\"\",\"contentUrl\":\"\",\"caption\":\"News EST LYONNAIS\"},\"image\":{\"@id\":\"https:\/\/newsestlyonnais.fr\/site\/#\/schema\/logo\/image\/\"}},{\"@type\":\"Person\",\"@id\":\"https:\/\/newsestlyonnais.fr\/site\/#\/schema\/person\/3230d5615f390bb808365d673001e887\",\"name\":\"R\u00e9dac. NEWS\",\"sameAs\":[\"http:\/\/www.newsestlyonnais.fr\",\"https:\/\/www.facebook.com\/pascal.oberson.1?fref=ts\",\"https:\/\/fr.linkedin.com\/in\/pascal-oberson-b17045113\"],\"url\":\"https:\/\/newsestlyonnais.fr\/site\/author\/nel\/\"}]}<\/script>\n<!-- \/ Yoast SEO plugin. -->","yoast_head_json":{"title":"BRON: L'Office Municipal des Sports en assembl\u00e9e g\u00e9n\u00e9rale","description":"BRON: L'Office Municipal des Sports en assembl\u00e9e g\u00e9n\u00e9rale","robots":{"index":"index","follow":"follow","max-snippet":"max-snippet:-1","max-image-preview":"max-image-preview:large","max-video-preview":"max-video-preview:-1"},"canonical":"https:\/\/newsestlyonnais.fr\/site\/2018\/01\/31\/bron-loffice-municipal-sports-assemblee-generale\/","og_locale":"fr_FR","og_type":"article","og_title":"BRON: L'Office Municipal des Sports en assembl\u00e9e g\u00e9n\u00e9rale","og_description":"BRON: L'Office Municipal des Sports en assembl\u00e9e g\u00e9n\u00e9rale","og_url":"https:\/\/newsestlyonnais.fr\/site\/2018\/01\/31\/bron-loffice-municipal-sports-assemblee-generale\/","og_site_name":"News Est Lyonnais","article_author":"https:\/\/www.facebook.com\/pascal.oberson.1?fref=ts","article_published_time":"2018-01-31T10:28:58+00:00","article_modified_time":"2020-11-12T18:22:34+00:00","og_image":[{"width":2048,"height":1536,"url":"https:\/\/i0.wp.com\/newsestlyonnais.fr\/site\/wp-content\/uploads\/2018\/01\/NEWSESTLYONNAIS-6-AG-OMS-2018B..jpg?fit=2048%2C1536&ssl=1","type":"image\/jpeg"}],"author":"R\u00e9dac. NEWS","twitter_card":"summary_large_image","twitter_misc":{"\u00c9crit par":"R\u00e9dac. NEWS","Dur\u00e9e de lecture estim\u00e9e":"2 minutes"},"schema":{"@context":"https:\/\/schema.org","@graph":[{"@type":"Article","@id":"https:\/\/newsestlyonnais.fr\/site\/2018\/01\/31\/bron-loffice-municipal-sports-assemblee-generale\/#article","isPartOf":{"@id":"https:\/\/newsestlyonnais.fr\/site\/2018\/01\/31\/bron-loffice-municipal-sports-assemblee-generale\/"},"author":{"name":"R\u00e9dac. NEWS","@id":"https:\/\/newsestlyonnais.fr\/site\/#\/schema\/person\/3230d5615f390bb808365d673001e887"},"headline":"BRON | L&rsquo;Office Municipal des Sports en assembl\u00e9e g\u00e9n\u00e9rale","datePublished":"2018-01-31T10:28:58+00:00","dateModified":"2020-11-12T18:22:34+00:00","mainEntityOfPage":{"@id":"https:\/\/newsestlyonnais.fr\/site\/2018\/01\/31\/bron-loffice-municipal-sports-assemblee-generale\/"},"wordCount":409,"commentCount":0,"publisher":{"@id":"https:\/\/newsestlyonnais.fr\/site\/#organization"},"image":{"@id":"https:\/\/newsestlyonnais.fr\/site\/2018\/01\/31\/bron-loffice-municipal-sports-assemblee-generale\/#primaryimage"},"thumbnailUrl":"https:\/\/newsestlyonnais.fr\/site\/wp-content\/uploads\/2018\/01\/NEWSESTLYONNAIS-6-AG-OMS-2018B..jpg","articleSection":["Autres sports","Bron","Divers Sports","Institutions | Troph\u00e9es | J.O."],"inLanguage":"fr-FR","potentialAction":[{"@type":"CommentAction","name":"Comment","target":["https:\/\/newsestlyonnais.fr\/site\/2018\/01\/31\/bron-loffice-municipal-sports-assemblee-generale\/#respond"]}]},{"@type":"WebPage","@id":"https:\/\/newsestlyonnais.fr\/site\/2018\/01\/31\/bron-loffice-municipal-sports-assemblee-generale\/","url":"https:\/\/newsestlyonnais.fr\/site\/2018\/01\/31\/bron-loffice-municipal-sports-assemblee-generale\/","name":"BRON: L'Office Municipal des Sports en assembl\u00e9e g\u00e9n\u00e9rale","isPartOf":{"@id":"https:\/\/newsestlyonnais.fr\/site\/#website"},"primaryImageOfPage":{"@id":"https:\/\/newsestlyonnais.fr\/site\/2018\/01\/31\/bron-loffice-municipal-sports-assemblee-generale\/#primaryimage"},"image":{"@id":"https:\/\/newsestlyonnais.fr\/site\/2018\/01\/31\/bron-loffice-municipal-sports-assemblee-generale\/#primaryimage"},"thumbnailUrl":"https:\/\/newsestlyonnais.fr\/site\/wp-content\/uploads\/2018\/01\/NEWSESTLYONNAIS-6-AG-OMS-2018B..jpg","datePublished":"2018-01-31T10:28:58+00:00","dateModified":"2020-11-12T18:22:34+00:00","description":"BRON: L'Office Municipal des Sports en assembl\u00e9e g\u00e9n\u00e9rale","breadcrumb":{"@id":"https:\/\/newsestlyonnais.fr\/site\/2018\/01\/31\/bron-loffice-municipal-sports-assemblee-generale\/#breadcrumb"},"inLanguage":"fr-FR","potentialAction":[{"@type":"ReadAction","target":["https:\/\/newsestlyonnais.fr\/site\/2018\/01\/31\/bron-loffice-municipal-sports-assemblee-generale\/"]}]},{"@type":"ImageObject","inLanguage":"fr-FR","@id":"https:\/\/newsestlyonnais.fr\/site\/2018\/01\/31\/bron-loffice-municipal-sports-assemblee-generale\/#primaryimage","url":"https:\/\/newsestlyonnais.fr\/site\/wp-content\/uploads\/2018\/01\/NEWSESTLYONNAIS-6-AG-OMS-2018B..jpg","contentUrl":"https:\/\/newsestlyonnais.fr\/site\/wp-content\/uploads\/2018\/01\/NEWSESTLYONNAIS-6-AG-OMS-2018B..jpg","width":2048,"height":1536,"caption":"NEWSESTLYONNAIS 6 AG OMS 2018B."},{"@type":"BreadcrumbList","@id":"https:\/\/newsestlyonnais.fr\/site\/2018\/01\/31\/bron-loffice-municipal-sports-assemblee-generale\/#breadcrumb","itemListElement":[{"@type":"ListItem","position":1,"name":"Accueil","item":"https:\/\/newsestlyonnais.fr\/site\/"},{"@type":"ListItem","position":2,"name":"BRON | L&rsquo;Office Municipal des Sports en assembl\u00e9e g\u00e9n\u00e9rale"}]},{"@type":"WebSite","@id":"https:\/\/newsestlyonnais.fr\/site\/#website","url":"https:\/\/newsestlyonnais.fr\/site\/","name":"News Est Lyonnais","description":"L&#039;actualit\u00e9 au plus pr\u00e8s","publisher":{"@id":"https:\/\/newsestlyonnais.fr\/site\/#organization"},"potentialAction":[{"@type":"SearchAction","target":{"@type":"EntryPoint","urlTemplate":"https:\/\/newsestlyonnais.fr\/site\/?s={search_term_string}"},"query-input":{"@type":"PropertyValueSpecification","valueRequired":true,"valueName":"search_term_string"}}],"inLanguage":"fr-FR"},{"@type":"Organization","@id":"https:\/\/newsestlyonnais.fr\/site\/#organization","name":"News EST LYONNAIS","url":"https:\/\/newsestlyonnais.fr\/site\/","logo":{"@type":"ImageObject","inLanguage":"fr-FR","@id":"https:\/\/newsestlyonnais.fr\/site\/#\/schema\/logo\/image\/","url":"","contentUrl":"","caption":"News EST LYONNAIS"},"image":{"@id":"https:\/\/newsestlyonnais.fr\/site\/#\/schema\/logo\/image\/"}},{"@type":"Person","@id":"https:\/\/newsestlyonnais.fr\/site\/#\/schema\/person\/3230d5615f390bb808365d673001e887","name":"R\u00e9dac. NEWS","sameAs":["http:\/\/www.newsestlyonnais.fr","https:\/\/www.facebook.com\/pascal.oberson.1?fref=ts","https:\/\/fr.linkedin.com\/in\/pascal-oberson-b17045113"],"url":"https:\/\/newsestlyonnais.fr\/site\/author\/nel\/"}]}},"_links":{"self":[{"href":"https:\/\/newsestlyonnais.fr\/site\/wp-json\/wp\/v2\/posts\/43119","targetHints":{"allow":["GET"]}}],"collection":[{"href":"https:\/\/newsestlyonnais.fr\/site\/wp-json\/wp\/v2\/posts"}],"about":[{"href":"https:\/\/newsestlyonnais.fr\/site\/wp-json\/wp\/v2\/types\/post"}],"author":[{"embeddable":true,"href":"https:\/\/newsestlyonnais.fr\/site\/wp-json\/wp\/v2\/users\/4"}],"replies":[{"embeddable":true,"href":"https:\/\/newsestlyonnais.fr\/site\/wp-json\/wp\/v2\/comments?post=43119"}],"version-history":[{"count":0,"href":"https:\/\/newsestlyonnais.fr\/site\/wp-json\/wp\/v2\/posts\/43119\/revisions"}],"wp:featuredmedia":[{"embeddable":true,"href":"https:\/\/newsestlyonnais.fr\/site\/wp-json\/wp\/v2\/media\/43215"}],"wp:attachment":[{"href":"https:\/\/newsestlyonnais.fr\/site\/wp-json\/wp\/v2\/media?parent=43119"}],"wp:term":[{"taxonomy":"category","embeddable":true,"href":"https:\/\/newsestlyonnais.fr\/site\/wp-json\/wp\/v2\/categories?post=43119"},{"taxonomy":"post_tag","embeddable":true,"href":"https:\/\/newsestlyonnais.fr\/site\/wp-json\/wp\/v2\/tags?post=43119"}],"curies":[{"name":"wp","href":"https:\/\/api.w.org\/{rel}","templated":true}]}}