{"id":43243,"date":"2018-02-01T07:01:05","date_gmt":"2018-02-01T06:01:05","guid":{"rendered":"http:\/\/newsestlyonnais.fr\/site\/?p=43243"},"modified":"2020-11-02T16:39:33","modified_gmt":"2020-11-02T15:39:33","slug":"vaulx-en-velin-cest-reparti-pour-le-silver-xiii-equilibre","status":"publish","type":"post","link":"https:\/\/newsestlyonnais.fr\/site\/2018\/02\/01\/vaulx-en-velin-cest-reparti-pour-le-silver-xiii-equilibre\/","title":{"rendered":"VAULX-EN-VELIN | C&rsquo;est reparti pour le \u00a0\u00bb Silver XIII Equilibre \u00ab\u00a0"},"content":{"rendered":"<h4>Lundi 29 janvier, Jacques Cavezzan avec Arnaud Peronin et Cl\u00e9ment Meunier (Comit\u00e9 du Rh\u00f4ne) ont donn\u00e9 le d\u00e9part de la premi\u00e8re session du groupe \u00a0\u00bb Silver XIII Equilibre \u00a0\u00bb au Palais des Sports.<\/h4>\n<p>Une reprise effectu\u00e9e avec un groupe de 16 seniors dans une ambiance ludique et enthousiaste. Ce projet consiste en la pratique d&rsquo;une activit\u00e9 gymnique avec ballon, \u00e0 destination des seniors de plus de 60 ans en utilisant du mat\u00e9riel et certaines techniques du rugby \u00e0 XIII comme le tenu. Ce sont 10 s\u00e9ances d&rsquo;une heure hebdomadaire qui sont programm\u00e9es.<br \/>\nApr\u00e8s des tests d&rsquo;\u00e9quilibre pass\u00e9s par les s\u00e9niors, la s\u00e9ance 1 intitul\u00e9e \u00a0\u00bb Entr\u00e9e dans l&rsquo;activit\u00e9\u00a0\u00bb \u00e9tait constitu\u00e9e de 5 \u00e9tapes :<\/p>\n<ul>\n<li>\u00a01 : \u00c9chauffement (10 min). Statique (lever genoux, ramener talons, pointe des pieds, mouvements des bras), Evolution en marche<\/li>\n<\/ul>\n<ul>\n<li>2 : Renforcement musculaire (contr\u00f4le et discours sur les postures) (10 min) exercices : fentes lat\u00e9rales 80% droite-gauche<\/li>\n<li>3 : Equilibre et coordination (10 min) en groupe de 4 \u00ab repouss\u00e9 avec bouclier \u00bb (s\u00e9curis\u00e9 espace) 4 lignes<\/li>\n<li>4 : Endurance (10 min). Parcours sur 1 ligne droite (\u00e9volutions marche sur bouclier, enjamber, avec ballon)<\/li>\n<li>5 : retour au calme et \u00e9tirements (5 min) \u00c9tirements, \u00e9changes, discours de bien \u00eatre et respiration<\/li>\n<\/ul>\n<p>Apr\u00e8s cette premi\u00e8re s\u00e9ance, les participants \u00e9taient ravis de ce d\u00e9marrage en douceur et ont trouv\u00e9 \u00ab\u00a0int\u00e9ressant\u00a0\u00bb le contenu.<\/p>\n<p>Les objectifs vis\u00e9s \u00e9tant l&rsquo;am\u00e9lioration de l&rsquo;\u00e9quilibre, le renforcement des r\u00e9flexes et de la coordination, l&rsquo;entretien de la mobilit\u00e9 articulaire, l&rsquo;endurance et la stimulation de la m\u00e9moire.<\/p>\n<ul>\n<li><em><strong>Prochain rendez vous : Lundi 5\u00a0 f\u00e9vrier \u00e0 11 heures .<\/strong><\/em><\/li>\n<\/ul>\n<div id='gallery-1' class='gallery galleryid-43243 gallery-columns-3 gallery-size-thumbnail'><figure class='gallery-item'>\n\t\t\t<div class='gallery-icon landscape'>\n\t\t\t\t<a href='https:\/\/newsestlyonnais.fr\/site\/2018\/02\/01\/vaulx-en-velin-cest-reparti-pour-le-silver-xiii-equilibre\/olympus-digital-camera-104\/'><img loading=\"lazy\" decoding=\"async\" width=\"150\" height=\"150\" src=\"https:\/\/newsestlyonnais.fr\/site\/wp-content\/uploads\/2018\/02\/NEWSESTLYONANIS-seniors-concentr\u00e9s-150x150.jpg\" class=\"attachment-thumbnail size-thumbnail\" alt=\"NEWSESTLYONNAIS-seniors-concentr\u00e9s\" \/><\/a>\n\t\t\t<\/div><\/figure><figure class='gallery-item'>\n\t\t\t<div class='gallery-icon landscape'>\n\t\t\t\t<a href='https:\/\/newsestlyonnais.fr\/site\/2018\/02\/01\/vaulx-en-velin-cest-reparti-pour-le-silver-xiii-equilibre\/olympus-digital-camera-105\/'><img loading=\"lazy\" decoding=\"async\" width=\"150\" height=\"150\" src=\"https:\/\/newsestlyonnais.fr\/site\/wp-content\/uploads\/2018\/02\/NEWSESTLYONNAIS-test-\u00e9quilibre-unipodal-150x150.jpg\" class=\"attachment-thumbnail size-thumbnail\" alt=\"NEWSESTLYONNAIS-test-\u00e9quilibre-unipodal\" \/><\/a>\n\t\t\t<\/div><\/figure>\n\t\t<\/div>\n\n<p>&nbsp;<\/p>\n","protected":false},"excerpt":{"rendered":"<p>Lundi 29 janvier, Jacques Cavezzan avec Arnaud Peronin et Cl\u00e9ment Meunier (Comit\u00e9 du Rh\u00f4ne) ont donn\u00e9 le d\u00e9part de la premi\u00e8re session du groupe \u00a0\u00bb Silver XIII Equilibre \u00a0\u00bb au Palais des Sports. Une reprise effectu\u00e9e avec un groupe de 16 seniors dans une ambiance ludique et enthousiaste. Ce projet consiste en la pratique d&rsquo;une [&hellip;]<\/p>\n","protected":false},"author":4,"featured_media":43251,"comment_status":"open","ping_status":"open","sticky":false,"template":"","format":"standard","meta":{"footnotes":""},"categories":[2996,1219,168,28],"tags":[],"class_list":["post-43243","post","type-post","status-publish","format-standard","has-post-thumbnail","hentry","category-football-rugby","category-religion-seniors-souvenir","category-rugby-a-xiii","category-vaulx-en-velin"],"yoast_head":"<!-- This site is optimized with the Yoast SEO plugin v27.2 - https:\/\/yoast.com\/product\/yoast-seo-wordpress\/ -->\n<title>VAULX EN VELIN : C&#039;est reparti pour le &quot;Silver XIII Equilibre &quot;<\/title>\n<meta name=\"description\" content=\"VAULX EN VELIN : C&#039;est reparti pour le &quot;Silver XIII Equilibre &quot;\" \/>\n<meta name=\"robots\" content=\"index, follow, max-snippet:-1, max-image-preview:large, max-video-preview:-1\" \/>\n<link rel=\"canonical\" href=\"https:\/\/newsestlyonnais.fr\/site\/2018\/02\/01\/vaulx-en-velin-cest-reparti-pour-le-silver-xiii-equilibre\/\" \/>\n<meta property=\"og:locale\" content=\"fr_FR\" \/>\n<meta property=\"og:type\" content=\"article\" \/>\n<meta property=\"og:title\" content=\"VAULX EN VELIN : C&#039;est reparti pour le &quot;Silver XIII Equilibre &quot;\" \/>\n<meta property=\"og:description\" content=\"VAULX EN VELIN : C&#039;est reparti pour le &quot;Silver XIII Equilibre &quot;\" \/>\n<meta property=\"og:url\" content=\"https:\/\/newsestlyonnais.fr\/site\/2018\/02\/01\/vaulx-en-velin-cest-reparti-pour-le-silver-xiii-equilibre\/\" \/>\n<meta property=\"og:site_name\" content=\"News Est Lyonnais\" \/>\n<meta property=\"article:author\" content=\"https:\/\/www.facebook.com\/pascal.oberson.1?fref=ts\" \/>\n<meta property=\"article:published_time\" content=\"2018-02-01T06:01:05+00:00\" \/>\n<meta property=\"article:modified_time\" content=\"2020-11-02T15:39:33+00:00\" \/>\n<meta property=\"og:image\" content=\"https:\/\/i2.wp.com\/newsestlyonnais.fr\/site\/wp-content\/uploads\/2018\/02\/NEWSESTLYONNAIS-joie-Seniors-Silver-XIII-Equilibre.jpg?fit=969%2C726&ssl=1\" \/>\n\t<meta property=\"og:image:width\" content=\"969\" \/>\n\t<meta property=\"og:image:height\" content=\"726\" \/>\n\t<meta property=\"og:image:type\" content=\"image\/jpeg\" \/>\n<meta name=\"author\" content=\"R\u00e9dac. NEWS\" \/>\n<meta name=\"twitter:card\" content=\"summary_large_image\" \/>\n<meta name=\"twitter:label1\" content=\"\u00c9crit par\" \/>\n\t<meta name=\"twitter:data1\" content=\"R\u00e9dac. NEWS\" \/>\n\t<meta name=\"twitter:label2\" content=\"Dur\u00e9e de lecture estim\u00e9e\" \/>\n\t<meta name=\"twitter:data2\" content=\"1 minute\" \/>\n<script type=\"application\/ld+json\" class=\"yoast-schema-graph\">{\"@context\":\"https:\/\/schema.org\",\"@graph\":[{\"@type\":\"Article\",\"@id\":\"https:\/\/newsestlyonnais.fr\/site\/2018\/02\/01\/vaulx-en-velin-cest-reparti-pour-le-silver-xiii-equilibre\/#article\",\"isPartOf\":{\"@id\":\"https:\/\/newsestlyonnais.fr\/site\/2018\/02\/01\/vaulx-en-velin-cest-reparti-pour-le-silver-xiii-equilibre\/\"},\"author\":{\"name\":\"R\u00e9dac. NEWS\",\"@id\":\"https:\/\/newsestlyonnais.fr\/site\/#\/schema\/person\/3230d5615f390bb808365d673001e887\"},\"headline\":\"VAULX-EN-VELIN | C&rsquo;est reparti pour le \u00a0\u00bb Silver XIII Equilibre \u00ab\u00a0\",\"datePublished\":\"2018-02-01T06:01:05+00:00\",\"dateModified\":\"2020-11-02T15:39:33+00:00\",\"mainEntityOfPage\":{\"@id\":\"https:\/\/newsestlyonnais.fr\/site\/2018\/02\/01\/vaulx-en-velin-cest-reparti-pour-le-silver-xiii-equilibre\/\"},\"wordCount\":273,\"commentCount\":0,\"publisher\":{\"@id\":\"https:\/\/newsestlyonnais.fr\/site\/#organization\"},\"image\":{\"@id\":\"https:\/\/newsestlyonnais.fr\/site\/2018\/02\/01\/vaulx-en-velin-cest-reparti-pour-le-silver-xiii-equilibre\/#primaryimage\"},\"thumbnailUrl\":\"https:\/\/newsestlyonnais.fr\/site\/wp-content\/uploads\/2018\/02\/NEWSESTLYONNAIS-joie-Seniors-Silver-XIII-Equilibre.jpg\",\"articleSection\":[\"Foot | Rugby\",\"Religion | Seniors | Souvenir\",\"RUGBY \u00e0 XIII\",\"Vaulx-en-Velin\"],\"inLanguage\":\"fr-FR\",\"potentialAction\":[{\"@type\":\"CommentAction\",\"name\":\"Comment\",\"target\":[\"https:\/\/newsestlyonnais.fr\/site\/2018\/02\/01\/vaulx-en-velin-cest-reparti-pour-le-silver-xiii-equilibre\/#respond\"]}]},{\"@type\":\"WebPage\",\"@id\":\"https:\/\/newsestlyonnais.fr\/site\/2018\/02\/01\/vaulx-en-velin-cest-reparti-pour-le-silver-xiii-equilibre\/\",\"url\":\"https:\/\/newsestlyonnais.fr\/site\/2018\/02\/01\/vaulx-en-velin-cest-reparti-pour-le-silver-xiii-equilibre\/\",\"name\":\"VAULX EN VELIN : C'est reparti pour le \\\"Silver XIII Equilibre \\\"\",\"isPartOf\":{\"@id\":\"https:\/\/newsestlyonnais.fr\/site\/#website\"},\"primaryImageOfPage\":{\"@id\":\"https:\/\/newsestlyonnais.fr\/site\/2018\/02\/01\/vaulx-en-velin-cest-reparti-pour-le-silver-xiii-equilibre\/#primaryimage\"},\"image\":{\"@id\":\"https:\/\/newsestlyonnais.fr\/site\/2018\/02\/01\/vaulx-en-velin-cest-reparti-pour-le-silver-xiii-equilibre\/#primaryimage\"},\"thumbnailUrl\":\"https:\/\/newsestlyonnais.fr\/site\/wp-content\/uploads\/2018\/02\/NEWSESTLYONNAIS-joie-Seniors-Silver-XIII-Equilibre.jpg\",\"datePublished\":\"2018-02-01T06:01:05+00:00\",\"dateModified\":\"2020-11-02T15:39:33+00:00\",\"description\":\"VAULX EN VELIN : C'est reparti pour le \\\"Silver XIII Equilibre \\\"\",\"breadcrumb\":{\"@id\":\"https:\/\/newsestlyonnais.fr\/site\/2018\/02\/01\/vaulx-en-velin-cest-reparti-pour-le-silver-xiii-equilibre\/#breadcrumb\"},\"inLanguage\":\"fr-FR\",\"potentialAction\":[{\"@type\":\"ReadAction\",\"target\":[\"https:\/\/newsestlyonnais.fr\/site\/2018\/02\/01\/vaulx-en-velin-cest-reparti-pour-le-silver-xiii-equilibre\/\"]}]},{\"@type\":\"ImageObject\",\"inLanguage\":\"fr-FR\",\"@id\":\"https:\/\/newsestlyonnais.fr\/site\/2018\/02\/01\/vaulx-en-velin-cest-reparti-pour-le-silver-xiii-equilibre\/#primaryimage\",\"url\":\"https:\/\/newsestlyonnais.fr\/site\/wp-content\/uploads\/2018\/02\/NEWSESTLYONNAIS-joie-Seniors-Silver-XIII-Equilibre.jpg\",\"contentUrl\":\"https:\/\/newsestlyonnais.fr\/site\/wp-content\/uploads\/2018\/02\/NEWSESTLYONNAIS-joie-Seniors-Silver-XIII-Equilibre.jpg\",\"width\":969,\"height\":726,\"caption\":\"NEWSESTLYONNAIS-joie-Seniors-Silver-XIII-Equilibre\"},{\"@type\":\"BreadcrumbList\",\"@id\":\"https:\/\/newsestlyonnais.fr\/site\/2018\/02\/01\/vaulx-en-velin-cest-reparti-pour-le-silver-xiii-equilibre\/#breadcrumb\",\"itemListElement\":[{\"@type\":\"ListItem\",\"position\":1,\"name\":\"Accueil\",\"item\":\"https:\/\/newsestlyonnais.fr\/site\/\"},{\"@type\":\"ListItem\",\"position\":2,\"name\":\"VAULX-EN-VELIN | C&rsquo;est reparti pour le \u00a0\u00bb Silver XIII Equilibre \u00ab\u00a0\"}]},{\"@type\":\"WebSite\",\"@id\":\"https:\/\/newsestlyonnais.fr\/site\/#website\",\"url\":\"https:\/\/newsestlyonnais.fr\/site\/\",\"name\":\"News Est Lyonnais\",\"description\":\"L&#039;actualit\u00e9 au plus pr\u00e8s\",\"publisher\":{\"@id\":\"https:\/\/newsestlyonnais.fr\/site\/#organization\"},\"potentialAction\":[{\"@type\":\"SearchAction\",\"target\":{\"@type\":\"EntryPoint\",\"urlTemplate\":\"https:\/\/newsestlyonnais.fr\/site\/?s={search_term_string}\"},\"query-input\":{\"@type\":\"PropertyValueSpecification\",\"valueRequired\":true,\"valueName\":\"search_term_string\"}}],\"inLanguage\":\"fr-FR\"},{\"@type\":\"Organization\",\"@id\":\"https:\/\/newsestlyonnais.fr\/site\/#organization\",\"name\":\"News EST LYONNAIS\",\"url\":\"https:\/\/newsestlyonnais.fr\/site\/\",\"logo\":{\"@type\":\"ImageObject\",\"inLanguage\":\"fr-FR\",\"@id\":\"https:\/\/newsestlyonnais.fr\/site\/#\/schema\/logo\/image\/\",\"url\":\"\",\"contentUrl\":\"\",\"caption\":\"News EST LYONNAIS\"},\"image\":{\"@id\":\"https:\/\/newsestlyonnais.fr\/site\/#\/schema\/logo\/image\/\"}},{\"@type\":\"Person\",\"@id\":\"https:\/\/newsestlyonnais.fr\/site\/#\/schema\/person\/3230d5615f390bb808365d673001e887\",\"name\":\"R\u00e9dac. NEWS\",\"sameAs\":[\"http:\/\/www.newsestlyonnais.fr\",\"https:\/\/www.facebook.com\/pascal.oberson.1?fref=ts\",\"https:\/\/fr.linkedin.com\/in\/pascal-oberson-b17045113\"],\"url\":\"https:\/\/newsestlyonnais.fr\/site\/author\/nel\/\"}]}<\/script>\n<!-- \/ Yoast SEO plugin. -->","yoast_head_json":{"title":"VAULX EN VELIN : C'est reparti pour le \"Silver XIII Equilibre \"","description":"VAULX EN VELIN : C'est reparti pour le \"Silver XIII Equilibre \"","robots":{"index":"index","follow":"follow","max-snippet":"max-snippet:-1","max-image-preview":"max-image-preview:large","max-video-preview":"max-video-preview:-1"},"canonical":"https:\/\/newsestlyonnais.fr\/site\/2018\/02\/01\/vaulx-en-velin-cest-reparti-pour-le-silver-xiii-equilibre\/","og_locale":"fr_FR","og_type":"article","og_title":"VAULX EN VELIN : C'est reparti pour le \"Silver XIII Equilibre \"","og_description":"VAULX EN VELIN : C'est reparti pour le \"Silver XIII Equilibre \"","og_url":"https:\/\/newsestlyonnais.fr\/site\/2018\/02\/01\/vaulx-en-velin-cest-reparti-pour-le-silver-xiii-equilibre\/","og_site_name":"News Est Lyonnais","article_author":"https:\/\/www.facebook.com\/pascal.oberson.1?fref=ts","article_published_time":"2018-02-01T06:01:05+00:00","article_modified_time":"2020-11-02T15:39:33+00:00","og_image":[{"width":969,"height":726,"url":"https:\/\/i2.wp.com\/newsestlyonnais.fr\/site\/wp-content\/uploads\/2018\/02\/NEWSESTLYONNAIS-joie-Seniors-Silver-XIII-Equilibre.jpg?fit=969%2C726&ssl=1","type":"image\/jpeg"}],"author":"R\u00e9dac. NEWS","twitter_card":"summary_large_image","twitter_misc":{"\u00c9crit par":"R\u00e9dac. NEWS","Dur\u00e9e de lecture estim\u00e9e":"1 minute"},"schema":{"@context":"https:\/\/schema.org","@graph":[{"@type":"Article","@id":"https:\/\/newsestlyonnais.fr\/site\/2018\/02\/01\/vaulx-en-velin-cest-reparti-pour-le-silver-xiii-equilibre\/#article","isPartOf":{"@id":"https:\/\/newsestlyonnais.fr\/site\/2018\/02\/01\/vaulx-en-velin-cest-reparti-pour-le-silver-xiii-equilibre\/"},"author":{"name":"R\u00e9dac. NEWS","@id":"https:\/\/newsestlyonnais.fr\/site\/#\/schema\/person\/3230d5615f390bb808365d673001e887"},"headline":"VAULX-EN-VELIN | C&rsquo;est reparti pour le \u00a0\u00bb Silver XIII Equilibre \u00ab\u00a0","datePublished":"2018-02-01T06:01:05+00:00","dateModified":"2020-11-02T15:39:33+00:00","mainEntityOfPage":{"@id":"https:\/\/newsestlyonnais.fr\/site\/2018\/02\/01\/vaulx-en-velin-cest-reparti-pour-le-silver-xiii-equilibre\/"},"wordCount":273,"commentCount":0,"publisher":{"@id":"https:\/\/newsestlyonnais.fr\/site\/#organization"},"image":{"@id":"https:\/\/newsestlyonnais.fr\/site\/2018\/02\/01\/vaulx-en-velin-cest-reparti-pour-le-silver-xiii-equilibre\/#primaryimage"},"thumbnailUrl":"https:\/\/newsestlyonnais.fr\/site\/wp-content\/uploads\/2018\/02\/NEWSESTLYONNAIS-joie-Seniors-Silver-XIII-Equilibre.jpg","articleSection":["Foot | Rugby","Religion | Seniors | Souvenir","RUGBY \u00e0 XIII","Vaulx-en-Velin"],"inLanguage":"fr-FR","potentialAction":[{"@type":"CommentAction","name":"Comment","target":["https:\/\/newsestlyonnais.fr\/site\/2018\/02\/01\/vaulx-en-velin-cest-reparti-pour-le-silver-xiii-equilibre\/#respond"]}]},{"@type":"WebPage","@id":"https:\/\/newsestlyonnais.fr\/site\/2018\/02\/01\/vaulx-en-velin-cest-reparti-pour-le-silver-xiii-equilibre\/","url":"https:\/\/newsestlyonnais.fr\/site\/2018\/02\/01\/vaulx-en-velin-cest-reparti-pour-le-silver-xiii-equilibre\/","name":"VAULX EN VELIN : C'est reparti pour le \"Silver XIII Equilibre \"","isPartOf":{"@id":"https:\/\/newsestlyonnais.fr\/site\/#website"},"primaryImageOfPage":{"@id":"https:\/\/newsestlyonnais.fr\/site\/2018\/02\/01\/vaulx-en-velin-cest-reparti-pour-le-silver-xiii-equilibre\/#primaryimage"},"image":{"@id":"https:\/\/newsestlyonnais.fr\/site\/2018\/02\/01\/vaulx-en-velin-cest-reparti-pour-le-silver-xiii-equilibre\/#primaryimage"},"thumbnailUrl":"https:\/\/newsestlyonnais.fr\/site\/wp-content\/uploads\/2018\/02\/NEWSESTLYONNAIS-joie-Seniors-Silver-XIII-Equilibre.jpg","datePublished":"2018-02-01T06:01:05+00:00","dateModified":"2020-11-02T15:39:33+00:00","description":"VAULX EN VELIN : C'est reparti pour le \"Silver XIII Equilibre \"","breadcrumb":{"@id":"https:\/\/newsestlyonnais.fr\/site\/2018\/02\/01\/vaulx-en-velin-cest-reparti-pour-le-silver-xiii-equilibre\/#breadcrumb"},"inLanguage":"fr-FR","potentialAction":[{"@type":"ReadAction","target":["https:\/\/newsestlyonnais.fr\/site\/2018\/02\/01\/vaulx-en-velin-cest-reparti-pour-le-silver-xiii-equilibre\/"]}]},{"@type":"ImageObject","inLanguage":"fr-FR","@id":"https:\/\/newsestlyonnais.fr\/site\/2018\/02\/01\/vaulx-en-velin-cest-reparti-pour-le-silver-xiii-equilibre\/#primaryimage","url":"https:\/\/newsestlyonnais.fr\/site\/wp-content\/uploads\/2018\/02\/NEWSESTLYONNAIS-joie-Seniors-Silver-XIII-Equilibre.jpg","contentUrl":"https:\/\/newsestlyonnais.fr\/site\/wp-content\/uploads\/2018\/02\/NEWSESTLYONNAIS-joie-Seniors-Silver-XIII-Equilibre.jpg","width":969,"height":726,"caption":"NEWSESTLYONNAIS-joie-Seniors-Silver-XIII-Equilibre"},{"@type":"BreadcrumbList","@id":"https:\/\/newsestlyonnais.fr\/site\/2018\/02\/01\/vaulx-en-velin-cest-reparti-pour-le-silver-xiii-equilibre\/#breadcrumb","itemListElement":[{"@type":"ListItem","position":1,"name":"Accueil","item":"https:\/\/newsestlyonnais.fr\/site\/"},{"@type":"ListItem","position":2,"name":"VAULX-EN-VELIN | C&rsquo;est reparti pour le \u00a0\u00bb Silver XIII Equilibre \u00ab\u00a0"}]},{"@type":"WebSite","@id":"https:\/\/newsestlyonnais.fr\/site\/#website","url":"https:\/\/newsestlyonnais.fr\/site\/","name":"News Est Lyonnais","description":"L&#039;actualit\u00e9 au plus pr\u00e8s","publisher":{"@id":"https:\/\/newsestlyonnais.fr\/site\/#organization"},"potentialAction":[{"@type":"SearchAction","target":{"@type":"EntryPoint","urlTemplate":"https:\/\/newsestlyonnais.fr\/site\/?s={search_term_string}"},"query-input":{"@type":"PropertyValueSpecification","valueRequired":true,"valueName":"search_term_string"}}],"inLanguage":"fr-FR"},{"@type":"Organization","@id":"https:\/\/newsestlyonnais.fr\/site\/#organization","name":"News EST LYONNAIS","url":"https:\/\/newsestlyonnais.fr\/site\/","logo":{"@type":"ImageObject","inLanguage":"fr-FR","@id":"https:\/\/newsestlyonnais.fr\/site\/#\/schema\/logo\/image\/","url":"","contentUrl":"","caption":"News EST LYONNAIS"},"image":{"@id":"https:\/\/newsestlyonnais.fr\/site\/#\/schema\/logo\/image\/"}},{"@type":"Person","@id":"https:\/\/newsestlyonnais.fr\/site\/#\/schema\/person\/3230d5615f390bb808365d673001e887","name":"R\u00e9dac. NEWS","sameAs":["http:\/\/www.newsestlyonnais.fr","https:\/\/www.facebook.com\/pascal.oberson.1?fref=ts","https:\/\/fr.linkedin.com\/in\/pascal-oberson-b17045113"],"url":"https:\/\/newsestlyonnais.fr\/site\/author\/nel\/"}]}},"_links":{"self":[{"href":"https:\/\/newsestlyonnais.fr\/site\/wp-json\/wp\/v2\/posts\/43243","targetHints":{"allow":["GET"]}}],"collection":[{"href":"https:\/\/newsestlyonnais.fr\/site\/wp-json\/wp\/v2\/posts"}],"about":[{"href":"https:\/\/newsestlyonnais.fr\/site\/wp-json\/wp\/v2\/types\/post"}],"author":[{"embeddable":true,"href":"https:\/\/newsestlyonnais.fr\/site\/wp-json\/wp\/v2\/users\/4"}],"replies":[{"embeddable":true,"href":"https:\/\/newsestlyonnais.fr\/site\/wp-json\/wp\/v2\/comments?post=43243"}],"version-history":[{"count":0,"href":"https:\/\/newsestlyonnais.fr\/site\/wp-json\/wp\/v2\/posts\/43243\/revisions"}],"wp:featuredmedia":[{"embeddable":true,"href":"https:\/\/newsestlyonnais.fr\/site\/wp-json\/wp\/v2\/media\/43251"}],"wp:attachment":[{"href":"https:\/\/newsestlyonnais.fr\/site\/wp-json\/wp\/v2\/media?parent=43243"}],"wp:term":[{"taxonomy":"category","embeddable":true,"href":"https:\/\/newsestlyonnais.fr\/site\/wp-json\/wp\/v2\/categories?post=43243"},{"taxonomy":"post_tag","embeddable":true,"href":"https:\/\/newsestlyonnais.fr\/site\/wp-json\/wp\/v2\/tags?post=43243"}],"curies":[{"name":"wp","href":"https:\/\/api.w.org\/{rel}","templated":true}]}}