{"id":43274,"date":"2018-02-01T10:05:35","date_gmt":"2018-02-01T09:05:35","guid":{"rendered":"http:\/\/newsestlyonnais.fr\/site\/?p=43274"},"modified":"2020-11-18T20:56:04","modified_gmt":"2020-11-18T19:56:04","slug":"jons-2-edition-de-randonnee-heron-11-mars","status":"publish","type":"post","link":"https:\/\/newsestlyonnais.fr\/site\/2018\/02\/01\/jons-2-edition-de-randonnee-heron-11-mars\/","title":{"rendered":"JONS | 2\u00b0 \u00e9dition de la Randonn\u00e9e du h\u00e9ron le 11 mars"},"content":{"rendered":"<h4>Une manifestation organis\u00e9e par le Comit\u00e9 d&rsquo;Animation et qui en sera seulement \u00e0 sa 2\u00b0 \u00e9dition, le deuxi\u00e8me dimanche de mars.<\/h4>\n<p><strong>Deux parcours<\/strong> seront alors propos\u00e9s : un premier de <strong>9 kms<\/strong> (avec un ravitaillement) et un autre de <strong>15 kms<\/strong> (avec 2 ravitaillements), avec d\u00e9parts et arriv\u00e9es de la salle Chrysalide, chemin des Meules.<\/p>\n<p>Les <strong>inscriptions<\/strong> se prennent d\u00e8s 8 heures du matin &amp; les <strong>d\u00e9parts<\/strong> peuvent avoir lieu entre 8 h 30 et 9 h 30.<\/p>\n<ul>\n<li><em><strong>Tarifs<\/strong> <\/em>: 4 euros pour le 9 Km et 6 Euros pour le 15 Km.<\/li>\n<\/ul>\n<p>Un repas est pr\u00e9vu \u00e0 l\u2019arriv\u00e9e (pa\u00eblla) uniquement sur inscriptions.<\/p>\n<ul>\n<li><em><strong>R\u00e9servations et renseignements au 06. 59. 63. 90. 68<\/strong><\/em><\/li>\n<\/ul>\n<p><img loading=\"lazy\" decoding=\"async\" class=\"alignleft size-full wp-image-43404\" src=\"https:\/\/newsestlyonnais.fr\/site\/medias\/2018\/01\/NEWSESTLYONNAIS-JONS-RANDO-HERON.jpg\" alt=\"NEWSESTLYONNAIS - JONS RANDO HERON\" width=\"1654\" height=\"2338\" srcset=\"https:\/\/newsestlyonnais.fr\/site\/wp-content\/uploads\/2018\/01\/NEWSESTLYONNAIS-JONS-RANDO-HERON.jpg 1654w, https:\/\/newsestlyonnais.fr\/site\/wp-content\/uploads\/2018\/01\/NEWSESTLYONNAIS-JONS-RANDO-HERON-212x300.jpg 212w, https:\/\/newsestlyonnais.fr\/site\/wp-content\/uploads\/2018\/01\/NEWSESTLYONNAIS-JONS-RANDO-HERON-768x1086.jpg 768w, https:\/\/newsestlyonnais.fr\/site\/wp-content\/uploads\/2018\/01\/NEWSESTLYONNAIS-JONS-RANDO-HERON-531x750.jpg 531w, https:\/\/newsestlyonnais.fr\/site\/wp-content\/uploads\/2018\/01\/NEWSESTLYONNAIS-JONS-RANDO-HERON-600x848.jpg 600w\" sizes=\"auto, (max-width: 1654px) 100vw, 1654px\" \/><\/p>\n","protected":false},"excerpt":{"rendered":"<p>Une manifestation organis\u00e9e par le Comit\u00e9 d&rsquo;Animation et qui en sera seulement \u00e0 sa 2\u00b0 \u00e9dition, le deuxi\u00e8me dimanche de mars.<\/p>\n","protected":false},"author":4,"featured_media":72478,"comment_status":"open","ping_status":"open","sticky":false,"template":"","format":"standard","meta":{"footnotes":""},"categories":[2968,270,1279],"tags":[],"class_list":["post-43274","post","type-post","status-publish","format-standard","has-post-thumbnail","hentry","category-athle-course-pied-marche","category-cte-de-communes-c-c-e-l","category-jons-pusignan"],"yoast_head":"<!-- This site is optimized with the Yoast SEO plugin v27.2 - https:\/\/yoast.com\/product\/yoast-seo-wordpress\/ -->\n<title>JONS : 2\u00b0 \u00e9dition de la Randonn\u00e9e du h\u00e9ron le 11 mars prochain<\/title>\n<meta name=\"description\" content=\"JONS : 2\u00b0 \u00e9dition de la Randonn\u00e9e du h\u00e9ron le 11 mars prochain\" \/>\n<meta name=\"robots\" content=\"index, follow, max-snippet:-1, max-image-preview:large, max-video-preview:-1\" \/>\n<link rel=\"canonical\" href=\"https:\/\/newsestlyonnais.fr\/site\/2018\/02\/01\/jons-2-edition-de-randonnee-heron-11-mars\/\" \/>\n<meta property=\"og:locale\" content=\"fr_FR\" \/>\n<meta property=\"og:type\" content=\"article\" \/>\n<meta property=\"og:title\" content=\"JONS : 2\u00b0 \u00e9dition de la Randonn\u00e9e du h\u00e9ron le 11 mars prochain\" \/>\n<meta property=\"og:description\" content=\"JONS : 2\u00b0 \u00e9dition de la Randonn\u00e9e du h\u00e9ron le 11 mars prochain\" \/>\n<meta property=\"og:url\" content=\"https:\/\/newsestlyonnais.fr\/site\/2018\/02\/01\/jons-2-edition-de-randonnee-heron-11-mars\/\" \/>\n<meta property=\"og:site_name\" content=\"News Est Lyonnais\" \/>\n<meta property=\"article:author\" content=\"https:\/\/www.facebook.com\/pascal.oberson.1?fref=ts\" \/>\n<meta property=\"article:published_time\" content=\"2018-02-01T09:05:35+00:00\" \/>\n<meta property=\"article:modified_time\" content=\"2020-11-18T19:56:04+00:00\" \/>\n<meta property=\"og:image\" content=\"https:\/\/i1.wp.com\/newsestlyonnais.fr\/site\/wp-content\/uploads\/2018\/11\/NEWSESTLYONNAIS-MAIRIE-JONS.jpg?fit=4608%2C3456&ssl=1\" \/>\n\t<meta property=\"og:image:width\" content=\"4608\" \/>\n\t<meta property=\"og:image:height\" content=\"3456\" \/>\n\t<meta property=\"og:image:type\" content=\"image\/jpeg\" \/>\n<meta name=\"author\" content=\"R\u00e9dac. NEWS\" \/>\n<meta name=\"twitter:card\" content=\"summary_large_image\" \/>\n<meta name=\"twitter:label1\" content=\"\u00c9crit par\" \/>\n\t<meta name=\"twitter:data1\" content=\"R\u00e9dac. NEWS\" \/>\n\t<meta name=\"twitter:label2\" content=\"Dur\u00e9e de lecture estim\u00e9e\" \/>\n\t<meta name=\"twitter:data2\" content=\"1 minute\" \/>\n<script type=\"application\/ld+json\" class=\"yoast-schema-graph\">{\"@context\":\"https:\/\/schema.org\",\"@graph\":[{\"@type\":\"Article\",\"@id\":\"https:\/\/newsestlyonnais.fr\/site\/2018\/02\/01\/jons-2-edition-de-randonnee-heron-11-mars\/#article\",\"isPartOf\":{\"@id\":\"https:\/\/newsestlyonnais.fr\/site\/2018\/02\/01\/jons-2-edition-de-randonnee-heron-11-mars\/\"},\"author\":{\"name\":\"R\u00e9dac. NEWS\",\"@id\":\"https:\/\/newsestlyonnais.fr\/site\/#\/schema\/person\/3230d5615f390bb808365d673001e887\"},\"headline\":\"JONS | 2\u00b0 \u00e9dition de la Randonn\u00e9e du h\u00e9ron le 11 mars\",\"datePublished\":\"2018-02-01T09:05:35+00:00\",\"dateModified\":\"2020-11-18T19:56:04+00:00\",\"mainEntityOfPage\":{\"@id\":\"https:\/\/newsestlyonnais.fr\/site\/2018\/02\/01\/jons-2-edition-de-randonnee-heron-11-mars\/\"},\"wordCount\":114,\"commentCount\":0,\"publisher\":{\"@id\":\"https:\/\/newsestlyonnais.fr\/site\/#organization\"},\"image\":{\"@id\":\"https:\/\/newsestlyonnais.fr\/site\/2018\/02\/01\/jons-2-edition-de-randonnee-heron-11-mars\/#primaryimage\"},\"thumbnailUrl\":\"https:\/\/newsestlyonnais.fr\/site\/wp-content\/uploads\/2018\/11\/NEWSESTLYONNAIS-MAIRIE-JONS.jpg\",\"articleSection\":[\"Athl\u00e9 | Course pied | Marche\",\"CCEL | Communes\",\"Jons | Pusignan\"],\"inLanguage\":\"fr-FR\",\"potentialAction\":[{\"@type\":\"CommentAction\",\"name\":\"Comment\",\"target\":[\"https:\/\/newsestlyonnais.fr\/site\/2018\/02\/01\/jons-2-edition-de-randonnee-heron-11-mars\/#respond\"]}]},{\"@type\":\"WebPage\",\"@id\":\"https:\/\/newsestlyonnais.fr\/site\/2018\/02\/01\/jons-2-edition-de-randonnee-heron-11-mars\/\",\"url\":\"https:\/\/newsestlyonnais.fr\/site\/2018\/02\/01\/jons-2-edition-de-randonnee-heron-11-mars\/\",\"name\":\"JONS : 2\u00b0 \u00e9dition de la Randonn\u00e9e du h\u00e9ron le 11 mars prochain\",\"isPartOf\":{\"@id\":\"https:\/\/newsestlyonnais.fr\/site\/#website\"},\"primaryImageOfPage\":{\"@id\":\"https:\/\/newsestlyonnais.fr\/site\/2018\/02\/01\/jons-2-edition-de-randonnee-heron-11-mars\/#primaryimage\"},\"image\":{\"@id\":\"https:\/\/newsestlyonnais.fr\/site\/2018\/02\/01\/jons-2-edition-de-randonnee-heron-11-mars\/#primaryimage\"},\"thumbnailUrl\":\"https:\/\/newsestlyonnais.fr\/site\/wp-content\/uploads\/2018\/11\/NEWSESTLYONNAIS-MAIRIE-JONS.jpg\",\"datePublished\":\"2018-02-01T09:05:35+00:00\",\"dateModified\":\"2020-11-18T19:56:04+00:00\",\"description\":\"JONS : 2\u00b0 \u00e9dition de la Randonn\u00e9e du h\u00e9ron le 11 mars prochain\",\"breadcrumb\":{\"@id\":\"https:\/\/newsestlyonnais.fr\/site\/2018\/02\/01\/jons-2-edition-de-randonnee-heron-11-mars\/#breadcrumb\"},\"inLanguage\":\"fr-FR\",\"potentialAction\":[{\"@type\":\"ReadAction\",\"target\":[\"https:\/\/newsestlyonnais.fr\/site\/2018\/02\/01\/jons-2-edition-de-randonnee-heron-11-mars\/\"]}]},{\"@type\":\"ImageObject\",\"inLanguage\":\"fr-FR\",\"@id\":\"https:\/\/newsestlyonnais.fr\/site\/2018\/02\/01\/jons-2-edition-de-randonnee-heron-11-mars\/#primaryimage\",\"url\":\"https:\/\/newsestlyonnais.fr\/site\/wp-content\/uploads\/2018\/11\/NEWSESTLYONNAIS-MAIRIE-JONS.jpg\",\"contentUrl\":\"https:\/\/newsestlyonnais.fr\/site\/wp-content\/uploads\/2018\/11\/NEWSESTLYONNAIS-MAIRIE-JONS.jpg\",\"width\":4608,\"height\":3456,\"caption\":\"NEWSESTLYONNAIS MAIRIE JONS\"},{\"@type\":\"BreadcrumbList\",\"@id\":\"https:\/\/newsestlyonnais.fr\/site\/2018\/02\/01\/jons-2-edition-de-randonnee-heron-11-mars\/#breadcrumb\",\"itemListElement\":[{\"@type\":\"ListItem\",\"position\":1,\"name\":\"Accueil\",\"item\":\"https:\/\/newsestlyonnais.fr\/site\/\"},{\"@type\":\"ListItem\",\"position\":2,\"name\":\"JONS | 2\u00b0 \u00e9dition de la Randonn\u00e9e du h\u00e9ron le 11 mars\"}]},{\"@type\":\"WebSite\",\"@id\":\"https:\/\/newsestlyonnais.fr\/site\/#website\",\"url\":\"https:\/\/newsestlyonnais.fr\/site\/\",\"name\":\"News Est Lyonnais\",\"description\":\"L&#039;actualit\u00e9 au plus pr\u00e8s\",\"publisher\":{\"@id\":\"https:\/\/newsestlyonnais.fr\/site\/#organization\"},\"potentialAction\":[{\"@type\":\"SearchAction\",\"target\":{\"@type\":\"EntryPoint\",\"urlTemplate\":\"https:\/\/newsestlyonnais.fr\/site\/?s={search_term_string}\"},\"query-input\":{\"@type\":\"PropertyValueSpecification\",\"valueRequired\":true,\"valueName\":\"search_term_string\"}}],\"inLanguage\":\"fr-FR\"},{\"@type\":\"Organization\",\"@id\":\"https:\/\/newsestlyonnais.fr\/site\/#organization\",\"name\":\"News EST LYONNAIS\",\"url\":\"https:\/\/newsestlyonnais.fr\/site\/\",\"logo\":{\"@type\":\"ImageObject\",\"inLanguage\":\"fr-FR\",\"@id\":\"https:\/\/newsestlyonnais.fr\/site\/#\/schema\/logo\/image\/\",\"url\":\"\",\"contentUrl\":\"\",\"caption\":\"News EST LYONNAIS\"},\"image\":{\"@id\":\"https:\/\/newsestlyonnais.fr\/site\/#\/schema\/logo\/image\/\"}},{\"@type\":\"Person\",\"@id\":\"https:\/\/newsestlyonnais.fr\/site\/#\/schema\/person\/3230d5615f390bb808365d673001e887\",\"name\":\"R\u00e9dac. NEWS\",\"sameAs\":[\"http:\/\/www.newsestlyonnais.fr\",\"https:\/\/www.facebook.com\/pascal.oberson.1?fref=ts\",\"https:\/\/fr.linkedin.com\/in\/pascal-oberson-b17045113\"],\"url\":\"https:\/\/newsestlyonnais.fr\/site\/author\/nel\/\"}]}<\/script>\n<!-- \/ Yoast SEO plugin. -->","yoast_head_json":{"title":"JONS : 2\u00b0 \u00e9dition de la Randonn\u00e9e du h\u00e9ron le 11 mars prochain","description":"JONS : 2\u00b0 \u00e9dition de la Randonn\u00e9e du h\u00e9ron le 11 mars prochain","robots":{"index":"index","follow":"follow","max-snippet":"max-snippet:-1","max-image-preview":"max-image-preview:large","max-video-preview":"max-video-preview:-1"},"canonical":"https:\/\/newsestlyonnais.fr\/site\/2018\/02\/01\/jons-2-edition-de-randonnee-heron-11-mars\/","og_locale":"fr_FR","og_type":"article","og_title":"JONS : 2\u00b0 \u00e9dition de la Randonn\u00e9e du h\u00e9ron le 11 mars prochain","og_description":"JONS : 2\u00b0 \u00e9dition de la Randonn\u00e9e du h\u00e9ron le 11 mars prochain","og_url":"https:\/\/newsestlyonnais.fr\/site\/2018\/02\/01\/jons-2-edition-de-randonnee-heron-11-mars\/","og_site_name":"News Est Lyonnais","article_author":"https:\/\/www.facebook.com\/pascal.oberson.1?fref=ts","article_published_time":"2018-02-01T09:05:35+00:00","article_modified_time":"2020-11-18T19:56:04+00:00","og_image":[{"width":4608,"height":3456,"url":"https:\/\/i1.wp.com\/newsestlyonnais.fr\/site\/wp-content\/uploads\/2018\/11\/NEWSESTLYONNAIS-MAIRIE-JONS.jpg?fit=4608%2C3456&ssl=1","type":"image\/jpeg"}],"author":"R\u00e9dac. NEWS","twitter_card":"summary_large_image","twitter_misc":{"\u00c9crit par":"R\u00e9dac. NEWS","Dur\u00e9e de lecture estim\u00e9e":"1 minute"},"schema":{"@context":"https:\/\/schema.org","@graph":[{"@type":"Article","@id":"https:\/\/newsestlyonnais.fr\/site\/2018\/02\/01\/jons-2-edition-de-randonnee-heron-11-mars\/#article","isPartOf":{"@id":"https:\/\/newsestlyonnais.fr\/site\/2018\/02\/01\/jons-2-edition-de-randonnee-heron-11-mars\/"},"author":{"name":"R\u00e9dac. NEWS","@id":"https:\/\/newsestlyonnais.fr\/site\/#\/schema\/person\/3230d5615f390bb808365d673001e887"},"headline":"JONS | 2\u00b0 \u00e9dition de la Randonn\u00e9e du h\u00e9ron le 11 mars","datePublished":"2018-02-01T09:05:35+00:00","dateModified":"2020-11-18T19:56:04+00:00","mainEntityOfPage":{"@id":"https:\/\/newsestlyonnais.fr\/site\/2018\/02\/01\/jons-2-edition-de-randonnee-heron-11-mars\/"},"wordCount":114,"commentCount":0,"publisher":{"@id":"https:\/\/newsestlyonnais.fr\/site\/#organization"},"image":{"@id":"https:\/\/newsestlyonnais.fr\/site\/2018\/02\/01\/jons-2-edition-de-randonnee-heron-11-mars\/#primaryimage"},"thumbnailUrl":"https:\/\/newsestlyonnais.fr\/site\/wp-content\/uploads\/2018\/11\/NEWSESTLYONNAIS-MAIRIE-JONS.jpg","articleSection":["Athl\u00e9 | Course pied | Marche","CCEL | Communes","Jons | Pusignan"],"inLanguage":"fr-FR","potentialAction":[{"@type":"CommentAction","name":"Comment","target":["https:\/\/newsestlyonnais.fr\/site\/2018\/02\/01\/jons-2-edition-de-randonnee-heron-11-mars\/#respond"]}]},{"@type":"WebPage","@id":"https:\/\/newsestlyonnais.fr\/site\/2018\/02\/01\/jons-2-edition-de-randonnee-heron-11-mars\/","url":"https:\/\/newsestlyonnais.fr\/site\/2018\/02\/01\/jons-2-edition-de-randonnee-heron-11-mars\/","name":"JONS : 2\u00b0 \u00e9dition de la Randonn\u00e9e du h\u00e9ron le 11 mars prochain","isPartOf":{"@id":"https:\/\/newsestlyonnais.fr\/site\/#website"},"primaryImageOfPage":{"@id":"https:\/\/newsestlyonnais.fr\/site\/2018\/02\/01\/jons-2-edition-de-randonnee-heron-11-mars\/#primaryimage"},"image":{"@id":"https:\/\/newsestlyonnais.fr\/site\/2018\/02\/01\/jons-2-edition-de-randonnee-heron-11-mars\/#primaryimage"},"thumbnailUrl":"https:\/\/newsestlyonnais.fr\/site\/wp-content\/uploads\/2018\/11\/NEWSESTLYONNAIS-MAIRIE-JONS.jpg","datePublished":"2018-02-01T09:05:35+00:00","dateModified":"2020-11-18T19:56:04+00:00","description":"JONS : 2\u00b0 \u00e9dition de la Randonn\u00e9e du h\u00e9ron le 11 mars prochain","breadcrumb":{"@id":"https:\/\/newsestlyonnais.fr\/site\/2018\/02\/01\/jons-2-edition-de-randonnee-heron-11-mars\/#breadcrumb"},"inLanguage":"fr-FR","potentialAction":[{"@type":"ReadAction","target":["https:\/\/newsestlyonnais.fr\/site\/2018\/02\/01\/jons-2-edition-de-randonnee-heron-11-mars\/"]}]},{"@type":"ImageObject","inLanguage":"fr-FR","@id":"https:\/\/newsestlyonnais.fr\/site\/2018\/02\/01\/jons-2-edition-de-randonnee-heron-11-mars\/#primaryimage","url":"https:\/\/newsestlyonnais.fr\/site\/wp-content\/uploads\/2018\/11\/NEWSESTLYONNAIS-MAIRIE-JONS.jpg","contentUrl":"https:\/\/newsestlyonnais.fr\/site\/wp-content\/uploads\/2018\/11\/NEWSESTLYONNAIS-MAIRIE-JONS.jpg","width":4608,"height":3456,"caption":"NEWSESTLYONNAIS MAIRIE JONS"},{"@type":"BreadcrumbList","@id":"https:\/\/newsestlyonnais.fr\/site\/2018\/02\/01\/jons-2-edition-de-randonnee-heron-11-mars\/#breadcrumb","itemListElement":[{"@type":"ListItem","position":1,"name":"Accueil","item":"https:\/\/newsestlyonnais.fr\/site\/"},{"@type":"ListItem","position":2,"name":"JONS | 2\u00b0 \u00e9dition de la Randonn\u00e9e du h\u00e9ron le 11 mars"}]},{"@type":"WebSite","@id":"https:\/\/newsestlyonnais.fr\/site\/#website","url":"https:\/\/newsestlyonnais.fr\/site\/","name":"News Est Lyonnais","description":"L&#039;actualit\u00e9 au plus pr\u00e8s","publisher":{"@id":"https:\/\/newsestlyonnais.fr\/site\/#organization"},"potentialAction":[{"@type":"SearchAction","target":{"@type":"EntryPoint","urlTemplate":"https:\/\/newsestlyonnais.fr\/site\/?s={search_term_string}"},"query-input":{"@type":"PropertyValueSpecification","valueRequired":true,"valueName":"search_term_string"}}],"inLanguage":"fr-FR"},{"@type":"Organization","@id":"https:\/\/newsestlyonnais.fr\/site\/#organization","name":"News EST LYONNAIS","url":"https:\/\/newsestlyonnais.fr\/site\/","logo":{"@type":"ImageObject","inLanguage":"fr-FR","@id":"https:\/\/newsestlyonnais.fr\/site\/#\/schema\/logo\/image\/","url":"","contentUrl":"","caption":"News EST LYONNAIS"},"image":{"@id":"https:\/\/newsestlyonnais.fr\/site\/#\/schema\/logo\/image\/"}},{"@type":"Person","@id":"https:\/\/newsestlyonnais.fr\/site\/#\/schema\/person\/3230d5615f390bb808365d673001e887","name":"R\u00e9dac. NEWS","sameAs":["http:\/\/www.newsestlyonnais.fr","https:\/\/www.facebook.com\/pascal.oberson.1?fref=ts","https:\/\/fr.linkedin.com\/in\/pascal-oberson-b17045113"],"url":"https:\/\/newsestlyonnais.fr\/site\/author\/nel\/"}]}},"_links":{"self":[{"href":"https:\/\/newsestlyonnais.fr\/site\/wp-json\/wp\/v2\/posts\/43274","targetHints":{"allow":["GET"]}}],"collection":[{"href":"https:\/\/newsestlyonnais.fr\/site\/wp-json\/wp\/v2\/posts"}],"about":[{"href":"https:\/\/newsestlyonnais.fr\/site\/wp-json\/wp\/v2\/types\/post"}],"author":[{"embeddable":true,"href":"https:\/\/newsestlyonnais.fr\/site\/wp-json\/wp\/v2\/users\/4"}],"replies":[{"embeddable":true,"href":"https:\/\/newsestlyonnais.fr\/site\/wp-json\/wp\/v2\/comments?post=43274"}],"version-history":[{"count":0,"href":"https:\/\/newsestlyonnais.fr\/site\/wp-json\/wp\/v2\/posts\/43274\/revisions"}],"wp:featuredmedia":[{"embeddable":true,"href":"https:\/\/newsestlyonnais.fr\/site\/wp-json\/wp\/v2\/media\/72478"}],"wp:attachment":[{"href":"https:\/\/newsestlyonnais.fr\/site\/wp-json\/wp\/v2\/media?parent=43274"}],"wp:term":[{"taxonomy":"category","embeddable":true,"href":"https:\/\/newsestlyonnais.fr\/site\/wp-json\/wp\/v2\/categories?post=43274"},{"taxonomy":"post_tag","embeddable":true,"href":"https:\/\/newsestlyonnais.fr\/site\/wp-json\/wp\/v2\/tags?post=43274"}],"curies":[{"name":"wp","href":"https:\/\/api.w.org\/{rel}","templated":true}]}}