{"id":43285,"date":"2018-02-01T20:13:20","date_gmt":"2018-02-01T19:13:20","guid":{"rendered":"http:\/\/newsestlyonnais.fr\/site\/?p=43285"},"modified":"2020-11-02T08:38:16","modified_gmt":"2020-11-02T07:38:16","slug":"lyon-la-11-edition-de-lyon-urban-trail-cest-pour-le-1-avril","status":"publish","type":"post","link":"https:\/\/newsestlyonnais.fr\/site\/2018\/02\/01\/lyon-la-11-edition-de-lyon-urban-trail-cest-pour-le-1-avril\/","title":{"rendered":"LYON | La 11\u00b0 \u00e9dition de Lyon Urban Trail, c&rsquo;est pour le 1\u00b0 avril !"},"content":{"rendered":"<p><strong>Le 1 Avril 2018, se d\u00e9roulera la 11\u00b0 \u00e9dition de Lyon Urban Trail, pionni\u00e8re et r\u00e9f\u00e9rence du Trail Urbain en Europe.<\/strong><\/p>\n<p>La derni\u00e8re \u00e9dition en 2017 a \u00e9t\u00e9 une double cons\u00e9cration pour les organisateurs avec le nombre (nouveau record de participation avec 9,000 participants inscrits sur l\u2019ensemble des parcours) et la qualit\u00e9 (pr\u00e9sence d\u2019un plateau sportif international toujours tr\u00e8s relev\u00e9).<\/p>\n<p>Les quelque<strong>\u00a06 000 marches<\/strong> d\u2019escaliers et plus de <strong>1500 m de d\u00e9nivel\u00e9<\/strong> pour le grand parcours en font toujours un vrai Trail, mais les nombreux \u00ab spots \u00bb du LUT, en t\u00eate desquels la travers\u00e9e de la cour d\u2019honneur de l\u2019h\u00f4tel de Ville ou du site Gallo-Romain de Fourvi\u00e8re, sont toujours des moments privil\u00e9gi\u00e9s. Lyon Urban Trail est d\u00e9cid\u00e9ment une course \u00e0 part, magique et jubilatoire.<\/p>\n<p>L\u2019\u00e9dition 2018, programm\u00e9e le <strong>1\u00a0avril prochain<\/strong>, devrait confirmer ce beau succ\u00e8s et r\u00e9serve <span style=\"text-decoration: underline\">de nouvelles surprises sur le parcours<\/span>.<\/p>\n<table style=\"text-align: left;margin: 0px;border-collapse: collapse;font-family: Arial,sans-serif;color: #2f2f2f;font-size: 12px;vertical-align: top;font-weight: normal;border: 0px;padding: 0px\" width=\"600\">\n<tbody>\n<tr style=\"text-align: left;margin: 0px;border-collapse: collapse;font-family: Arial,sans-serif;color: #2f2f2f;font-size: 12px;vertical-align: top;font-weight: normal;border: 0px;padding: 0px\">\n<td style=\"text-align: left;line-height: 17px;font-style: normal;margin: 0px;border-collapse: collapse;font-family: Arial,sans-serif;color: #2f2f2f !important;font-size: 12px;vertical-align: top;font-weight: normal;border: 0px;padding: 0px !important\" bgcolor=\"#eeeae7\" width=\"600\"><span class=\"texte\" style=\"line-height: 17px;font-style: normal;margin: 0px;font-family: Arial,sans-serif;color: #2f2f2f !important;font-size: 12px;font-weight: normal;padding: 0px !important\"><span class=\"surtitre\" style=\"line-height: 15px;font-style: normal;margin: 0px;font-family: Arial,sans-serif;color: #2f2f2f !important;font-size: 14px;font-weight: bold;padding: 0px !important\">LES FORMULES<\/span><\/span><br \/>\n<span class=\"titre\" style=\"line-height: 25px;font-style: normal;margin: 0px;font-family: Georgia,serif;color: #2f2f2f !important;font-size: 21px;font-weight: normal;padding: 0px !important\"><strong>\u2022<\/strong><\/span><span class=\"texte\" style=\"line-height: 17px;font-style: normal;margin: 0px;font-family: Arial,sans-serif;color: #2f2f2f !important;font-size: 12px;font-weight: normal;padding: 0px !important\"><strong> 37 KM (1500m D+\/-) <\/strong>&#8211; Pour les audacieux &#8211; D\u00e9part 7h30<\/span><br \/>\n<span class=\"titre\" style=\"line-height: 25px;font-style: normal;margin: 0px;font-family: Georgia,serif;color: #2f2f2f !important;font-size: 21px;font-weight: normal;padding: 0px !important\"><strong>\u2022<\/strong><\/span> <span class=\"texte\" style=\"line-height: 17px;font-style: normal;margin: 0px;font-family: Arial,sans-serif;color: #2f2f2f !important;font-size: 12px;font-weight: normal;padding: 0px !important\"><strong>24 KM (900m D+\/-) <\/strong>&#8211; Pour les amateurs &#8211; D\u00e9part 8h30<\/span><br \/>\n<span class=\"titre\" style=\"line-height: 25px;font-style: normal;margin: 0px;font-family: Georgia,serif;color: #2f2f2f !important;font-size: 21px;font-weight: normal;padding: 0px !important\"><strong>\u2022<\/strong><\/span> <span class=\"texte\" style=\"line-height: 17px;font-style: normal;margin: 0px;font-family: Arial,sans-serif;color: #2f2f2f !important;font-size: 12px;font-weight: normal;padding: 0px !important\"><strong>14 KM (500m D+\/-) <\/strong>&#8211; Pour les explosifs &#8211; D\u00e9part 10h00<\/span><br \/>\n<span class=\"titre\" style=\"line-height: 25px;font-style: normal;margin: 0px;font-family: Georgia,serif;color: #2f2f2f !important;font-size: 21px;font-weight: normal;padding: 0px !important\"><strong>\u2022<\/strong><\/span> <span class=\"texte\" style=\"line-height: 17px;font-style: normal;margin: 0px;font-family: Arial,sans-serif;color: #2f2f2f !important;font-size: 12px;font-weight: normal;padding: 0px !important\"><strong>8 KM (300 D+\/-) <\/strong>&#8211; Pour les novices &#8211; D\u00e9part 11h30<\/span><br \/>\n<span class=\"titre\" style=\"line-height: 25px;font-style: normal;margin: 0px;font-family: Georgia,serif;color: #2f2f2f !important;font-size: 21px;font-weight: normal;padding: 0px !important\"><strong>\u2022<\/strong><\/span><span class=\"texte\" style=\"line-height: 17px;font-style: normal;margin: 0px;font-family: Arial,sans-serif;color: #2f2f2f !important;font-size: 12px;font-weight: normal;padding: 0px !important\"><strong> RANDO 10 KM<\/strong><\/span><\/td>\n<\/tr>\n<\/tbody>\n<\/table>\n<ul>\n<li>Plus d&rsquo;infos sur : <a href=\"http:\/\/www.lyonurbantrail.com\" target=\"_blank\" rel=\"noopener noreferrer\">http:\/\/www.lyonurbantrail.com<\/a><\/li>\n<\/ul>\n","protected":false},"excerpt":{"rendered":"<p>Le 1 Avril 2018, se d\u00e9roulera la 11\u00b0 \u00e9dition de Lyon Urban Trail, pionni\u00e8re et r\u00e9f\u00e9rence du Trail Urbain en Europe. La derni\u00e8re \u00e9dition en 2017 a \u00e9t\u00e9 une double cons\u00e9cration pour les organisateurs avec le nombre (nouveau record de participation avec 9,000 participants inscrits sur l\u2019ensemble des parcours) et la qualit\u00e9 (pr\u00e9sence d\u2019un plateau [&hellip;]<\/p>\n","protected":false},"author":4,"featured_media":43289,"comment_status":"open","ping_status":"open","sticky":false,"template":"","format":"standard","meta":{"footnotes":""},"categories":[2968,4,1625],"tags":[],"class_list":["post-43285","post","type-post","status-publish","format-standard","has-post-thumbnail","hentry","category-athle-course-pied-marche","category-evenements-divers","category-lyon"],"yoast_head":"<!-- This site is optimized with the Yoast SEO plugin v27.2 - https:\/\/yoast.com\/product\/yoast-seo-wordpress\/ -->\n<title>LYON : La 11\u00b0 \u00e9dition de Lyon Urban Trail, c&#039;est pour le 1\u00b0 avril !<\/title>\n<meta name=\"description\" content=\"LYON : La 11\u00b0 \u00e9dition de Lyon Urban Trail, c&#039;est pour le 1\u00b0 avril !\" \/>\n<meta name=\"robots\" content=\"index, follow, max-snippet:-1, max-image-preview:large, max-video-preview:-1\" \/>\n<link rel=\"canonical\" href=\"https:\/\/newsestlyonnais.fr\/site\/2018\/02\/01\/lyon-la-11-edition-de-lyon-urban-trail-cest-pour-le-1-avril\/\" \/>\n<meta property=\"og:locale\" content=\"fr_FR\" \/>\n<meta property=\"og:type\" content=\"article\" \/>\n<meta property=\"og:title\" content=\"LYON : La 11\u00b0 \u00e9dition de Lyon Urban Trail, c&#039;est pour le 1\u00b0 avril !\" \/>\n<meta property=\"og:description\" content=\"LYON : La 11\u00b0 \u00e9dition de Lyon Urban Trail, c&#039;est pour le 1\u00b0 avril !\" \/>\n<meta property=\"og:url\" content=\"https:\/\/newsestlyonnais.fr\/site\/2018\/02\/01\/lyon-la-11-edition-de-lyon-urban-trail-cest-pour-le-1-avril\/\" \/>\n<meta property=\"og:site_name\" content=\"News Est Lyonnais\" \/>\n<meta property=\"article:author\" content=\"https:\/\/www.facebook.com\/pascal.oberson.1?fref=ts\" \/>\n<meta property=\"article:published_time\" content=\"2018-02-01T19:13:20+00:00\" \/>\n<meta property=\"article:modified_time\" content=\"2020-11-02T07:38:16+00:00\" \/>\n<meta property=\"og:image\" content=\"https:\/\/i2.wp.com\/newsestlyonnais.fr\/site\/wp-content\/uploads\/2018\/02\/NEWSESTLYONNAIS-6-LYON-URBAN-TRAIL-2018.jpg?fit=960%2C365&ssl=1\" \/>\n\t<meta property=\"og:image:width\" content=\"960\" \/>\n\t<meta property=\"og:image:height\" content=\"365\" \/>\n\t<meta property=\"og:image:type\" content=\"image\/jpeg\" \/>\n<meta name=\"author\" content=\"R\u00e9dac. NEWS\" \/>\n<meta name=\"twitter:card\" content=\"summary_large_image\" \/>\n<meta name=\"twitter:label1\" content=\"\u00c9crit par\" \/>\n\t<meta name=\"twitter:data1\" content=\"R\u00e9dac. NEWS\" \/>\n\t<meta name=\"twitter:label2\" content=\"Dur\u00e9e de lecture estim\u00e9e\" \/>\n\t<meta name=\"twitter:data2\" content=\"1 minute\" \/>\n<script type=\"application\/ld+json\" class=\"yoast-schema-graph\">{\"@context\":\"https:\/\/schema.org\",\"@graph\":[{\"@type\":\"Article\",\"@id\":\"https:\/\/newsestlyonnais.fr\/site\/2018\/02\/01\/lyon-la-11-edition-de-lyon-urban-trail-cest-pour-le-1-avril\/#article\",\"isPartOf\":{\"@id\":\"https:\/\/newsestlyonnais.fr\/site\/2018\/02\/01\/lyon-la-11-edition-de-lyon-urban-trail-cest-pour-le-1-avril\/\"},\"author\":{\"name\":\"R\u00e9dac. NEWS\",\"@id\":\"https:\/\/newsestlyonnais.fr\/site\/#\/schema\/person\/3230d5615f390bb808365d673001e887\"},\"headline\":\"LYON | La 11\u00b0 \u00e9dition de Lyon Urban Trail, c&rsquo;est pour le 1\u00b0 avril !\",\"datePublished\":\"2018-02-01T19:13:20+00:00\",\"dateModified\":\"2020-11-02T07:38:16+00:00\",\"mainEntityOfPage\":{\"@id\":\"https:\/\/newsestlyonnais.fr\/site\/2018\/02\/01\/lyon-la-11-edition-de-lyon-urban-trail-cest-pour-le-1-avril\/\"},\"wordCount\":231,\"commentCount\":0,\"publisher\":{\"@id\":\"https:\/\/newsestlyonnais.fr\/site\/#organization\"},\"image\":{\"@id\":\"https:\/\/newsestlyonnais.fr\/site\/2018\/02\/01\/lyon-la-11-edition-de-lyon-urban-trail-cest-pour-le-1-avril\/#primaryimage\"},\"thumbnailUrl\":\"https:\/\/newsestlyonnais.fr\/site\/wp-content\/uploads\/2018\/02\/NEWSESTLYONNAIS-6-LYON-URBAN-TRAIL-2018.jpg\",\"articleSection\":[\"Athl\u00e9 | Course pied | Marche\",\"Ev\u00e8nements divers\",\"Lyon\"],\"inLanguage\":\"fr-FR\",\"potentialAction\":[{\"@type\":\"CommentAction\",\"name\":\"Comment\",\"target\":[\"https:\/\/newsestlyonnais.fr\/site\/2018\/02\/01\/lyon-la-11-edition-de-lyon-urban-trail-cest-pour-le-1-avril\/#respond\"]}]},{\"@type\":\"WebPage\",\"@id\":\"https:\/\/newsestlyonnais.fr\/site\/2018\/02\/01\/lyon-la-11-edition-de-lyon-urban-trail-cest-pour-le-1-avril\/\",\"url\":\"https:\/\/newsestlyonnais.fr\/site\/2018\/02\/01\/lyon-la-11-edition-de-lyon-urban-trail-cest-pour-le-1-avril\/\",\"name\":\"LYON : La 11\u00b0 \u00e9dition de Lyon Urban Trail, c'est pour le 1\u00b0 avril !\",\"isPartOf\":{\"@id\":\"https:\/\/newsestlyonnais.fr\/site\/#website\"},\"primaryImageOfPage\":{\"@id\":\"https:\/\/newsestlyonnais.fr\/site\/2018\/02\/01\/lyon-la-11-edition-de-lyon-urban-trail-cest-pour-le-1-avril\/#primaryimage\"},\"image\":{\"@id\":\"https:\/\/newsestlyonnais.fr\/site\/2018\/02\/01\/lyon-la-11-edition-de-lyon-urban-trail-cest-pour-le-1-avril\/#primaryimage\"},\"thumbnailUrl\":\"https:\/\/newsestlyonnais.fr\/site\/wp-content\/uploads\/2018\/02\/NEWSESTLYONNAIS-6-LYON-URBAN-TRAIL-2018.jpg\",\"datePublished\":\"2018-02-01T19:13:20+00:00\",\"dateModified\":\"2020-11-02T07:38:16+00:00\",\"description\":\"LYON : La 11\u00b0 \u00e9dition de Lyon Urban Trail, c'est pour le 1\u00b0 avril !\",\"breadcrumb\":{\"@id\":\"https:\/\/newsestlyonnais.fr\/site\/2018\/02\/01\/lyon-la-11-edition-de-lyon-urban-trail-cest-pour-le-1-avril\/#breadcrumb\"},\"inLanguage\":\"fr-FR\",\"potentialAction\":[{\"@type\":\"ReadAction\",\"target\":[\"https:\/\/newsestlyonnais.fr\/site\/2018\/02\/01\/lyon-la-11-edition-de-lyon-urban-trail-cest-pour-le-1-avril\/\"]}]},{\"@type\":\"ImageObject\",\"inLanguage\":\"fr-FR\",\"@id\":\"https:\/\/newsestlyonnais.fr\/site\/2018\/02\/01\/lyon-la-11-edition-de-lyon-urban-trail-cest-pour-le-1-avril\/#primaryimage\",\"url\":\"https:\/\/newsestlyonnais.fr\/site\/wp-content\/uploads\/2018\/02\/NEWSESTLYONNAIS-6-LYON-URBAN-TRAIL-2018.jpg\",\"contentUrl\":\"https:\/\/newsestlyonnais.fr\/site\/wp-content\/uploads\/2018\/02\/NEWSESTLYONNAIS-6-LYON-URBAN-TRAIL-2018.jpg\",\"width\":960,\"height\":365,\"caption\":\"NEWSESTLYONNAIS 6 LYON URBAN TRAIL 2018\"},{\"@type\":\"BreadcrumbList\",\"@id\":\"https:\/\/newsestlyonnais.fr\/site\/2018\/02\/01\/lyon-la-11-edition-de-lyon-urban-trail-cest-pour-le-1-avril\/#breadcrumb\",\"itemListElement\":[{\"@type\":\"ListItem\",\"position\":1,\"name\":\"Accueil\",\"item\":\"https:\/\/newsestlyonnais.fr\/site\/\"},{\"@type\":\"ListItem\",\"position\":2,\"name\":\"LYON | La 11\u00b0 \u00e9dition de Lyon Urban Trail, c&rsquo;est pour le 1\u00b0 avril !\"}]},{\"@type\":\"WebSite\",\"@id\":\"https:\/\/newsestlyonnais.fr\/site\/#website\",\"url\":\"https:\/\/newsestlyonnais.fr\/site\/\",\"name\":\"News Est Lyonnais\",\"description\":\"L&#039;actualit\u00e9 au plus pr\u00e8s\",\"publisher\":{\"@id\":\"https:\/\/newsestlyonnais.fr\/site\/#organization\"},\"potentialAction\":[{\"@type\":\"SearchAction\",\"target\":{\"@type\":\"EntryPoint\",\"urlTemplate\":\"https:\/\/newsestlyonnais.fr\/site\/?s={search_term_string}\"},\"query-input\":{\"@type\":\"PropertyValueSpecification\",\"valueRequired\":true,\"valueName\":\"search_term_string\"}}],\"inLanguage\":\"fr-FR\"},{\"@type\":\"Organization\",\"@id\":\"https:\/\/newsestlyonnais.fr\/site\/#organization\",\"name\":\"News EST LYONNAIS\",\"url\":\"https:\/\/newsestlyonnais.fr\/site\/\",\"logo\":{\"@type\":\"ImageObject\",\"inLanguage\":\"fr-FR\",\"@id\":\"https:\/\/newsestlyonnais.fr\/site\/#\/schema\/logo\/image\/\",\"url\":\"\",\"contentUrl\":\"\",\"caption\":\"News EST LYONNAIS\"},\"image\":{\"@id\":\"https:\/\/newsestlyonnais.fr\/site\/#\/schema\/logo\/image\/\"}},{\"@type\":\"Person\",\"@id\":\"https:\/\/newsestlyonnais.fr\/site\/#\/schema\/person\/3230d5615f390bb808365d673001e887\",\"name\":\"R\u00e9dac. NEWS\",\"sameAs\":[\"http:\/\/www.newsestlyonnais.fr\",\"https:\/\/www.facebook.com\/pascal.oberson.1?fref=ts\",\"https:\/\/fr.linkedin.com\/in\/pascal-oberson-b17045113\"],\"url\":\"https:\/\/newsestlyonnais.fr\/site\/author\/nel\/\"}]}<\/script>\n<!-- \/ Yoast SEO plugin. -->","yoast_head_json":{"title":"LYON : La 11\u00b0 \u00e9dition de Lyon Urban Trail, c'est pour le 1\u00b0 avril !","description":"LYON : La 11\u00b0 \u00e9dition de Lyon Urban Trail, c'est pour le 1\u00b0 avril !","robots":{"index":"index","follow":"follow","max-snippet":"max-snippet:-1","max-image-preview":"max-image-preview:large","max-video-preview":"max-video-preview:-1"},"canonical":"https:\/\/newsestlyonnais.fr\/site\/2018\/02\/01\/lyon-la-11-edition-de-lyon-urban-trail-cest-pour-le-1-avril\/","og_locale":"fr_FR","og_type":"article","og_title":"LYON : La 11\u00b0 \u00e9dition de Lyon Urban Trail, c'est pour le 1\u00b0 avril !","og_description":"LYON : La 11\u00b0 \u00e9dition de Lyon Urban Trail, c'est pour le 1\u00b0 avril !","og_url":"https:\/\/newsestlyonnais.fr\/site\/2018\/02\/01\/lyon-la-11-edition-de-lyon-urban-trail-cest-pour-le-1-avril\/","og_site_name":"News Est Lyonnais","article_author":"https:\/\/www.facebook.com\/pascal.oberson.1?fref=ts","article_published_time":"2018-02-01T19:13:20+00:00","article_modified_time":"2020-11-02T07:38:16+00:00","og_image":[{"width":960,"height":365,"url":"https:\/\/i2.wp.com\/newsestlyonnais.fr\/site\/wp-content\/uploads\/2018\/02\/NEWSESTLYONNAIS-6-LYON-URBAN-TRAIL-2018.jpg?fit=960%2C365&ssl=1","type":"image\/jpeg"}],"author":"R\u00e9dac. NEWS","twitter_card":"summary_large_image","twitter_misc":{"\u00c9crit par":"R\u00e9dac. NEWS","Dur\u00e9e de lecture estim\u00e9e":"1 minute"},"schema":{"@context":"https:\/\/schema.org","@graph":[{"@type":"Article","@id":"https:\/\/newsestlyonnais.fr\/site\/2018\/02\/01\/lyon-la-11-edition-de-lyon-urban-trail-cest-pour-le-1-avril\/#article","isPartOf":{"@id":"https:\/\/newsestlyonnais.fr\/site\/2018\/02\/01\/lyon-la-11-edition-de-lyon-urban-trail-cest-pour-le-1-avril\/"},"author":{"name":"R\u00e9dac. NEWS","@id":"https:\/\/newsestlyonnais.fr\/site\/#\/schema\/person\/3230d5615f390bb808365d673001e887"},"headline":"LYON | La 11\u00b0 \u00e9dition de Lyon Urban Trail, c&rsquo;est pour le 1\u00b0 avril !","datePublished":"2018-02-01T19:13:20+00:00","dateModified":"2020-11-02T07:38:16+00:00","mainEntityOfPage":{"@id":"https:\/\/newsestlyonnais.fr\/site\/2018\/02\/01\/lyon-la-11-edition-de-lyon-urban-trail-cest-pour-le-1-avril\/"},"wordCount":231,"commentCount":0,"publisher":{"@id":"https:\/\/newsestlyonnais.fr\/site\/#organization"},"image":{"@id":"https:\/\/newsestlyonnais.fr\/site\/2018\/02\/01\/lyon-la-11-edition-de-lyon-urban-trail-cest-pour-le-1-avril\/#primaryimage"},"thumbnailUrl":"https:\/\/newsestlyonnais.fr\/site\/wp-content\/uploads\/2018\/02\/NEWSESTLYONNAIS-6-LYON-URBAN-TRAIL-2018.jpg","articleSection":["Athl\u00e9 | Course pied | Marche","Ev\u00e8nements divers","Lyon"],"inLanguage":"fr-FR","potentialAction":[{"@type":"CommentAction","name":"Comment","target":["https:\/\/newsestlyonnais.fr\/site\/2018\/02\/01\/lyon-la-11-edition-de-lyon-urban-trail-cest-pour-le-1-avril\/#respond"]}]},{"@type":"WebPage","@id":"https:\/\/newsestlyonnais.fr\/site\/2018\/02\/01\/lyon-la-11-edition-de-lyon-urban-trail-cest-pour-le-1-avril\/","url":"https:\/\/newsestlyonnais.fr\/site\/2018\/02\/01\/lyon-la-11-edition-de-lyon-urban-trail-cest-pour-le-1-avril\/","name":"LYON : La 11\u00b0 \u00e9dition de Lyon Urban Trail, c'est pour le 1\u00b0 avril !","isPartOf":{"@id":"https:\/\/newsestlyonnais.fr\/site\/#website"},"primaryImageOfPage":{"@id":"https:\/\/newsestlyonnais.fr\/site\/2018\/02\/01\/lyon-la-11-edition-de-lyon-urban-trail-cest-pour-le-1-avril\/#primaryimage"},"image":{"@id":"https:\/\/newsestlyonnais.fr\/site\/2018\/02\/01\/lyon-la-11-edition-de-lyon-urban-trail-cest-pour-le-1-avril\/#primaryimage"},"thumbnailUrl":"https:\/\/newsestlyonnais.fr\/site\/wp-content\/uploads\/2018\/02\/NEWSESTLYONNAIS-6-LYON-URBAN-TRAIL-2018.jpg","datePublished":"2018-02-01T19:13:20+00:00","dateModified":"2020-11-02T07:38:16+00:00","description":"LYON : La 11\u00b0 \u00e9dition de Lyon Urban Trail, c'est pour le 1\u00b0 avril !","breadcrumb":{"@id":"https:\/\/newsestlyonnais.fr\/site\/2018\/02\/01\/lyon-la-11-edition-de-lyon-urban-trail-cest-pour-le-1-avril\/#breadcrumb"},"inLanguage":"fr-FR","potentialAction":[{"@type":"ReadAction","target":["https:\/\/newsestlyonnais.fr\/site\/2018\/02\/01\/lyon-la-11-edition-de-lyon-urban-trail-cest-pour-le-1-avril\/"]}]},{"@type":"ImageObject","inLanguage":"fr-FR","@id":"https:\/\/newsestlyonnais.fr\/site\/2018\/02\/01\/lyon-la-11-edition-de-lyon-urban-trail-cest-pour-le-1-avril\/#primaryimage","url":"https:\/\/newsestlyonnais.fr\/site\/wp-content\/uploads\/2018\/02\/NEWSESTLYONNAIS-6-LYON-URBAN-TRAIL-2018.jpg","contentUrl":"https:\/\/newsestlyonnais.fr\/site\/wp-content\/uploads\/2018\/02\/NEWSESTLYONNAIS-6-LYON-URBAN-TRAIL-2018.jpg","width":960,"height":365,"caption":"NEWSESTLYONNAIS 6 LYON URBAN TRAIL 2018"},{"@type":"BreadcrumbList","@id":"https:\/\/newsestlyonnais.fr\/site\/2018\/02\/01\/lyon-la-11-edition-de-lyon-urban-trail-cest-pour-le-1-avril\/#breadcrumb","itemListElement":[{"@type":"ListItem","position":1,"name":"Accueil","item":"https:\/\/newsestlyonnais.fr\/site\/"},{"@type":"ListItem","position":2,"name":"LYON | La 11\u00b0 \u00e9dition de Lyon Urban Trail, c&rsquo;est pour le 1\u00b0 avril !"}]},{"@type":"WebSite","@id":"https:\/\/newsestlyonnais.fr\/site\/#website","url":"https:\/\/newsestlyonnais.fr\/site\/","name":"News Est Lyonnais","description":"L&#039;actualit\u00e9 au plus pr\u00e8s","publisher":{"@id":"https:\/\/newsestlyonnais.fr\/site\/#organization"},"potentialAction":[{"@type":"SearchAction","target":{"@type":"EntryPoint","urlTemplate":"https:\/\/newsestlyonnais.fr\/site\/?s={search_term_string}"},"query-input":{"@type":"PropertyValueSpecification","valueRequired":true,"valueName":"search_term_string"}}],"inLanguage":"fr-FR"},{"@type":"Organization","@id":"https:\/\/newsestlyonnais.fr\/site\/#organization","name":"News EST LYONNAIS","url":"https:\/\/newsestlyonnais.fr\/site\/","logo":{"@type":"ImageObject","inLanguage":"fr-FR","@id":"https:\/\/newsestlyonnais.fr\/site\/#\/schema\/logo\/image\/","url":"","contentUrl":"","caption":"News EST LYONNAIS"},"image":{"@id":"https:\/\/newsestlyonnais.fr\/site\/#\/schema\/logo\/image\/"}},{"@type":"Person","@id":"https:\/\/newsestlyonnais.fr\/site\/#\/schema\/person\/3230d5615f390bb808365d673001e887","name":"R\u00e9dac. NEWS","sameAs":["http:\/\/www.newsestlyonnais.fr","https:\/\/www.facebook.com\/pascal.oberson.1?fref=ts","https:\/\/fr.linkedin.com\/in\/pascal-oberson-b17045113"],"url":"https:\/\/newsestlyonnais.fr\/site\/author\/nel\/"}]}},"_links":{"self":[{"href":"https:\/\/newsestlyonnais.fr\/site\/wp-json\/wp\/v2\/posts\/43285","targetHints":{"allow":["GET"]}}],"collection":[{"href":"https:\/\/newsestlyonnais.fr\/site\/wp-json\/wp\/v2\/posts"}],"about":[{"href":"https:\/\/newsestlyonnais.fr\/site\/wp-json\/wp\/v2\/types\/post"}],"author":[{"embeddable":true,"href":"https:\/\/newsestlyonnais.fr\/site\/wp-json\/wp\/v2\/users\/4"}],"replies":[{"embeddable":true,"href":"https:\/\/newsestlyonnais.fr\/site\/wp-json\/wp\/v2\/comments?post=43285"}],"version-history":[{"count":0,"href":"https:\/\/newsestlyonnais.fr\/site\/wp-json\/wp\/v2\/posts\/43285\/revisions"}],"wp:featuredmedia":[{"embeddable":true,"href":"https:\/\/newsestlyonnais.fr\/site\/wp-json\/wp\/v2\/media\/43289"}],"wp:attachment":[{"href":"https:\/\/newsestlyonnais.fr\/site\/wp-json\/wp\/v2\/media?parent=43285"}],"wp:term":[{"taxonomy":"category","embeddable":true,"href":"https:\/\/newsestlyonnais.fr\/site\/wp-json\/wp\/v2\/categories?post=43285"},{"taxonomy":"post_tag","embeddable":true,"href":"https:\/\/newsestlyonnais.fr\/site\/wp-json\/wp\/v2\/tags?post=43285"}],"curies":[{"name":"wp","href":"https:\/\/api.w.org\/{rel}","templated":true}]}}