{"id":43292,"date":"2018-02-01T19:01:06","date_gmt":"2018-02-01T18:01:06","guid":{"rendered":"http:\/\/newsestlyonnais.fr\/site\/?p=43292"},"modified":"2020-11-30T09:15:27","modified_gmt":"2020-11-30T08:15:27","slug":"lyon-8-le-club-d-handisport-lyonnais-est-en-deuil","status":"publish","type":"post","link":"https:\/\/newsestlyonnais.fr\/site\/2018\/02\/01\/lyon-8-le-club-d-handisport-lyonnais-est-en-deuil\/","title":{"rendered":"LYON 8 | Le club d&rsquo;Handisport Lyonnais est en deuil"},"content":{"rendered":"<h4>Retrouvez ci-dessous l&rsquo;int\u00e9gralit\u00e9 du communiqu\u00e9 publi\u00e9 ce jour par G\u00e9rard Roth, pr\u00e9sident d\u2019Handisport Lyonnais.<\/h4>\n<p>\u00ab\u00a0Madame, Monsieur,<\/p>\n<p>Quelle p\u00e9nible t\u00e2che qu\u2019est la mienne aujourd\u2019hui !<\/p>\n<p>C\u2019est en effet une bien triste et mauvaise nouvelle qui m\u2019am\u00e8ne \u00e0 vous \u00e9crire et cette d\u00e9licate mission m\u2019incombe.<\/p>\n<p>L\u2019association Handisport Lyonnais a l\u2019immense regret de vous annoncer le d\u00e9c\u00e8s de M. Jean DEBIAIS.<\/p>\n<p>M. Jean DEBIAIS, ex Pr\u00e9sident d\u2019Handisport Lyonnais de 2004 \u00e0 2015, nous a quitt\u00e9s ce 30 Janvier 2018.<\/p>\n<p>Conscient du chagrin que cette triste perte va provoquer au sein du monde sportif handicap\u00e9, je souhaite n\u00e9anmoins que nous gardions tous en souvenir son d\u00e9vouement et sa forte personnalit\u00e9.<\/p>\n<p>Afin que nous puissions, tous ensemble, lui rendre un dernier hommage, une c\u00e9r\u00e9monie aura lieu le :<\/p>\n<p><strong>LE Lundi 5 F\u00e9vrier 2018 \u00e0 11 H au Cr\u00e9matorium de LYON.<\/strong><\/p>\n<p><strong>CIMETI\u00c8RE \u00ab LA GUILLOTI\u00c8RE \u00bb 228 Avenue Berthelot LYON 8\u00b0<\/strong><\/p>\n<p>NI FLEURS \u2013 NI PLAQUES<\/p>\n<p><img loading=\"lazy\" decoding=\"async\" class=\"size-full wp-image-43295 aligncenter\" src=\"https:\/\/newsestlyonnais.fr\/site\/medias\/2018\/02\/NEWSESTLYONNAIS-JEAN-DEBIAIS-2011.jpg\" alt=\"NEWSESTLYONNAIS - JEAN DEBIAIS 2011\" width=\"396\" height=\"594\" srcset=\"https:\/\/newsestlyonnais.fr\/site\/wp-content\/uploads\/2018\/02\/NEWSESTLYONNAIS-JEAN-DEBIAIS-2011.jpg 396w, https:\/\/newsestlyonnais.fr\/site\/wp-content\/uploads\/2018\/02\/NEWSESTLYONNAIS-JEAN-DEBIAIS-2011-200x300.jpg 200w\" sizes=\"auto, (max-width: 396px) 100vw, 396px\" \/><\/p>\n","protected":false},"excerpt":{"rendered":"<p>Retrouvez ci-dessous l&rsquo;int\u00e9gralit\u00e9 du communiqu\u00e9 publi\u00e9 ce jour par G\u00e9rard Roth, pr\u00e9sident d\u2019Handisport Lyonnais. \u00ab\u00a0Madame, Monsieur, Quelle p\u00e9nible t\u00e2che qu\u2019est la mienne aujourd\u2019hui ! C\u2019est en effet une bien triste et mauvaise nouvelle qui m\u2019am\u00e8ne \u00e0 vous \u00e9crire et cette d\u00e9licate mission m\u2019incombe. L\u2019association Handisport Lyonnais a l\u2019immense regret de vous annoncer le d\u00e9c\u00e8s de [&hellip;]<\/p>\n","protected":false},"author":4,"featured_media":10439,"comment_status":"open","ping_status":"open","sticky":false,"template":"","format":"standard","meta":{"footnotes":""},"categories":[166,4,3015,3454,1625],"tags":[],"class_list":["post-43292","post","type-post","status-publish","format-standard","has-post-thumbnail","hentry","category-divers-sports","category-evenements-divers","category-handi-adapte","category-ils-nous-ont-quittes","category-lyon"],"yoast_head":"<!-- This site is optimized with the Yoast SEO plugin v27.2 - https:\/\/yoast.com\/product\/yoast-seo-wordpress\/ -->\n<title>LYON 8\u00b0 : Le club d&#039; Handisport Lyonnais est en deuil<\/title>\n<meta name=\"description\" content=\"LYON 8\u00b0 : Le club d&#039; Handisport Lyonnais est en deuil\" \/>\n<meta name=\"robots\" content=\"index, follow, max-snippet:-1, max-image-preview:large, max-video-preview:-1\" \/>\n<link rel=\"canonical\" href=\"https:\/\/newsestlyonnais.fr\/site\/2018\/02\/01\/lyon-8-le-club-d-handisport-lyonnais-est-en-deuil\/\" \/>\n<meta property=\"og:locale\" content=\"fr_FR\" \/>\n<meta property=\"og:type\" content=\"article\" \/>\n<meta property=\"og:title\" content=\"LYON 8\u00b0 : Le club d&#039; Handisport Lyonnais est en deuil\" \/>\n<meta property=\"og:description\" content=\"LYON 8\u00b0 : Le club d&#039; Handisport Lyonnais est en deuil\" \/>\n<meta property=\"og:url\" content=\"https:\/\/newsestlyonnais.fr\/site\/2018\/02\/01\/lyon-8-le-club-d-handisport-lyonnais-est-en-deuil\/\" \/>\n<meta property=\"og:site_name\" content=\"News Est Lyonnais\" \/>\n<meta property=\"article:author\" content=\"https:\/\/www.facebook.com\/pascal.oberson.1?fref=ts\" \/>\n<meta property=\"article:published_time\" content=\"2018-02-01T18:01:06+00:00\" \/>\n<meta property=\"article:modified_time\" content=\"2020-11-30T08:15:27+00:00\" \/>\n<meta property=\"og:image\" content=\"https:\/\/i1.wp.com\/newsestlyonnais.fr\/site\/wp-content\/uploads\/2016\/07\/NEWSESTLYONNAIS-Logo_Handisport_Lyonnais_203x150-e1484719395812.jpg?fit=200%2C150&ssl=1\" \/>\n\t<meta property=\"og:image:width\" content=\"200\" \/>\n\t<meta property=\"og:image:height\" content=\"150\" \/>\n\t<meta property=\"og:image:type\" content=\"image\/jpeg\" \/>\n<meta name=\"author\" content=\"R\u00e9dac. NEWS\" \/>\n<meta name=\"twitter:card\" content=\"summary_large_image\" \/>\n<meta name=\"twitter:label1\" content=\"\u00c9crit par\" \/>\n\t<meta name=\"twitter:data1\" content=\"R\u00e9dac. NEWS\" \/>\n\t<meta name=\"twitter:label2\" content=\"Dur\u00e9e de lecture estim\u00e9e\" \/>\n\t<meta name=\"twitter:data2\" content=\"1 minute\" \/>\n<script type=\"application\/ld+json\" class=\"yoast-schema-graph\">{\"@context\":\"https:\/\/schema.org\",\"@graph\":[{\"@type\":\"Article\",\"@id\":\"https:\/\/newsestlyonnais.fr\/site\/2018\/02\/01\/lyon-8-le-club-d-handisport-lyonnais-est-en-deuil\/#article\",\"isPartOf\":{\"@id\":\"https:\/\/newsestlyonnais.fr\/site\/2018\/02\/01\/lyon-8-le-club-d-handisport-lyonnais-est-en-deuil\/\"},\"author\":{\"name\":\"R\u00e9dac. NEWS\",\"@id\":\"https:\/\/newsestlyonnais.fr\/site\/#\/schema\/person\/3230d5615f390bb808365d673001e887\"},\"headline\":\"LYON 8 | Le club d&rsquo;Handisport Lyonnais est en deuil\",\"datePublished\":\"2018-02-01T18:01:06+00:00\",\"dateModified\":\"2020-11-30T08:15:27+00:00\",\"mainEntityOfPage\":{\"@id\":\"https:\/\/newsestlyonnais.fr\/site\/2018\/02\/01\/lyon-8-le-club-d-handisport-lyonnais-est-en-deuil\/\"},\"wordCount\":171,\"commentCount\":0,\"publisher\":{\"@id\":\"https:\/\/newsestlyonnais.fr\/site\/#organization\"},\"image\":{\"@id\":\"https:\/\/newsestlyonnais.fr\/site\/2018\/02\/01\/lyon-8-le-club-d-handisport-lyonnais-est-en-deuil\/#primaryimage\"},\"thumbnailUrl\":\"https:\/\/newsestlyonnais.fr\/site\/wp-content\/uploads\/2016\/07\/NEWSESTLYONNAIS-Logo_Handisport_Lyonnais_203x150-e1484719395812.jpg\",\"articleSection\":[\"Divers Sports\",\"Ev\u00e8nements divers\",\"Handi &amp; adapt\u00e9\",\"Ils nous ont quitt\u00e9s !\",\"Lyon\"],\"inLanguage\":\"fr-FR\",\"potentialAction\":[{\"@type\":\"CommentAction\",\"name\":\"Comment\",\"target\":[\"https:\/\/newsestlyonnais.fr\/site\/2018\/02\/01\/lyon-8-le-club-d-handisport-lyonnais-est-en-deuil\/#respond\"]}]},{\"@type\":\"WebPage\",\"@id\":\"https:\/\/newsestlyonnais.fr\/site\/2018\/02\/01\/lyon-8-le-club-d-handisport-lyonnais-est-en-deuil\/\",\"url\":\"https:\/\/newsestlyonnais.fr\/site\/2018\/02\/01\/lyon-8-le-club-d-handisport-lyonnais-est-en-deuil\/\",\"name\":\"LYON 8\u00b0 : Le club d' Handisport Lyonnais est en deuil\",\"isPartOf\":{\"@id\":\"https:\/\/newsestlyonnais.fr\/site\/#website\"},\"primaryImageOfPage\":{\"@id\":\"https:\/\/newsestlyonnais.fr\/site\/2018\/02\/01\/lyon-8-le-club-d-handisport-lyonnais-est-en-deuil\/#primaryimage\"},\"image\":{\"@id\":\"https:\/\/newsestlyonnais.fr\/site\/2018\/02\/01\/lyon-8-le-club-d-handisport-lyonnais-est-en-deuil\/#primaryimage\"},\"thumbnailUrl\":\"https:\/\/newsestlyonnais.fr\/site\/wp-content\/uploads\/2016\/07\/NEWSESTLYONNAIS-Logo_Handisport_Lyonnais_203x150-e1484719395812.jpg\",\"datePublished\":\"2018-02-01T18:01:06+00:00\",\"dateModified\":\"2020-11-30T08:15:27+00:00\",\"description\":\"LYON 8\u00b0 : Le club d' Handisport Lyonnais est en deuil\",\"breadcrumb\":{\"@id\":\"https:\/\/newsestlyonnais.fr\/site\/2018\/02\/01\/lyon-8-le-club-d-handisport-lyonnais-est-en-deuil\/#breadcrumb\"},\"inLanguage\":\"fr-FR\",\"potentialAction\":[{\"@type\":\"ReadAction\",\"target\":[\"https:\/\/newsestlyonnais.fr\/site\/2018\/02\/01\/lyon-8-le-club-d-handisport-lyonnais-est-en-deuil\/\"]}]},{\"@type\":\"ImageObject\",\"inLanguage\":\"fr-FR\",\"@id\":\"https:\/\/newsestlyonnais.fr\/site\/2018\/02\/01\/lyon-8-le-club-d-handisport-lyonnais-est-en-deuil\/#primaryimage\",\"url\":\"https:\/\/newsestlyonnais.fr\/site\/wp-content\/uploads\/2016\/07\/NEWSESTLYONNAIS-Logo_Handisport_Lyonnais_203x150-e1484719395812.jpg\",\"contentUrl\":\"https:\/\/newsestlyonnais.fr\/site\/wp-content\/uploads\/2016\/07\/NEWSESTLYONNAIS-Logo_Handisport_Lyonnais_203x150-e1484719395812.jpg\",\"width\":200,\"height\":150},{\"@type\":\"BreadcrumbList\",\"@id\":\"https:\/\/newsestlyonnais.fr\/site\/2018\/02\/01\/lyon-8-le-club-d-handisport-lyonnais-est-en-deuil\/#breadcrumb\",\"itemListElement\":[{\"@type\":\"ListItem\",\"position\":1,\"name\":\"Accueil\",\"item\":\"https:\/\/newsestlyonnais.fr\/site\/\"},{\"@type\":\"ListItem\",\"position\":2,\"name\":\"LYON 8 | Le club d&rsquo;Handisport Lyonnais est en deuil\"}]},{\"@type\":\"WebSite\",\"@id\":\"https:\/\/newsestlyonnais.fr\/site\/#website\",\"url\":\"https:\/\/newsestlyonnais.fr\/site\/\",\"name\":\"News Est Lyonnais\",\"description\":\"L&#039;actualit\u00e9 au plus pr\u00e8s\",\"publisher\":{\"@id\":\"https:\/\/newsestlyonnais.fr\/site\/#organization\"},\"potentialAction\":[{\"@type\":\"SearchAction\",\"target\":{\"@type\":\"EntryPoint\",\"urlTemplate\":\"https:\/\/newsestlyonnais.fr\/site\/?s={search_term_string}\"},\"query-input\":{\"@type\":\"PropertyValueSpecification\",\"valueRequired\":true,\"valueName\":\"search_term_string\"}}],\"inLanguage\":\"fr-FR\"},{\"@type\":\"Organization\",\"@id\":\"https:\/\/newsestlyonnais.fr\/site\/#organization\",\"name\":\"News EST LYONNAIS\",\"url\":\"https:\/\/newsestlyonnais.fr\/site\/\",\"logo\":{\"@type\":\"ImageObject\",\"inLanguage\":\"fr-FR\",\"@id\":\"https:\/\/newsestlyonnais.fr\/site\/#\/schema\/logo\/image\/\",\"url\":\"\",\"contentUrl\":\"\",\"caption\":\"News EST LYONNAIS\"},\"image\":{\"@id\":\"https:\/\/newsestlyonnais.fr\/site\/#\/schema\/logo\/image\/\"}},{\"@type\":\"Person\",\"@id\":\"https:\/\/newsestlyonnais.fr\/site\/#\/schema\/person\/3230d5615f390bb808365d673001e887\",\"name\":\"R\u00e9dac. NEWS\",\"sameAs\":[\"http:\/\/www.newsestlyonnais.fr\",\"https:\/\/www.facebook.com\/pascal.oberson.1?fref=ts\",\"https:\/\/fr.linkedin.com\/in\/pascal-oberson-b17045113\"],\"url\":\"https:\/\/newsestlyonnais.fr\/site\/author\/nel\/\"}]}<\/script>\n<!-- \/ Yoast SEO plugin. -->","yoast_head_json":{"title":"LYON 8\u00b0 : Le club d' Handisport Lyonnais est en deuil","description":"LYON 8\u00b0 : Le club d' Handisport Lyonnais est en deuil","robots":{"index":"index","follow":"follow","max-snippet":"max-snippet:-1","max-image-preview":"max-image-preview:large","max-video-preview":"max-video-preview:-1"},"canonical":"https:\/\/newsestlyonnais.fr\/site\/2018\/02\/01\/lyon-8-le-club-d-handisport-lyonnais-est-en-deuil\/","og_locale":"fr_FR","og_type":"article","og_title":"LYON 8\u00b0 : Le club d' Handisport Lyonnais est en deuil","og_description":"LYON 8\u00b0 : Le club d' Handisport Lyonnais est en deuil","og_url":"https:\/\/newsestlyonnais.fr\/site\/2018\/02\/01\/lyon-8-le-club-d-handisport-lyonnais-est-en-deuil\/","og_site_name":"News Est Lyonnais","article_author":"https:\/\/www.facebook.com\/pascal.oberson.1?fref=ts","article_published_time":"2018-02-01T18:01:06+00:00","article_modified_time":"2020-11-30T08:15:27+00:00","og_image":[{"width":200,"height":150,"url":"https:\/\/i1.wp.com\/newsestlyonnais.fr\/site\/wp-content\/uploads\/2016\/07\/NEWSESTLYONNAIS-Logo_Handisport_Lyonnais_203x150-e1484719395812.jpg?fit=200%2C150&ssl=1","type":"image\/jpeg"}],"author":"R\u00e9dac. NEWS","twitter_card":"summary_large_image","twitter_misc":{"\u00c9crit par":"R\u00e9dac. NEWS","Dur\u00e9e de lecture estim\u00e9e":"1 minute"},"schema":{"@context":"https:\/\/schema.org","@graph":[{"@type":"Article","@id":"https:\/\/newsestlyonnais.fr\/site\/2018\/02\/01\/lyon-8-le-club-d-handisport-lyonnais-est-en-deuil\/#article","isPartOf":{"@id":"https:\/\/newsestlyonnais.fr\/site\/2018\/02\/01\/lyon-8-le-club-d-handisport-lyonnais-est-en-deuil\/"},"author":{"name":"R\u00e9dac. NEWS","@id":"https:\/\/newsestlyonnais.fr\/site\/#\/schema\/person\/3230d5615f390bb808365d673001e887"},"headline":"LYON 8 | Le club d&rsquo;Handisport Lyonnais est en deuil","datePublished":"2018-02-01T18:01:06+00:00","dateModified":"2020-11-30T08:15:27+00:00","mainEntityOfPage":{"@id":"https:\/\/newsestlyonnais.fr\/site\/2018\/02\/01\/lyon-8-le-club-d-handisport-lyonnais-est-en-deuil\/"},"wordCount":171,"commentCount":0,"publisher":{"@id":"https:\/\/newsestlyonnais.fr\/site\/#organization"},"image":{"@id":"https:\/\/newsestlyonnais.fr\/site\/2018\/02\/01\/lyon-8-le-club-d-handisport-lyonnais-est-en-deuil\/#primaryimage"},"thumbnailUrl":"https:\/\/newsestlyonnais.fr\/site\/wp-content\/uploads\/2016\/07\/NEWSESTLYONNAIS-Logo_Handisport_Lyonnais_203x150-e1484719395812.jpg","articleSection":["Divers Sports","Ev\u00e8nements divers","Handi &amp; adapt\u00e9","Ils nous ont quitt\u00e9s !","Lyon"],"inLanguage":"fr-FR","potentialAction":[{"@type":"CommentAction","name":"Comment","target":["https:\/\/newsestlyonnais.fr\/site\/2018\/02\/01\/lyon-8-le-club-d-handisport-lyonnais-est-en-deuil\/#respond"]}]},{"@type":"WebPage","@id":"https:\/\/newsestlyonnais.fr\/site\/2018\/02\/01\/lyon-8-le-club-d-handisport-lyonnais-est-en-deuil\/","url":"https:\/\/newsestlyonnais.fr\/site\/2018\/02\/01\/lyon-8-le-club-d-handisport-lyonnais-est-en-deuil\/","name":"LYON 8\u00b0 : Le club d' Handisport Lyonnais est en deuil","isPartOf":{"@id":"https:\/\/newsestlyonnais.fr\/site\/#website"},"primaryImageOfPage":{"@id":"https:\/\/newsestlyonnais.fr\/site\/2018\/02\/01\/lyon-8-le-club-d-handisport-lyonnais-est-en-deuil\/#primaryimage"},"image":{"@id":"https:\/\/newsestlyonnais.fr\/site\/2018\/02\/01\/lyon-8-le-club-d-handisport-lyonnais-est-en-deuil\/#primaryimage"},"thumbnailUrl":"https:\/\/newsestlyonnais.fr\/site\/wp-content\/uploads\/2016\/07\/NEWSESTLYONNAIS-Logo_Handisport_Lyonnais_203x150-e1484719395812.jpg","datePublished":"2018-02-01T18:01:06+00:00","dateModified":"2020-11-30T08:15:27+00:00","description":"LYON 8\u00b0 : Le club d' Handisport Lyonnais est en deuil","breadcrumb":{"@id":"https:\/\/newsestlyonnais.fr\/site\/2018\/02\/01\/lyon-8-le-club-d-handisport-lyonnais-est-en-deuil\/#breadcrumb"},"inLanguage":"fr-FR","potentialAction":[{"@type":"ReadAction","target":["https:\/\/newsestlyonnais.fr\/site\/2018\/02\/01\/lyon-8-le-club-d-handisport-lyonnais-est-en-deuil\/"]}]},{"@type":"ImageObject","inLanguage":"fr-FR","@id":"https:\/\/newsestlyonnais.fr\/site\/2018\/02\/01\/lyon-8-le-club-d-handisport-lyonnais-est-en-deuil\/#primaryimage","url":"https:\/\/newsestlyonnais.fr\/site\/wp-content\/uploads\/2016\/07\/NEWSESTLYONNAIS-Logo_Handisport_Lyonnais_203x150-e1484719395812.jpg","contentUrl":"https:\/\/newsestlyonnais.fr\/site\/wp-content\/uploads\/2016\/07\/NEWSESTLYONNAIS-Logo_Handisport_Lyonnais_203x150-e1484719395812.jpg","width":200,"height":150},{"@type":"BreadcrumbList","@id":"https:\/\/newsestlyonnais.fr\/site\/2018\/02\/01\/lyon-8-le-club-d-handisport-lyonnais-est-en-deuil\/#breadcrumb","itemListElement":[{"@type":"ListItem","position":1,"name":"Accueil","item":"https:\/\/newsestlyonnais.fr\/site\/"},{"@type":"ListItem","position":2,"name":"LYON 8 | Le club d&rsquo;Handisport Lyonnais est en deuil"}]},{"@type":"WebSite","@id":"https:\/\/newsestlyonnais.fr\/site\/#website","url":"https:\/\/newsestlyonnais.fr\/site\/","name":"News Est Lyonnais","description":"L&#039;actualit\u00e9 au plus pr\u00e8s","publisher":{"@id":"https:\/\/newsestlyonnais.fr\/site\/#organization"},"potentialAction":[{"@type":"SearchAction","target":{"@type":"EntryPoint","urlTemplate":"https:\/\/newsestlyonnais.fr\/site\/?s={search_term_string}"},"query-input":{"@type":"PropertyValueSpecification","valueRequired":true,"valueName":"search_term_string"}}],"inLanguage":"fr-FR"},{"@type":"Organization","@id":"https:\/\/newsestlyonnais.fr\/site\/#organization","name":"News EST LYONNAIS","url":"https:\/\/newsestlyonnais.fr\/site\/","logo":{"@type":"ImageObject","inLanguage":"fr-FR","@id":"https:\/\/newsestlyonnais.fr\/site\/#\/schema\/logo\/image\/","url":"","contentUrl":"","caption":"News EST LYONNAIS"},"image":{"@id":"https:\/\/newsestlyonnais.fr\/site\/#\/schema\/logo\/image\/"}},{"@type":"Person","@id":"https:\/\/newsestlyonnais.fr\/site\/#\/schema\/person\/3230d5615f390bb808365d673001e887","name":"R\u00e9dac. NEWS","sameAs":["http:\/\/www.newsestlyonnais.fr","https:\/\/www.facebook.com\/pascal.oberson.1?fref=ts","https:\/\/fr.linkedin.com\/in\/pascal-oberson-b17045113"],"url":"https:\/\/newsestlyonnais.fr\/site\/author\/nel\/"}]}},"_links":{"self":[{"href":"https:\/\/newsestlyonnais.fr\/site\/wp-json\/wp\/v2\/posts\/43292","targetHints":{"allow":["GET"]}}],"collection":[{"href":"https:\/\/newsestlyonnais.fr\/site\/wp-json\/wp\/v2\/posts"}],"about":[{"href":"https:\/\/newsestlyonnais.fr\/site\/wp-json\/wp\/v2\/types\/post"}],"author":[{"embeddable":true,"href":"https:\/\/newsestlyonnais.fr\/site\/wp-json\/wp\/v2\/users\/4"}],"replies":[{"embeddable":true,"href":"https:\/\/newsestlyonnais.fr\/site\/wp-json\/wp\/v2\/comments?post=43292"}],"version-history":[{"count":0,"href":"https:\/\/newsestlyonnais.fr\/site\/wp-json\/wp\/v2\/posts\/43292\/revisions"}],"wp:featuredmedia":[{"embeddable":true,"href":"https:\/\/newsestlyonnais.fr\/site\/wp-json\/wp\/v2\/media\/10439"}],"wp:attachment":[{"href":"https:\/\/newsestlyonnais.fr\/site\/wp-json\/wp\/v2\/media?parent=43292"}],"wp:term":[{"taxonomy":"category","embeddable":true,"href":"https:\/\/newsestlyonnais.fr\/site\/wp-json\/wp\/v2\/categories?post=43292"},{"taxonomy":"post_tag","embeddable":true,"href":"https:\/\/newsestlyonnais.fr\/site\/wp-json\/wp\/v2\/tags?post=43292"}],"curies":[{"name":"wp","href":"https:\/\/api.w.org\/{rel}","templated":true}]}}