{"id":43456,"date":"2018-02-05T08:03:07","date_gmt":"2018-02-05T07:03:07","guid":{"rendered":"http:\/\/newsestlyonnais.fr\/site\/?p=43456"},"modified":"2021-09-16T14:03:23","modified_gmt":"2021-09-16T13:03:23","slug":"chassieu-166-archers-concours-officiel-de-tir-a-larc","status":"publish","type":"post","link":"https:\/\/newsestlyonnais.fr\/site\/2018\/02\/05\/chassieu-166-archers-concours-officiel-de-tir-a-larc\/","title":{"rendered":"CHASSIEU | 166 archers au concours officiel de tir \u00e0 l&rsquo;arc"},"content":{"rendered":"<p>166 archers ont particip\u00e9 \u00e0 cette comp\u00e9tition officielle disput\u00e9e en arc classique, nu ou \u00e0 poulies. Etaient pr\u00e9sents des archers licenci\u00e9s dans des clubs du Rh\u00f4ne, Ain, Is\u00e8re, Loire, Ard\u00e8che mais aussi de M\u00e2con, N\u00eemes et D\u00f4le.<\/p>\n<p><span style=\"text-decoration: underline\"><strong>NOTA<\/strong><\/span> : Le club organisera, le dimanche 8 avril 2018 au complexe Tisserand, son concours ext\u00e9rieur annuel qualificatif au championnat de France.<\/p>\n<ul>\n<li>R\u00e9sultats \u00e0 retrouver sur :\u00a0<a href=\"http:\/\/chassieutiralarc.e-monsite.com\/medias\/files\/classement-qualificatif.pdf\" target=\"_blank\" rel=\"noopener noreferrer\">http:\/\/chassieutiralarc.e-monsite.com\/medias\/files\/classement-qualificatif.pdf<\/a><\/li>\n<\/ul>\n<p><img loading=\"lazy\" decoding=\"async\" class=\"alignleft size-full wp-image-43466\" src=\"https:\/\/newsestlyonnais.fr\/site\/medias\/2018\/02\/NEWSESTLYONNAIS-CONC-TIR-ARC-CHASSIEU.jpg\" alt=\"NEWSESTLYONNAIS CONC TIR ARC CHASSIEU\" width=\"2048\" height=\"1536\" srcset=\"https:\/\/newsestlyonnais.fr\/site\/wp-content\/uploads\/2018\/02\/NEWSESTLYONNAIS-CONC-TIR-ARC-CHASSIEU.jpg 2048w, https:\/\/newsestlyonnais.fr\/site\/wp-content\/uploads\/2018\/02\/NEWSESTLYONNAIS-CONC-TIR-ARC-CHASSIEU-400x300.jpg 400w, https:\/\/newsestlyonnais.fr\/site\/wp-content\/uploads\/2018\/02\/NEWSESTLYONNAIS-CONC-TIR-ARC-CHASSIEU-768x576.jpg 768w, https:\/\/newsestlyonnais.fr\/site\/wp-content\/uploads\/2018\/02\/NEWSESTLYONNAIS-CONC-TIR-ARC-CHASSIEU-1000x750.jpg 1000w, https:\/\/newsestlyonnais.fr\/site\/wp-content\/uploads\/2018\/02\/NEWSESTLYONNAIS-CONC-TIR-ARC-CHASSIEU-600x450.jpg 600w, https:\/\/newsestlyonnais.fr\/site\/wp-content\/uploads\/2018\/02\/NEWSESTLYONNAIS-CONC-TIR-ARC-CHASSIEU-100x75.jpg 100w\" sizes=\"auto, (max-width: 2048px) 100vw, 2048px\" \/><\/p>\n","protected":false},"excerpt":{"rendered":"<p>Le club de \u00ab\u00a0Chassieu Tir \u00e0 l\u2019Arc\u00a0\u00bb organisait ce week-end au Gymnase du Raquin, un concours FFTA en salle.<\/p>\n","protected":false},"author":4,"featured_media":43458,"comment_status":"open","ping_status":"open","sticky":false,"template":"","format":"standard","meta":{"footnotes":""},"categories":[574,1283,166,3894],"tags":[],"class_list":["post-43456","post","type-post","status-publish","format-standard","has-post-thumbnail","hentry","category-autres-sports","category-chassieu-communes-diverses","category-divers-sports","category-tir-a-larc"],"yoast_head":"<!-- This site is optimized with the Yoast SEO plugin v27.2 - https:\/\/yoast.com\/product\/yoast-seo-wordpress\/ -->\n<title>CHASSIEU : 166 archers au concours officiel de tir \u00e0 l&#039;arc<\/title>\n<meta name=\"description\" content=\"CHASSIEU : 166 archers au concours officiel de tir \u00e0 l&#039;arc\" \/>\n<meta name=\"robots\" content=\"index, follow, max-snippet:-1, max-image-preview:large, max-video-preview:-1\" \/>\n<link rel=\"canonical\" href=\"https:\/\/newsestlyonnais.fr\/site\/2018\/02\/05\/chassieu-166-archers-concours-officiel-de-tir-a-larc\/\" \/>\n<meta property=\"og:locale\" content=\"fr_FR\" \/>\n<meta property=\"og:type\" content=\"article\" \/>\n<meta property=\"og:title\" content=\"CHASSIEU : 166 archers au concours officiel de tir \u00e0 l&#039;arc\" \/>\n<meta property=\"og:description\" content=\"CHASSIEU : 166 archers au concours officiel de tir \u00e0 l&#039;arc\" \/>\n<meta property=\"og:url\" content=\"https:\/\/newsestlyonnais.fr\/site\/2018\/02\/05\/chassieu-166-archers-concours-officiel-de-tir-a-larc\/\" \/>\n<meta property=\"og:site_name\" content=\"News Est Lyonnais\" \/>\n<meta property=\"article:author\" content=\"https:\/\/www.facebook.com\/pascal.oberson.1?fref=ts\" \/>\n<meta property=\"article:published_time\" content=\"2018-02-05T07:03:07+00:00\" \/>\n<meta property=\"article:modified_time\" content=\"2021-09-16T13:03:23+00:00\" \/>\n<meta property=\"og:image\" content=\"https:\/\/i1.wp.com\/newsestlyonnais.fr\/site\/wp-content\/uploads\/2018\/02\/NEWSESTLYONNAIS-CHASSIEU-tir-arc.jpg?fit=2048%2C1536&ssl=1\" \/>\n\t<meta property=\"og:image:width\" content=\"2048\" \/>\n\t<meta property=\"og:image:height\" content=\"1536\" \/>\n\t<meta property=\"og:image:type\" content=\"image\/jpeg\" \/>\n<meta name=\"author\" content=\"R\u00e9dac. NEWS\" \/>\n<meta name=\"twitter:card\" content=\"summary_large_image\" \/>\n<meta name=\"twitter:label1\" content=\"\u00c9crit par\" \/>\n\t<meta name=\"twitter:data1\" content=\"R\u00e9dac. NEWS\" \/>\n<script type=\"application\/ld+json\" class=\"yoast-schema-graph\">{\"@context\":\"https:\/\/schema.org\",\"@graph\":[{\"@type\":\"Article\",\"@id\":\"https:\/\/newsestlyonnais.fr\/site\/2018\/02\/05\/chassieu-166-archers-concours-officiel-de-tir-a-larc\/#article\",\"isPartOf\":{\"@id\":\"https:\/\/newsestlyonnais.fr\/site\/2018\/02\/05\/chassieu-166-archers-concours-officiel-de-tir-a-larc\/\"},\"author\":{\"name\":\"R\u00e9dac. NEWS\",\"@id\":\"https:\/\/newsestlyonnais.fr\/site\/#\/schema\/person\/3230d5615f390bb808365d673001e887\"},\"headline\":\"CHASSIEU | 166 archers au concours officiel de tir \u00e0 l&rsquo;arc\",\"datePublished\":\"2018-02-05T07:03:07+00:00\",\"dateModified\":\"2021-09-16T13:03:23+00:00\",\"mainEntityOfPage\":{\"@id\":\"https:\/\/newsestlyonnais.fr\/site\/2018\/02\/05\/chassieu-166-archers-concours-officiel-de-tir-a-larc\/\"},\"wordCount\":85,\"commentCount\":0,\"publisher\":{\"@id\":\"https:\/\/newsestlyonnais.fr\/site\/#organization\"},\"image\":{\"@id\":\"https:\/\/newsestlyonnais.fr\/site\/2018\/02\/05\/chassieu-166-archers-concours-officiel-de-tir-a-larc\/#primaryimage\"},\"thumbnailUrl\":\"https:\/\/newsestlyonnais.fr\/site\/wp-content\/uploads\/2018\/02\/NEWSESTLYONNAIS-CHASSIEU-tir-arc.jpg\",\"articleSection\":[\"Autres sports\",\"Chassieu | Communes diverses\",\"Divers Sports\",\"Tir \u00e0 l'arc\"],\"inLanguage\":\"fr-FR\",\"potentialAction\":[{\"@type\":\"CommentAction\",\"name\":\"Comment\",\"target\":[\"https:\/\/newsestlyonnais.fr\/site\/2018\/02\/05\/chassieu-166-archers-concours-officiel-de-tir-a-larc\/#respond\"]}]},{\"@type\":\"WebPage\",\"@id\":\"https:\/\/newsestlyonnais.fr\/site\/2018\/02\/05\/chassieu-166-archers-concours-officiel-de-tir-a-larc\/\",\"url\":\"https:\/\/newsestlyonnais.fr\/site\/2018\/02\/05\/chassieu-166-archers-concours-officiel-de-tir-a-larc\/\",\"name\":\"CHASSIEU : 166 archers au concours officiel de tir \u00e0 l'arc\",\"isPartOf\":{\"@id\":\"https:\/\/newsestlyonnais.fr\/site\/#website\"},\"primaryImageOfPage\":{\"@id\":\"https:\/\/newsestlyonnais.fr\/site\/2018\/02\/05\/chassieu-166-archers-concours-officiel-de-tir-a-larc\/#primaryimage\"},\"image\":{\"@id\":\"https:\/\/newsestlyonnais.fr\/site\/2018\/02\/05\/chassieu-166-archers-concours-officiel-de-tir-a-larc\/#primaryimage\"},\"thumbnailUrl\":\"https:\/\/newsestlyonnais.fr\/site\/wp-content\/uploads\/2018\/02\/NEWSESTLYONNAIS-CHASSIEU-tir-arc.jpg\",\"datePublished\":\"2018-02-05T07:03:07+00:00\",\"dateModified\":\"2021-09-16T13:03:23+00:00\",\"description\":\"CHASSIEU : 166 archers au concours officiel de tir \u00e0 l'arc\",\"breadcrumb\":{\"@id\":\"https:\/\/newsestlyonnais.fr\/site\/2018\/02\/05\/chassieu-166-archers-concours-officiel-de-tir-a-larc\/#breadcrumb\"},\"inLanguage\":\"fr-FR\",\"potentialAction\":[{\"@type\":\"ReadAction\",\"target\":[\"https:\/\/newsestlyonnais.fr\/site\/2018\/02\/05\/chassieu-166-archers-concours-officiel-de-tir-a-larc\/\"]}]},{\"@type\":\"ImageObject\",\"inLanguage\":\"fr-FR\",\"@id\":\"https:\/\/newsestlyonnais.fr\/site\/2018\/02\/05\/chassieu-166-archers-concours-officiel-de-tir-a-larc\/#primaryimage\",\"url\":\"https:\/\/newsestlyonnais.fr\/site\/wp-content\/uploads\/2018\/02\/NEWSESTLYONNAIS-CHASSIEU-tir-arc.jpg\",\"contentUrl\":\"https:\/\/newsestlyonnais.fr\/site\/wp-content\/uploads\/2018\/02\/NEWSESTLYONNAIS-CHASSIEU-tir-arc.jpg\",\"width\":2048,\"height\":1536,\"caption\":\"NEWSESTLYONNAIS - CHASSIEU tir arc\"},{\"@type\":\"BreadcrumbList\",\"@id\":\"https:\/\/newsestlyonnais.fr\/site\/2018\/02\/05\/chassieu-166-archers-concours-officiel-de-tir-a-larc\/#breadcrumb\",\"itemListElement\":[{\"@type\":\"ListItem\",\"position\":1,\"name\":\"Accueil\",\"item\":\"https:\/\/newsestlyonnais.fr\/site\/\"},{\"@type\":\"ListItem\",\"position\":2,\"name\":\"CHASSIEU | 166 archers au concours officiel de tir \u00e0 l&rsquo;arc\"}]},{\"@type\":\"WebSite\",\"@id\":\"https:\/\/newsestlyonnais.fr\/site\/#website\",\"url\":\"https:\/\/newsestlyonnais.fr\/site\/\",\"name\":\"News Est Lyonnais\",\"description\":\"L&#039;actualit\u00e9 au plus pr\u00e8s\",\"publisher\":{\"@id\":\"https:\/\/newsestlyonnais.fr\/site\/#organization\"},\"potentialAction\":[{\"@type\":\"SearchAction\",\"target\":{\"@type\":\"EntryPoint\",\"urlTemplate\":\"https:\/\/newsestlyonnais.fr\/site\/?s={search_term_string}\"},\"query-input\":{\"@type\":\"PropertyValueSpecification\",\"valueRequired\":true,\"valueName\":\"search_term_string\"}}],\"inLanguage\":\"fr-FR\"},{\"@type\":\"Organization\",\"@id\":\"https:\/\/newsestlyonnais.fr\/site\/#organization\",\"name\":\"News EST LYONNAIS\",\"url\":\"https:\/\/newsestlyonnais.fr\/site\/\",\"logo\":{\"@type\":\"ImageObject\",\"inLanguage\":\"fr-FR\",\"@id\":\"https:\/\/newsestlyonnais.fr\/site\/#\/schema\/logo\/image\/\",\"url\":\"\",\"contentUrl\":\"\",\"caption\":\"News EST LYONNAIS\"},\"image\":{\"@id\":\"https:\/\/newsestlyonnais.fr\/site\/#\/schema\/logo\/image\/\"}},{\"@type\":\"Person\",\"@id\":\"https:\/\/newsestlyonnais.fr\/site\/#\/schema\/person\/3230d5615f390bb808365d673001e887\",\"name\":\"R\u00e9dac. NEWS\",\"sameAs\":[\"http:\/\/www.newsestlyonnais.fr\",\"https:\/\/www.facebook.com\/pascal.oberson.1?fref=ts\",\"https:\/\/fr.linkedin.com\/in\/pascal-oberson-b17045113\"],\"url\":\"https:\/\/newsestlyonnais.fr\/site\/author\/nel\/\"}]}<\/script>\n<!-- \/ Yoast SEO plugin. -->","yoast_head_json":{"title":"CHASSIEU : 166 archers au concours officiel de tir \u00e0 l'arc","description":"CHASSIEU : 166 archers au concours officiel de tir \u00e0 l'arc","robots":{"index":"index","follow":"follow","max-snippet":"max-snippet:-1","max-image-preview":"max-image-preview:large","max-video-preview":"max-video-preview:-1"},"canonical":"https:\/\/newsestlyonnais.fr\/site\/2018\/02\/05\/chassieu-166-archers-concours-officiel-de-tir-a-larc\/","og_locale":"fr_FR","og_type":"article","og_title":"CHASSIEU : 166 archers au concours officiel de tir \u00e0 l'arc","og_description":"CHASSIEU : 166 archers au concours officiel de tir \u00e0 l'arc","og_url":"https:\/\/newsestlyonnais.fr\/site\/2018\/02\/05\/chassieu-166-archers-concours-officiel-de-tir-a-larc\/","og_site_name":"News Est Lyonnais","article_author":"https:\/\/www.facebook.com\/pascal.oberson.1?fref=ts","article_published_time":"2018-02-05T07:03:07+00:00","article_modified_time":"2021-09-16T13:03:23+00:00","og_image":[{"width":2048,"height":1536,"url":"https:\/\/i1.wp.com\/newsestlyonnais.fr\/site\/wp-content\/uploads\/2018\/02\/NEWSESTLYONNAIS-CHASSIEU-tir-arc.jpg?fit=2048%2C1536&ssl=1","type":"image\/jpeg"}],"author":"R\u00e9dac. NEWS","twitter_card":"summary_large_image","twitter_misc":{"\u00c9crit par":"R\u00e9dac. NEWS"},"schema":{"@context":"https:\/\/schema.org","@graph":[{"@type":"Article","@id":"https:\/\/newsestlyonnais.fr\/site\/2018\/02\/05\/chassieu-166-archers-concours-officiel-de-tir-a-larc\/#article","isPartOf":{"@id":"https:\/\/newsestlyonnais.fr\/site\/2018\/02\/05\/chassieu-166-archers-concours-officiel-de-tir-a-larc\/"},"author":{"name":"R\u00e9dac. NEWS","@id":"https:\/\/newsestlyonnais.fr\/site\/#\/schema\/person\/3230d5615f390bb808365d673001e887"},"headline":"CHASSIEU | 166 archers au concours officiel de tir \u00e0 l&rsquo;arc","datePublished":"2018-02-05T07:03:07+00:00","dateModified":"2021-09-16T13:03:23+00:00","mainEntityOfPage":{"@id":"https:\/\/newsestlyonnais.fr\/site\/2018\/02\/05\/chassieu-166-archers-concours-officiel-de-tir-a-larc\/"},"wordCount":85,"commentCount":0,"publisher":{"@id":"https:\/\/newsestlyonnais.fr\/site\/#organization"},"image":{"@id":"https:\/\/newsestlyonnais.fr\/site\/2018\/02\/05\/chassieu-166-archers-concours-officiel-de-tir-a-larc\/#primaryimage"},"thumbnailUrl":"https:\/\/newsestlyonnais.fr\/site\/wp-content\/uploads\/2018\/02\/NEWSESTLYONNAIS-CHASSIEU-tir-arc.jpg","articleSection":["Autres sports","Chassieu | Communes diverses","Divers Sports","Tir \u00e0 l'arc"],"inLanguage":"fr-FR","potentialAction":[{"@type":"CommentAction","name":"Comment","target":["https:\/\/newsestlyonnais.fr\/site\/2018\/02\/05\/chassieu-166-archers-concours-officiel-de-tir-a-larc\/#respond"]}]},{"@type":"WebPage","@id":"https:\/\/newsestlyonnais.fr\/site\/2018\/02\/05\/chassieu-166-archers-concours-officiel-de-tir-a-larc\/","url":"https:\/\/newsestlyonnais.fr\/site\/2018\/02\/05\/chassieu-166-archers-concours-officiel-de-tir-a-larc\/","name":"CHASSIEU : 166 archers au concours officiel de tir \u00e0 l'arc","isPartOf":{"@id":"https:\/\/newsestlyonnais.fr\/site\/#website"},"primaryImageOfPage":{"@id":"https:\/\/newsestlyonnais.fr\/site\/2018\/02\/05\/chassieu-166-archers-concours-officiel-de-tir-a-larc\/#primaryimage"},"image":{"@id":"https:\/\/newsestlyonnais.fr\/site\/2018\/02\/05\/chassieu-166-archers-concours-officiel-de-tir-a-larc\/#primaryimage"},"thumbnailUrl":"https:\/\/newsestlyonnais.fr\/site\/wp-content\/uploads\/2018\/02\/NEWSESTLYONNAIS-CHASSIEU-tir-arc.jpg","datePublished":"2018-02-05T07:03:07+00:00","dateModified":"2021-09-16T13:03:23+00:00","description":"CHASSIEU : 166 archers au concours officiel de tir \u00e0 l'arc","breadcrumb":{"@id":"https:\/\/newsestlyonnais.fr\/site\/2018\/02\/05\/chassieu-166-archers-concours-officiel-de-tir-a-larc\/#breadcrumb"},"inLanguage":"fr-FR","potentialAction":[{"@type":"ReadAction","target":["https:\/\/newsestlyonnais.fr\/site\/2018\/02\/05\/chassieu-166-archers-concours-officiel-de-tir-a-larc\/"]}]},{"@type":"ImageObject","inLanguage":"fr-FR","@id":"https:\/\/newsestlyonnais.fr\/site\/2018\/02\/05\/chassieu-166-archers-concours-officiel-de-tir-a-larc\/#primaryimage","url":"https:\/\/newsestlyonnais.fr\/site\/wp-content\/uploads\/2018\/02\/NEWSESTLYONNAIS-CHASSIEU-tir-arc.jpg","contentUrl":"https:\/\/newsestlyonnais.fr\/site\/wp-content\/uploads\/2018\/02\/NEWSESTLYONNAIS-CHASSIEU-tir-arc.jpg","width":2048,"height":1536,"caption":"NEWSESTLYONNAIS - CHASSIEU tir arc"},{"@type":"BreadcrumbList","@id":"https:\/\/newsestlyonnais.fr\/site\/2018\/02\/05\/chassieu-166-archers-concours-officiel-de-tir-a-larc\/#breadcrumb","itemListElement":[{"@type":"ListItem","position":1,"name":"Accueil","item":"https:\/\/newsestlyonnais.fr\/site\/"},{"@type":"ListItem","position":2,"name":"CHASSIEU | 166 archers au concours officiel de tir \u00e0 l&rsquo;arc"}]},{"@type":"WebSite","@id":"https:\/\/newsestlyonnais.fr\/site\/#website","url":"https:\/\/newsestlyonnais.fr\/site\/","name":"News Est Lyonnais","description":"L&#039;actualit\u00e9 au plus pr\u00e8s","publisher":{"@id":"https:\/\/newsestlyonnais.fr\/site\/#organization"},"potentialAction":[{"@type":"SearchAction","target":{"@type":"EntryPoint","urlTemplate":"https:\/\/newsestlyonnais.fr\/site\/?s={search_term_string}"},"query-input":{"@type":"PropertyValueSpecification","valueRequired":true,"valueName":"search_term_string"}}],"inLanguage":"fr-FR"},{"@type":"Organization","@id":"https:\/\/newsestlyonnais.fr\/site\/#organization","name":"News EST LYONNAIS","url":"https:\/\/newsestlyonnais.fr\/site\/","logo":{"@type":"ImageObject","inLanguage":"fr-FR","@id":"https:\/\/newsestlyonnais.fr\/site\/#\/schema\/logo\/image\/","url":"","contentUrl":"","caption":"News EST LYONNAIS"},"image":{"@id":"https:\/\/newsestlyonnais.fr\/site\/#\/schema\/logo\/image\/"}},{"@type":"Person","@id":"https:\/\/newsestlyonnais.fr\/site\/#\/schema\/person\/3230d5615f390bb808365d673001e887","name":"R\u00e9dac. NEWS","sameAs":["http:\/\/www.newsestlyonnais.fr","https:\/\/www.facebook.com\/pascal.oberson.1?fref=ts","https:\/\/fr.linkedin.com\/in\/pascal-oberson-b17045113"],"url":"https:\/\/newsestlyonnais.fr\/site\/author\/nel\/"}]}},"_links":{"self":[{"href":"https:\/\/newsestlyonnais.fr\/site\/wp-json\/wp\/v2\/posts\/43456","targetHints":{"allow":["GET"]}}],"collection":[{"href":"https:\/\/newsestlyonnais.fr\/site\/wp-json\/wp\/v2\/posts"}],"about":[{"href":"https:\/\/newsestlyonnais.fr\/site\/wp-json\/wp\/v2\/types\/post"}],"author":[{"embeddable":true,"href":"https:\/\/newsestlyonnais.fr\/site\/wp-json\/wp\/v2\/users\/4"}],"replies":[{"embeddable":true,"href":"https:\/\/newsestlyonnais.fr\/site\/wp-json\/wp\/v2\/comments?post=43456"}],"version-history":[{"count":0,"href":"https:\/\/newsestlyonnais.fr\/site\/wp-json\/wp\/v2\/posts\/43456\/revisions"}],"wp:featuredmedia":[{"embeddable":true,"href":"https:\/\/newsestlyonnais.fr\/site\/wp-json\/wp\/v2\/media\/43458"}],"wp:attachment":[{"href":"https:\/\/newsestlyonnais.fr\/site\/wp-json\/wp\/v2\/media?parent=43456"}],"wp:term":[{"taxonomy":"category","embeddable":true,"href":"https:\/\/newsestlyonnais.fr\/site\/wp-json\/wp\/v2\/categories?post=43456"},{"taxonomy":"post_tag","embeddable":true,"href":"https:\/\/newsestlyonnais.fr\/site\/wp-json\/wp\/v2\/tags?post=43456"}],"curies":[{"name":"wp","href":"https:\/\/api.w.org\/{rel}","templated":true}]}}