{"id":43476,"date":"2018-02-05T14:12:52","date_gmt":"2018-02-05T13:12:52","guid":{"rendered":"http:\/\/newsestlyonnais.fr\/site\/?p=43476"},"modified":"2021-09-16T14:43:54","modified_gmt":"2021-09-16T13:43:54","slug":"vaulx-en-velin-le-boxeur-nizar-trimech-vainqueur-pour-les-fighting-roosters","status":"publish","type":"post","link":"https:\/\/newsestlyonnais.fr\/site\/2018\/02\/05\/vaulx-en-velin-le-boxeur-nizar-trimech-vainqueur-pour-les-fighting-roosters\/","title":{"rendered":"VAULX-EN-VELIN | Le boxeur Nizar Trimech vainqueur pour les Fighting Roosters"},"content":{"rendered":"<h4>Membre du Boxing Club Vaudais, Nizar Trimech disputait un nouveau combat vendredi soir \u00e0 la salle parisienne Wagram, pour le compte du Team des Fighting Roosters mont\u00e9 par Brahim Asloum.<\/h4>\n<p>Le boxeur vaudais \u00e2g\u00e9 de 24 ans a disput\u00e9 son premier combat pro,\u00a0en d\u00e9cembre 2015, avec un bilan largement positif. En 7 combats, il avait en effet enregistr\u00e9 6 victoires (dont 2 par KO) pour une seule d\u00e9faite des plus litigieuses.<\/p>\n<p>Nizar, coach\u00e9 par Saber Bouzaiane et Eug\u00e8ne Varoclier et qui pr\u00e9pare en parall\u00e8le, une licence en g\u00e9nie climatique en alternance, ne manque pas d&rsquo;ambitions. A raison de 7 entrainements par semaine, en p\u00e9riode d&rsquo;intense pr\u00e9paration, il avoue volontiers enchainer les combats pour prendre de l&rsquo;exp\u00e9rience et du m\u00e9tier afin de confirmer son niveau et pr\u00e9tendre \u00e0 un statut sup\u00e9rieur.<\/p>\n<p>Son 8\u00b0 combat professionnel, remport\u00e9 ce week-end \u00e0 l&rsquo;occasion de l&rsquo;ouverture des \u00ab\u00a0World Series of Boxing VIII\u00a0\u00bb au sein de la franchise fran\u00e7aise face aux \u00ab\u00a0British Lionshearts\u00a0\u00bb a grandement contribu\u00e9 au succ\u00e8s collectif de son \u00e9quipe 3\/2.<\/p>\n<div id='gallery-1' class='gallery galleryid-43476 gallery-columns-3 gallery-size-thumbnail'><figure class='gallery-item'>\n\t\t\t<div class='gallery-icon portrait'>\n\t\t\t\t<a href='https:\/\/newsestlyonnais.fr\/site\/2018\/02\/05\/vaulx-en-velin-le-boxeur-nizar-trimech-vainqueur-pour-les-fighting-roosters\/newsestlyonnais-affiche-soiree-boxe\/'><img loading=\"lazy\" decoding=\"async\" width=\"150\" height=\"150\" src=\"https:\/\/newsestlyonnais.fr\/site\/wp-content\/uploads\/2018\/02\/NEWSESTLYONNAIS-AFFICHE-SOIREE-BOXE-150x150.jpg\" class=\"attachment-thumbnail size-thumbnail\" alt=\"\" aria-describedby=\"gallery-1-43482\" \/><\/a>\n\t\t\t<\/div>\n\t\t\t\t<figcaption class='wp-caption-text gallery-caption' id='gallery-1-43482'>\n\t\t\t\t     L&rsquo;affiche de la soir\u00e9e ! \n\t\t\t\t<\/figcaption><\/figure><figure class='gallery-item'>\n\t\t\t<div class='gallery-icon landscape'>\n\t\t\t\t<a href='https:\/\/newsestlyonnais.fr\/site\/2018\/02\/05\/vaulx-en-velin-le-boxeur-nizar-trimech-vainqueur-pour-les-fighting-roosters\/newsestlyonnais-combat-nizar\/'><img loading=\"lazy\" decoding=\"async\" width=\"150\" height=\"150\" src=\"https:\/\/newsestlyonnais.fr\/site\/wp-content\/uploads\/2018\/02\/NEWSESTLYONNAIS-COMBAT-NIZAR-150x150.jpg\" class=\"attachment-thumbnail size-thumbnail\" alt=\"NEWSESTLYONNAIS - COMBAT NIZAR\" \/><\/a>\n\t\t\t<\/div><\/figure><figure class='gallery-item'>\n\t\t\t<div class='gallery-icon landscape'>\n\t\t\t\t<a href='https:\/\/newsestlyonnais.fr\/site\/2018\/02\/05\/vaulx-en-velin-le-boxeur-nizar-trimech-vainqueur-pour-les-fighting-roosters\/newsestlyonnais-succes-nizar\/'><img loading=\"lazy\" decoding=\"async\" width=\"150\" height=\"150\" src=\"https:\/\/newsestlyonnais.fr\/site\/wp-content\/uploads\/2018\/02\/NEWSESTLYONNAIS-SUCCES-NIZAR-150x150.jpg\" class=\"attachment-thumbnail size-thumbnail\" alt=\"NEWSESTLYONNAIS - SUCCES NIZAR\" aria-describedby=\"gallery-1-43502\" \/><\/a>\n\t\t\t<\/div>\n\t\t\t\t<figcaption class='wp-caption-text gallery-caption' id='gallery-1-43502'>\n\t\t\t\tNizar d\u00e9clar\u00e9 vainqueur face au boxeur anglais\n\t\t\t\t<\/figcaption><\/figure><figure class='gallery-item'>\n\t\t\t<div class='gallery-icon landscape'>\n\t\t\t\t<a href='https:\/\/newsestlyonnais.fr\/site\/2018\/02\/05\/vaulx-en-velin-le-boxeur-nizar-trimech-vainqueur-pour-les-fighting-roosters\/newsestlyonnais-saber-boxe\/'><img loading=\"lazy\" decoding=\"async\" width=\"150\" height=\"150\" src=\"https:\/\/newsestlyonnais.fr\/site\/wp-content\/uploads\/2018\/02\/NEWSESTLYONNAIS-SABER-BOXE-150x150.jpg\" class=\"attachment-thumbnail size-thumbnail\" alt=\"\" aria-describedby=\"gallery-1-43501\" \/><\/a>\n\t\t\t<\/div>\n\t\t\t\t<figcaption class='wp-caption-text gallery-caption' id='gallery-1-43501'>\n\t\t\t\tSon coach Saber, bien concentr\u00e9 dans le coin du ring !\n\t\t\t\t<\/figcaption><\/figure>\n\t\t<\/div>\n\n","protected":false},"excerpt":{"rendered":"<p>Membre du Boxing Club Vaudais, Nizar Trimech disputait un nouveau combat vendredi soir \u00e0 la salle parisienne Wagram, pour le compte du Team des Fighting Roosters mont\u00e9 par Brahim Asloum. Le boxeur vaudais \u00e2g\u00e9 de 24 ans a disput\u00e9 son premier combat pro,\u00a0en d\u00e9cembre 2015, avec un bilan largement positif. En 7 combats, il avait [&hellip;]<\/p>\n","protected":false},"author":4,"featured_media":43481,"comment_status":"open","ping_status":"open","sticky":false,"template":"","format":"standard","meta":{"footnotes":""},"categories":[3895,166,28],"tags":[],"class_list":["post-43476","post","type-post","status-publish","format-standard","has-post-thumbnail","hentry","category-boxe","category-divers-sports","category-vaulx-en-velin"],"yoast_head":"<!-- This site is optimized with the Yoast SEO plugin v27.2 - https:\/\/yoast.com\/product\/yoast-seo-wordpress\/ -->\n<title>VAULX EN VELIN : Le boxeur Nizar Trimech vainqueur pour les Fighting Roosters !<\/title>\n<meta name=\"description\" content=\"VAULX EN VELIN : Le boxeur Nizar Trimech vainqueur pour les Fighting Roosters !\" \/>\n<meta name=\"robots\" content=\"index, follow, max-snippet:-1, max-image-preview:large, max-video-preview:-1\" \/>\n<link rel=\"canonical\" href=\"https:\/\/newsestlyonnais.fr\/site\/2018\/02\/05\/vaulx-en-velin-le-boxeur-nizar-trimech-vainqueur-pour-les-fighting-roosters\/\" \/>\n<meta property=\"og:locale\" content=\"fr_FR\" \/>\n<meta property=\"og:type\" content=\"article\" \/>\n<meta property=\"og:title\" content=\"VAULX EN VELIN : Le boxeur Nizar Trimech vainqueur pour les Fighting Roosters !\" \/>\n<meta property=\"og:description\" content=\"VAULX EN VELIN : Le boxeur Nizar Trimech vainqueur pour les Fighting Roosters !\" \/>\n<meta property=\"og:url\" content=\"https:\/\/newsestlyonnais.fr\/site\/2018\/02\/05\/vaulx-en-velin-le-boxeur-nizar-trimech-vainqueur-pour-les-fighting-roosters\/\" \/>\n<meta property=\"og:site_name\" content=\"News Est Lyonnais\" \/>\n<meta property=\"article:author\" content=\"https:\/\/www.facebook.com\/pascal.oberson.1?fref=ts\" \/>\n<meta property=\"article:published_time\" content=\"2018-02-05T13:12:52+00:00\" \/>\n<meta property=\"article:modified_time\" content=\"2021-09-16T13:43:54+00:00\" \/>\n<meta property=\"og:image\" content=\"https:\/\/i1.wp.com\/newsestlyonnais.fr\/site\/wp-content\/uploads\/2018\/02\/NESESTLYONNAIS-TRIMECH-COMBAT.jpg?fit=960%2C640&ssl=1\" \/>\n\t<meta property=\"og:image:width\" content=\"960\" \/>\n\t<meta property=\"og:image:height\" content=\"640\" \/>\n\t<meta property=\"og:image:type\" content=\"image\/jpeg\" \/>\n<meta name=\"author\" content=\"R\u00e9dac. NEWS\" \/>\n<meta name=\"twitter:card\" content=\"summary_large_image\" \/>\n<meta name=\"twitter:label1\" content=\"\u00c9crit par\" \/>\n\t<meta name=\"twitter:data1\" content=\"R\u00e9dac. NEWS\" \/>\n\t<meta name=\"twitter:label2\" content=\"Dur\u00e9e de lecture estim\u00e9e\" \/>\n\t<meta name=\"twitter:data2\" content=\"1 minute\" \/>\n<script type=\"application\/ld+json\" class=\"yoast-schema-graph\">{\"@context\":\"https:\/\/schema.org\",\"@graph\":[{\"@type\":\"Article\",\"@id\":\"https:\/\/newsestlyonnais.fr\/site\/2018\/02\/05\/vaulx-en-velin-le-boxeur-nizar-trimech-vainqueur-pour-les-fighting-roosters\/#article\",\"isPartOf\":{\"@id\":\"https:\/\/newsestlyonnais.fr\/site\/2018\/02\/05\/vaulx-en-velin-le-boxeur-nizar-trimech-vainqueur-pour-les-fighting-roosters\/\"},\"author\":{\"name\":\"R\u00e9dac. NEWS\",\"@id\":\"https:\/\/newsestlyonnais.fr\/site\/#\/schema\/person\/3230d5615f390bb808365d673001e887\"},\"headline\":\"VAULX-EN-VELIN | Le boxeur Nizar Trimech vainqueur pour les Fighting Roosters\",\"datePublished\":\"2018-02-05T13:12:52+00:00\",\"dateModified\":\"2021-09-16T13:43:54+00:00\",\"mainEntityOfPage\":{\"@id\":\"https:\/\/newsestlyonnais.fr\/site\/2018\/02\/05\/vaulx-en-velin-le-boxeur-nizar-trimech-vainqueur-pour-les-fighting-roosters\/\"},\"wordCount\":190,\"commentCount\":0,\"publisher\":{\"@id\":\"https:\/\/newsestlyonnais.fr\/site\/#organization\"},\"image\":{\"@id\":\"https:\/\/newsestlyonnais.fr\/site\/2018\/02\/05\/vaulx-en-velin-le-boxeur-nizar-trimech-vainqueur-pour-les-fighting-roosters\/#primaryimage\"},\"thumbnailUrl\":\"https:\/\/newsestlyonnais.fr\/site\/wp-content\/uploads\/2018\/02\/NESESTLYONNAIS-TRIMECH-COMBAT.jpg\",\"articleSection\":[\"Boxe\",\"Divers Sports\",\"Vaulx-en-Velin\"],\"inLanguage\":\"fr-FR\",\"potentialAction\":[{\"@type\":\"CommentAction\",\"name\":\"Comment\",\"target\":[\"https:\/\/newsestlyonnais.fr\/site\/2018\/02\/05\/vaulx-en-velin-le-boxeur-nizar-trimech-vainqueur-pour-les-fighting-roosters\/#respond\"]}]},{\"@type\":\"WebPage\",\"@id\":\"https:\/\/newsestlyonnais.fr\/site\/2018\/02\/05\/vaulx-en-velin-le-boxeur-nizar-trimech-vainqueur-pour-les-fighting-roosters\/\",\"url\":\"https:\/\/newsestlyonnais.fr\/site\/2018\/02\/05\/vaulx-en-velin-le-boxeur-nizar-trimech-vainqueur-pour-les-fighting-roosters\/\",\"name\":\"VAULX EN VELIN : Le boxeur Nizar Trimech vainqueur pour les Fighting Roosters !\",\"isPartOf\":{\"@id\":\"https:\/\/newsestlyonnais.fr\/site\/#website\"},\"primaryImageOfPage\":{\"@id\":\"https:\/\/newsestlyonnais.fr\/site\/2018\/02\/05\/vaulx-en-velin-le-boxeur-nizar-trimech-vainqueur-pour-les-fighting-roosters\/#primaryimage\"},\"image\":{\"@id\":\"https:\/\/newsestlyonnais.fr\/site\/2018\/02\/05\/vaulx-en-velin-le-boxeur-nizar-trimech-vainqueur-pour-les-fighting-roosters\/#primaryimage\"},\"thumbnailUrl\":\"https:\/\/newsestlyonnais.fr\/site\/wp-content\/uploads\/2018\/02\/NESESTLYONNAIS-TRIMECH-COMBAT.jpg\",\"datePublished\":\"2018-02-05T13:12:52+00:00\",\"dateModified\":\"2021-09-16T13:43:54+00:00\",\"description\":\"VAULX EN VELIN : Le boxeur Nizar Trimech vainqueur pour les Fighting Roosters !\",\"breadcrumb\":{\"@id\":\"https:\/\/newsestlyonnais.fr\/site\/2018\/02\/05\/vaulx-en-velin-le-boxeur-nizar-trimech-vainqueur-pour-les-fighting-roosters\/#breadcrumb\"},\"inLanguage\":\"fr-FR\",\"potentialAction\":[{\"@type\":\"ReadAction\",\"target\":[\"https:\/\/newsestlyonnais.fr\/site\/2018\/02\/05\/vaulx-en-velin-le-boxeur-nizar-trimech-vainqueur-pour-les-fighting-roosters\/\"]}]},{\"@type\":\"ImageObject\",\"inLanguage\":\"fr-FR\",\"@id\":\"https:\/\/newsestlyonnais.fr\/site\/2018\/02\/05\/vaulx-en-velin-le-boxeur-nizar-trimech-vainqueur-pour-les-fighting-roosters\/#primaryimage\",\"url\":\"https:\/\/newsestlyonnais.fr\/site\/wp-content\/uploads\/2018\/02\/NESESTLYONNAIS-TRIMECH-COMBAT.jpg\",\"contentUrl\":\"https:\/\/newsestlyonnais.fr\/site\/wp-content\/uploads\/2018\/02\/NESESTLYONNAIS-TRIMECH-COMBAT.jpg\",\"width\":960,\"height\":640,\"caption\":\"NESESTLYONNAIS - TRIMECH COMBAT\"},{\"@type\":\"BreadcrumbList\",\"@id\":\"https:\/\/newsestlyonnais.fr\/site\/2018\/02\/05\/vaulx-en-velin-le-boxeur-nizar-trimech-vainqueur-pour-les-fighting-roosters\/#breadcrumb\",\"itemListElement\":[{\"@type\":\"ListItem\",\"position\":1,\"name\":\"Accueil\",\"item\":\"https:\/\/newsestlyonnais.fr\/site\/\"},{\"@type\":\"ListItem\",\"position\":2,\"name\":\"VAULX-EN-VELIN | Le boxeur Nizar Trimech vainqueur pour les Fighting Roosters\"}]},{\"@type\":\"WebSite\",\"@id\":\"https:\/\/newsestlyonnais.fr\/site\/#website\",\"url\":\"https:\/\/newsestlyonnais.fr\/site\/\",\"name\":\"News Est Lyonnais\",\"description\":\"L&#039;actualit\u00e9 au plus pr\u00e8s\",\"publisher\":{\"@id\":\"https:\/\/newsestlyonnais.fr\/site\/#organization\"},\"potentialAction\":[{\"@type\":\"SearchAction\",\"target\":{\"@type\":\"EntryPoint\",\"urlTemplate\":\"https:\/\/newsestlyonnais.fr\/site\/?s={search_term_string}\"},\"query-input\":{\"@type\":\"PropertyValueSpecification\",\"valueRequired\":true,\"valueName\":\"search_term_string\"}}],\"inLanguage\":\"fr-FR\"},{\"@type\":\"Organization\",\"@id\":\"https:\/\/newsestlyonnais.fr\/site\/#organization\",\"name\":\"News EST LYONNAIS\",\"url\":\"https:\/\/newsestlyonnais.fr\/site\/\",\"logo\":{\"@type\":\"ImageObject\",\"inLanguage\":\"fr-FR\",\"@id\":\"https:\/\/newsestlyonnais.fr\/site\/#\/schema\/logo\/image\/\",\"url\":\"\",\"contentUrl\":\"\",\"caption\":\"News EST LYONNAIS\"},\"image\":{\"@id\":\"https:\/\/newsestlyonnais.fr\/site\/#\/schema\/logo\/image\/\"}},{\"@type\":\"Person\",\"@id\":\"https:\/\/newsestlyonnais.fr\/site\/#\/schema\/person\/3230d5615f390bb808365d673001e887\",\"name\":\"R\u00e9dac. NEWS\",\"sameAs\":[\"http:\/\/www.newsestlyonnais.fr\",\"https:\/\/www.facebook.com\/pascal.oberson.1?fref=ts\",\"https:\/\/fr.linkedin.com\/in\/pascal-oberson-b17045113\"],\"url\":\"https:\/\/newsestlyonnais.fr\/site\/author\/nel\/\"}]}<\/script>\n<!-- \/ Yoast SEO plugin. -->","yoast_head_json":{"title":"VAULX EN VELIN : Le boxeur Nizar Trimech vainqueur pour les Fighting Roosters !","description":"VAULX EN VELIN : Le boxeur Nizar Trimech vainqueur pour les Fighting Roosters !","robots":{"index":"index","follow":"follow","max-snippet":"max-snippet:-1","max-image-preview":"max-image-preview:large","max-video-preview":"max-video-preview:-1"},"canonical":"https:\/\/newsestlyonnais.fr\/site\/2018\/02\/05\/vaulx-en-velin-le-boxeur-nizar-trimech-vainqueur-pour-les-fighting-roosters\/","og_locale":"fr_FR","og_type":"article","og_title":"VAULX EN VELIN : Le boxeur Nizar Trimech vainqueur pour les Fighting Roosters !","og_description":"VAULX EN VELIN : Le boxeur Nizar Trimech vainqueur pour les Fighting Roosters !","og_url":"https:\/\/newsestlyonnais.fr\/site\/2018\/02\/05\/vaulx-en-velin-le-boxeur-nizar-trimech-vainqueur-pour-les-fighting-roosters\/","og_site_name":"News Est Lyonnais","article_author":"https:\/\/www.facebook.com\/pascal.oberson.1?fref=ts","article_published_time":"2018-02-05T13:12:52+00:00","article_modified_time":"2021-09-16T13:43:54+00:00","og_image":[{"width":960,"height":640,"url":"https:\/\/i1.wp.com\/newsestlyonnais.fr\/site\/wp-content\/uploads\/2018\/02\/NESESTLYONNAIS-TRIMECH-COMBAT.jpg?fit=960%2C640&ssl=1","type":"image\/jpeg"}],"author":"R\u00e9dac. NEWS","twitter_card":"summary_large_image","twitter_misc":{"\u00c9crit par":"R\u00e9dac. NEWS","Dur\u00e9e de lecture estim\u00e9e":"1 minute"},"schema":{"@context":"https:\/\/schema.org","@graph":[{"@type":"Article","@id":"https:\/\/newsestlyonnais.fr\/site\/2018\/02\/05\/vaulx-en-velin-le-boxeur-nizar-trimech-vainqueur-pour-les-fighting-roosters\/#article","isPartOf":{"@id":"https:\/\/newsestlyonnais.fr\/site\/2018\/02\/05\/vaulx-en-velin-le-boxeur-nizar-trimech-vainqueur-pour-les-fighting-roosters\/"},"author":{"name":"R\u00e9dac. NEWS","@id":"https:\/\/newsestlyonnais.fr\/site\/#\/schema\/person\/3230d5615f390bb808365d673001e887"},"headline":"VAULX-EN-VELIN | Le boxeur Nizar Trimech vainqueur pour les Fighting Roosters","datePublished":"2018-02-05T13:12:52+00:00","dateModified":"2021-09-16T13:43:54+00:00","mainEntityOfPage":{"@id":"https:\/\/newsestlyonnais.fr\/site\/2018\/02\/05\/vaulx-en-velin-le-boxeur-nizar-trimech-vainqueur-pour-les-fighting-roosters\/"},"wordCount":190,"commentCount":0,"publisher":{"@id":"https:\/\/newsestlyonnais.fr\/site\/#organization"},"image":{"@id":"https:\/\/newsestlyonnais.fr\/site\/2018\/02\/05\/vaulx-en-velin-le-boxeur-nizar-trimech-vainqueur-pour-les-fighting-roosters\/#primaryimage"},"thumbnailUrl":"https:\/\/newsestlyonnais.fr\/site\/wp-content\/uploads\/2018\/02\/NESESTLYONNAIS-TRIMECH-COMBAT.jpg","articleSection":["Boxe","Divers Sports","Vaulx-en-Velin"],"inLanguage":"fr-FR","potentialAction":[{"@type":"CommentAction","name":"Comment","target":["https:\/\/newsestlyonnais.fr\/site\/2018\/02\/05\/vaulx-en-velin-le-boxeur-nizar-trimech-vainqueur-pour-les-fighting-roosters\/#respond"]}]},{"@type":"WebPage","@id":"https:\/\/newsestlyonnais.fr\/site\/2018\/02\/05\/vaulx-en-velin-le-boxeur-nizar-trimech-vainqueur-pour-les-fighting-roosters\/","url":"https:\/\/newsestlyonnais.fr\/site\/2018\/02\/05\/vaulx-en-velin-le-boxeur-nizar-trimech-vainqueur-pour-les-fighting-roosters\/","name":"VAULX EN VELIN : Le boxeur Nizar Trimech vainqueur pour les Fighting Roosters !","isPartOf":{"@id":"https:\/\/newsestlyonnais.fr\/site\/#website"},"primaryImageOfPage":{"@id":"https:\/\/newsestlyonnais.fr\/site\/2018\/02\/05\/vaulx-en-velin-le-boxeur-nizar-trimech-vainqueur-pour-les-fighting-roosters\/#primaryimage"},"image":{"@id":"https:\/\/newsestlyonnais.fr\/site\/2018\/02\/05\/vaulx-en-velin-le-boxeur-nizar-trimech-vainqueur-pour-les-fighting-roosters\/#primaryimage"},"thumbnailUrl":"https:\/\/newsestlyonnais.fr\/site\/wp-content\/uploads\/2018\/02\/NESESTLYONNAIS-TRIMECH-COMBAT.jpg","datePublished":"2018-02-05T13:12:52+00:00","dateModified":"2021-09-16T13:43:54+00:00","description":"VAULX EN VELIN : Le boxeur Nizar Trimech vainqueur pour les Fighting Roosters !","breadcrumb":{"@id":"https:\/\/newsestlyonnais.fr\/site\/2018\/02\/05\/vaulx-en-velin-le-boxeur-nizar-trimech-vainqueur-pour-les-fighting-roosters\/#breadcrumb"},"inLanguage":"fr-FR","potentialAction":[{"@type":"ReadAction","target":["https:\/\/newsestlyonnais.fr\/site\/2018\/02\/05\/vaulx-en-velin-le-boxeur-nizar-trimech-vainqueur-pour-les-fighting-roosters\/"]}]},{"@type":"ImageObject","inLanguage":"fr-FR","@id":"https:\/\/newsestlyonnais.fr\/site\/2018\/02\/05\/vaulx-en-velin-le-boxeur-nizar-trimech-vainqueur-pour-les-fighting-roosters\/#primaryimage","url":"https:\/\/newsestlyonnais.fr\/site\/wp-content\/uploads\/2018\/02\/NESESTLYONNAIS-TRIMECH-COMBAT.jpg","contentUrl":"https:\/\/newsestlyonnais.fr\/site\/wp-content\/uploads\/2018\/02\/NESESTLYONNAIS-TRIMECH-COMBAT.jpg","width":960,"height":640,"caption":"NESESTLYONNAIS - TRIMECH COMBAT"},{"@type":"BreadcrumbList","@id":"https:\/\/newsestlyonnais.fr\/site\/2018\/02\/05\/vaulx-en-velin-le-boxeur-nizar-trimech-vainqueur-pour-les-fighting-roosters\/#breadcrumb","itemListElement":[{"@type":"ListItem","position":1,"name":"Accueil","item":"https:\/\/newsestlyonnais.fr\/site\/"},{"@type":"ListItem","position":2,"name":"VAULX-EN-VELIN | Le boxeur Nizar Trimech vainqueur pour les Fighting Roosters"}]},{"@type":"WebSite","@id":"https:\/\/newsestlyonnais.fr\/site\/#website","url":"https:\/\/newsestlyonnais.fr\/site\/","name":"News Est Lyonnais","description":"L&#039;actualit\u00e9 au plus pr\u00e8s","publisher":{"@id":"https:\/\/newsestlyonnais.fr\/site\/#organization"},"potentialAction":[{"@type":"SearchAction","target":{"@type":"EntryPoint","urlTemplate":"https:\/\/newsestlyonnais.fr\/site\/?s={search_term_string}"},"query-input":{"@type":"PropertyValueSpecification","valueRequired":true,"valueName":"search_term_string"}}],"inLanguage":"fr-FR"},{"@type":"Organization","@id":"https:\/\/newsestlyonnais.fr\/site\/#organization","name":"News EST LYONNAIS","url":"https:\/\/newsestlyonnais.fr\/site\/","logo":{"@type":"ImageObject","inLanguage":"fr-FR","@id":"https:\/\/newsestlyonnais.fr\/site\/#\/schema\/logo\/image\/","url":"","contentUrl":"","caption":"News EST LYONNAIS"},"image":{"@id":"https:\/\/newsestlyonnais.fr\/site\/#\/schema\/logo\/image\/"}},{"@type":"Person","@id":"https:\/\/newsestlyonnais.fr\/site\/#\/schema\/person\/3230d5615f390bb808365d673001e887","name":"R\u00e9dac. NEWS","sameAs":["http:\/\/www.newsestlyonnais.fr","https:\/\/www.facebook.com\/pascal.oberson.1?fref=ts","https:\/\/fr.linkedin.com\/in\/pascal-oberson-b17045113"],"url":"https:\/\/newsestlyonnais.fr\/site\/author\/nel\/"}]}},"_links":{"self":[{"href":"https:\/\/newsestlyonnais.fr\/site\/wp-json\/wp\/v2\/posts\/43476","targetHints":{"allow":["GET"]}}],"collection":[{"href":"https:\/\/newsestlyonnais.fr\/site\/wp-json\/wp\/v2\/posts"}],"about":[{"href":"https:\/\/newsestlyonnais.fr\/site\/wp-json\/wp\/v2\/types\/post"}],"author":[{"embeddable":true,"href":"https:\/\/newsestlyonnais.fr\/site\/wp-json\/wp\/v2\/users\/4"}],"replies":[{"embeddable":true,"href":"https:\/\/newsestlyonnais.fr\/site\/wp-json\/wp\/v2\/comments?post=43476"}],"version-history":[{"count":0,"href":"https:\/\/newsestlyonnais.fr\/site\/wp-json\/wp\/v2\/posts\/43476\/revisions"}],"wp:featuredmedia":[{"embeddable":true,"href":"https:\/\/newsestlyonnais.fr\/site\/wp-json\/wp\/v2\/media\/43481"}],"wp:attachment":[{"href":"https:\/\/newsestlyonnais.fr\/site\/wp-json\/wp\/v2\/media?parent=43476"}],"wp:term":[{"taxonomy":"category","embeddable":true,"href":"https:\/\/newsestlyonnais.fr\/site\/wp-json\/wp\/v2\/categories?post=43476"},{"taxonomy":"post_tag","embeddable":true,"href":"https:\/\/newsestlyonnais.fr\/site\/wp-json\/wp\/v2\/tags?post=43476"}],"curies":[{"name":"wp","href":"https:\/\/api.w.org\/{rel}","templated":true}]}}