{"id":43548,"date":"2018-02-06T09:07:07","date_gmt":"2018-02-06T08:07:07","guid":{"rendered":"http:\/\/newsestlyonnais.fr\/site\/?p=43548"},"modified":"2020-11-18T20:53:04","modified_gmt":"2020-11-18T19:53:04","slug":"villeurbanne-19-fete-du-livre-jeunesse-les-24-et-25-mars-prochains","status":"publish","type":"post","link":"https:\/\/newsestlyonnais.fr\/site\/2018\/02\/06\/villeurbanne-19-fete-du-livre-jeunesse-les-24-et-25-mars-prochains\/","title":{"rendered":"VILLEURBANNE | 19\u00b0 F\u00eate du livre jeunesse les 24 et 25 mars prochains"},"content":{"rendered":"<h4 class=\"ox-693230a393-MsoNormal\"><i>La F\u00eate du livre jeunesse de Villeurbanne a souhait\u00e9 d\u00e9cliner le th\u00e8me \u00ab Bienvenue ! \u00bb dans tous les sens, en long, en large et en travers.<\/i><\/h4>\n<p class=\"ox-693230a393-MsoNormal\"><i> Les 24 et 25 mars 2018, une cinquantaine d\u2019auteurs, autrices, illustrateurs, illustratrices et sc\u00e9naristes ouvrent le d\u00e9bat sur cette acceptation de l\u2019autre, sur l\u2019accueil de la diff\u00e9rence et de l\u2019alt\u00e9rit\u00e9. Temps d\u2019\u00e9changes, d\u00e9dicaces, spectacles, ateliers, performances, animations rythmeront cette 19\u00b0 \u00e9dition pour donner envie de lire, de raisonner et d\u00e9velopper un esprit critique. <\/i><\/p>\n<p class=\"ox-693230a393-MsoNormal\"><i>\u00a0<\/i><span style=\"text-decoration: underline\"><b>Invit\u00e9e d\u2019honneur de la F\u00eate du livre: <\/b><\/span>En r\u00e9sidence depuis le mois d\u2019octobre au sein du groupe scolaire Jules-Guesde, <strong>l\u2019illustratrice Marie Caudry<\/strong> a con\u00e7u une exposition comme un espace de jeu et d\u2019exploration qui m\u00eale d\u00e9cors grandeur nature, sc\u00e8nes sonoris\u00e9es et th\u00e9\u00e2tres de papier issus des univers de ses albums (<i>Les lettres de l\u2019ourse<\/i> \u2013 \u00e9ditions Autrement puis Casterman et <i>Le pain perdu du petit poucet<\/i> \u2013 \u00e9ditions Thierry Magnier). Un monde anim\u00e9 et chamarr\u00e9 dans lequel les animaux sauvages se m\u00ealent aux \u00eatres humains. Des r\u00f4les que les enfants pourront rev\u00eatir, des d\u00e9cors versatiles dans lesquels ils pourront s\u2019aventurer et qui \u00e9volueront \u00e0 l\u2019envi. La d\u00e9couverte d\u2019un univers anthropomorphique pour tenter de r\u00e9pondre \u00e0 une interrogation : dans le grand th\u00e9\u00e2tre de la vie, sommes-nous toujours bien accueillis ? Ne sommes-nous pas tous toujours l\u2019\u00e9tranger ou \u00ab l\u2019\u00e9trange \u00bb de l\u2019autre ? Tout est question de perception et de point de vue stricto-sensu.<\/p>\n<ul>\n<li class=\"ox-693230a393-MsoNormal\"><span style=\"text-decoration: underline\">Du 12 mars au 21 avril<\/span>, \u00e0 la Maison du livre, de l\u2019image et du son \u2013 247 cours Emile-Zola.<\/li>\n<\/ul>\n<p class=\"ox-693230a393-MsoNormal\"><b>Avec une cinquantaine d\u2019auteurs, autrices, illustrateurs, illustratrices: <\/b>Barroux, Cati Baur, Mathieu Bertrand, Gilles Bonotaux, Marie Caudry, Fanny Chartres, Nathalie et Yves-Marie Cl\u00e9ment, Olivier Clert, Ir\u00e8ne Cohen-Janca, Daphn\u00e9 Collignon, Julie Colombet, Anne Crausaz, Gauthier David, Aur\u00e9lien D\u00e9bat, Aline Deguen, Cl\u00e9mence Dupont, Mathias Friman, Lo\u00efc Froissart, Michel Galvin, Jonathan Garnier, Claire Garralon, Claire de Gastold, Lo\u00efc Gaume, Elisa Gehin, Judith Gueyfier, Alexandra Huard, Karinka, Gr\u00e9goire Kocjan, Sophie Lamoureux, Jean-Marc Langue, H\u00e9l\u00e8ne Lasserre, Oriane Lassus, Christophe L\u00e9on, Jeanne Macaigne, Catherine Mac\u00e9, Benoit Minville, S\u00e9bastien Mourrain, Eric Pessan, Delphine Pessin, Florian Pig\u00e9, Sandra Poirot-Cherif, Princess H, Isabelle Simler, Christophe Swal, Pascal Teulade, Ingrid Thobois, Guillaume Trouillard, Julia Wauters, Julia Woignier, Muriel Zurcher<\/p>\n<p class=\"ox-693230a393-MsoNormal\"><strong>Dans et autour de la Maison du livre, de l\u2019image et du son.<\/strong><\/p>\n<ul>\n<li class=\"ox-693230a393-MsoNormal\">Entr\u00e9e libre et gratuite.<\/li>\n<\/ul>\n<p class=\"ox-693230a393-MsoNormal\"><strong>Infos compl\u00e9mentaires sur : <a href=\"http:\/\/www.fetedulivre.villeurbanne.fr\" target=\"_blank\" rel=\"noopener noreferrer\">http:\/\/www.fetedulivre.villeurbanne.fr<\/a><\/strong><\/p>\n","protected":false},"excerpt":{"rendered":"<p>La F\u00eate du livre jeunesse de Villeurbanne a souhait\u00e9 d\u00e9cliner le th\u00e8me \u00ab Bienvenue ! \u00bb dans tous les sens, en long, en large et en travers. Les 24 et 25 mars 2018, une cinquantaine d\u2019auteurs, autrices, illustrateurs, illustratrices et sc\u00e9naristes ouvrent le d\u00e9bat sur cette acceptation de l\u2019autre, sur l\u2019accueil de la diff\u00e9rence et [&hellip;]<\/p>\n","protected":false},"author":4,"featured_media":43553,"comment_status":"open","ping_status":"open","sticky":false,"template":"","format":"standard","meta":{"footnotes":""},"categories":[171,2983,29],"tags":[],"class_list":["post-43548","post","type-post","status-publish","format-standard","has-post-thumbnail","hentry","category-enfance-jeunesse","category-litterature-bd-mags-2","category-villeurbanne"],"yoast_head":"<!-- This site is optimized with the Yoast SEO plugin v27.2 - https:\/\/yoast.com\/product\/yoast-seo-wordpress\/ -->\n<title>VILLEURBANNE : 19\u00b0 F\u00eate du livre jeunesse les 24 et 25 mars prochains<\/title>\n<meta name=\"description\" content=\"VILLEURBANNE : 19\u00b0 F\u00eate du livre jeunesse les 24 et 25 mars prochains\" \/>\n<meta name=\"robots\" content=\"index, follow, max-snippet:-1, max-image-preview:large, max-video-preview:-1\" \/>\n<link rel=\"canonical\" href=\"https:\/\/newsestlyonnais.fr\/site\/2018\/02\/06\/villeurbanne-19-fete-du-livre-jeunesse-les-24-et-25-mars-prochains\/\" \/>\n<meta property=\"og:locale\" content=\"fr_FR\" \/>\n<meta property=\"og:type\" content=\"article\" \/>\n<meta property=\"og:title\" content=\"VILLEURBANNE : 19\u00b0 F\u00eate du livre jeunesse les 24 et 25 mars prochains\" \/>\n<meta property=\"og:description\" content=\"VILLEURBANNE : 19\u00b0 F\u00eate du livre jeunesse les 24 et 25 mars prochains\" \/>\n<meta property=\"og:url\" content=\"https:\/\/newsestlyonnais.fr\/site\/2018\/02\/06\/villeurbanne-19-fete-du-livre-jeunesse-les-24-et-25-mars-prochains\/\" \/>\n<meta property=\"og:site_name\" content=\"News Est Lyonnais\" \/>\n<meta property=\"article:author\" content=\"https:\/\/www.facebook.com\/pascal.oberson.1?fref=ts\" \/>\n<meta property=\"article:published_time\" content=\"2018-02-06T08:07:07+00:00\" \/>\n<meta property=\"article:modified_time\" content=\"2020-11-18T19:53:04+00:00\" \/>\n<meta property=\"og:image\" content=\"https:\/\/i2.wp.com\/newsestlyonnais.fr\/site\/wp-content\/uploads\/2018\/02\/NEWSESTLYONNAIS-FETE-DU-LIVRE-jeunesse.jpg?fit=500%2C749&ssl=1\" \/>\n\t<meta property=\"og:image:width\" content=\"500\" \/>\n\t<meta property=\"og:image:height\" content=\"749\" \/>\n\t<meta property=\"og:image:type\" content=\"image\/jpeg\" \/>\n<meta name=\"author\" content=\"R\u00e9dac. NEWS\" \/>\n<meta name=\"twitter:card\" content=\"summary_large_image\" \/>\n<meta name=\"twitter:label1\" content=\"\u00c9crit par\" \/>\n\t<meta name=\"twitter:data1\" content=\"R\u00e9dac. NEWS\" \/>\n\t<meta name=\"twitter:label2\" content=\"Dur\u00e9e de lecture estim\u00e9e\" \/>\n\t<meta name=\"twitter:data2\" content=\"2 minutes\" \/>\n<script type=\"application\/ld+json\" class=\"yoast-schema-graph\">{\"@context\":\"https:\/\/schema.org\",\"@graph\":[{\"@type\":\"Article\",\"@id\":\"https:\/\/newsestlyonnais.fr\/site\/2018\/02\/06\/villeurbanne-19-fete-du-livre-jeunesse-les-24-et-25-mars-prochains\/#article\",\"isPartOf\":{\"@id\":\"https:\/\/newsestlyonnais.fr\/site\/2018\/02\/06\/villeurbanne-19-fete-du-livre-jeunesse-les-24-et-25-mars-prochains\/\"},\"author\":{\"name\":\"R\u00e9dac. NEWS\",\"@id\":\"https:\/\/newsestlyonnais.fr\/site\/#\/schema\/person\/3230d5615f390bb808365d673001e887\"},\"headline\":\"VILLEURBANNE | 19\u00b0 F\u00eate du livre jeunesse les 24 et 25 mars prochains\",\"datePublished\":\"2018-02-06T08:07:07+00:00\",\"dateModified\":\"2020-11-18T19:53:04+00:00\",\"mainEntityOfPage\":{\"@id\":\"https:\/\/newsestlyonnais.fr\/site\/2018\/02\/06\/villeurbanne-19-fete-du-livre-jeunesse-les-24-et-25-mars-prochains\/\"},\"wordCount\":434,\"commentCount\":0,\"publisher\":{\"@id\":\"https:\/\/newsestlyonnais.fr\/site\/#organization\"},\"image\":{\"@id\":\"https:\/\/newsestlyonnais.fr\/site\/2018\/02\/06\/villeurbanne-19-fete-du-livre-jeunesse-les-24-et-25-mars-prochains\/#primaryimage\"},\"thumbnailUrl\":\"https:\/\/newsestlyonnais.fr\/site\/wp-content\/uploads\/2018\/02\/NEWSESTLYONNAIS-FETE-DU-LIVRE-jeunesse.jpg\",\"articleSection\":[\"Enfance | Jeunesse\",\"Litt\u00e9rature | Bd | Mags\",\"Villeurbanne\"],\"inLanguage\":\"fr-FR\",\"potentialAction\":[{\"@type\":\"CommentAction\",\"name\":\"Comment\",\"target\":[\"https:\/\/newsestlyonnais.fr\/site\/2018\/02\/06\/villeurbanne-19-fete-du-livre-jeunesse-les-24-et-25-mars-prochains\/#respond\"]}]},{\"@type\":\"WebPage\",\"@id\":\"https:\/\/newsestlyonnais.fr\/site\/2018\/02\/06\/villeurbanne-19-fete-du-livre-jeunesse-les-24-et-25-mars-prochains\/\",\"url\":\"https:\/\/newsestlyonnais.fr\/site\/2018\/02\/06\/villeurbanne-19-fete-du-livre-jeunesse-les-24-et-25-mars-prochains\/\",\"name\":\"VILLEURBANNE : 19\u00b0 F\u00eate du livre jeunesse les 24 et 25 mars prochains\",\"isPartOf\":{\"@id\":\"https:\/\/newsestlyonnais.fr\/site\/#website\"},\"primaryImageOfPage\":{\"@id\":\"https:\/\/newsestlyonnais.fr\/site\/2018\/02\/06\/villeurbanne-19-fete-du-livre-jeunesse-les-24-et-25-mars-prochains\/#primaryimage\"},\"image\":{\"@id\":\"https:\/\/newsestlyonnais.fr\/site\/2018\/02\/06\/villeurbanne-19-fete-du-livre-jeunesse-les-24-et-25-mars-prochains\/#primaryimage\"},\"thumbnailUrl\":\"https:\/\/newsestlyonnais.fr\/site\/wp-content\/uploads\/2018\/02\/NEWSESTLYONNAIS-FETE-DU-LIVRE-jeunesse.jpg\",\"datePublished\":\"2018-02-06T08:07:07+00:00\",\"dateModified\":\"2020-11-18T19:53:04+00:00\",\"description\":\"VILLEURBANNE : 19\u00b0 F\u00eate du livre jeunesse les 24 et 25 mars prochains\",\"breadcrumb\":{\"@id\":\"https:\/\/newsestlyonnais.fr\/site\/2018\/02\/06\/villeurbanne-19-fete-du-livre-jeunesse-les-24-et-25-mars-prochains\/#breadcrumb\"},\"inLanguage\":\"fr-FR\",\"potentialAction\":[{\"@type\":\"ReadAction\",\"target\":[\"https:\/\/newsestlyonnais.fr\/site\/2018\/02\/06\/villeurbanne-19-fete-du-livre-jeunesse-les-24-et-25-mars-prochains\/\"]}]},{\"@type\":\"ImageObject\",\"inLanguage\":\"fr-FR\",\"@id\":\"https:\/\/newsestlyonnais.fr\/site\/2018\/02\/06\/villeurbanne-19-fete-du-livre-jeunesse-les-24-et-25-mars-prochains\/#primaryimage\",\"url\":\"https:\/\/newsestlyonnais.fr\/site\/wp-content\/uploads\/2018\/02\/NEWSESTLYONNAIS-FETE-DU-LIVRE-jeunesse.jpg\",\"contentUrl\":\"https:\/\/newsestlyonnais.fr\/site\/wp-content\/uploads\/2018\/02\/NEWSESTLYONNAIS-FETE-DU-LIVRE-jeunesse.jpg\",\"width\":500,\"height\":749,\"caption\":\"NEWSESTLYONNAIS - FETE DU LIVRE jeunesse\"},{\"@type\":\"BreadcrumbList\",\"@id\":\"https:\/\/newsestlyonnais.fr\/site\/2018\/02\/06\/villeurbanne-19-fete-du-livre-jeunesse-les-24-et-25-mars-prochains\/#breadcrumb\",\"itemListElement\":[{\"@type\":\"ListItem\",\"position\":1,\"name\":\"Accueil\",\"item\":\"https:\/\/newsestlyonnais.fr\/site\/\"},{\"@type\":\"ListItem\",\"position\":2,\"name\":\"VILLEURBANNE | 19\u00b0 F\u00eate du livre jeunesse les 24 et 25 mars prochains\"}]},{\"@type\":\"WebSite\",\"@id\":\"https:\/\/newsestlyonnais.fr\/site\/#website\",\"url\":\"https:\/\/newsestlyonnais.fr\/site\/\",\"name\":\"News Est Lyonnais\",\"description\":\"L&#039;actualit\u00e9 au plus pr\u00e8s\",\"publisher\":{\"@id\":\"https:\/\/newsestlyonnais.fr\/site\/#organization\"},\"potentialAction\":[{\"@type\":\"SearchAction\",\"target\":{\"@type\":\"EntryPoint\",\"urlTemplate\":\"https:\/\/newsestlyonnais.fr\/site\/?s={search_term_string}\"},\"query-input\":{\"@type\":\"PropertyValueSpecification\",\"valueRequired\":true,\"valueName\":\"search_term_string\"}}],\"inLanguage\":\"fr-FR\"},{\"@type\":\"Organization\",\"@id\":\"https:\/\/newsestlyonnais.fr\/site\/#organization\",\"name\":\"News EST LYONNAIS\",\"url\":\"https:\/\/newsestlyonnais.fr\/site\/\",\"logo\":{\"@type\":\"ImageObject\",\"inLanguage\":\"fr-FR\",\"@id\":\"https:\/\/newsestlyonnais.fr\/site\/#\/schema\/logo\/image\/\",\"url\":\"\",\"contentUrl\":\"\",\"caption\":\"News EST LYONNAIS\"},\"image\":{\"@id\":\"https:\/\/newsestlyonnais.fr\/site\/#\/schema\/logo\/image\/\"}},{\"@type\":\"Person\",\"@id\":\"https:\/\/newsestlyonnais.fr\/site\/#\/schema\/person\/3230d5615f390bb808365d673001e887\",\"name\":\"R\u00e9dac. NEWS\",\"sameAs\":[\"http:\/\/www.newsestlyonnais.fr\",\"https:\/\/www.facebook.com\/pascal.oberson.1?fref=ts\",\"https:\/\/fr.linkedin.com\/in\/pascal-oberson-b17045113\"],\"url\":\"https:\/\/newsestlyonnais.fr\/site\/author\/nel\/\"}]}<\/script>\n<!-- \/ Yoast SEO plugin. -->","yoast_head_json":{"title":"VILLEURBANNE : 19\u00b0 F\u00eate du livre jeunesse les 24 et 25 mars prochains","description":"VILLEURBANNE : 19\u00b0 F\u00eate du livre jeunesse les 24 et 25 mars prochains","robots":{"index":"index","follow":"follow","max-snippet":"max-snippet:-1","max-image-preview":"max-image-preview:large","max-video-preview":"max-video-preview:-1"},"canonical":"https:\/\/newsestlyonnais.fr\/site\/2018\/02\/06\/villeurbanne-19-fete-du-livre-jeunesse-les-24-et-25-mars-prochains\/","og_locale":"fr_FR","og_type":"article","og_title":"VILLEURBANNE : 19\u00b0 F\u00eate du livre jeunesse les 24 et 25 mars prochains","og_description":"VILLEURBANNE : 19\u00b0 F\u00eate du livre jeunesse les 24 et 25 mars prochains","og_url":"https:\/\/newsestlyonnais.fr\/site\/2018\/02\/06\/villeurbanne-19-fete-du-livre-jeunesse-les-24-et-25-mars-prochains\/","og_site_name":"News Est Lyonnais","article_author":"https:\/\/www.facebook.com\/pascal.oberson.1?fref=ts","article_published_time":"2018-02-06T08:07:07+00:00","article_modified_time":"2020-11-18T19:53:04+00:00","og_image":[{"width":500,"height":749,"url":"https:\/\/i2.wp.com\/newsestlyonnais.fr\/site\/wp-content\/uploads\/2018\/02\/NEWSESTLYONNAIS-FETE-DU-LIVRE-jeunesse.jpg?fit=500%2C749&ssl=1","type":"image\/jpeg"}],"author":"R\u00e9dac. NEWS","twitter_card":"summary_large_image","twitter_misc":{"\u00c9crit par":"R\u00e9dac. NEWS","Dur\u00e9e de lecture estim\u00e9e":"2 minutes"},"schema":{"@context":"https:\/\/schema.org","@graph":[{"@type":"Article","@id":"https:\/\/newsestlyonnais.fr\/site\/2018\/02\/06\/villeurbanne-19-fete-du-livre-jeunesse-les-24-et-25-mars-prochains\/#article","isPartOf":{"@id":"https:\/\/newsestlyonnais.fr\/site\/2018\/02\/06\/villeurbanne-19-fete-du-livre-jeunesse-les-24-et-25-mars-prochains\/"},"author":{"name":"R\u00e9dac. NEWS","@id":"https:\/\/newsestlyonnais.fr\/site\/#\/schema\/person\/3230d5615f390bb808365d673001e887"},"headline":"VILLEURBANNE | 19\u00b0 F\u00eate du livre jeunesse les 24 et 25 mars prochains","datePublished":"2018-02-06T08:07:07+00:00","dateModified":"2020-11-18T19:53:04+00:00","mainEntityOfPage":{"@id":"https:\/\/newsestlyonnais.fr\/site\/2018\/02\/06\/villeurbanne-19-fete-du-livre-jeunesse-les-24-et-25-mars-prochains\/"},"wordCount":434,"commentCount":0,"publisher":{"@id":"https:\/\/newsestlyonnais.fr\/site\/#organization"},"image":{"@id":"https:\/\/newsestlyonnais.fr\/site\/2018\/02\/06\/villeurbanne-19-fete-du-livre-jeunesse-les-24-et-25-mars-prochains\/#primaryimage"},"thumbnailUrl":"https:\/\/newsestlyonnais.fr\/site\/wp-content\/uploads\/2018\/02\/NEWSESTLYONNAIS-FETE-DU-LIVRE-jeunesse.jpg","articleSection":["Enfance | Jeunesse","Litt\u00e9rature | Bd | Mags","Villeurbanne"],"inLanguage":"fr-FR","potentialAction":[{"@type":"CommentAction","name":"Comment","target":["https:\/\/newsestlyonnais.fr\/site\/2018\/02\/06\/villeurbanne-19-fete-du-livre-jeunesse-les-24-et-25-mars-prochains\/#respond"]}]},{"@type":"WebPage","@id":"https:\/\/newsestlyonnais.fr\/site\/2018\/02\/06\/villeurbanne-19-fete-du-livre-jeunesse-les-24-et-25-mars-prochains\/","url":"https:\/\/newsestlyonnais.fr\/site\/2018\/02\/06\/villeurbanne-19-fete-du-livre-jeunesse-les-24-et-25-mars-prochains\/","name":"VILLEURBANNE : 19\u00b0 F\u00eate du livre jeunesse les 24 et 25 mars prochains","isPartOf":{"@id":"https:\/\/newsestlyonnais.fr\/site\/#website"},"primaryImageOfPage":{"@id":"https:\/\/newsestlyonnais.fr\/site\/2018\/02\/06\/villeurbanne-19-fete-du-livre-jeunesse-les-24-et-25-mars-prochains\/#primaryimage"},"image":{"@id":"https:\/\/newsestlyonnais.fr\/site\/2018\/02\/06\/villeurbanne-19-fete-du-livre-jeunesse-les-24-et-25-mars-prochains\/#primaryimage"},"thumbnailUrl":"https:\/\/newsestlyonnais.fr\/site\/wp-content\/uploads\/2018\/02\/NEWSESTLYONNAIS-FETE-DU-LIVRE-jeunesse.jpg","datePublished":"2018-02-06T08:07:07+00:00","dateModified":"2020-11-18T19:53:04+00:00","description":"VILLEURBANNE : 19\u00b0 F\u00eate du livre jeunesse les 24 et 25 mars prochains","breadcrumb":{"@id":"https:\/\/newsestlyonnais.fr\/site\/2018\/02\/06\/villeurbanne-19-fete-du-livre-jeunesse-les-24-et-25-mars-prochains\/#breadcrumb"},"inLanguage":"fr-FR","potentialAction":[{"@type":"ReadAction","target":["https:\/\/newsestlyonnais.fr\/site\/2018\/02\/06\/villeurbanne-19-fete-du-livre-jeunesse-les-24-et-25-mars-prochains\/"]}]},{"@type":"ImageObject","inLanguage":"fr-FR","@id":"https:\/\/newsestlyonnais.fr\/site\/2018\/02\/06\/villeurbanne-19-fete-du-livre-jeunesse-les-24-et-25-mars-prochains\/#primaryimage","url":"https:\/\/newsestlyonnais.fr\/site\/wp-content\/uploads\/2018\/02\/NEWSESTLYONNAIS-FETE-DU-LIVRE-jeunesse.jpg","contentUrl":"https:\/\/newsestlyonnais.fr\/site\/wp-content\/uploads\/2018\/02\/NEWSESTLYONNAIS-FETE-DU-LIVRE-jeunesse.jpg","width":500,"height":749,"caption":"NEWSESTLYONNAIS - FETE DU LIVRE jeunesse"},{"@type":"BreadcrumbList","@id":"https:\/\/newsestlyonnais.fr\/site\/2018\/02\/06\/villeurbanne-19-fete-du-livre-jeunesse-les-24-et-25-mars-prochains\/#breadcrumb","itemListElement":[{"@type":"ListItem","position":1,"name":"Accueil","item":"https:\/\/newsestlyonnais.fr\/site\/"},{"@type":"ListItem","position":2,"name":"VILLEURBANNE | 19\u00b0 F\u00eate du livre jeunesse les 24 et 25 mars prochains"}]},{"@type":"WebSite","@id":"https:\/\/newsestlyonnais.fr\/site\/#website","url":"https:\/\/newsestlyonnais.fr\/site\/","name":"News Est Lyonnais","description":"L&#039;actualit\u00e9 au plus pr\u00e8s","publisher":{"@id":"https:\/\/newsestlyonnais.fr\/site\/#organization"},"potentialAction":[{"@type":"SearchAction","target":{"@type":"EntryPoint","urlTemplate":"https:\/\/newsestlyonnais.fr\/site\/?s={search_term_string}"},"query-input":{"@type":"PropertyValueSpecification","valueRequired":true,"valueName":"search_term_string"}}],"inLanguage":"fr-FR"},{"@type":"Organization","@id":"https:\/\/newsestlyonnais.fr\/site\/#organization","name":"News EST LYONNAIS","url":"https:\/\/newsestlyonnais.fr\/site\/","logo":{"@type":"ImageObject","inLanguage":"fr-FR","@id":"https:\/\/newsestlyonnais.fr\/site\/#\/schema\/logo\/image\/","url":"","contentUrl":"","caption":"News EST LYONNAIS"},"image":{"@id":"https:\/\/newsestlyonnais.fr\/site\/#\/schema\/logo\/image\/"}},{"@type":"Person","@id":"https:\/\/newsestlyonnais.fr\/site\/#\/schema\/person\/3230d5615f390bb808365d673001e887","name":"R\u00e9dac. NEWS","sameAs":["http:\/\/www.newsestlyonnais.fr","https:\/\/www.facebook.com\/pascal.oberson.1?fref=ts","https:\/\/fr.linkedin.com\/in\/pascal-oberson-b17045113"],"url":"https:\/\/newsestlyonnais.fr\/site\/author\/nel\/"}]}},"_links":{"self":[{"href":"https:\/\/newsestlyonnais.fr\/site\/wp-json\/wp\/v2\/posts\/43548","targetHints":{"allow":["GET"]}}],"collection":[{"href":"https:\/\/newsestlyonnais.fr\/site\/wp-json\/wp\/v2\/posts"}],"about":[{"href":"https:\/\/newsestlyonnais.fr\/site\/wp-json\/wp\/v2\/types\/post"}],"author":[{"embeddable":true,"href":"https:\/\/newsestlyonnais.fr\/site\/wp-json\/wp\/v2\/users\/4"}],"replies":[{"embeddable":true,"href":"https:\/\/newsestlyonnais.fr\/site\/wp-json\/wp\/v2\/comments?post=43548"}],"version-history":[{"count":0,"href":"https:\/\/newsestlyonnais.fr\/site\/wp-json\/wp\/v2\/posts\/43548\/revisions"}],"wp:featuredmedia":[{"embeddable":true,"href":"https:\/\/newsestlyonnais.fr\/site\/wp-json\/wp\/v2\/media\/43553"}],"wp:attachment":[{"href":"https:\/\/newsestlyonnais.fr\/site\/wp-json\/wp\/v2\/media?parent=43548"}],"wp:term":[{"taxonomy":"category","embeddable":true,"href":"https:\/\/newsestlyonnais.fr\/site\/wp-json\/wp\/v2\/categories?post=43548"},{"taxonomy":"post_tag","embeddable":true,"href":"https:\/\/newsestlyonnais.fr\/site\/wp-json\/wp\/v2\/tags?post=43548"}],"curies":[{"name":"wp","href":"https:\/\/api.w.org\/{rel}","templated":true}]}}