{"id":43579,"date":"2018-02-05T13:54:50","date_gmt":"2018-02-05T12:54:50","guid":{"rendered":"http:\/\/newsestlyonnais.fr\/site\/?p=43579"},"modified":"2020-11-08T08:26:47","modified_gmt":"2020-11-08T07:26:47","slug":"genas-sejour-snow-du-11-au-13-fevrier-il-reste-des-places","status":"publish","type":"post","link":"https:\/\/newsestlyonnais.fr\/site\/2018\/02\/05\/genas-sejour-snow-du-11-au-13-fevrier-il-reste-des-places\/","title":{"rendered":"GENAS | S\u00e9jour Snow du 11 au 13 f\u00e9vrier : il reste des places !"},"content":{"rendered":"<div>\n<div>\n<div>\n<h4>Le Service Jeunesse de la <span class=\"st\">direction politique \u00e9ducative locale (D.P.E.L.) informe que des places sont encore disponibles pour le S\u00e9jour Snow pr\u00e9vu la semaine prochaine.<\/span><\/h4>\n<\/div>\n<\/div>\n<\/div>\n<div>Il se d\u00e9roulera du 11 au <span id=\"OBJ_PREFIX_DWT843_com_zimbra_date\" class=\"Object\">13 f\u00e9vrier 2018<\/span> (pour les 12 &#8211; 17 ans) \u00e0 Morillons (Haute Savoie).<\/div>\n<div>\n<div><strong>S\u00e9jour tout compris: h\u00e9bergement, location de snowboard , forfait, cours de snow.<\/strong><\/div>\n<div>\n<div style=\"font-family: arial,helvetica,sans-serif;color: #000000;font-size: 10pt\">\n<div style=\"font-style: normal;font-family: Helvetica,Arial,sans-serif;color: #000;font-size: 12pt;font-weight: normal;text-decoration: none\">\n<div style=\"font-family: tahoma,new york,times,serif;color: #000000;font-size: 12pt\">\n<div style=\"font-style: normal;font-family: Helvetica,Arial,sans-serif;color: #000;font-size: 12pt;font-weight: normal;text-decoration: none\">\n<div style=\"font-family: verdana,helvetica,sans-serif;color: #000000;font-size: 10pt\">\n<div style=\"font-style: normal;font-family: Helvetica,Arial,sans-serif;color: #000;font-size: 12pt;font-weight: normal;text-decoration: none\">\n<div>\n<div style=\"font-family: verdana,helvetica,sans-serif;color: #000000;font-size: 10pt\">\n<div style=\"text-align: center;font-style: normal;font-family: Helvetica, Arial, sans-serif;color: #000000;font-size: 12pt;font-weight: normal;text-decoration: none\">\n<div>Venez vite vous inscrire aupr\u00e8s du guichet unique<\/div>\n<div><\/div>\n<div>Tarif : 250 \u20ac pour les genassiens et 375 \u20ac pour les ext\u00e9rieurs<\/div>\n<div><\/div>\n<\/div>\n<div>&#8211; <strong>Contact : Service Jeunesse &#8211; DPEL. T\u00e9l :04.72.47.11.11 ou <span id=\"OBJ_PREFIX_DWT844_com_zimbra_phone\" class=\"Object\"><\/span><span id=\"OBJ_PREFIX_DWT845_com_zimbra_phone\" class=\"Object\"><\/span><span id=\"OBJ_PREFIX_DWT846_com_zimbra_email\" class=\"Object\">jeunesse@ville-genas.fr<\/span><\/strong><\/div>\n<\/div>\n<\/div>\n<\/div>\n<\/div>\n<\/div>\n<\/div>\n<\/div>\n<\/div>\n<\/div>\n<\/div>\n<div>\n<div>\n<div>\n<div>\n<div>\n<div>\n<div>\n<div>\n<div><strong>\u00a0<\/strong><\/div>\n<div>\n<div>\n<div>\n<div>\n<div>\n<div>\n<div>\n<div>\n<div>\n<div>\n<div>\n<div><\/div>\n<div>\n<div><\/div>\n<div><\/div>\n<\/div>\n<div><\/div>\n<div><\/div>\n<\/div>\n<\/div>\n<\/div>\n<\/div>\n<\/div>\n<\/div>\n<\/div>\n<\/div>\n<\/div>\n<p><em>.<\/em><\/p>\n<\/div>\n<div><\/div>\n<div><em>.<\/em><\/div>\n<div><\/div>\n<\/div>\n<\/div>\n<\/div>\n<\/div>\n<\/div>\n<\/div>\n<\/div>\n<\/div>\n<\/div>\n","protected":false},"excerpt":{"rendered":"<p>Le Service Jeunesse de la direction politique \u00e9ducative locale (D.P.E.L.) informe que des places sont encore disponibles pour le S\u00e9jour Snow pr\u00e9vu la semaine prochaine. Il se d\u00e9roulera du 11 au 13 f\u00e9vrier 2018 (pour les 12 &#8211; 17 ans) \u00e0 Morillons (Haute Savoie). S\u00e9jour tout compris: h\u00e9bergement, location de snowboard , forfait, cours de [&hellip;]<\/p>\n","protected":false},"author":4,"featured_media":43583,"comment_status":"open","ping_status":"open","sticky":false,"template":"","format":"standard","meta":{"footnotes":""},"categories":[270,171,1598,309],"tags":[],"class_list":["post-43579","post","type-post","status-publish","format-standard","has-post-thumbnail","hentry","category-cte-de-communes-c-c-e-l","category-enfance-jeunesse","category-genas","category-pratique"],"yoast_head":"<!-- This site is optimized with the Yoast SEO plugin v27.2 - https:\/\/yoast.com\/product\/yoast-seo-wordpress\/ -->\n<title>GENAS : S\u00e9jour Snow \u00e0 Morillons du 11 au 13 f\u00e9vrier : il reste des places !<\/title>\n<meta name=\"description\" content=\"GENAS : S\u00e9jour Snow du 11 au 13 f\u00e9vrier : il reste encore des places !\" \/>\n<meta name=\"robots\" content=\"index, follow, max-snippet:-1, max-image-preview:large, max-video-preview:-1\" \/>\n<link rel=\"canonical\" href=\"https:\/\/newsestlyonnais.fr\/site\/2018\/02\/05\/genas-sejour-snow-du-11-au-13-fevrier-il-reste-des-places\/\" \/>\n<meta property=\"og:locale\" content=\"fr_FR\" \/>\n<meta property=\"og:type\" content=\"article\" \/>\n<meta property=\"og:title\" content=\"GENAS : S\u00e9jour Snow \u00e0 Morillons du 11 au 13 f\u00e9vrier : il reste des places !\" \/>\n<meta property=\"og:description\" content=\"GENAS : S\u00e9jour Snow du 11 au 13 f\u00e9vrier : il reste encore des places !\" \/>\n<meta property=\"og:url\" content=\"https:\/\/newsestlyonnais.fr\/site\/2018\/02\/05\/genas-sejour-snow-du-11-au-13-fevrier-il-reste-des-places\/\" \/>\n<meta property=\"og:site_name\" content=\"News Est Lyonnais\" \/>\n<meta property=\"article:author\" content=\"https:\/\/www.facebook.com\/pascal.oberson.1?fref=ts\" \/>\n<meta property=\"article:published_time\" content=\"2018-02-05T12:54:50+00:00\" \/>\n<meta property=\"article:modified_time\" content=\"2020-11-08T07:26:47+00:00\" \/>\n<meta property=\"og:image\" content=\"https:\/\/i0.wp.com\/newsestlyonnais.fr\/site\/wp-content\/uploads\/2018\/02\/NEWSESTLYONNAIS-SNOW-SEJOUR.jpg?fit=540%2C300&ssl=1\" \/>\n\t<meta property=\"og:image:width\" content=\"540\" \/>\n\t<meta property=\"og:image:height\" content=\"300\" \/>\n\t<meta property=\"og:image:type\" content=\"image\/jpeg\" \/>\n<meta name=\"author\" content=\"R\u00e9dac. NEWS\" \/>\n<meta name=\"twitter:card\" content=\"summary_large_image\" \/>\n<meta name=\"twitter:label1\" content=\"\u00c9crit par\" \/>\n\t<meta name=\"twitter:data1\" content=\"R\u00e9dac. NEWS\" \/>\n<script type=\"application\/ld+json\" class=\"yoast-schema-graph\">{\"@context\":\"https:\/\/schema.org\",\"@graph\":[{\"@type\":\"Article\",\"@id\":\"https:\/\/newsestlyonnais.fr\/site\/2018\/02\/05\/genas-sejour-snow-du-11-au-13-fevrier-il-reste-des-places\/#article\",\"isPartOf\":{\"@id\":\"https:\/\/newsestlyonnais.fr\/site\/2018\/02\/05\/genas-sejour-snow-du-11-au-13-fevrier-il-reste-des-places\/\"},\"author\":{\"name\":\"R\u00e9dac. NEWS\",\"@id\":\"https:\/\/newsestlyonnais.fr\/site\/#\/schema\/person\/3230d5615f390bb808365d673001e887\"},\"headline\":\"GENAS | S\u00e9jour Snow du 11 au 13 f\u00e9vrier : il reste des places !\",\"datePublished\":\"2018-02-05T12:54:50+00:00\",\"dateModified\":\"2020-11-08T07:26:47+00:00\",\"mainEntityOfPage\":{\"@id\":\"https:\/\/newsestlyonnais.fr\/site\/2018\/02\/05\/genas-sejour-snow-du-11-au-13-fevrier-il-reste-des-places\/\"},\"wordCount\":100,\"commentCount\":0,\"publisher\":{\"@id\":\"https:\/\/newsestlyonnais.fr\/site\/#organization\"},\"image\":{\"@id\":\"https:\/\/newsestlyonnais.fr\/site\/2018\/02\/05\/genas-sejour-snow-du-11-au-13-fevrier-il-reste-des-places\/#primaryimage\"},\"thumbnailUrl\":\"https:\/\/newsestlyonnais.fr\/site\/wp-content\/uploads\/2018\/02\/NEWSESTLYONNAIS-SNOW-SEJOUR.jpg\",\"articleSection\":[\"CCEL | Communes\",\"Enfance | Jeunesse\",\"Genas\",\"Pratique\"],\"inLanguage\":\"fr-FR\",\"potentialAction\":[{\"@type\":\"CommentAction\",\"name\":\"Comment\",\"target\":[\"https:\/\/newsestlyonnais.fr\/site\/2018\/02\/05\/genas-sejour-snow-du-11-au-13-fevrier-il-reste-des-places\/#respond\"]}]},{\"@type\":\"WebPage\",\"@id\":\"https:\/\/newsestlyonnais.fr\/site\/2018\/02\/05\/genas-sejour-snow-du-11-au-13-fevrier-il-reste-des-places\/\",\"url\":\"https:\/\/newsestlyonnais.fr\/site\/2018\/02\/05\/genas-sejour-snow-du-11-au-13-fevrier-il-reste-des-places\/\",\"name\":\"GENAS : S\u00e9jour Snow \u00e0 Morillons du 11 au 13 f\u00e9vrier : il reste des places !\",\"isPartOf\":{\"@id\":\"https:\/\/newsestlyonnais.fr\/site\/#website\"},\"primaryImageOfPage\":{\"@id\":\"https:\/\/newsestlyonnais.fr\/site\/2018\/02\/05\/genas-sejour-snow-du-11-au-13-fevrier-il-reste-des-places\/#primaryimage\"},\"image\":{\"@id\":\"https:\/\/newsestlyonnais.fr\/site\/2018\/02\/05\/genas-sejour-snow-du-11-au-13-fevrier-il-reste-des-places\/#primaryimage\"},\"thumbnailUrl\":\"https:\/\/newsestlyonnais.fr\/site\/wp-content\/uploads\/2018\/02\/NEWSESTLYONNAIS-SNOW-SEJOUR.jpg\",\"datePublished\":\"2018-02-05T12:54:50+00:00\",\"dateModified\":\"2020-11-08T07:26:47+00:00\",\"description\":\"GENAS : S\u00e9jour Snow du 11 au 13 f\u00e9vrier : il reste encore des places !\",\"breadcrumb\":{\"@id\":\"https:\/\/newsestlyonnais.fr\/site\/2018\/02\/05\/genas-sejour-snow-du-11-au-13-fevrier-il-reste-des-places\/#breadcrumb\"},\"inLanguage\":\"fr-FR\",\"potentialAction\":[{\"@type\":\"ReadAction\",\"target\":[\"https:\/\/newsestlyonnais.fr\/site\/2018\/02\/05\/genas-sejour-snow-du-11-au-13-fevrier-il-reste-des-places\/\"]}]},{\"@type\":\"ImageObject\",\"inLanguage\":\"fr-FR\",\"@id\":\"https:\/\/newsestlyonnais.fr\/site\/2018\/02\/05\/genas-sejour-snow-du-11-au-13-fevrier-il-reste-des-places\/#primaryimage\",\"url\":\"https:\/\/newsestlyonnais.fr\/site\/wp-content\/uploads\/2018\/02\/NEWSESTLYONNAIS-SNOW-SEJOUR.jpg\",\"contentUrl\":\"https:\/\/newsestlyonnais.fr\/site\/wp-content\/uploads\/2018\/02\/NEWSESTLYONNAIS-SNOW-SEJOUR.jpg\",\"width\":540,\"height\":300,\"caption\":\"NEWSESTLYONNAIS - SNOW SEJOUR\"},{\"@type\":\"BreadcrumbList\",\"@id\":\"https:\/\/newsestlyonnais.fr\/site\/2018\/02\/05\/genas-sejour-snow-du-11-au-13-fevrier-il-reste-des-places\/#breadcrumb\",\"itemListElement\":[{\"@type\":\"ListItem\",\"position\":1,\"name\":\"Accueil\",\"item\":\"https:\/\/newsestlyonnais.fr\/site\/\"},{\"@type\":\"ListItem\",\"position\":2,\"name\":\"GENAS | S\u00e9jour Snow du 11 au 13 f\u00e9vrier : il reste des places !\"}]},{\"@type\":\"WebSite\",\"@id\":\"https:\/\/newsestlyonnais.fr\/site\/#website\",\"url\":\"https:\/\/newsestlyonnais.fr\/site\/\",\"name\":\"News Est Lyonnais\",\"description\":\"L&#039;actualit\u00e9 au plus pr\u00e8s\",\"publisher\":{\"@id\":\"https:\/\/newsestlyonnais.fr\/site\/#organization\"},\"potentialAction\":[{\"@type\":\"SearchAction\",\"target\":{\"@type\":\"EntryPoint\",\"urlTemplate\":\"https:\/\/newsestlyonnais.fr\/site\/?s={search_term_string}\"},\"query-input\":{\"@type\":\"PropertyValueSpecification\",\"valueRequired\":true,\"valueName\":\"search_term_string\"}}],\"inLanguage\":\"fr-FR\"},{\"@type\":\"Organization\",\"@id\":\"https:\/\/newsestlyonnais.fr\/site\/#organization\",\"name\":\"News EST LYONNAIS\",\"url\":\"https:\/\/newsestlyonnais.fr\/site\/\",\"logo\":{\"@type\":\"ImageObject\",\"inLanguage\":\"fr-FR\",\"@id\":\"https:\/\/newsestlyonnais.fr\/site\/#\/schema\/logo\/image\/\",\"url\":\"\",\"contentUrl\":\"\",\"caption\":\"News EST LYONNAIS\"},\"image\":{\"@id\":\"https:\/\/newsestlyonnais.fr\/site\/#\/schema\/logo\/image\/\"}},{\"@type\":\"Person\",\"@id\":\"https:\/\/newsestlyonnais.fr\/site\/#\/schema\/person\/3230d5615f390bb808365d673001e887\",\"name\":\"R\u00e9dac. NEWS\",\"sameAs\":[\"http:\/\/www.newsestlyonnais.fr\",\"https:\/\/www.facebook.com\/pascal.oberson.1?fref=ts\",\"https:\/\/fr.linkedin.com\/in\/pascal-oberson-b17045113\"],\"url\":\"https:\/\/newsestlyonnais.fr\/site\/author\/nel\/\"}]}<\/script>\n<!-- \/ Yoast SEO plugin. -->","yoast_head_json":{"title":"GENAS : S\u00e9jour Snow \u00e0 Morillons du 11 au 13 f\u00e9vrier : il reste des places !","description":"GENAS : S\u00e9jour Snow du 11 au 13 f\u00e9vrier : il reste encore des places !","robots":{"index":"index","follow":"follow","max-snippet":"max-snippet:-1","max-image-preview":"max-image-preview:large","max-video-preview":"max-video-preview:-1"},"canonical":"https:\/\/newsestlyonnais.fr\/site\/2018\/02\/05\/genas-sejour-snow-du-11-au-13-fevrier-il-reste-des-places\/","og_locale":"fr_FR","og_type":"article","og_title":"GENAS : S\u00e9jour Snow \u00e0 Morillons du 11 au 13 f\u00e9vrier : il reste des places !","og_description":"GENAS : S\u00e9jour Snow du 11 au 13 f\u00e9vrier : il reste encore des places !","og_url":"https:\/\/newsestlyonnais.fr\/site\/2018\/02\/05\/genas-sejour-snow-du-11-au-13-fevrier-il-reste-des-places\/","og_site_name":"News Est Lyonnais","article_author":"https:\/\/www.facebook.com\/pascal.oberson.1?fref=ts","article_published_time":"2018-02-05T12:54:50+00:00","article_modified_time":"2020-11-08T07:26:47+00:00","og_image":[{"width":540,"height":300,"url":"https:\/\/i0.wp.com\/newsestlyonnais.fr\/site\/wp-content\/uploads\/2018\/02\/NEWSESTLYONNAIS-SNOW-SEJOUR.jpg?fit=540%2C300&ssl=1","type":"image\/jpeg"}],"author":"R\u00e9dac. NEWS","twitter_card":"summary_large_image","twitter_misc":{"\u00c9crit par":"R\u00e9dac. NEWS"},"schema":{"@context":"https:\/\/schema.org","@graph":[{"@type":"Article","@id":"https:\/\/newsestlyonnais.fr\/site\/2018\/02\/05\/genas-sejour-snow-du-11-au-13-fevrier-il-reste-des-places\/#article","isPartOf":{"@id":"https:\/\/newsestlyonnais.fr\/site\/2018\/02\/05\/genas-sejour-snow-du-11-au-13-fevrier-il-reste-des-places\/"},"author":{"name":"R\u00e9dac. NEWS","@id":"https:\/\/newsestlyonnais.fr\/site\/#\/schema\/person\/3230d5615f390bb808365d673001e887"},"headline":"GENAS | S\u00e9jour Snow du 11 au 13 f\u00e9vrier : il reste des places !","datePublished":"2018-02-05T12:54:50+00:00","dateModified":"2020-11-08T07:26:47+00:00","mainEntityOfPage":{"@id":"https:\/\/newsestlyonnais.fr\/site\/2018\/02\/05\/genas-sejour-snow-du-11-au-13-fevrier-il-reste-des-places\/"},"wordCount":100,"commentCount":0,"publisher":{"@id":"https:\/\/newsestlyonnais.fr\/site\/#organization"},"image":{"@id":"https:\/\/newsestlyonnais.fr\/site\/2018\/02\/05\/genas-sejour-snow-du-11-au-13-fevrier-il-reste-des-places\/#primaryimage"},"thumbnailUrl":"https:\/\/newsestlyonnais.fr\/site\/wp-content\/uploads\/2018\/02\/NEWSESTLYONNAIS-SNOW-SEJOUR.jpg","articleSection":["CCEL | Communes","Enfance | Jeunesse","Genas","Pratique"],"inLanguage":"fr-FR","potentialAction":[{"@type":"CommentAction","name":"Comment","target":["https:\/\/newsestlyonnais.fr\/site\/2018\/02\/05\/genas-sejour-snow-du-11-au-13-fevrier-il-reste-des-places\/#respond"]}]},{"@type":"WebPage","@id":"https:\/\/newsestlyonnais.fr\/site\/2018\/02\/05\/genas-sejour-snow-du-11-au-13-fevrier-il-reste-des-places\/","url":"https:\/\/newsestlyonnais.fr\/site\/2018\/02\/05\/genas-sejour-snow-du-11-au-13-fevrier-il-reste-des-places\/","name":"GENAS : S\u00e9jour Snow \u00e0 Morillons du 11 au 13 f\u00e9vrier : il reste des places !","isPartOf":{"@id":"https:\/\/newsestlyonnais.fr\/site\/#website"},"primaryImageOfPage":{"@id":"https:\/\/newsestlyonnais.fr\/site\/2018\/02\/05\/genas-sejour-snow-du-11-au-13-fevrier-il-reste-des-places\/#primaryimage"},"image":{"@id":"https:\/\/newsestlyonnais.fr\/site\/2018\/02\/05\/genas-sejour-snow-du-11-au-13-fevrier-il-reste-des-places\/#primaryimage"},"thumbnailUrl":"https:\/\/newsestlyonnais.fr\/site\/wp-content\/uploads\/2018\/02\/NEWSESTLYONNAIS-SNOW-SEJOUR.jpg","datePublished":"2018-02-05T12:54:50+00:00","dateModified":"2020-11-08T07:26:47+00:00","description":"GENAS : S\u00e9jour Snow du 11 au 13 f\u00e9vrier : il reste encore des places !","breadcrumb":{"@id":"https:\/\/newsestlyonnais.fr\/site\/2018\/02\/05\/genas-sejour-snow-du-11-au-13-fevrier-il-reste-des-places\/#breadcrumb"},"inLanguage":"fr-FR","potentialAction":[{"@type":"ReadAction","target":["https:\/\/newsestlyonnais.fr\/site\/2018\/02\/05\/genas-sejour-snow-du-11-au-13-fevrier-il-reste-des-places\/"]}]},{"@type":"ImageObject","inLanguage":"fr-FR","@id":"https:\/\/newsestlyonnais.fr\/site\/2018\/02\/05\/genas-sejour-snow-du-11-au-13-fevrier-il-reste-des-places\/#primaryimage","url":"https:\/\/newsestlyonnais.fr\/site\/wp-content\/uploads\/2018\/02\/NEWSESTLYONNAIS-SNOW-SEJOUR.jpg","contentUrl":"https:\/\/newsestlyonnais.fr\/site\/wp-content\/uploads\/2018\/02\/NEWSESTLYONNAIS-SNOW-SEJOUR.jpg","width":540,"height":300,"caption":"NEWSESTLYONNAIS - SNOW SEJOUR"},{"@type":"BreadcrumbList","@id":"https:\/\/newsestlyonnais.fr\/site\/2018\/02\/05\/genas-sejour-snow-du-11-au-13-fevrier-il-reste-des-places\/#breadcrumb","itemListElement":[{"@type":"ListItem","position":1,"name":"Accueil","item":"https:\/\/newsestlyonnais.fr\/site\/"},{"@type":"ListItem","position":2,"name":"GENAS | S\u00e9jour Snow du 11 au 13 f\u00e9vrier : il reste des places !"}]},{"@type":"WebSite","@id":"https:\/\/newsestlyonnais.fr\/site\/#website","url":"https:\/\/newsestlyonnais.fr\/site\/","name":"News Est Lyonnais","description":"L&#039;actualit\u00e9 au plus pr\u00e8s","publisher":{"@id":"https:\/\/newsestlyonnais.fr\/site\/#organization"},"potentialAction":[{"@type":"SearchAction","target":{"@type":"EntryPoint","urlTemplate":"https:\/\/newsestlyonnais.fr\/site\/?s={search_term_string}"},"query-input":{"@type":"PropertyValueSpecification","valueRequired":true,"valueName":"search_term_string"}}],"inLanguage":"fr-FR"},{"@type":"Organization","@id":"https:\/\/newsestlyonnais.fr\/site\/#organization","name":"News EST LYONNAIS","url":"https:\/\/newsestlyonnais.fr\/site\/","logo":{"@type":"ImageObject","inLanguage":"fr-FR","@id":"https:\/\/newsestlyonnais.fr\/site\/#\/schema\/logo\/image\/","url":"","contentUrl":"","caption":"News EST LYONNAIS"},"image":{"@id":"https:\/\/newsestlyonnais.fr\/site\/#\/schema\/logo\/image\/"}},{"@type":"Person","@id":"https:\/\/newsestlyonnais.fr\/site\/#\/schema\/person\/3230d5615f390bb808365d673001e887","name":"R\u00e9dac. NEWS","sameAs":["http:\/\/www.newsestlyonnais.fr","https:\/\/www.facebook.com\/pascal.oberson.1?fref=ts","https:\/\/fr.linkedin.com\/in\/pascal-oberson-b17045113"],"url":"https:\/\/newsestlyonnais.fr\/site\/author\/nel\/"}]}},"_links":{"self":[{"href":"https:\/\/newsestlyonnais.fr\/site\/wp-json\/wp\/v2\/posts\/43579","targetHints":{"allow":["GET"]}}],"collection":[{"href":"https:\/\/newsestlyonnais.fr\/site\/wp-json\/wp\/v2\/posts"}],"about":[{"href":"https:\/\/newsestlyonnais.fr\/site\/wp-json\/wp\/v2\/types\/post"}],"author":[{"embeddable":true,"href":"https:\/\/newsestlyonnais.fr\/site\/wp-json\/wp\/v2\/users\/4"}],"replies":[{"embeddable":true,"href":"https:\/\/newsestlyonnais.fr\/site\/wp-json\/wp\/v2\/comments?post=43579"}],"version-history":[{"count":0,"href":"https:\/\/newsestlyonnais.fr\/site\/wp-json\/wp\/v2\/posts\/43579\/revisions"}],"wp:featuredmedia":[{"embeddable":true,"href":"https:\/\/newsestlyonnais.fr\/site\/wp-json\/wp\/v2\/media\/43583"}],"wp:attachment":[{"href":"https:\/\/newsestlyonnais.fr\/site\/wp-json\/wp\/v2\/media?parent=43579"}],"wp:term":[{"taxonomy":"category","embeddable":true,"href":"https:\/\/newsestlyonnais.fr\/site\/wp-json\/wp\/v2\/categories?post=43579"},{"taxonomy":"post_tag","embeddable":true,"href":"https:\/\/newsestlyonnais.fr\/site\/wp-json\/wp\/v2\/tags?post=43579"}],"curies":[{"name":"wp","href":"https:\/\/api.w.org\/{rel}","templated":true}]}}