{"id":43605,"date":"2018-02-07T08:04:45","date_gmt":"2018-02-07T07:04:45","guid":{"rendered":"http:\/\/newsestlyonnais.fr\/site\/?p=43605"},"modified":"2020-11-05T19:36:06","modified_gmt":"2020-11-05T18:36:06","slug":"chassieu-les-jeunes-de-chassieu-gym-brillants-en-competition","status":"publish","type":"post","link":"https:\/\/newsestlyonnais.fr\/site\/2018\/02\/07\/chassieu-les-jeunes-de-chassieu-gym-brillants-en-competition\/","title":{"rendered":"CHASSIEU | Les jeunes de Chassieu Gym brillants en comp\u00e9tition"},"content":{"rendered":"<h4>Les jeunes gymnastes chasselands ont \u00e9t\u00e9 des plus performants lors de la comp\u00e9tition d\u00e9roul\u00e9e les 3 &amp; 4 f\u00e9vrier \u00e0 Sain Bel (Rh\u00f4ne).<\/h4>\n<p>Voici le d\u00e9tail de leurs r\u00e9sultats :<\/p>\n<ul>\n<li><span style=\"text-decoration: underline\"><em><strong>1\u00b0 \u00e9tape de la coupe du Rh\u00f4ne<\/strong><\/em><\/span> :<\/li>\n<\/ul>\n<p><span style=\"text-decoration: underline\">Formagym 7 et 8 ans<\/span> : toutes les poussines ont valid\u00e9 leur niveau 1 : Estelle J. (102 pts), Colleen V. (99 pts), L\u00e9hona S. (94 pts), Lily-Joy R. (94 pts) &amp; Mathilda C. (87 pts).<br \/>\n<span style=\"text-decoration: underline\">Poussines Honneur individuel<\/span> : Maylissa B. (24\u00b0) &amp; Clara B. (40 \u00b0).<br \/>\n<span style=\"text-decoration: underline\">Benjamines Honneur<\/span> : l\u2019\u00e9quipe compos\u00e9e de Alice F. (19\u00b0 ), Marie R. (23\u00b0) et Thalia A. (29\u00b0) se classe 7\u00b0. Tous ces gymnastes participeront \u00e0 la 2\u00b0 \u00e9tape pr\u00e9vue \u00e0 Fontaines sur Sa\u00f4ne les 10 et 11 mars.<\/p>\n<ul>\n<li><span style=\"text-decoration: underline\"><strong>D\u00e9partement individuel DIR A et B<\/strong><\/span>:<\/li>\n<\/ul>\n<p><span style=\"text-decoration: underline\">DIR A 12-13 ans<\/span> : Noa B. prend la m\u00e9daille de bronze et Jessie R. termine 8\u00b0.\u00a0\u00a0 &#8211; <span style=\"text-decoration: underline\">DIR A 14-15 ans<\/span> : Margot R. <strong>(PHOTO A LA UNE)<\/strong> s\u2019empare de l\u2019or, Lyloo B. termine 6\u00b0, Sheryhane T. 21\u00b0 , Lilou R. et Ines H. se classent 25\u00b0 &amp; 27\u00b0, n\u2019ayant pas fait les 4 agr\u00e8s pour cause de blessures.\u00a0\u00a0\u00a0\u00a0\u00a0\u00a0\u00a0\u00a0\u00a0\u00a0\u00a0\u00a0\u00a0\u00a0\u00a0\u00a0\u00a0\u00a0\u00a0\u00a0\u00a0\u00a0\u00a0\u00a0\u00a0\u00a0\u00a0\u00a0\u00a0\u00a0\u00a0\u00a0\u00a0\u00a0\u00a0\u00a0\u00a0\u00a0\u00a0\u00a0\u00a0\u00a0\u00a0\u00a0\u00a0\u00a0\u00a0\u00a0\u00a0\u00a0\u00a0\u00a0\u00a0\u00a0\u00a0\u00a0\u00a0\u00a0\u00a0\u00a0\u00a0\u00a0\u00a0\u00a0\u00a0\u00a0\u00a0\u00a0\u00a0\u00a0\u00a0\u00a0\u00a0\u00a0\u00a0\u00a0\u00a0\u00a0\u00a0\u00a0\u00a0\u00a0\u00a0\u00a0\u00a0\u00a0\u00a0\u00a0\u00a0\u00a0\u00a0\u00a0\u00a0\u00a0\u00a0\u00a0\u00a0\u00a0\u00a0\u00a0\u00a0\u00a0\u00a0\u00a0\u00a0\u00a0\u00a0\u00a0\u00a0\u00a0\u00a0\u00a0\u00a0\u00a0\u00a0\u00a0\u00a0\u00a0\u00a0\u00a0\u00a0\u00a0\u00a0\u00a0\u00a0\u00a0\u00a0\u00a0\u00a0 <span style=\"text-decoration: underline\">DIR B 10-11 ans<\/span> : Ma\u00e9lys S. termine 11\u00b0 &amp; C\u00e9lia L. 15\u00b0. \u00a0 \u00a0 \u00a0 \u00a0 \u00a0\u00a0\u00a0\u00a0\u00a0\u00a0\u00a0\u00a0\u00a0\u00a0\u00a0\u00a0\u00a0\u00a0\u00a0\u00a0\u00a0\u00a0\u00a0\u00a0\u00a0\u00a0\u00a0\u00a0\u00a0\u00a0\u00a0\u00a0\u00a0\u00a0\u00a0\u00a0\u00a0\u00a0\u00a0\u00a0\u00a0\u00a0\u00a0 <span style=\"text-decoration: underline\">DIR B 12-13 ans<\/span> : El\u00e9a D. termine 12\u00b0 &amp; Anna R. 14\u00b0.\u00a0\u00a0\u00a0\u00a0\u00a0\u00a0\u00a0\u00a0\u00a0\u00a0\u00a0\u00a0\u00a0\u00a0\u00a0\u00a0\u00a0\u00a0\u00a0\u00a0\u00a0\u00a0\u00a0\u00a0\u00a0\u00a0\u00a0\u00a0\u00a0\u00a0\u00a0\u00a0\u00a0\u00a0\u00a0\u00a0\u00a0\u00a0\u00a0\u00a0\u00a0\u00a0\u00a0\u00a0\u00a0\u00a0\u00a0\u00a0\u00a0\u00a0\u00a0 Elles se retrouveront en compagnie des masculins lors de la comp\u00e9tition inter-d\u00e9partementale individuelle \u00e0 Privas les 3 et 4 mars 2018.<\/p>\n<ul>\n<li>Retrouvez l&rsquo;ACTU du club sur : <a href=\"http:\/\/www.chassieugym.fr\" target=\"_blank\" rel=\"noopener noreferrer\">http:\/\/www.chassieugym.fr<\/a><\/li>\n<\/ul>\n<div id='gallery-1' class='gallery galleryid-43605 gallery-columns-3 gallery-size-thumbnail'><figure class='gallery-item'>\n\t\t\t<div class='gallery-icon landscape'>\n\t\t\t\t<a href='https:\/\/newsestlyonnais.fr\/site\/2018\/02\/07\/chassieu-les-jeunes-de-chassieu-gym-brillants-en-competition\/newsestlyonnais-gym-noa\/'><img loading=\"lazy\" decoding=\"async\" width=\"150\" height=\"150\" src=\"https:\/\/newsestlyonnais.fr\/site\/wp-content\/uploads\/2018\/02\/NEWSESTLYONNAIS-GYM-Noa-150x150.jpg\" class=\"attachment-thumbnail size-thumbnail\" alt=\"NEWSESTLYONNAIS - GYM Margot\" aria-describedby=\"gallery-1-43622\" \/><\/a>\n\t\t\t<\/div>\n\t\t\t\t<figcaption class='wp-caption-text gallery-caption' id='gallery-1-43622'>\n\t\t\t\tNoa B. sur la 3\u00b0 marche du podium \n\t\t\t\t<\/figcaption><\/figure><figure class='gallery-item'>\n\t\t\t<div class='gallery-icon portrait'>\n\t\t\t\t<a href='https:\/\/newsestlyonnais.fr\/site\/newsestlyonnais-stage-fevrier1\/'><img loading=\"lazy\" decoding=\"async\" width=\"150\" height=\"150\" src=\"https:\/\/newsestlyonnais.fr\/site\/wp-content\/uploads\/2018\/01\/NEWSESTLYONNAIS-STAGE-FEVRIER1-150x150.jpg\" class=\"attachment-thumbnail size-thumbnail\" alt=\"NEWSESTLYONNAIS - STAGE-FEVRIER1\" aria-describedby=\"gallery-1-42186\" \/><\/a>\n\t\t\t<\/div>\n\t\t\t\t<figcaption class='wp-caption-text gallery-caption' id='gallery-1-42186'>\n\t\t\t\tLe prochain stage organis\u00e9 par le club \n\t\t\t\t<\/figcaption><\/figure>\n\t\t<\/div>\n\n<p>&nbsp;<\/p>\n","protected":false},"excerpt":{"rendered":"<p>Les jeunes gymnastes chasselands ont \u00e9t\u00e9 des plus performants lors de la comp\u00e9tition d\u00e9roul\u00e9e les 3 &amp; 4 f\u00e9vrier \u00e0 Sain Bel (Rh\u00f4ne). Voici le d\u00e9tail de leurs r\u00e9sultats : 1\u00b0 \u00e9tape de la coupe du Rh\u00f4ne : Formagym 7 et 8 ans : toutes les poussines ont valid\u00e9 leur niveau 1 : Estelle J. [&hellip;]<\/p>\n","protected":false},"author":4,"featured_media":43621,"comment_status":"open","ping_status":"open","sticky":false,"template":"","format":"standard","meta":{"footnotes":""},"categories":[1283,166,1319],"tags":[],"class_list":["post-43605","post","type-post","status-publish","format-standard","has-post-thumbnail","hentry","category-chassieu-communes-diverses","category-divers-sports","category-gymnastique-grs-gv"],"yoast_head":"<!-- This site is optimized with the Yoast SEO plugin v27.2 - https:\/\/yoast.com\/product\/yoast-seo-wordpress\/ -->\n<title>CHASSIEU : Les jeunes de Chassieu Gym brillants en comp\u00e9tition<\/title>\n<meta name=\"description\" content=\"CHASSIEU : Les jeunes de Chassieu Gym brillants en comp\u00e9tition\" \/>\n<meta name=\"robots\" content=\"index, follow, max-snippet:-1, max-image-preview:large, max-video-preview:-1\" \/>\n<link rel=\"canonical\" href=\"https:\/\/newsestlyonnais.fr\/site\/2018\/02\/07\/chassieu-les-jeunes-de-chassieu-gym-brillants-en-competition\/\" \/>\n<meta property=\"og:locale\" content=\"fr_FR\" \/>\n<meta property=\"og:type\" content=\"article\" \/>\n<meta property=\"og:title\" content=\"CHASSIEU : Les jeunes de Chassieu Gym brillants en comp\u00e9tition\" \/>\n<meta property=\"og:description\" content=\"CHASSIEU : Les jeunes de Chassieu Gym brillants en comp\u00e9tition\" \/>\n<meta property=\"og:url\" content=\"https:\/\/newsestlyonnais.fr\/site\/2018\/02\/07\/chassieu-les-jeunes-de-chassieu-gym-brillants-en-competition\/\" \/>\n<meta property=\"og:site_name\" content=\"News Est Lyonnais\" \/>\n<meta property=\"article:author\" content=\"https:\/\/www.facebook.com\/pascal.oberson.1?fref=ts\" \/>\n<meta property=\"article:published_time\" content=\"2018-02-07T07:04:45+00:00\" \/>\n<meta property=\"article:modified_time\" content=\"2020-11-05T18:36:06+00:00\" \/>\n<meta property=\"og:image\" content=\"https:\/\/i0.wp.com\/newsestlyonnais.fr\/site\/wp-content\/uploads\/2018\/02\/NEWSESTLYONNAIS-GYM-Margot.jpg?fit=960%2C540&ssl=1\" \/>\n\t<meta property=\"og:image:width\" content=\"960\" \/>\n\t<meta property=\"og:image:height\" content=\"540\" \/>\n\t<meta property=\"og:image:type\" content=\"image\/jpeg\" \/>\n<meta name=\"author\" content=\"R\u00e9dac. NEWS\" \/>\n<meta name=\"twitter:card\" content=\"summary_large_image\" \/>\n<meta name=\"twitter:label1\" content=\"\u00c9crit par\" \/>\n\t<meta name=\"twitter:data1\" content=\"R\u00e9dac. NEWS\" \/>\n\t<meta name=\"twitter:label2\" content=\"Dur\u00e9e de lecture estim\u00e9e\" \/>\n\t<meta name=\"twitter:data2\" content=\"1 minute\" \/>\n<script type=\"application\/ld+json\" class=\"yoast-schema-graph\">{\"@context\":\"https:\/\/schema.org\",\"@graph\":[{\"@type\":\"Article\",\"@id\":\"https:\/\/newsestlyonnais.fr\/site\/2018\/02\/07\/chassieu-les-jeunes-de-chassieu-gym-brillants-en-competition\/#article\",\"isPartOf\":{\"@id\":\"https:\/\/newsestlyonnais.fr\/site\/2018\/02\/07\/chassieu-les-jeunes-de-chassieu-gym-brillants-en-competition\/\"},\"author\":{\"name\":\"R\u00e9dac. NEWS\",\"@id\":\"https:\/\/newsestlyonnais.fr\/site\/#\/schema\/person\/3230d5615f390bb808365d673001e887\"},\"headline\":\"CHASSIEU | Les jeunes de Chassieu Gym brillants en comp\u00e9tition\",\"datePublished\":\"2018-02-07T07:04:45+00:00\",\"dateModified\":\"2020-11-05T18:36:06+00:00\",\"mainEntityOfPage\":{\"@id\":\"https:\/\/newsestlyonnais.fr\/site\/2018\/02\/07\/chassieu-les-jeunes-de-chassieu-gym-brillants-en-competition\/\"},\"wordCount\":236,\"commentCount\":0,\"publisher\":{\"@id\":\"https:\/\/newsestlyonnais.fr\/site\/#organization\"},\"image\":{\"@id\":\"https:\/\/newsestlyonnais.fr\/site\/2018\/02\/07\/chassieu-les-jeunes-de-chassieu-gym-brillants-en-competition\/#primaryimage\"},\"thumbnailUrl\":\"https:\/\/newsestlyonnais.fr\/site\/wp-content\/uploads\/2018\/02\/NEWSESTLYONNAIS-GYM-Margot.jpg\",\"articleSection\":[\"Chassieu | Communes diverses\",\"Divers Sports\",\"Gymnastique | Grs | Gv\"],\"inLanguage\":\"fr-FR\",\"potentialAction\":[{\"@type\":\"CommentAction\",\"name\":\"Comment\",\"target\":[\"https:\/\/newsestlyonnais.fr\/site\/2018\/02\/07\/chassieu-les-jeunes-de-chassieu-gym-brillants-en-competition\/#respond\"]}]},{\"@type\":\"WebPage\",\"@id\":\"https:\/\/newsestlyonnais.fr\/site\/2018\/02\/07\/chassieu-les-jeunes-de-chassieu-gym-brillants-en-competition\/\",\"url\":\"https:\/\/newsestlyonnais.fr\/site\/2018\/02\/07\/chassieu-les-jeunes-de-chassieu-gym-brillants-en-competition\/\",\"name\":\"CHASSIEU : Les jeunes de Chassieu Gym brillants en comp\u00e9tition\",\"isPartOf\":{\"@id\":\"https:\/\/newsestlyonnais.fr\/site\/#website\"},\"primaryImageOfPage\":{\"@id\":\"https:\/\/newsestlyonnais.fr\/site\/2018\/02\/07\/chassieu-les-jeunes-de-chassieu-gym-brillants-en-competition\/#primaryimage\"},\"image\":{\"@id\":\"https:\/\/newsestlyonnais.fr\/site\/2018\/02\/07\/chassieu-les-jeunes-de-chassieu-gym-brillants-en-competition\/#primaryimage\"},\"thumbnailUrl\":\"https:\/\/newsestlyonnais.fr\/site\/wp-content\/uploads\/2018\/02\/NEWSESTLYONNAIS-GYM-Margot.jpg\",\"datePublished\":\"2018-02-07T07:04:45+00:00\",\"dateModified\":\"2020-11-05T18:36:06+00:00\",\"description\":\"CHASSIEU : Les jeunes de Chassieu Gym brillants en comp\u00e9tition\",\"breadcrumb\":{\"@id\":\"https:\/\/newsestlyonnais.fr\/site\/2018\/02\/07\/chassieu-les-jeunes-de-chassieu-gym-brillants-en-competition\/#breadcrumb\"},\"inLanguage\":\"fr-FR\",\"potentialAction\":[{\"@type\":\"ReadAction\",\"target\":[\"https:\/\/newsestlyonnais.fr\/site\/2018\/02\/07\/chassieu-les-jeunes-de-chassieu-gym-brillants-en-competition\/\"]}]},{\"@type\":\"ImageObject\",\"inLanguage\":\"fr-FR\",\"@id\":\"https:\/\/newsestlyonnais.fr\/site\/2018\/02\/07\/chassieu-les-jeunes-de-chassieu-gym-brillants-en-competition\/#primaryimage\",\"url\":\"https:\/\/newsestlyonnais.fr\/site\/wp-content\/uploads\/2018\/02\/NEWSESTLYONNAIS-GYM-Margot.jpg\",\"contentUrl\":\"https:\/\/newsestlyonnais.fr\/site\/wp-content\/uploads\/2018\/02\/NEWSESTLYONNAIS-GYM-Margot.jpg\",\"width\":960,\"height\":540,\"caption\":\"NEWSESTLYONNAIS - GYM Margot\"},{\"@type\":\"BreadcrumbList\",\"@id\":\"https:\/\/newsestlyonnais.fr\/site\/2018\/02\/07\/chassieu-les-jeunes-de-chassieu-gym-brillants-en-competition\/#breadcrumb\",\"itemListElement\":[{\"@type\":\"ListItem\",\"position\":1,\"name\":\"Accueil\",\"item\":\"https:\/\/newsestlyonnais.fr\/site\/\"},{\"@type\":\"ListItem\",\"position\":2,\"name\":\"CHASSIEU | Les jeunes de Chassieu Gym brillants en comp\u00e9tition\"}]},{\"@type\":\"WebSite\",\"@id\":\"https:\/\/newsestlyonnais.fr\/site\/#website\",\"url\":\"https:\/\/newsestlyonnais.fr\/site\/\",\"name\":\"News Est Lyonnais\",\"description\":\"L&#039;actualit\u00e9 au plus pr\u00e8s\",\"publisher\":{\"@id\":\"https:\/\/newsestlyonnais.fr\/site\/#organization\"},\"potentialAction\":[{\"@type\":\"SearchAction\",\"target\":{\"@type\":\"EntryPoint\",\"urlTemplate\":\"https:\/\/newsestlyonnais.fr\/site\/?s={search_term_string}\"},\"query-input\":{\"@type\":\"PropertyValueSpecification\",\"valueRequired\":true,\"valueName\":\"search_term_string\"}}],\"inLanguage\":\"fr-FR\"},{\"@type\":\"Organization\",\"@id\":\"https:\/\/newsestlyonnais.fr\/site\/#organization\",\"name\":\"News EST LYONNAIS\",\"url\":\"https:\/\/newsestlyonnais.fr\/site\/\",\"logo\":{\"@type\":\"ImageObject\",\"inLanguage\":\"fr-FR\",\"@id\":\"https:\/\/newsestlyonnais.fr\/site\/#\/schema\/logo\/image\/\",\"url\":\"\",\"contentUrl\":\"\",\"caption\":\"News EST LYONNAIS\"},\"image\":{\"@id\":\"https:\/\/newsestlyonnais.fr\/site\/#\/schema\/logo\/image\/\"}},{\"@type\":\"Person\",\"@id\":\"https:\/\/newsestlyonnais.fr\/site\/#\/schema\/person\/3230d5615f390bb808365d673001e887\",\"name\":\"R\u00e9dac. NEWS\",\"sameAs\":[\"http:\/\/www.newsestlyonnais.fr\",\"https:\/\/www.facebook.com\/pascal.oberson.1?fref=ts\",\"https:\/\/fr.linkedin.com\/in\/pascal-oberson-b17045113\"],\"url\":\"https:\/\/newsestlyonnais.fr\/site\/author\/nel\/\"}]}<\/script>\n<!-- \/ Yoast SEO plugin. -->","yoast_head_json":{"title":"CHASSIEU : Les jeunes de Chassieu Gym brillants en comp\u00e9tition","description":"CHASSIEU : Les jeunes de Chassieu Gym brillants en comp\u00e9tition","robots":{"index":"index","follow":"follow","max-snippet":"max-snippet:-1","max-image-preview":"max-image-preview:large","max-video-preview":"max-video-preview:-1"},"canonical":"https:\/\/newsestlyonnais.fr\/site\/2018\/02\/07\/chassieu-les-jeunes-de-chassieu-gym-brillants-en-competition\/","og_locale":"fr_FR","og_type":"article","og_title":"CHASSIEU : Les jeunes de Chassieu Gym brillants en comp\u00e9tition","og_description":"CHASSIEU : Les jeunes de Chassieu Gym brillants en comp\u00e9tition","og_url":"https:\/\/newsestlyonnais.fr\/site\/2018\/02\/07\/chassieu-les-jeunes-de-chassieu-gym-brillants-en-competition\/","og_site_name":"News Est Lyonnais","article_author":"https:\/\/www.facebook.com\/pascal.oberson.1?fref=ts","article_published_time":"2018-02-07T07:04:45+00:00","article_modified_time":"2020-11-05T18:36:06+00:00","og_image":[{"width":960,"height":540,"url":"https:\/\/i0.wp.com\/newsestlyonnais.fr\/site\/wp-content\/uploads\/2018\/02\/NEWSESTLYONNAIS-GYM-Margot.jpg?fit=960%2C540&ssl=1","type":"image\/jpeg"}],"author":"R\u00e9dac. NEWS","twitter_card":"summary_large_image","twitter_misc":{"\u00c9crit par":"R\u00e9dac. NEWS","Dur\u00e9e de lecture estim\u00e9e":"1 minute"},"schema":{"@context":"https:\/\/schema.org","@graph":[{"@type":"Article","@id":"https:\/\/newsestlyonnais.fr\/site\/2018\/02\/07\/chassieu-les-jeunes-de-chassieu-gym-brillants-en-competition\/#article","isPartOf":{"@id":"https:\/\/newsestlyonnais.fr\/site\/2018\/02\/07\/chassieu-les-jeunes-de-chassieu-gym-brillants-en-competition\/"},"author":{"name":"R\u00e9dac. NEWS","@id":"https:\/\/newsestlyonnais.fr\/site\/#\/schema\/person\/3230d5615f390bb808365d673001e887"},"headline":"CHASSIEU | Les jeunes de Chassieu Gym brillants en comp\u00e9tition","datePublished":"2018-02-07T07:04:45+00:00","dateModified":"2020-11-05T18:36:06+00:00","mainEntityOfPage":{"@id":"https:\/\/newsestlyonnais.fr\/site\/2018\/02\/07\/chassieu-les-jeunes-de-chassieu-gym-brillants-en-competition\/"},"wordCount":236,"commentCount":0,"publisher":{"@id":"https:\/\/newsestlyonnais.fr\/site\/#organization"},"image":{"@id":"https:\/\/newsestlyonnais.fr\/site\/2018\/02\/07\/chassieu-les-jeunes-de-chassieu-gym-brillants-en-competition\/#primaryimage"},"thumbnailUrl":"https:\/\/newsestlyonnais.fr\/site\/wp-content\/uploads\/2018\/02\/NEWSESTLYONNAIS-GYM-Margot.jpg","articleSection":["Chassieu | Communes diverses","Divers Sports","Gymnastique | Grs | Gv"],"inLanguage":"fr-FR","potentialAction":[{"@type":"CommentAction","name":"Comment","target":["https:\/\/newsestlyonnais.fr\/site\/2018\/02\/07\/chassieu-les-jeunes-de-chassieu-gym-brillants-en-competition\/#respond"]}]},{"@type":"WebPage","@id":"https:\/\/newsestlyonnais.fr\/site\/2018\/02\/07\/chassieu-les-jeunes-de-chassieu-gym-brillants-en-competition\/","url":"https:\/\/newsestlyonnais.fr\/site\/2018\/02\/07\/chassieu-les-jeunes-de-chassieu-gym-brillants-en-competition\/","name":"CHASSIEU : Les jeunes de Chassieu Gym brillants en comp\u00e9tition","isPartOf":{"@id":"https:\/\/newsestlyonnais.fr\/site\/#website"},"primaryImageOfPage":{"@id":"https:\/\/newsestlyonnais.fr\/site\/2018\/02\/07\/chassieu-les-jeunes-de-chassieu-gym-brillants-en-competition\/#primaryimage"},"image":{"@id":"https:\/\/newsestlyonnais.fr\/site\/2018\/02\/07\/chassieu-les-jeunes-de-chassieu-gym-brillants-en-competition\/#primaryimage"},"thumbnailUrl":"https:\/\/newsestlyonnais.fr\/site\/wp-content\/uploads\/2018\/02\/NEWSESTLYONNAIS-GYM-Margot.jpg","datePublished":"2018-02-07T07:04:45+00:00","dateModified":"2020-11-05T18:36:06+00:00","description":"CHASSIEU : Les jeunes de Chassieu Gym brillants en comp\u00e9tition","breadcrumb":{"@id":"https:\/\/newsestlyonnais.fr\/site\/2018\/02\/07\/chassieu-les-jeunes-de-chassieu-gym-brillants-en-competition\/#breadcrumb"},"inLanguage":"fr-FR","potentialAction":[{"@type":"ReadAction","target":["https:\/\/newsestlyonnais.fr\/site\/2018\/02\/07\/chassieu-les-jeunes-de-chassieu-gym-brillants-en-competition\/"]}]},{"@type":"ImageObject","inLanguage":"fr-FR","@id":"https:\/\/newsestlyonnais.fr\/site\/2018\/02\/07\/chassieu-les-jeunes-de-chassieu-gym-brillants-en-competition\/#primaryimage","url":"https:\/\/newsestlyonnais.fr\/site\/wp-content\/uploads\/2018\/02\/NEWSESTLYONNAIS-GYM-Margot.jpg","contentUrl":"https:\/\/newsestlyonnais.fr\/site\/wp-content\/uploads\/2018\/02\/NEWSESTLYONNAIS-GYM-Margot.jpg","width":960,"height":540,"caption":"NEWSESTLYONNAIS - GYM Margot"},{"@type":"BreadcrumbList","@id":"https:\/\/newsestlyonnais.fr\/site\/2018\/02\/07\/chassieu-les-jeunes-de-chassieu-gym-brillants-en-competition\/#breadcrumb","itemListElement":[{"@type":"ListItem","position":1,"name":"Accueil","item":"https:\/\/newsestlyonnais.fr\/site\/"},{"@type":"ListItem","position":2,"name":"CHASSIEU | Les jeunes de Chassieu Gym brillants en comp\u00e9tition"}]},{"@type":"WebSite","@id":"https:\/\/newsestlyonnais.fr\/site\/#website","url":"https:\/\/newsestlyonnais.fr\/site\/","name":"News Est Lyonnais","description":"L&#039;actualit\u00e9 au plus pr\u00e8s","publisher":{"@id":"https:\/\/newsestlyonnais.fr\/site\/#organization"},"potentialAction":[{"@type":"SearchAction","target":{"@type":"EntryPoint","urlTemplate":"https:\/\/newsestlyonnais.fr\/site\/?s={search_term_string}"},"query-input":{"@type":"PropertyValueSpecification","valueRequired":true,"valueName":"search_term_string"}}],"inLanguage":"fr-FR"},{"@type":"Organization","@id":"https:\/\/newsestlyonnais.fr\/site\/#organization","name":"News EST LYONNAIS","url":"https:\/\/newsestlyonnais.fr\/site\/","logo":{"@type":"ImageObject","inLanguage":"fr-FR","@id":"https:\/\/newsestlyonnais.fr\/site\/#\/schema\/logo\/image\/","url":"","contentUrl":"","caption":"News EST LYONNAIS"},"image":{"@id":"https:\/\/newsestlyonnais.fr\/site\/#\/schema\/logo\/image\/"}},{"@type":"Person","@id":"https:\/\/newsestlyonnais.fr\/site\/#\/schema\/person\/3230d5615f390bb808365d673001e887","name":"R\u00e9dac. NEWS","sameAs":["http:\/\/www.newsestlyonnais.fr","https:\/\/www.facebook.com\/pascal.oberson.1?fref=ts","https:\/\/fr.linkedin.com\/in\/pascal-oberson-b17045113"],"url":"https:\/\/newsestlyonnais.fr\/site\/author\/nel\/"}]}},"_links":{"self":[{"href":"https:\/\/newsestlyonnais.fr\/site\/wp-json\/wp\/v2\/posts\/43605","targetHints":{"allow":["GET"]}}],"collection":[{"href":"https:\/\/newsestlyonnais.fr\/site\/wp-json\/wp\/v2\/posts"}],"about":[{"href":"https:\/\/newsestlyonnais.fr\/site\/wp-json\/wp\/v2\/types\/post"}],"author":[{"embeddable":true,"href":"https:\/\/newsestlyonnais.fr\/site\/wp-json\/wp\/v2\/users\/4"}],"replies":[{"embeddable":true,"href":"https:\/\/newsestlyonnais.fr\/site\/wp-json\/wp\/v2\/comments?post=43605"}],"version-history":[{"count":0,"href":"https:\/\/newsestlyonnais.fr\/site\/wp-json\/wp\/v2\/posts\/43605\/revisions"}],"wp:featuredmedia":[{"embeddable":true,"href":"https:\/\/newsestlyonnais.fr\/site\/wp-json\/wp\/v2\/media\/43621"}],"wp:attachment":[{"href":"https:\/\/newsestlyonnais.fr\/site\/wp-json\/wp\/v2\/media?parent=43605"}],"wp:term":[{"taxonomy":"category","embeddable":true,"href":"https:\/\/newsestlyonnais.fr\/site\/wp-json\/wp\/v2\/categories?post=43605"},{"taxonomy":"post_tag","embeddable":true,"href":"https:\/\/newsestlyonnais.fr\/site\/wp-json\/wp\/v2\/tags?post=43605"}],"curies":[{"name":"wp","href":"https:\/\/api.w.org\/{rel}","templated":true}]}}