{"id":43655,"date":"2018-02-05T19:26:11","date_gmt":"2018-02-05T18:26:11","guid":{"rendered":"http:\/\/newsestlyonnais.fr\/site\/?p=43655"},"modified":"2020-11-11T19:44:56","modified_gmt":"2020-11-11T18:44:56","slug":"transports-suite-incident-chantier-part-dieu-impact-sur-la-ligne-de-tramway-t1","status":"publish","type":"post","link":"https:\/\/newsestlyonnais.fr\/site\/2018\/02\/05\/transports-suite-incident-chantier-part-dieu-impact-sur-la-ligne-de-tramway-t1\/","title":{"rendered":"TRANSPORTS | Suite incident chantier Part-Dieu > impact sur ligne de tramway T1"},"content":{"rendered":"<h4>Suite \u00e0 la rupture de canalisation li\u00e9e aux travaux men\u00e9s par la SPL Lyon Part Dieu \u00e0 la sortie du tunnel Brotteaux Servient, la ligne de <span style=\"text-decoration: underline\">tramway T1<\/span> ne circule pas entre les stations Thiers Lafayette et Libert\u00e9.<\/h4>\n<p><span style=\"text-decoration: underline\">La<strong> ligne T1<\/strong> circule en deux parties<\/span> :<\/p>\n<ul>\n<li>Entre les stations Debourg et Libert\u00e9<\/li>\n<li>Entre les stations Thiers Lafayette et IUT Feyssine.<\/li>\n<\/ul>\n<p>La ligne de <strong>tramway T4<\/strong> et la ligne de <strong>bus C3<\/strong> permettent de relier l\u2019arr\u00eat Thiers Lafayette \u00e0 la Part Dieu.<\/p>\n<p>La ligne de <strong>bus C9<\/strong> permet de relier la Part Dieu \u00e0 l\u2019arr\u00eat \u2018Saxe \u2013Pr\u00e9fecture\u2019 ou \u2018Saxe-Bonnel\u2019.<\/p>\n<p>La SPL Lyon Part Dieu pr\u00e9voit des <strong>travaux de consolidation<\/strong> dans la journ\u00e9e de jeudi 8 f\u00e9vrier qui devraient permettre une reprise de l\u2019exploitation de la <strong>ligne T1<\/strong> vendredi matin.<\/p>\n<ul>\n<li><strong>Plus d&rsquo;infos sur : <a href=\"http:\/\/www.tcl.fr\" target=\"_blank\" rel=\"noopener noreferrer\">http:\/\/www.tcl.fr<\/a><\/strong><\/li>\n<\/ul>\n","protected":false},"excerpt":{"rendered":"<p>Suite \u00e0 la rupture de canalisation li\u00e9e aux travaux men\u00e9s par la SPL Lyon Part Dieu \u00e0 la sortie du tunnel Brotteaux Servient, la ligne de tramway T1 ne circule pas entre les stations Thiers Lafayette et Libert\u00e9. La ligne T1 circule en deux parties : Entre les stations Debourg et Libert\u00e9 Entre les stations [&hellip;]<\/p>\n","protected":false},"author":4,"featured_media":0,"comment_status":"open","ping_status":"open","sticky":false,"template":"","format":"standard","meta":{"footnotes":""},"categories":[3344,1625,309,13,172,29],"tags":[],"class_list":["post-43655","post","type-post","status-publish","format-standard","hentry","category-accidents-incendies","category-lyon","category-pratique","category-transports-circulation","category-travaux-amenagements","category-villeurbanne"],"yoast_head":"<!-- This site is optimized with the Yoast SEO plugin v27.2 - https:\/\/yoast.com\/product\/yoast-seo-wordpress\/ -->\n<title>TRANSPORTS : Suite incident chantier Part-Dieu : Impact sur la ligne de tramway T1<\/title>\n<meta name=\"description\" content=\"TRANSPORTS : Suite incident chantier Part-Dieu : Impact sur la ligne de tramway T1\" \/>\n<meta name=\"robots\" content=\"index, follow, max-snippet:-1, max-image-preview:large, max-video-preview:-1\" \/>\n<link rel=\"canonical\" href=\"https:\/\/newsestlyonnais.fr\/site\/2018\/02\/05\/transports-suite-incident-chantier-part-dieu-impact-sur-la-ligne-de-tramway-t1\/\" \/>\n<meta property=\"og:locale\" content=\"fr_FR\" \/>\n<meta property=\"og:type\" content=\"article\" \/>\n<meta property=\"og:title\" content=\"TRANSPORTS : Suite incident chantier Part-Dieu : Impact sur la ligne de tramway T1\" \/>\n<meta property=\"og:description\" content=\"TRANSPORTS : Suite incident chantier Part-Dieu : Impact sur la ligne de tramway T1\" \/>\n<meta property=\"og:url\" content=\"https:\/\/newsestlyonnais.fr\/site\/2018\/02\/05\/transports-suite-incident-chantier-part-dieu-impact-sur-la-ligne-de-tramway-t1\/\" \/>\n<meta property=\"og:site_name\" content=\"News Est Lyonnais\" \/>\n<meta property=\"article:author\" content=\"https:\/\/www.facebook.com\/pascal.oberson.1?fref=ts\" \/>\n<meta property=\"article:published_time\" content=\"2018-02-05T18:26:11+00:00\" \/>\n<meta property=\"article:modified_time\" content=\"2020-11-11T18:44:56+00:00\" \/>\n<meta name=\"author\" content=\"R\u00e9dac. NEWS\" \/>\n<meta name=\"twitter:card\" content=\"summary_large_image\" \/>\n<meta name=\"twitter:label1\" content=\"\u00c9crit par\" \/>\n\t<meta name=\"twitter:data1\" content=\"R\u00e9dac. NEWS\" \/>\n\t<meta name=\"twitter:label2\" content=\"Dur\u00e9e de lecture estim\u00e9e\" \/>\n\t<meta name=\"twitter:data2\" content=\"1 minute\" \/>\n<script type=\"application\/ld+json\" class=\"yoast-schema-graph\">{\"@context\":\"https:\/\/schema.org\",\"@graph\":[{\"@type\":\"Article\",\"@id\":\"https:\/\/newsestlyonnais.fr\/site\/2018\/02\/05\/transports-suite-incident-chantier-part-dieu-impact-sur-la-ligne-de-tramway-t1\/#article\",\"isPartOf\":{\"@id\":\"https:\/\/newsestlyonnais.fr\/site\/2018\/02\/05\/transports-suite-incident-chantier-part-dieu-impact-sur-la-ligne-de-tramway-t1\/\"},\"author\":{\"name\":\"R\u00e9dac. NEWS\",\"@id\":\"https:\/\/newsestlyonnais.fr\/site\/#\/schema\/person\/3230d5615f390bb808365d673001e887\"},\"headline\":\"TRANSPORTS | Suite incident chantier Part-Dieu > impact sur ligne de tramway T1\",\"datePublished\":\"2018-02-05T18:26:11+00:00\",\"dateModified\":\"2020-11-11T18:44:56+00:00\",\"mainEntityOfPage\":{\"@id\":\"https:\/\/newsestlyonnais.fr\/site\/2018\/02\/05\/transports-suite-incident-chantier-part-dieu-impact-sur-la-ligne-de-tramway-t1\/\"},\"wordCount\":152,\"commentCount\":0,\"publisher\":{\"@id\":\"https:\/\/newsestlyonnais.fr\/site\/#organization\"},\"articleSection\":[\"Accidents | Incendies\",\"Lyon\",\"Pratique\",\"Transports | Circulation\",\"Travaux | Am\u00e9nagements\",\"Villeurbanne\"],\"inLanguage\":\"fr-FR\",\"potentialAction\":[{\"@type\":\"CommentAction\",\"name\":\"Comment\",\"target\":[\"https:\/\/newsestlyonnais.fr\/site\/2018\/02\/05\/transports-suite-incident-chantier-part-dieu-impact-sur-la-ligne-de-tramway-t1\/#respond\"]}]},{\"@type\":\"WebPage\",\"@id\":\"https:\/\/newsestlyonnais.fr\/site\/2018\/02\/05\/transports-suite-incident-chantier-part-dieu-impact-sur-la-ligne-de-tramway-t1\/\",\"url\":\"https:\/\/newsestlyonnais.fr\/site\/2018\/02\/05\/transports-suite-incident-chantier-part-dieu-impact-sur-la-ligne-de-tramway-t1\/\",\"name\":\"TRANSPORTS : Suite incident chantier Part-Dieu : Impact sur la ligne de tramway T1\",\"isPartOf\":{\"@id\":\"https:\/\/newsestlyonnais.fr\/site\/#website\"},\"datePublished\":\"2018-02-05T18:26:11+00:00\",\"dateModified\":\"2020-11-11T18:44:56+00:00\",\"description\":\"TRANSPORTS : Suite incident chantier Part-Dieu : Impact sur la ligne de tramway T1\",\"breadcrumb\":{\"@id\":\"https:\/\/newsestlyonnais.fr\/site\/2018\/02\/05\/transports-suite-incident-chantier-part-dieu-impact-sur-la-ligne-de-tramway-t1\/#breadcrumb\"},\"inLanguage\":\"fr-FR\",\"potentialAction\":[{\"@type\":\"ReadAction\",\"target\":[\"https:\/\/newsestlyonnais.fr\/site\/2018\/02\/05\/transports-suite-incident-chantier-part-dieu-impact-sur-la-ligne-de-tramway-t1\/\"]}]},{\"@type\":\"BreadcrumbList\",\"@id\":\"https:\/\/newsestlyonnais.fr\/site\/2018\/02\/05\/transports-suite-incident-chantier-part-dieu-impact-sur-la-ligne-de-tramway-t1\/#breadcrumb\",\"itemListElement\":[{\"@type\":\"ListItem\",\"position\":1,\"name\":\"Accueil\",\"item\":\"https:\/\/newsestlyonnais.fr\/site\/\"},{\"@type\":\"ListItem\",\"position\":2,\"name\":\"TRANSPORTS | Suite incident chantier Part-Dieu > impact sur ligne de tramway T1\"}]},{\"@type\":\"WebSite\",\"@id\":\"https:\/\/newsestlyonnais.fr\/site\/#website\",\"url\":\"https:\/\/newsestlyonnais.fr\/site\/\",\"name\":\"News Est Lyonnais\",\"description\":\"L&#039;actualit\u00e9 au plus pr\u00e8s\",\"publisher\":{\"@id\":\"https:\/\/newsestlyonnais.fr\/site\/#organization\"},\"potentialAction\":[{\"@type\":\"SearchAction\",\"target\":{\"@type\":\"EntryPoint\",\"urlTemplate\":\"https:\/\/newsestlyonnais.fr\/site\/?s={search_term_string}\"},\"query-input\":{\"@type\":\"PropertyValueSpecification\",\"valueRequired\":true,\"valueName\":\"search_term_string\"}}],\"inLanguage\":\"fr-FR\"},{\"@type\":\"Organization\",\"@id\":\"https:\/\/newsestlyonnais.fr\/site\/#organization\",\"name\":\"News EST LYONNAIS\",\"url\":\"https:\/\/newsestlyonnais.fr\/site\/\",\"logo\":{\"@type\":\"ImageObject\",\"inLanguage\":\"fr-FR\",\"@id\":\"https:\/\/newsestlyonnais.fr\/site\/#\/schema\/logo\/image\/\",\"url\":\"\",\"contentUrl\":\"\",\"caption\":\"News EST LYONNAIS\"},\"image\":{\"@id\":\"https:\/\/newsestlyonnais.fr\/site\/#\/schema\/logo\/image\/\"}},{\"@type\":\"Person\",\"@id\":\"https:\/\/newsestlyonnais.fr\/site\/#\/schema\/person\/3230d5615f390bb808365d673001e887\",\"name\":\"R\u00e9dac. NEWS\",\"sameAs\":[\"http:\/\/www.newsestlyonnais.fr\",\"https:\/\/www.facebook.com\/pascal.oberson.1?fref=ts\",\"https:\/\/fr.linkedin.com\/in\/pascal-oberson-b17045113\"],\"url\":\"https:\/\/newsestlyonnais.fr\/site\/author\/nel\/\"}]}<\/script>\n<!-- \/ Yoast SEO plugin. -->","yoast_head_json":{"title":"TRANSPORTS : Suite incident chantier Part-Dieu : Impact sur la ligne de tramway T1","description":"TRANSPORTS : Suite incident chantier Part-Dieu : Impact sur la ligne de tramway T1","robots":{"index":"index","follow":"follow","max-snippet":"max-snippet:-1","max-image-preview":"max-image-preview:large","max-video-preview":"max-video-preview:-1"},"canonical":"https:\/\/newsestlyonnais.fr\/site\/2018\/02\/05\/transports-suite-incident-chantier-part-dieu-impact-sur-la-ligne-de-tramway-t1\/","og_locale":"fr_FR","og_type":"article","og_title":"TRANSPORTS : Suite incident chantier Part-Dieu : Impact sur la ligne de tramway T1","og_description":"TRANSPORTS : Suite incident chantier Part-Dieu : Impact sur la ligne de tramway T1","og_url":"https:\/\/newsestlyonnais.fr\/site\/2018\/02\/05\/transports-suite-incident-chantier-part-dieu-impact-sur-la-ligne-de-tramway-t1\/","og_site_name":"News Est Lyonnais","article_author":"https:\/\/www.facebook.com\/pascal.oberson.1?fref=ts","article_published_time":"2018-02-05T18:26:11+00:00","article_modified_time":"2020-11-11T18:44:56+00:00","author":"R\u00e9dac. NEWS","twitter_card":"summary_large_image","twitter_misc":{"\u00c9crit par":"R\u00e9dac. NEWS","Dur\u00e9e de lecture estim\u00e9e":"1 minute"},"schema":{"@context":"https:\/\/schema.org","@graph":[{"@type":"Article","@id":"https:\/\/newsestlyonnais.fr\/site\/2018\/02\/05\/transports-suite-incident-chantier-part-dieu-impact-sur-la-ligne-de-tramway-t1\/#article","isPartOf":{"@id":"https:\/\/newsestlyonnais.fr\/site\/2018\/02\/05\/transports-suite-incident-chantier-part-dieu-impact-sur-la-ligne-de-tramway-t1\/"},"author":{"name":"R\u00e9dac. NEWS","@id":"https:\/\/newsestlyonnais.fr\/site\/#\/schema\/person\/3230d5615f390bb808365d673001e887"},"headline":"TRANSPORTS | Suite incident chantier Part-Dieu > impact sur ligne de tramway T1","datePublished":"2018-02-05T18:26:11+00:00","dateModified":"2020-11-11T18:44:56+00:00","mainEntityOfPage":{"@id":"https:\/\/newsestlyonnais.fr\/site\/2018\/02\/05\/transports-suite-incident-chantier-part-dieu-impact-sur-la-ligne-de-tramway-t1\/"},"wordCount":152,"commentCount":0,"publisher":{"@id":"https:\/\/newsestlyonnais.fr\/site\/#organization"},"articleSection":["Accidents | Incendies","Lyon","Pratique","Transports | Circulation","Travaux | Am\u00e9nagements","Villeurbanne"],"inLanguage":"fr-FR","potentialAction":[{"@type":"CommentAction","name":"Comment","target":["https:\/\/newsestlyonnais.fr\/site\/2018\/02\/05\/transports-suite-incident-chantier-part-dieu-impact-sur-la-ligne-de-tramway-t1\/#respond"]}]},{"@type":"WebPage","@id":"https:\/\/newsestlyonnais.fr\/site\/2018\/02\/05\/transports-suite-incident-chantier-part-dieu-impact-sur-la-ligne-de-tramway-t1\/","url":"https:\/\/newsestlyonnais.fr\/site\/2018\/02\/05\/transports-suite-incident-chantier-part-dieu-impact-sur-la-ligne-de-tramway-t1\/","name":"TRANSPORTS : Suite incident chantier Part-Dieu : Impact sur la ligne de tramway T1","isPartOf":{"@id":"https:\/\/newsestlyonnais.fr\/site\/#website"},"datePublished":"2018-02-05T18:26:11+00:00","dateModified":"2020-11-11T18:44:56+00:00","description":"TRANSPORTS : Suite incident chantier Part-Dieu : Impact sur la ligne de tramway T1","breadcrumb":{"@id":"https:\/\/newsestlyonnais.fr\/site\/2018\/02\/05\/transports-suite-incident-chantier-part-dieu-impact-sur-la-ligne-de-tramway-t1\/#breadcrumb"},"inLanguage":"fr-FR","potentialAction":[{"@type":"ReadAction","target":["https:\/\/newsestlyonnais.fr\/site\/2018\/02\/05\/transports-suite-incident-chantier-part-dieu-impact-sur-la-ligne-de-tramway-t1\/"]}]},{"@type":"BreadcrumbList","@id":"https:\/\/newsestlyonnais.fr\/site\/2018\/02\/05\/transports-suite-incident-chantier-part-dieu-impact-sur-la-ligne-de-tramway-t1\/#breadcrumb","itemListElement":[{"@type":"ListItem","position":1,"name":"Accueil","item":"https:\/\/newsestlyonnais.fr\/site\/"},{"@type":"ListItem","position":2,"name":"TRANSPORTS | Suite incident chantier Part-Dieu > impact sur ligne de tramway T1"}]},{"@type":"WebSite","@id":"https:\/\/newsestlyonnais.fr\/site\/#website","url":"https:\/\/newsestlyonnais.fr\/site\/","name":"News Est Lyonnais","description":"L&#039;actualit\u00e9 au plus pr\u00e8s","publisher":{"@id":"https:\/\/newsestlyonnais.fr\/site\/#organization"},"potentialAction":[{"@type":"SearchAction","target":{"@type":"EntryPoint","urlTemplate":"https:\/\/newsestlyonnais.fr\/site\/?s={search_term_string}"},"query-input":{"@type":"PropertyValueSpecification","valueRequired":true,"valueName":"search_term_string"}}],"inLanguage":"fr-FR"},{"@type":"Organization","@id":"https:\/\/newsestlyonnais.fr\/site\/#organization","name":"News EST LYONNAIS","url":"https:\/\/newsestlyonnais.fr\/site\/","logo":{"@type":"ImageObject","inLanguage":"fr-FR","@id":"https:\/\/newsestlyonnais.fr\/site\/#\/schema\/logo\/image\/","url":"","contentUrl":"","caption":"News EST LYONNAIS"},"image":{"@id":"https:\/\/newsestlyonnais.fr\/site\/#\/schema\/logo\/image\/"}},{"@type":"Person","@id":"https:\/\/newsestlyonnais.fr\/site\/#\/schema\/person\/3230d5615f390bb808365d673001e887","name":"R\u00e9dac. NEWS","sameAs":["http:\/\/www.newsestlyonnais.fr","https:\/\/www.facebook.com\/pascal.oberson.1?fref=ts","https:\/\/fr.linkedin.com\/in\/pascal-oberson-b17045113"],"url":"https:\/\/newsestlyonnais.fr\/site\/author\/nel\/"}]}},"_links":{"self":[{"href":"https:\/\/newsestlyonnais.fr\/site\/wp-json\/wp\/v2\/posts\/43655","targetHints":{"allow":["GET"]}}],"collection":[{"href":"https:\/\/newsestlyonnais.fr\/site\/wp-json\/wp\/v2\/posts"}],"about":[{"href":"https:\/\/newsestlyonnais.fr\/site\/wp-json\/wp\/v2\/types\/post"}],"author":[{"embeddable":true,"href":"https:\/\/newsestlyonnais.fr\/site\/wp-json\/wp\/v2\/users\/4"}],"replies":[{"embeddable":true,"href":"https:\/\/newsestlyonnais.fr\/site\/wp-json\/wp\/v2\/comments?post=43655"}],"version-history":[{"count":0,"href":"https:\/\/newsestlyonnais.fr\/site\/wp-json\/wp\/v2\/posts\/43655\/revisions"}],"wp:attachment":[{"href":"https:\/\/newsestlyonnais.fr\/site\/wp-json\/wp\/v2\/media?parent=43655"}],"wp:term":[{"taxonomy":"category","embeddable":true,"href":"https:\/\/newsestlyonnais.fr\/site\/wp-json\/wp\/v2\/categories?post=43655"},{"taxonomy":"post_tag","embeddable":true,"href":"https:\/\/newsestlyonnais.fr\/site\/wp-json\/wp\/v2\/tags?post=43655"}],"curies":[{"name":"wp","href":"https:\/\/api.w.org\/{rel}","templated":true}]}}