{"id":43778,"date":"2018-02-09T10:51:55","date_gmt":"2018-02-09T09:51:55","guid":{"rendered":"http:\/\/newsestlyonnais.fr\/site\/?p=43778"},"modified":"2020-11-18T20:50:22","modified_gmt":"2020-11-18T19:50:22","slug":"vaulx-en-velin-des-vaudaises-dans-le-top-25-de-toi-meme-tu-filmes","status":"publish","type":"post","link":"https:\/\/newsestlyonnais.fr\/site\/2018\/02\/09\/vaulx-en-velin-des-vaudaises-dans-le-top-25-de-toi-meme-tu-filmes\/","title":{"rendered":"VAULX-EN-VELIN | Des vaudaises dans le Top 25 de \u00ab\u00a0Toi m\u00eame Tu filmes\u00a0\u00bb"},"content":{"rendered":"<div id=\"js_3cr\" class=\"_3058 _ui9 _hh7 _s1- _52mr _3oh-\">\n<h4 class=\"_aok\"><span class=\"_3oh- _58nk\">Voici un retour en photo de la remise des r\u00e9compenses de \u00ab\u00a0Toi m\u00eame Tu filmes\u00a0\u00bb co organis\u00e9 avec Djamel Debbouze et Google You Tube.<\/span><\/h4>\n<div class=\"_aok\"><span class=\"_3oh- _58nk\"> Les jeunes inscrites vaudaises ont termin\u00e9 dans les 25 vid\u00e9os nationales sur plus de 600 films recens\u00e9s au niveau national.<\/span><\/div>\n<div><\/div>\n<h4 class=\"_aok\"><span class=\"_3oh- _58nk\"> L\u2019objectif parl\u00e9 de la fraternit\u00e9 : se filmer avec son portable pendant 90 secondes !<br \/>\n<\/span><\/h4>\n<div id='gallery-1' class='gallery galleryid-43778 gallery-columns-3 gallery-size-thumbnail'><figure class='gallery-item'>\n\t\t\t<div class='gallery-icon landscape'>\n\t\t\t\t<a href='https:\/\/newsestlyonnais.fr\/site\/2018\/02\/09\/vaulx-en-velin-des-vaudaises-dans-le-top-25-de-toi-meme-tu-filmes\/newsestlyonnais-6-toi-meme-tu-filmes\/'><img loading=\"lazy\" decoding=\"async\" width=\"150\" height=\"150\" src=\"https:\/\/newsestlyonnais.fr\/site\/wp-content\/uploads\/2018\/02\/NEWSESTLYONNAIS-6-toi-m\u00eame-tu-filmes-150x150.jpg\" class=\"attachment-thumbnail size-thumbnail\" alt=\"NEWSESTLYONNAIS - toi m\u00eame tu filmes\" \/><\/a>\n\t\t\t<\/div><\/figure><figure class='gallery-item'>\n\t\t\t<div class='gallery-icon landscape'>\n\t\t\t\t<a href='https:\/\/newsestlyonnais.fr\/site\/2018\/02\/09\/vaulx-en-velin-des-vaudaises-dans-le-top-25-de-toi-meme-tu-filmes\/newsestlyonnais-toi-meme-tu-filmes-02\/'><img loading=\"lazy\" decoding=\"async\" width=\"150\" height=\"150\" src=\"https:\/\/newsestlyonnais.fr\/site\/wp-content\/uploads\/2018\/02\/NEWSESTLYONNAIS-TOI-MEME-TU-FILMES-02-150x150.jpg\" class=\"attachment-thumbnail size-thumbnail\" alt=\"NEWSESTLYONNAIS - TOI MEME TU FILMES 02\" \/><\/a>\n\t\t\t<\/div><\/figure><figure class='gallery-item'>\n\t\t\t<div class='gallery-icon landscape'>\n\t\t\t\t<a href='https:\/\/newsestlyonnais.fr\/site\/2018\/02\/09\/vaulx-en-velin-des-vaudaises-dans-le-top-25-de-toi-meme-tu-filmes\/newsestlyonnais-toi-meme-tu-filmes-04\/'><img loading=\"lazy\" decoding=\"async\" width=\"150\" height=\"150\" src=\"https:\/\/newsestlyonnais.fr\/site\/wp-content\/uploads\/2018\/02\/NEWSESTLYONNAIS-toi-m\u00eame-tu-filmes-04-150x150.jpg\" class=\"attachment-thumbnail size-thumbnail\" alt=\"NEWSESTLYONNAIS - toi m\u00eame tu filmes 04\" \/><\/a>\n\t\t\t<\/div><\/figure>\n\t\t<\/div>\n\n<\/div>\n","protected":false},"excerpt":{"rendered":"<p>Voici un retour en photo de la remise des r\u00e9compenses de \u00ab\u00a0Toi m\u00eame Tu filmes\u00a0\u00bb co organis\u00e9 avec Djamel Debbouze et Google You Tube. Les jeunes inscrites vaudaises ont termin\u00e9 dans les 25 vid\u00e9os nationales sur plus de 600 films recens\u00e9s au niveau national. L\u2019objectif parl\u00e9 de la fraternit\u00e9 : se filmer avec son portable [&hellip;]<\/p>\n","protected":false},"author":4,"featured_media":43782,"comment_status":"open","ping_status":"open","sticky":false,"template":"","format":"standard","meta":{"footnotes":""},"categories":[221,171,28],"tags":[],"class_list":["post-43778","post","type-post","status-publish","format-standard","has-post-thumbnail","hentry","category-cine-radio-theatre","category-enfance-jeunesse","category-vaulx-en-velin"],"yoast_head":"<!-- This site is optimized with the Yoast SEO plugin v27.2 - https:\/\/yoast.com\/product\/yoast-seo-wordpress\/ -->\n<title>VAULX-EN-VELIN | Des vaudaises dans le Top 25 de &quot;Toi m\u00eame Tu filmes&quot; - News Est Lyonnais<\/title>\n<meta name=\"description\" content=\"VAULX EN VELIN : Des vaudaises dans le Top 25 de &quot;Toi m\u00eame Tu filmes&quot;. Remise des r\u00e9compenses. Concours organis\u00e9 avec Djamel Debbouze et Google You Tube.\" \/>\n<meta name=\"robots\" content=\"index, follow, max-snippet:-1, max-image-preview:large, max-video-preview:-1\" \/>\n<link rel=\"canonical\" href=\"https:\/\/newsestlyonnais.fr\/site\/2018\/02\/09\/vaulx-en-velin-des-vaudaises-dans-le-top-25-de-toi-meme-tu-filmes\/\" \/>\n<meta property=\"og:locale\" content=\"fr_FR\" \/>\n<meta property=\"og:type\" content=\"article\" \/>\n<meta property=\"og:title\" content=\"VAULX-EN-VELIN | Des vaudaises dans le Top 25 de &quot;Toi m\u00eame Tu filmes&quot; - News Est Lyonnais\" \/>\n<meta property=\"og:description\" content=\"VAULX EN VELIN : Des vaudaises dans le Top 25 de &quot;Toi m\u00eame Tu filmes&quot;. Remise des r\u00e9compenses. Concours organis\u00e9 avec Djamel Debbouze et Google You Tube.\" \/>\n<meta property=\"og:url\" content=\"https:\/\/newsestlyonnais.fr\/site\/2018\/02\/09\/vaulx-en-velin-des-vaudaises-dans-le-top-25-de-toi-meme-tu-filmes\/\" \/>\n<meta property=\"og:site_name\" content=\"News Est Lyonnais\" \/>\n<meta property=\"article:author\" content=\"https:\/\/www.facebook.com\/pascal.oberson.1?fref=ts\" \/>\n<meta property=\"article:published_time\" content=\"2018-02-09T09:51:55+00:00\" \/>\n<meta property=\"article:modified_time\" content=\"2020-11-18T19:50:22+00:00\" \/>\n<meta property=\"og:image\" content=\"https:\/\/i1.wp.com\/newsestlyonnais.fr\/site\/wp-content\/uploads\/2018\/02\/NEWSESTLYONNAIS-6-avulx-toi-meme-tu-filmes-01.jpg?fit=373%2C280&ssl=1\" \/>\n\t<meta property=\"og:image:width\" content=\"373\" \/>\n\t<meta property=\"og:image:height\" content=\"280\" \/>\n\t<meta property=\"og:image:type\" content=\"image\/jpeg\" \/>\n<meta name=\"author\" content=\"R\u00e9dac. NEWS\" \/>\n<meta name=\"twitter:card\" content=\"summary_large_image\" \/>\n<meta name=\"twitter:label1\" content=\"\u00c9crit par\" \/>\n\t<meta name=\"twitter:data1\" content=\"R\u00e9dac. NEWS\" \/>\n<script type=\"application\/ld+json\" class=\"yoast-schema-graph\">{\"@context\":\"https:\/\/schema.org\",\"@graph\":[{\"@type\":\"Article\",\"@id\":\"https:\/\/newsestlyonnais.fr\/site\/2018\/02\/09\/vaulx-en-velin-des-vaudaises-dans-le-top-25-de-toi-meme-tu-filmes\/#article\",\"isPartOf\":{\"@id\":\"https:\/\/newsestlyonnais.fr\/site\/2018\/02\/09\/vaulx-en-velin-des-vaudaises-dans-le-top-25-de-toi-meme-tu-filmes\/\"},\"author\":{\"name\":\"R\u00e9dac. NEWS\",\"@id\":\"https:\/\/newsestlyonnais.fr\/site\/#\/schema\/person\/3230d5615f390bb808365d673001e887\"},\"headline\":\"VAULX-EN-VELIN | Des vaudaises dans le Top 25 de \u00ab\u00a0Toi m\u00eame Tu filmes\u00a0\u00bb\",\"datePublished\":\"2018-02-09T09:51:55+00:00\",\"dateModified\":\"2020-11-18T19:50:22+00:00\",\"mainEntityOfPage\":{\"@id\":\"https:\/\/newsestlyonnais.fr\/site\/2018\/02\/09\/vaulx-en-velin-des-vaudaises-dans-le-top-25-de-toi-meme-tu-filmes\/\"},\"wordCount\":75,\"commentCount\":0,\"publisher\":{\"@id\":\"https:\/\/newsestlyonnais.fr\/site\/#organization\"},\"image\":{\"@id\":\"https:\/\/newsestlyonnais.fr\/site\/2018\/02\/09\/vaulx-en-velin-des-vaudaises-dans-le-top-25-de-toi-meme-tu-filmes\/#primaryimage\"},\"thumbnailUrl\":\"https:\/\/newsestlyonnais.fr\/site\/wp-content\/uploads\/2018\/02\/NEWSESTLYONNAIS-6-avulx-toi-meme-tu-filmes-01.jpg\",\"articleSection\":[\"Cin\u00e9 | Radio | Th\u00e9\u00e2tre\",\"Enfance | Jeunesse\",\"Vaulx-en-Velin\"],\"inLanguage\":\"fr-FR\",\"potentialAction\":[{\"@type\":\"CommentAction\",\"name\":\"Comment\",\"target\":[\"https:\/\/newsestlyonnais.fr\/site\/2018\/02\/09\/vaulx-en-velin-des-vaudaises-dans-le-top-25-de-toi-meme-tu-filmes\/#respond\"]}]},{\"@type\":\"WebPage\",\"@id\":\"https:\/\/newsestlyonnais.fr\/site\/2018\/02\/09\/vaulx-en-velin-des-vaudaises-dans-le-top-25-de-toi-meme-tu-filmes\/\",\"url\":\"https:\/\/newsestlyonnais.fr\/site\/2018\/02\/09\/vaulx-en-velin-des-vaudaises-dans-le-top-25-de-toi-meme-tu-filmes\/\",\"name\":\"VAULX-EN-VELIN | Des vaudaises dans le Top 25 de \\\"Toi m\u00eame Tu filmes\\\" - News Est Lyonnais\",\"isPartOf\":{\"@id\":\"https:\/\/newsestlyonnais.fr\/site\/#website\"},\"primaryImageOfPage\":{\"@id\":\"https:\/\/newsestlyonnais.fr\/site\/2018\/02\/09\/vaulx-en-velin-des-vaudaises-dans-le-top-25-de-toi-meme-tu-filmes\/#primaryimage\"},\"image\":{\"@id\":\"https:\/\/newsestlyonnais.fr\/site\/2018\/02\/09\/vaulx-en-velin-des-vaudaises-dans-le-top-25-de-toi-meme-tu-filmes\/#primaryimage\"},\"thumbnailUrl\":\"https:\/\/newsestlyonnais.fr\/site\/wp-content\/uploads\/2018\/02\/NEWSESTLYONNAIS-6-avulx-toi-meme-tu-filmes-01.jpg\",\"datePublished\":\"2018-02-09T09:51:55+00:00\",\"dateModified\":\"2020-11-18T19:50:22+00:00\",\"description\":\"VAULX EN VELIN : Des vaudaises dans le Top 25 de \\\"Toi m\u00eame Tu filmes\\\". Remise des r\u00e9compenses. Concours organis\u00e9 avec Djamel Debbouze et Google You Tube.\",\"breadcrumb\":{\"@id\":\"https:\/\/newsestlyonnais.fr\/site\/2018\/02\/09\/vaulx-en-velin-des-vaudaises-dans-le-top-25-de-toi-meme-tu-filmes\/#breadcrumb\"},\"inLanguage\":\"fr-FR\",\"potentialAction\":[{\"@type\":\"ReadAction\",\"target\":[\"https:\/\/newsestlyonnais.fr\/site\/2018\/02\/09\/vaulx-en-velin-des-vaudaises-dans-le-top-25-de-toi-meme-tu-filmes\/\"]}]},{\"@type\":\"ImageObject\",\"inLanguage\":\"fr-FR\",\"@id\":\"https:\/\/newsestlyonnais.fr\/site\/2018\/02\/09\/vaulx-en-velin-des-vaudaises-dans-le-top-25-de-toi-meme-tu-filmes\/#primaryimage\",\"url\":\"https:\/\/newsestlyonnais.fr\/site\/wp-content\/uploads\/2018\/02\/NEWSESTLYONNAIS-6-avulx-toi-meme-tu-filmes-01.jpg\",\"contentUrl\":\"https:\/\/newsestlyonnais.fr\/site\/wp-content\/uploads\/2018\/02\/NEWSESTLYONNAIS-6-avulx-toi-meme-tu-filmes-01.jpg\",\"width\":373,\"height\":280,\"caption\":\"NEWSESTLYONNAIS 6 avulx toi meme tu filmes 01\"},{\"@type\":\"BreadcrumbList\",\"@id\":\"https:\/\/newsestlyonnais.fr\/site\/2018\/02\/09\/vaulx-en-velin-des-vaudaises-dans-le-top-25-de-toi-meme-tu-filmes\/#breadcrumb\",\"itemListElement\":[{\"@type\":\"ListItem\",\"position\":1,\"name\":\"Accueil\",\"item\":\"https:\/\/newsestlyonnais.fr\/site\/\"},{\"@type\":\"ListItem\",\"position\":2,\"name\":\"VAULX-EN-VELIN | Des vaudaises dans le Top 25 de \u00ab\u00a0Toi m\u00eame Tu filmes\u00a0\u00bb\"}]},{\"@type\":\"WebSite\",\"@id\":\"https:\/\/newsestlyonnais.fr\/site\/#website\",\"url\":\"https:\/\/newsestlyonnais.fr\/site\/\",\"name\":\"News Est Lyonnais\",\"description\":\"L&#039;actualit\u00e9 au plus pr\u00e8s\",\"publisher\":{\"@id\":\"https:\/\/newsestlyonnais.fr\/site\/#organization\"},\"potentialAction\":[{\"@type\":\"SearchAction\",\"target\":{\"@type\":\"EntryPoint\",\"urlTemplate\":\"https:\/\/newsestlyonnais.fr\/site\/?s={search_term_string}\"},\"query-input\":{\"@type\":\"PropertyValueSpecification\",\"valueRequired\":true,\"valueName\":\"search_term_string\"}}],\"inLanguage\":\"fr-FR\"},{\"@type\":\"Organization\",\"@id\":\"https:\/\/newsestlyonnais.fr\/site\/#organization\",\"name\":\"News EST LYONNAIS\",\"url\":\"https:\/\/newsestlyonnais.fr\/site\/\",\"logo\":{\"@type\":\"ImageObject\",\"inLanguage\":\"fr-FR\",\"@id\":\"https:\/\/newsestlyonnais.fr\/site\/#\/schema\/logo\/image\/\",\"url\":\"\",\"contentUrl\":\"\",\"caption\":\"News EST LYONNAIS\"},\"image\":{\"@id\":\"https:\/\/newsestlyonnais.fr\/site\/#\/schema\/logo\/image\/\"}},{\"@type\":\"Person\",\"@id\":\"https:\/\/newsestlyonnais.fr\/site\/#\/schema\/person\/3230d5615f390bb808365d673001e887\",\"name\":\"R\u00e9dac. NEWS\",\"sameAs\":[\"http:\/\/www.newsestlyonnais.fr\",\"https:\/\/www.facebook.com\/pascal.oberson.1?fref=ts\",\"https:\/\/fr.linkedin.com\/in\/pascal-oberson-b17045113\"],\"url\":\"https:\/\/newsestlyonnais.fr\/site\/author\/nel\/\"}]}<\/script>\n<!-- \/ Yoast SEO plugin. -->","yoast_head_json":{"title":"VAULX-EN-VELIN | Des vaudaises dans le Top 25 de \"Toi m\u00eame Tu filmes\" - News Est Lyonnais","description":"VAULX EN VELIN : Des vaudaises dans le Top 25 de \"Toi m\u00eame Tu filmes\". Remise des r\u00e9compenses. Concours organis\u00e9 avec Djamel Debbouze et Google You Tube.","robots":{"index":"index","follow":"follow","max-snippet":"max-snippet:-1","max-image-preview":"max-image-preview:large","max-video-preview":"max-video-preview:-1"},"canonical":"https:\/\/newsestlyonnais.fr\/site\/2018\/02\/09\/vaulx-en-velin-des-vaudaises-dans-le-top-25-de-toi-meme-tu-filmes\/","og_locale":"fr_FR","og_type":"article","og_title":"VAULX-EN-VELIN | Des vaudaises dans le Top 25 de \"Toi m\u00eame Tu filmes\" - News Est Lyonnais","og_description":"VAULX EN VELIN : Des vaudaises dans le Top 25 de \"Toi m\u00eame Tu filmes\". Remise des r\u00e9compenses. Concours organis\u00e9 avec Djamel Debbouze et Google You Tube.","og_url":"https:\/\/newsestlyonnais.fr\/site\/2018\/02\/09\/vaulx-en-velin-des-vaudaises-dans-le-top-25-de-toi-meme-tu-filmes\/","og_site_name":"News Est Lyonnais","article_author":"https:\/\/www.facebook.com\/pascal.oberson.1?fref=ts","article_published_time":"2018-02-09T09:51:55+00:00","article_modified_time":"2020-11-18T19:50:22+00:00","og_image":[{"width":373,"height":280,"url":"https:\/\/i1.wp.com\/newsestlyonnais.fr\/site\/wp-content\/uploads\/2018\/02\/NEWSESTLYONNAIS-6-avulx-toi-meme-tu-filmes-01.jpg?fit=373%2C280&ssl=1","type":"image\/jpeg"}],"author":"R\u00e9dac. NEWS","twitter_card":"summary_large_image","twitter_misc":{"\u00c9crit par":"R\u00e9dac. NEWS"},"schema":{"@context":"https:\/\/schema.org","@graph":[{"@type":"Article","@id":"https:\/\/newsestlyonnais.fr\/site\/2018\/02\/09\/vaulx-en-velin-des-vaudaises-dans-le-top-25-de-toi-meme-tu-filmes\/#article","isPartOf":{"@id":"https:\/\/newsestlyonnais.fr\/site\/2018\/02\/09\/vaulx-en-velin-des-vaudaises-dans-le-top-25-de-toi-meme-tu-filmes\/"},"author":{"name":"R\u00e9dac. NEWS","@id":"https:\/\/newsestlyonnais.fr\/site\/#\/schema\/person\/3230d5615f390bb808365d673001e887"},"headline":"VAULX-EN-VELIN | Des vaudaises dans le Top 25 de \u00ab\u00a0Toi m\u00eame Tu filmes\u00a0\u00bb","datePublished":"2018-02-09T09:51:55+00:00","dateModified":"2020-11-18T19:50:22+00:00","mainEntityOfPage":{"@id":"https:\/\/newsestlyonnais.fr\/site\/2018\/02\/09\/vaulx-en-velin-des-vaudaises-dans-le-top-25-de-toi-meme-tu-filmes\/"},"wordCount":75,"commentCount":0,"publisher":{"@id":"https:\/\/newsestlyonnais.fr\/site\/#organization"},"image":{"@id":"https:\/\/newsestlyonnais.fr\/site\/2018\/02\/09\/vaulx-en-velin-des-vaudaises-dans-le-top-25-de-toi-meme-tu-filmes\/#primaryimage"},"thumbnailUrl":"https:\/\/newsestlyonnais.fr\/site\/wp-content\/uploads\/2018\/02\/NEWSESTLYONNAIS-6-avulx-toi-meme-tu-filmes-01.jpg","articleSection":["Cin\u00e9 | Radio | Th\u00e9\u00e2tre","Enfance | Jeunesse","Vaulx-en-Velin"],"inLanguage":"fr-FR","potentialAction":[{"@type":"CommentAction","name":"Comment","target":["https:\/\/newsestlyonnais.fr\/site\/2018\/02\/09\/vaulx-en-velin-des-vaudaises-dans-le-top-25-de-toi-meme-tu-filmes\/#respond"]}]},{"@type":"WebPage","@id":"https:\/\/newsestlyonnais.fr\/site\/2018\/02\/09\/vaulx-en-velin-des-vaudaises-dans-le-top-25-de-toi-meme-tu-filmes\/","url":"https:\/\/newsestlyonnais.fr\/site\/2018\/02\/09\/vaulx-en-velin-des-vaudaises-dans-le-top-25-de-toi-meme-tu-filmes\/","name":"VAULX-EN-VELIN | Des vaudaises dans le Top 25 de \"Toi m\u00eame Tu filmes\" - News Est Lyonnais","isPartOf":{"@id":"https:\/\/newsestlyonnais.fr\/site\/#website"},"primaryImageOfPage":{"@id":"https:\/\/newsestlyonnais.fr\/site\/2018\/02\/09\/vaulx-en-velin-des-vaudaises-dans-le-top-25-de-toi-meme-tu-filmes\/#primaryimage"},"image":{"@id":"https:\/\/newsestlyonnais.fr\/site\/2018\/02\/09\/vaulx-en-velin-des-vaudaises-dans-le-top-25-de-toi-meme-tu-filmes\/#primaryimage"},"thumbnailUrl":"https:\/\/newsestlyonnais.fr\/site\/wp-content\/uploads\/2018\/02\/NEWSESTLYONNAIS-6-avulx-toi-meme-tu-filmes-01.jpg","datePublished":"2018-02-09T09:51:55+00:00","dateModified":"2020-11-18T19:50:22+00:00","description":"VAULX EN VELIN : Des vaudaises dans le Top 25 de \"Toi m\u00eame Tu filmes\". Remise des r\u00e9compenses. Concours organis\u00e9 avec Djamel Debbouze et Google You Tube.","breadcrumb":{"@id":"https:\/\/newsestlyonnais.fr\/site\/2018\/02\/09\/vaulx-en-velin-des-vaudaises-dans-le-top-25-de-toi-meme-tu-filmes\/#breadcrumb"},"inLanguage":"fr-FR","potentialAction":[{"@type":"ReadAction","target":["https:\/\/newsestlyonnais.fr\/site\/2018\/02\/09\/vaulx-en-velin-des-vaudaises-dans-le-top-25-de-toi-meme-tu-filmes\/"]}]},{"@type":"ImageObject","inLanguage":"fr-FR","@id":"https:\/\/newsestlyonnais.fr\/site\/2018\/02\/09\/vaulx-en-velin-des-vaudaises-dans-le-top-25-de-toi-meme-tu-filmes\/#primaryimage","url":"https:\/\/newsestlyonnais.fr\/site\/wp-content\/uploads\/2018\/02\/NEWSESTLYONNAIS-6-avulx-toi-meme-tu-filmes-01.jpg","contentUrl":"https:\/\/newsestlyonnais.fr\/site\/wp-content\/uploads\/2018\/02\/NEWSESTLYONNAIS-6-avulx-toi-meme-tu-filmes-01.jpg","width":373,"height":280,"caption":"NEWSESTLYONNAIS 6 avulx toi meme tu filmes 01"},{"@type":"BreadcrumbList","@id":"https:\/\/newsestlyonnais.fr\/site\/2018\/02\/09\/vaulx-en-velin-des-vaudaises-dans-le-top-25-de-toi-meme-tu-filmes\/#breadcrumb","itemListElement":[{"@type":"ListItem","position":1,"name":"Accueil","item":"https:\/\/newsestlyonnais.fr\/site\/"},{"@type":"ListItem","position":2,"name":"VAULX-EN-VELIN | Des vaudaises dans le Top 25 de \u00ab\u00a0Toi m\u00eame Tu filmes\u00a0\u00bb"}]},{"@type":"WebSite","@id":"https:\/\/newsestlyonnais.fr\/site\/#website","url":"https:\/\/newsestlyonnais.fr\/site\/","name":"News Est Lyonnais","description":"L&#039;actualit\u00e9 au plus pr\u00e8s","publisher":{"@id":"https:\/\/newsestlyonnais.fr\/site\/#organization"},"potentialAction":[{"@type":"SearchAction","target":{"@type":"EntryPoint","urlTemplate":"https:\/\/newsestlyonnais.fr\/site\/?s={search_term_string}"},"query-input":{"@type":"PropertyValueSpecification","valueRequired":true,"valueName":"search_term_string"}}],"inLanguage":"fr-FR"},{"@type":"Organization","@id":"https:\/\/newsestlyonnais.fr\/site\/#organization","name":"News EST LYONNAIS","url":"https:\/\/newsestlyonnais.fr\/site\/","logo":{"@type":"ImageObject","inLanguage":"fr-FR","@id":"https:\/\/newsestlyonnais.fr\/site\/#\/schema\/logo\/image\/","url":"","contentUrl":"","caption":"News EST LYONNAIS"},"image":{"@id":"https:\/\/newsestlyonnais.fr\/site\/#\/schema\/logo\/image\/"}},{"@type":"Person","@id":"https:\/\/newsestlyonnais.fr\/site\/#\/schema\/person\/3230d5615f390bb808365d673001e887","name":"R\u00e9dac. NEWS","sameAs":["http:\/\/www.newsestlyonnais.fr","https:\/\/www.facebook.com\/pascal.oberson.1?fref=ts","https:\/\/fr.linkedin.com\/in\/pascal-oberson-b17045113"],"url":"https:\/\/newsestlyonnais.fr\/site\/author\/nel\/"}]}},"_links":{"self":[{"href":"https:\/\/newsestlyonnais.fr\/site\/wp-json\/wp\/v2\/posts\/43778","targetHints":{"allow":["GET"]}}],"collection":[{"href":"https:\/\/newsestlyonnais.fr\/site\/wp-json\/wp\/v2\/posts"}],"about":[{"href":"https:\/\/newsestlyonnais.fr\/site\/wp-json\/wp\/v2\/types\/post"}],"author":[{"embeddable":true,"href":"https:\/\/newsestlyonnais.fr\/site\/wp-json\/wp\/v2\/users\/4"}],"replies":[{"embeddable":true,"href":"https:\/\/newsestlyonnais.fr\/site\/wp-json\/wp\/v2\/comments?post=43778"}],"version-history":[{"count":0,"href":"https:\/\/newsestlyonnais.fr\/site\/wp-json\/wp\/v2\/posts\/43778\/revisions"}],"wp:featuredmedia":[{"embeddable":true,"href":"https:\/\/newsestlyonnais.fr\/site\/wp-json\/wp\/v2\/media\/43782"}],"wp:attachment":[{"href":"https:\/\/newsestlyonnais.fr\/site\/wp-json\/wp\/v2\/media?parent=43778"}],"wp:term":[{"taxonomy":"category","embeddable":true,"href":"https:\/\/newsestlyonnais.fr\/site\/wp-json\/wp\/v2\/categories?post=43778"},{"taxonomy":"post_tag","embeddable":true,"href":"https:\/\/newsestlyonnais.fr\/site\/wp-json\/wp\/v2\/tags?post=43778"}],"curies":[{"name":"wp","href":"https:\/\/api.w.org\/{rel}","templated":true}]}}